{"id":37654,"date":"2025-05-18T14:15:53","date_gmt":"2025-05-18T14:15:53","guid":{"rendered":"https:\/\/christianpure.com\/?p=37654"},"modified":"2025-05-18T14:15:53","modified_gmt":"2025-05-18T14:15:53","slug":"world-leaders-delegates-set-to-attend-pope-leo-xivs-inaugural-mass","status":"publish","type":"post","link":"https:\/\/christianpure.com\/ar\/learn\/world-leaders-delegates-set-to-attend-pope-leo-xivs-inaugural-mass\/","title":{"rendered":"\u0642\u0627\u062f\u0629 \u0627\u0644\u0639\u0627\u0644\u0645 \u0648\u0627\u0644\u0645\u0646\u062f\u0648\u0628\u0648\u0646 \u064a\u0633\u062a\u0639\u062f\u0648\u0646 \u0644\u062d\u0636\u0648\u0631 \u0642\u062f\u0627\u0633 \u062a\u0646\u0635\u064a\u0628 \u0627\u0644\u0628\u0627\u0628\u0627 \u0644\u064a\u0648 \u0627\u0644\u0631\u0627\u0628\u0639 \u0639\u0634\u0631"},"content":{"rendered":"<div style=\"width: 100%; margin-bottom: 25px;\">\n  <img data-recalc-dims=\"1\" decoding=\"async\" src=\"https:\/\/i0.wp.com\/www.catholicnewsagency.com\/storage\/image\/screenshot-2025-04-19-at-13.14.58.png?ssl=1\" style=\"display: block; margin: auto; max-width: 100%\" \/><br \/>\n  <span style=\"text-align: right; font-style: italic;\">Vice President JD Vance shares a moment of laughter with Cardinal Pietro Parolin, Vatican secretary of state, during their meeting at the Vatican on Holy Saturday, April 19, 2025. \/ Credit: Vatican Media\/screenshot<\/span>\n<\/div>\n<p>Vatican City, May 17, 2025 \/ 15:00 pm (CNA).<\/p>\n<p>U.S. Vice President JD Vance and Secretary of State Marco Rubio are among numerous international leaders and dignitaries, representing approximately 200 foreign delegations, who will attend Pope Leo XIV\u2019s inaugural Mass at the Vatican on Sunday, May 18.&nbsp;<\/p>\n<p>The global leaders and representatives who will be present in St. Peter\u2019s Square for the 10 a.m. Sunday Mass include:&nbsp;<\/p>\n<h2><strong>Americas<\/strong><\/h2>\n<p>JD Vance, vice president of the United States<\/p>\n<p>Marco Rubio, U.S. secretary of state of the United States<\/p>\n<p>Mark Carney, prime minister of Canada<\/p>\n<p>Rodney Williams, governor general of Antigua and Barbuda<\/p>\n<p>Teresa Susana Subieta Serrano, ambassador of Bolivia to the Holy See<\/p>\n<p>Javier Milei, president of Argentina<\/p>\n<p>Joseph Curry, ambassador of the Bahamas to the Holy See<\/p>\n<p>Milton Inniss, ambassador of Barbados to the Holy See<\/p>\n<p>Geraldo Alckmin, vice president of Brazil&nbsp;<\/p>\n<p>Manuel Jos\u00e9 Ossand\u00f3n, president of the senate of Chile<\/p>\n<p>Gustavo Petro, president of Colombia<\/p>\n<p>Arnoldo Andr\u00e9 Tinoco, minister for foreign affairs and worship of Costa Rica<\/p>\n<p>Salvador Vald\u00e9s Mesa, vice president of Cuba<\/p>\n<p>Raquel Pe\u00f1a Rodr\u00edguez, vice president of the Dominican Republic<\/p>\n<p>F\u00e9lix Ulloa, vice president of El Salvador<\/p>\n<p>Daniel Noboa, president of Ecuador<\/p>\n<p>Alrich Nicolas, representative of Haiti<\/p>\n<p>Alfredo V\u00e1squez Rivera, ambassador of Guatemala to the Holy See<\/p>\n<p>Rebeca R\u00e1quel Obando, president of the supreme court of justice of Honduras<\/p>\n<p>Rosa Icela Rodr\u00edguez Vel\u00e1zquez, interior minister of Mexico<\/p>\n<p>Maurizio Gelli, concurrent ambassador of Nicaragua to the United Kingdom<\/p>\n<p>Javier Mart\u00ednez-Acha, minister of foreign affairs of Panama<\/p>\n<p>Santiago Pe\u00f1a, president of Paraguay<\/p>\n<p>Dina Boluarte, president of Peru<\/p>\n<p>Matteo Forconi, honorary consul of St. Kitts and Nevis in Florence<\/p>\n<p>Gilbert Chaguory, ambassador of St. Lucia to the Holy See<\/p>\n<p>Ruediger Ackermann, honorary consul of St. Vincent and the Grenadines to Germany<\/p>\n<p>Colin Connelly, ambassador of Trinidad and Tobago to Belgium and the European Union&nbsp;&nbsp;<\/p>\n<p>Ricardo Duarte Vargas, charge d\u2019affaires of Uruguay to the Holy See<\/p>\n<p>Carmen Mel\u00e9ndez Rivas, mayor of Caracas, Venezuela<\/p>\n<h2><strong>\u0623\u0648\u0631\u0648\u0628\u0627<\/strong><\/h2>\n<p>Bajram Begaj, president of Albania<\/p>\n<p>Patrice Faure, representative of the Co-Prince of Andorra Emmanuel Macron&nbsp;<\/p>\n<p>Xavier Zamora, prime minister of Andorra<\/p>\n<p>Vahagn Khachaturyan, president of Albania<\/p>\n<p>Christian Stocker, chancellor of Austria<\/p>\n<p>Sahiba Gafarova, president speaker of Azerbaijan<\/p>\n<p>Ihar Sierhiejenka, president speaker of Belarus<\/p>\n<p>King Philippe and Queen Mathilde of Belgium<\/p>\n<p>Borjana Kri\u0161to, chairwoman of the council of ministers of Bosnia and Herzegovina<\/p>\n<p>Rosen Zhelyazkov, prime minister of Bulgaria<\/p>\n<p>Andrej Plenkovi\u0107, prime minister of Croatia<\/p>\n<p>Constantinos Kombos, minister of foreign affairs of Cyprus<\/p>\n<p>Marek V\u00fdborn\u00fd, minister of agriculture of the Czech Republic<\/p>\n<p>Susanne Shine, ambassador of Denmark to Belgium, Luxembourg and Vatican State&nbsp;<\/p>\n<p>Lauri Hussar, president speaker of Estonia<\/p>\n<p>Anders Adlercreutz, minister of education of Finland<\/p>\n<p>Fran\u00e7ois Bayrou, prime minister of France<\/p>\n<p>Mikheil Kavelashvili, president of Georgia<\/p>\n<p>Friedrich Merz, federal chancellor of Germany<\/p>\n<p>Julia Kl\u00f6ckner, president of the Bundestag, Germany<\/p>\n<p>Sofia Zacharaki, minister of education and religious affairs of Greece<\/p>\n<p>Tam\u00e1s Sulyok, president of Hungary<\/p>\n<p>Einar Gunnarsson, ambassador and permanent representative of Iceland in Geneva<\/p>\n<p>Michael Higgins, president of Ireland<\/p>\n<p>Vjosa Osmani, president of Kosovo&nbsp;<\/p>\n<p>Evika Sili\u0146a, prime minister of Latvia<\/p>\n<p>Prince Alois of Liechtenstein&nbsp;<\/p>\n<p>Brigitte Haas, prime minister of Liechtenstein<\/p>\n<p>Gitanas Naus\u0117da, president of Lithuania<\/p>\n<p>Grand Duke Henri and Grand Duchess Maria Teresa of Luxembourg&nbsp;<\/p>\n<p>Luc Frieden, prime minister of Luxembourg<\/p>\n<p>Robert Abela, prime minister of Malta<\/p>\n<p>Prince Albert II of Monaco<\/p>\n<p>Milojko Spaji\u0107, prime minister of Montenegro<\/p>\n<p>Queen M\u00e1xima of the Netherlands&nbsp;<\/p>\n<p>Dick Schoof, prime minister of the Netherlands<\/p>\n<p>Kjersti R\u00f8dsmoen, ambassador of Norway to Holy See<\/p>\n<p>Andrzej Duda, president of Poland<\/p>\n<p>Marcelo Rebelo de Sousa, president of Portugal<\/p>\n<p>Mircea Abrudean, acting president of the senate of Romania<\/p>\n<p>Olga Lyubimova, minister of culture of Russia<\/p>\n<p>Denise Bronzetti, captain regent of San Marino<\/p>\n<p>\u0110uro Macut, prime minister of Serbia<\/p>\n<p>Peter Pellegrini, president of Slovakia<\/p>\n<p>Robert Golob, prime minister of Slovenia<\/p>\n<p>King Filipe VI and Queen Letizia of Spain<\/p>\n<p>Mar\u00eda Jes\u00fas Montero, vice president of Spain&nbsp;<\/p>\n<p>Princess Victoria of Sweden<\/p>\n<p>Jakob Forssmed, minister for health and social affairs of Sweden<\/p>\n<p>Karin Keller-Sutter, president of Switzerland<\/p>\n<p>Prince Edward, Duke of Edinburgh, to represent King Charles of the United Kingdom<\/p>\n<p>Angela Rayner, deputy prime minister of the United Kingdom<\/p>\n<p>Volodymyr Zelenskyy, president of Ukraine<\/p>\n<p>Nuriddin Ismoilov, president speaker of Uzbekistan&nbsp;&nbsp;<\/p>\n<p>Ursula von der Leyen, president of the European Commission<\/p>\n<h2><strong>Middle East and North Africa<\/strong><\/h2>\n<p>Salman bin Hamad Al Khalifa, prime minister of Bahrain<\/p>\n<p>Ahmed Fouad Hano, minister of culture of Egypt<\/p>\n<p>Reza Salehi-Amiri, minister of cultural heritage, tourism and handicrafts of Iran<\/p>\n<p>Saywan Barzani, ambassador of Iraq to Italy<\/p>\n<p>Isaac Herzog, president of Israel<\/p>\n<p>Prince Ghazi bin Muhammad of Jordan<\/p>\n<p>Nasser Sanhat Alqahtani, ambassador of Kuwait to Italy<\/p>\n<p>Joseph Aoun, president of Lebanon<\/p>\n<p>Aziz Akhannouch, prime minister of Morocco<\/p>\n<p>Benvinda Levy, prime minister of Mozambique<\/p>\n<p>Sayyid Nazar Al Julanda Majid Alsaid, ambassador of Oman to Italy&nbsp;&nbsp;<\/p>\n<p>Mahmood bin Hamad Al Hasani, ambassador of Oman to the Holy See<\/p>\n<p>Ramzi Khoury, minister of religious affairs of Palestine<\/p>\n<p>Varsen Aghabekian, minister of state for foreign affairs of Palestine<\/p>\n<p>Issa Kassissieh, ambassador of Palestine to the Holy See<\/p>\n<p>Asma Naji Al-Amri, ambassador of Qatar to the Holy See<\/p>\n<p>Prince Faisal bin Sattam bin Abdulaziz, ambassador of Saudi Arabia in Italy<\/p>\n<p>Adel al-Jubeir, minister of state for foreign affairs of Saudi Arabia<\/p>\n<p>Louay Fallouh, ambassador of Syria to the Holy See<\/p>\n<p>Mehmet Nuri Ersoy, minister of culture and tourism of Turkey<\/p>\n<p>Sheikh Saud bin Saqr Al Qasimi, United Arab Emirates<\/p>\n<h2><strong>\u0623\u0641\u0631\u064a\u0642\u064a\u0627<\/strong><\/h2>\n<p>Barth\u00e9l\u00e9my K\u00e9r\u00e9, president of the constitutional council of Burkina Faso&nbsp;<\/p>\n<p>Prosper Bazombanza, vice president of Burundi&nbsp;<\/p>\n<p>Paul Atanga Nji, minister of territorial administration of Cameroon<\/p>\n<p>Janine L\u00e9lis, minister of defence of Cape Verde<\/p>\n<p>Ahmad Makaila, ambassador of Chad to the Holy See<\/p>\n<p>Rrigobert Itoua, ambassador of Congo to the Holy See<\/p>\n<p>Patrick J\u00e9r\u00f4me Achi, minister of state of C\u00f4te d\u2019Ivoire<\/p>\n<p>Joaqu\u00edn Mbana Nchama, ambassador of Equatorial Guinea to the Holy See<\/p>\n<p>Russell Dlamini, prime minister of Eswatini<\/p>\n<p>Brice Oligui Nguema, president of Gabon<\/p>\n<p>Samuel Okudzeto Ablakwa, member of the parliament of Ghana<\/p>\n<p>Yvette Sylla, ambassador of Madagascar to United Nations Education, Scientific and Cultural Organization<\/p>\n<p>Patrick Gervais Assirvaden, minister of energy and public utilities of Mauritius&nbsp;<\/p>\n<p>Betty Cherwon, ambassador of Kenya to France, Portugal, Serbia, Holy See and Monaco<\/p>\n<p>Lucia Witbooi, vice president of Namibia<\/p>\n<p>Bola Tinubu, president of Nigeria<\/p>\n<p>Jean-Baptiste Tine, interior minister of Senegal<\/p>\n<p>Sylvestre Radegonde, minister for foreign affairs of Seychelles<\/p>\n<p>Nosipho Nausca-Jean Jezile ambassador of South Africa to Italy<\/p>\n<p>Monday Semaya Kumba, minister of foreign affairs and international cooperation of South Sudan<\/p>\n<p>Salah Mohamed Ishag Rahama, charge d\u2019affaires of Sudan to the Holy See<\/p>\n<p>Hassani Iddi Mwamweta, ambassador of Tanzania to the Holy See<\/p>\n<p>Faure Gnassingb\u00e9, president of the council of ministers of Togo<\/p>\n<p>Thomas Tayebwa, deputy speaker of parliament of Uganda<\/p>\n<p>Macenje Mazoka, ambassador of Zambia to the Holy See<\/p>\n<p>Simon Muzenda, vice president of Zimbabwe<\/p>\n<h2><strong>\u0622\u0633\u064a\u0627 \u0648\u0627\u0644\u0645\u062d\u064a\u0637 \u0627\u0644\u0647\u0627\u062f\u0626&nbsp;<\/strong><\/h2>\n<p>Anthony Albanese, prime minister of Australia&nbsp;<\/p>\n<p>Tareq Md Ariful Islam, ambassador of Bangladesh to the United Nations<\/p>\n<p>Harivansh Narayan Singh, deputy chairman of upper house of parliament of India<\/p>\n<p>Muhaimin Iskandar, minister of community empowerment of Indonesia<\/p>\n<p>Tar\u014d As\u014d, member of the house of representatives of Japan<\/p>\n<p>Hendy Anak Assan, ambassador of Malaysia to the Holy See<\/p>\n<p>Gerelmaa Davaasuren, ambassador of Mongolia to the Holy See<\/p>\n<p>Hmway Hmway Khyne, ambassador of Myanmar to Italy<\/p>\n<p>Tara Morton, ambassador of New Zealand to Andorra, Malta, Morocco and the Holy See<\/p>\n<p>Yusuf Raza Gilani, chairman of the senate of Pakistan<\/p>\n<p>Myla Grace Ragenia Macahilig, ambassador of the Philippines to the Holy See<\/p>\n<p>Edwin Tong, minister for culture, community and youth of Singapore<\/p>\n<p>Yoo In-chon, minister of culture, sports and tourism of South Korea<\/p>\n<p>Oh Hyun-joo, ambassador of South Korea to the Holy See&nbsp;<\/p>\n<p>Chen Chien-jen, former vice president and ex-premier of Taiwan, to represent president Lai Ching-te of Taiwan (China)<\/p>\n<p>Theerarat Samrejvanich, deputy minister of interior of Thailand<\/p>\n<p>Maria Fernanda Lay, member of the national parliament of Timor-Leste<\/p>\n<p>Bernard Leclerc, ambassador of Vanuatu to Israel and Russia<\/p>\n<p>Duong Hai Hung, ambassador of Vietnam to Italy<\/p>","protected":false},"excerpt":{"rendered":"<p>Vice President JD Vance shares a moment of laughter with Cardinal Pietro Parolin, Vatican secretary of state, during their meeting at the Vatican on Holy Saturday, April 19, 2025. \/ Credit: Vatican Media\/screenshot Vatican City, May 17, 2025 \/ 15:00 pm (CNA). U.S. Vice President JD Vance and Secretary of State Marco Rubio are among [\u2026]<\/p>","protected":false},"author":11,"featured_media":37740,"comment_status":"open","ping_status":"closed","sticky":false,"template":"","format":"standard","meta":{"_acf_changed":false,"_jetpack_memberships_contains_paid_content":false,"footnotes":"","jetpack_publicize_message":"","jetpack_publicize_feature_enabled":true,"jetpack_social_post_already_shared":true,"jetpack_social_options":{"image_generator_settings":{"template":"highway","default_image_id":0,"font":"","enabled":false},"version":2},"_wpas_customize_per_network":false},"categories":[100],"tags":[],"series":[],"class_list":["post-37654","post","type-post","status-publish","format-standard","has-post-thumbnail","hentry","category-christian-news"],"mb":[],"acf":[],"jetpack_publicize_connections":[],"jetpack_featured_media_url":"https:\/\/i0.wp.com\/christianpure.com\/wp-content\/uploads\/2025\/05\/World-leaders-delegates-set-to-attend-Pope-Leo-XIVs-inaugural-Mass.webp?fit=800%2C500&quality=75&ssl=1","jetpack-related-posts":[{"id":37849,"url":"https:\/\/christianpure.com\/ar\/learn\/pope-leo-xiv-meets-u-s-vice-president-jd-vance-secretary-of-state-marco-rubio\/","url_meta":{"origin":37654,"position":0},"title":"Pope Leo XIV meets U.S. Vice President JD Vance, Secretary of State Marco Rubio","author":"Christian Pure Team","date":"\u0645\u0627\u064a\u0648 21, 2025","format":false,"excerpt":"U.S. Vice President JD Vance and Secretary of State Marco Rubio, seated in places of honor usually reserved for heads of state, meet with Pope Leo XIV in the papal library on May 19, 2025. \/ Credit: Vatican Media Vatican City, May 19, 2025 \/ 06:52 am (CNA). Pope Leo\u2026","rel":"","context":"\u0641\u064a &quot;Christian News&quot;","block_context":{"text":"Christian News","link":"https:\/\/christianpure.com\/ar\/learn\/category\/christian-news\/"},"img":{"alt_text":"Pope Leo XIV meets U.S. Vice President JD Vance, Secretary of State Marco Rubio","src":"https:\/\/i0.wp.com\/christianpure.com\/wp-content\/uploads\/2025\/05\/Pope-Leo-XIV-meets-U.S.-Vice-President-JD-Vance-Secretary-of-State-Marco-Rubio.webp?fit=800%2C533&quality=75&ssl=1&resize=350%2C200","width":350,"height":200,"srcset":"https:\/\/i0.wp.com\/christianpure.com\/wp-content\/uploads\/2025\/05\/Pope-Leo-XIV-meets-U.S.-Vice-President-JD-Vance-Secretary-of-State-Marco-Rubio.webp?fit=800%2C533&quality=75&ssl=1&resize=350%2C200 1x, https:\/\/i0.wp.com\/christianpure.com\/wp-content\/uploads\/2025\/05\/Pope-Leo-XIV-meets-U.S.-Vice-President-JD-Vance-Secretary-of-State-Marco-Rubio.webp?fit=800%2C533&quality=75&ssl=1&resize=525%2C300 1.5x, https:\/\/i0.wp.com\/christianpure.com\/wp-content\/uploads\/2025\/05\/Pope-Leo-XIV-meets-U.S.-Vice-President-JD-Vance-Secretary-of-State-Marco-Rubio.webp?fit=800%2C533&quality=75&ssl=1&resize=700%2C400 2x"},"classes":[]},{"id":38392,"url":"https:\/\/christianpure.com\/ar\/learn\/in-new-interview-jd-vance-explains-how-his-catholic-faith-informs-his-political-views\/","url_meta":{"origin":37654,"position":1},"title":"In new interview, JD Vance explains how his Catholic faith informs his political views","author":"Christian Pure Team","date":"\u0645\u0627\u064a\u0648 22, 2025","format":false,"excerpt":"Pope Leo XIV shakes hands with U.S. President JD Vance in the papal library. The two had a private encounter before they were joined by U.S. Secretary of State Marco Rubio on May 19, 2025. \/ Credit: Vatican Media Washington, D.C. Newsroom, May 21, 2025 \/ 17:02 pm (CNA). In\u2026","rel":"","context":"\u0641\u064a &quot;Christian News&quot;","block_context":{"text":"Christian News","link":"https:\/\/christianpure.com\/ar\/learn\/category\/christian-news\/"},"img":{"alt_text":"In new interview, JD Vance explains how his Catholic faith informs his political views","src":"https:\/\/i0.wp.com\/christianpure.com\/wp-content\/uploads\/2025\/05\/In-new-interview-JD-Vance-explains-how-his-Catholic-faith-informs-his-political-views.webp?fit=800%2C533&quality=75&ssl=1&resize=350%2C200","width":350,"height":200,"srcset":"https:\/\/i0.wp.com\/christianpure.com\/wp-content\/uploads\/2025\/05\/In-new-interview-JD-Vance-explains-how-his-Catholic-faith-informs-his-political-views.webp?fit=800%2C533&quality=75&ssl=1&resize=350%2C200 1x, https:\/\/i0.wp.com\/christianpure.com\/wp-content\/uploads\/2025\/05\/In-new-interview-JD-Vance-explains-how-his-Catholic-faith-informs-his-political-views.webp?fit=800%2C533&quality=75&ssl=1&resize=525%2C300 1.5x, https:\/\/i0.wp.com\/christianpure.com\/wp-content\/uploads\/2025\/05\/In-new-interview-JD-Vance-explains-how-his-Catholic-faith-informs-his-political-views.webp?fit=800%2C533&quality=75&ssl=1&resize=700%2C400 2x"},"classes":[]},{"id":37892,"url":"https:\/\/christianpure.com\/ar\/learn\/pope-leo-xiv-vows-to-work-for-unity-so-catholic-church-becomes-a-symbol-of-peace-in-the-world\/","url_meta":{"origin":37654,"position":2},"title":"Pope Leo XIV vows to work for unity so Catholic Church becomes a symbol of peace in the world","author":"Christian Pure Team","date":"\u0645\u0627\u064a\u0648 25, 2025","format":false,"excerpt":"VATICAN CITY (AP) \u2014 Pope Leo XIV, history\u2019s first American pope, vowed Sunday to work for unity so that the Catholic Church becomes a symbol of peace in the world, offering a message of communion during an inaugural Mass in St. Peter\u2019s Square before an estimated 200,000 pilgrims, presidents, patriarchs\u2026","rel":"","context":"\u0641\u064a &quot;Christian News&quot;","block_context":{"text":"Christian News","link":"https:\/\/christianpure.com\/ar\/learn\/category\/christian-news\/"},"img":{"alt_text":"","src":"","width":0,"height":0},"classes":[]},{"id":38222,"url":"https:\/\/christianpure.com\/ar\/learn\/president-trump-extols-pope-leo-xiv-brother-louis-prevost\/","url_meta":{"origin":37654,"position":3},"title":"President Trump extols Pope Leo XIV, brother Louis Prevost","author":"Christian Pure Team","date":"\u064a\u0648\u0646\u064a\u0648 1, 2025","format":false,"excerpt":"With Speaker of the House Mike Johnson by his side, President Donald Trump speaks to the press following a House Republican meeting at the U.S. Capitol on May 20, 2025, in Washington, D.C. \/ Credit: Tasos Katopodis\/Getty Images Washington, D.C. Newsroom, May 20, 2025 \/ 18:28 pm (CNA). While speaking\u2026","rel":"","context":"\u0641\u064a &quot;Christian News&quot;","block_context":{"text":"Christian News","link":"https:\/\/christianpure.com\/ar\/learn\/category\/christian-news\/"},"img":{"alt_text":"President Trump extols Pope Leo XIV, brother Louis Prevost","src":"https:\/\/i0.wp.com\/christianpure.com\/wp-content\/uploads\/2025\/06\/President-Trump-extols-Pope-Leo-XIV-brother-Louis-Prevost.webp?fit=800%2C533&quality=75&ssl=1&resize=350%2C200","width":350,"height":200,"srcset":"https:\/\/i0.wp.com\/christianpure.com\/wp-content\/uploads\/2025\/06\/President-Trump-extols-Pope-Leo-XIV-brother-Louis-Prevost.webp?fit=800%2C533&quality=75&ssl=1&resize=350%2C200 1x, https:\/\/i0.wp.com\/christianpure.com\/wp-content\/uploads\/2025\/06\/President-Trump-extols-Pope-Leo-XIV-brother-Louis-Prevost.webp?fit=800%2C533&quality=75&ssl=1&resize=525%2C300 1.5x, https:\/\/i0.wp.com\/christianpure.com\/wp-content\/uploads\/2025\/06\/President-Trump-extols-Pope-Leo-XIV-brother-Louis-Prevost.webp?fit=800%2C533&quality=75&ssl=1&resize=700%2C400 2x"},"classes":[]},{"id":37712,"url":"https:\/\/christianpure.com\/ar\/learn\/a-papacy-begins-pope-leo-xiv-calls-for-united-church-at-inaugural-mass\/","url_meta":{"origin":37654,"position":4},"title":"A papacy begins: Pope Leo XIV calls for united Church at inaugural Mass","author":"Christian Pure Team","date":"\u0645\u0627\u064a\u0648 19, 2025","format":false,"excerpt":"Pope Leo XIV formally began his ministry as head of the 1.4 billion members of the universal Catholic Church with a Mass in St. Peter's Square on May 18, 2025. \/ Credit: Daniel Ibanez\/CNA Vatican City, May 18, 2025 \/ 06:58 am (CNA). Pope Leo XIV on Sunday formally began\u2026","rel":"","context":"\u0641\u064a &quot;Christian News&quot;","block_context":{"text":"Christian News","link":"https:\/\/christianpure.com\/ar\/learn\/category\/christian-news\/"},"img":{"alt_text":"A papacy begins: Pope Leo XIV calls for united Church at inaugural Mass","src":"https:\/\/i0.wp.com\/christianpure.com\/wp-content\/uploads\/2025\/05\/A-papacy-begins-Pope-Leo-XIV-calls-for-united-Church-at-inaugural-Mass.webp?fit=800%2C533&quality=75&ssl=1&resize=350%2C200","width":350,"height":200,"srcset":"https:\/\/i0.wp.com\/christianpure.com\/wp-content\/uploads\/2025\/05\/A-papacy-begins-Pope-Leo-XIV-calls-for-united-Church-at-inaugural-Mass.webp?fit=800%2C533&quality=75&ssl=1&resize=350%2C200 1x, https:\/\/i0.wp.com\/christianpure.com\/wp-content\/uploads\/2025\/05\/A-papacy-begins-Pope-Leo-XIV-calls-for-united-Church-at-inaugural-Mass.webp?fit=800%2C533&quality=75&ssl=1&resize=525%2C300 1.5x, https:\/\/i0.wp.com\/christianpure.com\/wp-content\/uploads\/2025\/05\/A-papacy-begins-Pope-Leo-XIV-calls-for-united-Church-at-inaugural-Mass.webp?fit=800%2C533&quality=75&ssl=1&resize=700%2C400 2x"},"classes":[]},{"id":59951,"url":"https:\/\/christianpure.com\/ar\/learn\/rubio-welcomes-new-american-dynamic-in-papal-relationship-lauds-vatican-diplomacy\/","url_meta":{"origin":37654,"position":5},"title":"Rubio welcomes new \u2018American\u2019 dynamic in papal relationship, lauds Vatican diplomacy","author":"Christian Pure Team","date":"\u064a\u0646\u0627\u064a\u0631 7, 2026","format":false,"excerpt":"U.S. Secretary of State Marco Rubio speaks with EWTN News anchor Raymond Arroyo on \u201cThe World Over with Raymond Arroyo\u201d on Aug. 7, 2025. \/ Credit: \u201cThe World Over with Raymond Arroyo\u201d\/Screenshot Washington, D.C. Newsroom, Aug 8, 2025 \/ 14:08 pm (CNA). As the 100th day of Pope Leo XIV\u2019s\u2026","rel":"","context":"\u0641\u064a &quot;Christian News&quot;","block_context":{"text":"Christian News","link":"https:\/\/christianpure.com\/ar\/learn\/category\/christian-news\/"},"img":{"alt_text":"Rubio welcomes new \u2018American\u2019 dynamic in papal relationship, lauds Vatican diplomacy","src":"https:\/\/i0.wp.com\/christianpure.com\/wp-content\/uploads\/2026\/01\/Rubio-welcomes-new-%E2%80%98American-dynamic-in-papal-relationship-lauds-Vatican-diplomacy.webp?fit=800%2C522&quality=75&ssl=1&resize=350%2C200","width":350,"height":200,"srcset":"https:\/\/i0.wp.com\/christianpure.com\/wp-content\/uploads\/2026\/01\/Rubio-welcomes-new-%E2%80%98American-dynamic-in-papal-relationship-lauds-Vatican-diplomacy.webp?fit=800%2C522&quality=75&ssl=1&resize=350%2C200 1x, https:\/\/i0.wp.com\/christianpure.com\/wp-content\/uploads\/2026\/01\/Rubio-welcomes-new-%E2%80%98American-dynamic-in-papal-relationship-lauds-Vatican-diplomacy.webp?fit=800%2C522&quality=75&ssl=1&resize=525%2C300 1.5x, https:\/\/i0.wp.com\/christianpure.com\/wp-content\/uploads\/2026\/01\/Rubio-welcomes-new-%E2%80%98American-dynamic-in-papal-relationship-lauds-Vatican-diplomacy.webp?fit=800%2C522&quality=75&ssl=1&resize=700%2C400 2x"},"classes":[]}],"jetpack_sharing_enabled":true,"mfb_rest_fields":["title","jetpack_publicize_connections","jetpack_featured_media_url","jetpack-related-posts","jetpack_sharing_enabled"],"_links":{"self":[{"href":"https:\/\/christianpure.com\/ar\/wp-json\/wp\/v2\/posts\/37654","targetHints":{"allow":["GET"]}}],"collection":[{"href":"https:\/\/christianpure.com\/ar\/wp-json\/wp\/v2\/posts"}],"about":[{"href":"https:\/\/christianpure.com\/ar\/wp-json\/wp\/v2\/types\/post"}],"author":[{"embeddable":true,"href":"https:\/\/christianpure.com\/ar\/wp-json\/wp\/v2\/users\/11"}],"replies":[{"embeddable":true,"href":"https:\/\/christianpure.com\/ar\/wp-json\/wp\/v2\/comments?post=37654"}],"version-history":[{"count":0,"href":"https:\/\/christianpure.com\/ar\/wp-json\/wp\/v2\/posts\/37654\/revisions"}],"wp:featuredmedia":[{"embeddable":true,"href":"https:\/\/christianpure.com\/ar\/wp-json\/wp\/v2\/media\/37740"}],"wp:attachment":[{"href":"https:\/\/christianpure.com\/ar\/wp-json\/wp\/v2\/media?parent=37654"}],"wp:term":[{"taxonomy":"category","embeddable":true,"href":"https:\/\/christianpure.com\/ar\/wp-json\/wp\/v2\/categories?post=37654"},{"taxonomy":"post_tag","embeddable":true,"href":"https:\/\/christianpure.com\/ar\/wp-json\/wp\/v2\/tags?post=37654"},{"taxonomy":"series","embeddable":true,"href":"https:\/\/christianpure.com\/ar\/wp-json\/wp\/v2\/series?post=37654"}],"curies":[{"name":"wp","href":"https:\/\/api.w.org\/{rel}","templated":true}]}}