{"id":66769,"date":"2025-11-16T09:41:01","date_gmt":"2025-11-16T09:41:01","guid":{"rendered":"https:\/\/christianpure.com\/?p=66769"},"modified":"2025-11-16T09:41:01","modified_gmt":"2025-11-16T09:41:01","slug":"in-second-report-vatican-minor-commission-urges-listening-reparations-for-abuse-victims","status":"publish","type":"post","link":"https:\/\/christianpure.com\/ar\/learn\/in-second-report-vatican-minor-commission-urges-listening-reparations-for-abuse-victims\/","title":{"rendered":"\u0641\u064a \u062a\u0642\u0631\u064a\u0631 \u062b\u0627\u0646\u064d\u060c \u0644\u062c\u0646\u0629 \u0627\u0644\u0641\u0627\u062a\u064a\u0643\u0627\u0646 \u0627\u0644\u0645\u0639\u0646\u064a\u0629 \u0628\u0627\u0644\u0642\u0627\u0635\u0631\u064a\u0646 \u062a\u062d\u062b \u0639\u0644\u0649 \u0627\u0644\u0627\u0633\u062a\u0645\u0627\u0639 \u0648\u062c\u0628\u0631 \u0623\u0636\u0631\u0627\u0631 \u0636\u062d\u0627\u064a\u0627 \u0627\u0644\u0627\u0646\u062a\u0647\u0627\u0643\u0627\u062a"},"content":{"rendered":"<div class=\"cppw-protected cppw-protected--overlay\"><div class=\"cppw-excerpt cppw-excerpt--overlay\"><p>Bishop Luis Manuel Al\u00ed Herrera, the secretary of the Pontifical Commission for the Protection of Minors, addresses media during a press conference releasing the commission\u2019s second annual report on Thursday, Oct. 16, 2025, in Rome. \/ Credit: Daniel Ib\u00e1\u00f1ez\/CNA Vatican City, Oct 16, 2025 \/ 11:18 am (CNA). The Vatican\u2019s Pontifical Commission for the Protection of Minors on Thursday released its second annual report on the Church\u2019s safeguarding policies and procedures, urging heightened awareness of abuse and the need to\u2026<\/p>\n<\/div>\t\t<div class=\"cppw-paywall paywp-paywall\" data-required-level=\"25\">\n\t\t\t<span class=\"cppw-lock-mark\" aria-hidden=\"true\"><\/span>\n\t\t\t<h2>Continue reading with a subscription<\/h2>\n\t\t\t<p>Get unlimited access to all our premium content and exclusive features.<\/p>\n\t\t\t\t\t\t\t\t\t<div class=\"cppw-paywall__actions\">\n\t\t\t\t<a class=\"cppw-button\" href=\"https:\/\/christianpure.com\/ar\/become-a-member\/\">Subscribe Now<\/a>\n\t\t\t\t<a class=\"cppw-login-link\" href=\"https:\/\/christianpure.com\/ar\/login\/\">Already a subscriber? Sign in<\/a>\n\t\t\t<\/div>\n\t\t\t<p class=\"cppw-paywall__microcopy\">Enjoy unlimited access, cancel anytime.<\/p>\n\t\t<\/div>\n\t\t<\/div>","protected":false},"excerpt":{"rendered":"<p>Bishop Luis Manuel Al\u00ed Herrera, the secretary of the Pontifical Commission for the Protection of Minors, addresses media during a press conference releasing the commission\u2019s second annual report on Thursday, Oct. 16, 2025, in Rome. \/ Credit: Daniel Ib\u00e1\u00f1ez\/CNA Vatican City, Oct 16, 2025 \/ 11:18 am (CNA). The Vatican\u2019s Pontifical Commission for the Protection of Minors on Thursday released its second annual report on the Church\u2019s safeguarding policies and procedures, urging heightened awareness of abuse and the need to\u2026<\/p>\n","protected":false},"author":11,"featured_media":69358,"comment_status":"open","ping_status":"closed","sticky":false,"template":"","format":"standard","meta":[],"categories":[100],"tags":[],"series":[],"class_list":["post-66769","post","type-post","status-publish","format-standard","has-post-thumbnail","hentry","category-christian-news"],"mb":[],"acf":[],"jetpack_publicize_connections":[],"jetpack-related-posts":[{"id":55045,"url":"https:\/\/christianpure.com\/ar\/learn\/pope-leo-xiv-appoints-new-president-to-lead-vaticans-child-safeguarding-commission\/","url_meta":{"origin":66769,"position":0},"title":"Pope Leo XIV appoints new president to lead Vatican\u2019s child safeguarding commission","author":"Christian Pure Team","date":"\u064a\u0648\u0644\u064a\u0648 13, 2025","format":false,"excerpt":"Speaking to over 400 bishops from 38 countries on June 25, 2025, in St. Peter\u2019s Basilica at the Vatican, Pope Leo XIV emphasized the importance of pastoral prudence, poverty, and synodality in the ministry of a bishop. \/ Credit: Vatican Media Vatican City, Jul 5, 2025 \/ 10:35 am (CNA). Pope Leo XIV has appointed Archbishop Thibault Verny of Chamb\u00e9ry as the new president of the Pontifical Commission for the Protection of Minors. The prelate succeeds U.S.-born Cardinal Se\u00e1n O\u2019Malley,\u2026","rel":"","context":"\u0641\u064a &quot;Christian News&quot;","block_context":{"text":"Christian News","link":"https:\/\/christianpure.com\/ar\/learn\/category\/christian-news\/"},"img":{"alt_text":"Pope Leo XIV appoints new president to lead Vatican\u2019s child safeguarding commission","src":"https:\/\/i0.wp.com\/christianpure.com\/wp-content\/uploads\/2025\/07\/Pope-Leo-XIV-appoints-new-president-to-lead-Vaticans-child-safeguarding-commission.webp?fit=800%2C533&ssl=1&resize=350%2C200","width":350,"height":200,"srcset":"https:\/\/i0.wp.com\/christianpure.com\/wp-content\/uploads\/2025\/07\/Pope-Leo-XIV-appoints-new-president-to-lead-Vaticans-child-safeguarding-commission.webp?fit=800%2C533&ssl=1&resize=350%2C200 1x, https:\/\/i0.wp.com\/christianpure.com\/wp-content\/uploads\/2025\/07\/Pope-Leo-XIV-appoints-new-president-to-lead-Vaticans-child-safeguarding-commission.webp?fit=800%2C533&ssl=1&resize=525%2C300 1.5x, https:\/\/i0.wp.com\/christianpure.com\/wp-content\/uploads\/2025\/07\/Pope-Leo-XIV-appoints-new-president-to-lead-Vaticans-child-safeguarding-commission.webp?fit=800%2C533&ssl=1&resize=700%2C400 2x"},"classes":[]},{"id":49435,"url":"https:\/\/christianpure.com\/ar\/learn\/vatican-news-removes-rupnik-art-from-website\/","url_meta":{"origin":66769,"position":1},"title":"Vatican News removes Rupnik art from website","author":"Christian Pure Team","date":"\u064a\u0648\u0646\u064a\u0648 10, 2025","format":false,"excerpt":"Father Marko Rupnik in an interview with EWTN in 2020. \/ Credit: EWTN Vatican City, Jun 9, 2025 \/ 11:08 am (CNA). The Vatican on Monday removed artwork by former Jesuit Father Marko Ivan Rupnik from its official websites. Digital images of the Slovenian priest\u2019s sacred art, which were frequently used by Vatican News to illustrate articles of the Church\u2019s liturgical feast days, are no longer found on the digital news service. Catholic writer Amy Welborn took to X to\u2026","rel":"","context":"\u0641\u064a &quot;Christian News&quot;","block_context":{"text":"Christian News","link":"https:\/\/christianpure.com\/ar\/learn\/category\/christian-news\/"},"img":{"alt_text":"Vatican News removes Rupnik art from website","src":"https:\/\/i0.wp.com\/christianpure.com\/wp-content\/uploads\/2025\/06\/Vatican-News-removes-Rupnik-art-from-website.webp?fit=800%2C510&ssl=1&resize=350%2C200","width":350,"height":200,"srcset":"https:\/\/i0.wp.com\/christianpure.com\/wp-content\/uploads\/2025\/06\/Vatican-News-removes-Rupnik-art-from-website.webp?fit=800%2C510&ssl=1&resize=350%2C200 1x, https:\/\/i0.wp.com\/christianpure.com\/wp-content\/uploads\/2025\/06\/Vatican-News-removes-Rupnik-art-from-website.webp?fit=800%2C510&ssl=1&resize=525%2C300 1.5x, https:\/\/i0.wp.com\/christianpure.com\/wp-content\/uploads\/2025\/06\/Vatican-News-removes-Rupnik-art-from-website.webp?fit=800%2C510&ssl=1&resize=700%2C400 2x"},"classes":[]},{"id":54603,"url":"https:\/\/christianpure.com\/ar\/learn\/cardinal-fernandez-says-judges-selected-to-hear-rupnik-sexual-abuse-trial\/","url_meta":{"origin":66769,"position":2},"title":"Cardinal Fern\u00e1ndez says judges selected to hear Rupnik sexual abuse trial","author":"Christian Pure Team","date":"\u064a\u0648\u0644\u064a\u0648 29, 2025","format":false,"excerpt":"Cardinal Victor Manuel Fern\u00e1ndez, prefect of the Dicastery for the Doctrine of the Faith, speaks during a press conference about a new Vatican document on human dignity on April 8, 2024. \/ Credit: Daniel Iba\u00f1ez\/CNA Vatican City, Jul 3, 2025 \/ 13:02 pm (CNA). Cardinal Victor Manuel Fern\u00e1ndez, prefect of the Dicastery for the Doctrine of the Faith, said Thursday that judges have been selected to hear the trial of Father Marko Rupnik, a former Jesuit accused of sexual abuse\u2026","rel":"","context":"\u0641\u064a &quot;Christian News&quot;","block_context":{"text":"Christian News","link":"https:\/\/christianpure.com\/ar\/learn\/category\/christian-news\/"},"img":{"alt_text":"Cardinal Fern\u00e1ndez says judges selected to hear Rupnik sexual abuse trial","src":"https:\/\/i0.wp.com\/christianpure.com\/wp-content\/uploads\/2025\/07\/Cardinal-Fernandez-says-judges-selected-to-hear-Rupnik-sexual-abuse-trial.webp?fit=800%2C533&ssl=1&resize=350%2C200","width":350,"height":200,"srcset":"https:\/\/i0.wp.com\/christianpure.com\/wp-content\/uploads\/2025\/07\/Cardinal-Fernandez-says-judges-selected-to-hear-Rupnik-sexual-abuse-trial.webp?fit=800%2C533&ssl=1&resize=350%2C200 1x, https:\/\/i0.wp.com\/christianpure.com\/wp-content\/uploads\/2025\/07\/Cardinal-Fernandez-says-judges-selected-to-hear-Rupnik-sexual-abuse-trial.webp?fit=800%2C533&ssl=1&resize=525%2C300 1.5x, https:\/\/i0.wp.com\/christianpure.com\/wp-content\/uploads\/2025\/07\/Cardinal-Fernandez-says-judges-selected-to-hear-Rupnik-sexual-abuse-trial.webp?fit=800%2C533&ssl=1&resize=700%2C400 2x"},"classes":[]},{"id":74655,"url":"https:\/\/christianpure.com\/ar\/learn\/spain-catholic-church-sign-agreement-to-compensate-victims-of-sexual-abuse\/","url_meta":{"origin":66769,"position":3},"title":"Spain, Catholic Church sign agreement to compensate victims of sexual abuse","author":"Christian Pure Team","date":"\u064a\u0646\u0627\u064a\u0631 13, 2026","format":false,"excerpt":"Archbishop Luis Arg\u00fcello, president of the Spanish Bishops\u2019 Conference; F\u00e9lix Bola\u00f1os, minister of the Presidency, Justice, and Relations with the Parliament; and Father Jes\u00fas D\u00edaz Sariego, OP, president of CONFER. | Credit: Ministry of the Presidency Jan 9, 2026 \/ 16:28 pm (CNA). The Spanish Bishops\u2019 Conference (CEE, by its Spanish acronym), the Spanish Conference of Religious Orders (CONFER, by its Spanish acronym), and the government have agreed on a channel for compensating victims of abuse within the Catholic Church,\u2026","rel":"","context":"\u0641\u064a &quot;Christian News&quot;","block_context":{"text":"Christian News","link":"https:\/\/christianpure.com\/ar\/learn\/category\/christian-news\/"},"img":{"alt_text":"","src":"https:\/\/i0.wp.com\/christianpure.com\/wp-content\/uploads\/2025\/10\/CNA_LOGOredblk-9.png?fit=1200%2C335&ssl=1&resize=350%2C200","width":350,"height":200,"srcset":"https:\/\/i0.wp.com\/christianpure.com\/wp-content\/uploads\/2025\/10\/CNA_LOGOredblk-9.png?fit=1200%2C335&ssl=1&resize=350%2C200 1x, https:\/\/i0.wp.com\/christianpure.com\/wp-content\/uploads\/2025\/10\/CNA_LOGOredblk-9.png?fit=1200%2C335&ssl=1&resize=525%2C300 1.5x, https:\/\/i0.wp.com\/christianpure.com\/wp-content\/uploads\/2025\/10\/CNA_LOGOredblk-9.png?fit=1200%2C335&ssl=1&resize=700%2C400 2x, https:\/\/i0.wp.com\/christianpure.com\/wp-content\/uploads\/2025\/10\/CNA_LOGOredblk-9.png?fit=1200%2C335&ssl=1&resize=1050%2C600 3x"},"classes":[]},{"id":6784,"url":"https:\/\/christianpure.com\/ar\/learn\/take-down-his-art-or-not-who-is-alleged-serial-abuser-father-marko-rupnik\/","url_meta":{"origin":66769,"position":4},"title":"Take down his art or not: Who is alleged serial abuser Father Marko Rupnik?","author":"Christian Pure Team","date":"\u064a\u0648\u0644\u064a\u0648 17, 2024","format":false,"excerpt":"[ad_1] Source Father Marko Rupnik, SJ. \/ Credit: Vatican News\/Screenshot ACI Prensa Staff, Jul 16, 2024 \/ 16:50 pm (CNA). Father Marko Ivan Rupnik is a former Jesuit priest whose artwork decorates Catholic churches, chapels, and shrines around the world, including the Redemptoris Mater chapel in the Vatican and the major seminary of Rome. He is accused of having committed serious sexual, spiritual, and psychological abuse of women for decades and his case is currently being investigated by the Vatican.Rupnik\u2019s\u2026","rel":"","context":"\u0641\u064a &quot;Christian News&quot;","block_context":{"text":"Christian News","link":"https:\/\/christianpure.com\/ar\/learn\/category\/christian-news\/"},"img":{"alt_text":"","src":"https:\/\/i0.wp.com\/christianpure.com\/wp-content\/uploads\/2024\/07\/quien-es-el-jesuita-marko-rupnik.webp?fit=900%2C500&ssl=1&resize=350%2C200","width":350,"height":200,"srcset":"https:\/\/i0.wp.com\/christianpure.com\/wp-content\/uploads\/2024\/07\/quien-es-el-jesuita-marko-rupnik.webp?fit=900%2C500&ssl=1&resize=350%2C200 1x, https:\/\/i0.wp.com\/christianpure.com\/wp-content\/uploads\/2024\/07\/quien-es-el-jesuita-marko-rupnik.webp?fit=900%2C500&ssl=1&resize=525%2C300 1.5x, https:\/\/i0.wp.com\/christianpure.com\/wp-content\/uploads\/2024\/07\/quien-es-el-jesuita-marko-rupnik.webp?fit=900%2C500&ssl=1&resize=700%2C400 2x"},"classes":[]},{"id":71518,"url":"https:\/\/christianpure.com\/ar\/learn\/pontifical-yearbook-goes-digital-what-is-it-and-what-does-it-contain\/","url_meta":{"origin":66769,"position":5},"title":"Pontifical Yearbook goes digital: What is it and what does it contain?","author":"Christian Pure Team","date":"\u064a\u0646\u0627\u064a\u0631 15, 2026","format":false,"excerpt":"Pope Leo XIV uses a tablet to navigate the website of the new digital version of the Vatican&#039;s Pontifical Yearbook, known as the &quot;Annuario Pontificio&quot; in Italian. \/ Credit: Vatican Media. Vatican City, Dec 10, 2025 \/ 11:00 am (CNA). The Vatican this week launched the first-ever digital version of its annual directory, creating an easier way to find reliable and up-to-date information about the Church\u2019s structures and members all around the world.The red-covered Pontifical Yearbook \u2014 known in Italian\u2026","rel":"","context":"\u0641\u064a &quot;Christian News&quot;","block_context":{"text":"Christian News","link":"https:\/\/christianpure.com\/ar\/learn\/category\/christian-news\/"},"img":{"alt_text":"Pontifical Yearbook goes digital: What is it and what does it contain?","src":"https:\/\/i0.wp.com\/christianpure.com\/wp-content\/uploads\/2026\/01\/Pontifical-Yearbook-goes-digital-What-is-it-and-what-does-it-contain.webp?fit=800%2C450&ssl=1&resize=350%2C200","width":350,"height":200,"srcset":"https:\/\/i0.wp.com\/christianpure.com\/wp-content\/uploads\/2026\/01\/Pontifical-Yearbook-goes-digital-What-is-it-and-what-does-it-contain.webp?fit=800%2C450&ssl=1&resize=350%2C200 1x, https:\/\/i0.wp.com\/christianpure.com\/wp-content\/uploads\/2026\/01\/Pontifical-Yearbook-goes-digital-What-is-it-and-what-does-it-contain.webp?fit=800%2C450&ssl=1&resize=525%2C300 1.5x, https:\/\/i0.wp.com\/christianpure.com\/wp-content\/uploads\/2026\/01\/Pontifical-Yearbook-goes-digital-What-is-it-and-what-does-it-contain.webp?fit=800%2C450&ssl=1&resize=700%2C400 2x"},"classes":[]}],"jetpack_sharing_enabled":true,"jetpack_featured_media_url":"https:\/\/i0.wp.com\/christianpure.com\/wp-content\/uploads\/2025\/11\/In-second-report-Vatican-minor-commission-urges-listening-reparations-for-abuse-victims.webp?fit=800%2C533&ssl=1","mfb_rest_fields":["title","jetpack_publicize_connections","jetpack-related-posts","jetpack_sharing_enabled","jetpack_featured_media_url"],"_links":{"self":[{"href":"https:\/\/christianpure.com\/ar\/wp-json\/wp\/v2\/posts\/66769","targetHints":{"allow":["GET"]}}],"collection":[{"href":"https:\/\/christianpure.com\/ar\/wp-json\/wp\/v2\/posts"}],"about":[{"href":"https:\/\/christianpure.com\/ar\/wp-json\/wp\/v2\/types\/post"}],"author":[{"embeddable":true,"href":"https:\/\/christianpure.com\/ar\/wp-json\/wp\/v2\/users\/11"}],"replies":[{"embeddable":true,"href":"https:\/\/christianpure.com\/ar\/wp-json\/wp\/v2\/comments?post=66769"}],"version-history":[{"count":0,"href":"https:\/\/christianpure.com\/ar\/wp-json\/wp\/v2\/posts\/66769\/revisions"}],"wp:featuredmedia":[{"embeddable":true,"href":"https:\/\/christianpure.com\/ar\/wp-json\/wp\/v2\/media\/69358"}],"wp:attachment":[{"href":"https:\/\/christianpure.com\/ar\/wp-json\/wp\/v2\/media?parent=66769"}],"wp:term":[{"taxonomy":"category","embeddable":true,"href":"https:\/\/christianpure.com\/ar\/wp-json\/wp\/v2\/categories?post=66769"},{"taxonomy":"post_tag","embeddable":true,"href":"https:\/\/christianpure.com\/ar\/wp-json\/wp\/v2\/tags?post=66769"},{"taxonomy":"series","embeddable":true,"href":"https:\/\/christianpure.com\/ar\/wp-json\/wp\/v2\/series?post=66769"}],"curies":[{"name":"wp","href":"https:\/\/api.w.org\/{rel}","templated":true}]}}