{"id":36160,"date":"2025-05-08T00:06:00","date_gmt":"2025-05-08T00:06:00","guid":{"rendered":"https:\/\/christianpure.com\/learn\/meet-the-5-cardinal-electors-with-the-most-conclave-experience\/"},"modified":"2025-05-12T18:02:01","modified_gmt":"2025-05-12T18:02:01","slug":"meet-the-5-cardinal-electors-with-the-most-conclave-experience","status":"publish","type":"post","link":"https:\/\/christianpure.com\/de\/learn\/meet-the-5-cardinal-electors-with-the-most-conclave-experience\/","title":{"rendered":"Lernen Sie die 5 Kardinalelektoren mit der meisten Konklave-Erfahrung kennen"},"content":{"rendered":"<p>[ad_1]<br \/>\n<\/p>\n<div style=\"width: 100%;margin-bottom: 25px\">\n  <img data-recalc-dims=\"1\" decoding=\"async\" src=\"https:\/\/i0.wp.com\/christianpure.com\/wp-content\/uploads\/2025\/05\/cardinalsmostexperience.png?quality=69&#038;ssl=1\" style=\"display: block;margin: auto;max-width: 100%\" \/><br \/>\n  <span style=\"text-align: right;font-style: italic\">Von links nach rechts: Kardinal Philippe Barbarin, Kardinal Vinko Pulji\u0107, Kardinal Josip Bozani\u0107, Kardinal P\u00e9ter Erd\u0151 und Kardinal Peter Turkson. \/ Bildnachweis: MEDEF, CC BY-SA 2.0, via Wikimedia Commons\/ EWTN News Screenshot\/ Pelz, CC BY-SA 3.0, via Wikimedia Commons\/ Daniel Iba\u00f1ez\/CNA<\/span>\n<\/div>\n<p>Vatikanstadt, 7. Mai 2025 \/ 16:29 Uhr (CNA).<\/p>\n<p>Mit Beginn des Konklaves am 7. Mai gibt es f\u00fcnf Kardinalelektoren, die eine betr\u00e4chtliche Menge an Erfahrung in den Prozess einbringen.<\/p>\n<p>Vier Elektoren \u2014 die Kardin\u00e4le Peter Turkson, Philippe Barbarin, P\u00e9ter Erd\u0151 und Josip Bozani\u0107 \u2014 wurden 2003 Mitglieder des Kardinalskollegiums und haben vor diesem an zwei Konklaven teilgenommen. Zus\u00e4tzlich zu ihrer Erfahrung bringt die Anwesenheit von <a href=\"https:\/\/christianpure.com\/de\/learn\/who-are-the-middle-eastern-cardinals-participating-in-the-conclave\/\">nah\u00f6stlichen Kardin\u00e4len im Konklave<\/a> eine einzigartige Perspektive in die Diskussionen \u00fcber die Zukunft der Kirche ein. Diese Kardin\u00e4le bringen ihre eigenen regionalen Erkenntnisse und Herausforderungen ein, die die Wahl eines neuen Papstes stark beeinflussen k\u00f6nnen. Da globale Themen zunehmend miteinander verkn\u00fcpft sind, sind ihre Stimmen entscheidend f\u00fcr die Gestaltung eines integrativeren F\u00fchrungsansatzes.<\/p>\n<p><strong>Kardinal Vinko Pulji\u0107<\/strong>, der emeritierte Erzbischof von Sarajevo, erhielt 1994 das rote Birett und ist damit der Elektoren mit den meisten Jahren \u2014 fast 31 \u2014 als Kardinal. Er hat zudem an zwei Konklaven teilgenommen: dem Konklave von 2005, das Benedikt XVI. w\u00e4hlte, und dem Konklave von 2013, das Franziskus w\u00e4hlte.<\/p>\n<p>Mit 79 Jahren kann Pulji\u0107 nur noch mit einem Vorsprung von vier Monaten am Konklave 2025 teilnehmen. Am 8. September wird er 80 Jahre alt und verliert das Privileg, einen Papst zu w\u00e4hlen.&nbsp;<\/p>\n<p>Als emeritierter Erzbischof von Sarajevo ist er f\u00fcr seine Rolle w\u00e4hrend des Krieges in Bosnien bekannt, wo er sich als Stimme f\u00fcr den Frieden und Verteidiger der Menschenrechte auszeichnete. Er war zudem lange Zeit Pr\u00e4sident der Bischofskonferenz von Bosnien und Herzegowina.<\/p>\n<p><strong>Kardinal Peter Turkson<\/strong>, 76, war ab 2022 Kanzler der P\u00e4pstlichen Akademie der Wissenschaften und der P\u00e4pstlichen Akademie der Sozialwissenschaften.<\/p>\n<p>Als Bibelwissenschaftler und einflussreiche Stimme f\u00fcr soziale Gerechtigkeit war die erste Rolle des Ghanaers im Vatikan die des Pr\u00e4sidenten des P\u00e4pstlichen Rates f\u00fcr Gerechtigkeit und Frieden von 2009 bis 2017. Papst Franziskus w\u00e4hlte ihn dann zum ersten Pr\u00e4fekten des Dikasteriums f\u00fcr den Dienst zugunsten der ganzheitlichen Entwicklung des Menschen von 2017 bis 2021.<\/p>\n<p><strong>Kardinal Philippe Barbarin<\/strong>, 74, stammt aus Frankreich, wo er von 2002 bis 2020 Erzbischof von Lyon war. Im Jahr 2020 wurde er in der Berufung von einer Verurteilung aus dem Jahr 2019 wegen Nichtanzeige von sexuellem Missbrauch freigesprochen.<\/p>\n<p>Geboren in Rabat, Marokko, das damals unter franz\u00f6sischem Protektorat stand, diente er als Missionar in Madagaskar und als Theologieprofessor. Er war von 1998 bis 2002 Bischof von Moulins.<\/p>\n<p>Der 72-j\u00e4hrige <strong>Kardinal P\u00e9ter Erd\u0151<\/strong>, Erzbischof von Esztergom-Budapest und Primas von Ungarn, ist Kanonist und Akademiker, der jahrelang die ungarische und die europ\u00e4ische Bischofskonferenz geleitet hat. Er ist Autor von \u00fcber 250 Studien auf dem Gebiet des Kirchenrechts und der Spiritualit\u00e4t. Neben den Konklaven von 2005 und 2013 hat er an einer Reihe von Synoden teilgenommen.<\/p>\n<p><strong>Kardinal Josip Bozani\u0107<\/strong>, 76, emeritierter Erzbischof von Zagreb, Kroatien, war eine prominente Figur im Dialog zwischen der kroatischen Kirche und dem Staat sowie bei der F\u00f6rderung von Gerechtigkeit und Frieden. Er diente zudem viele Jahre als Pr\u00e4sident der kroatischen Bischofskonferenz.<\/p>\n<p>[ad_2]<br \/>\n<br \/><a href=\"https:\/\/www.catholicnewsagency.com\/news\/263923\/meet-the-5-cardinal-electors-with-the-most-conclave-experience\">Quellenlink <\/a><\/p>","protected":false},"excerpt":{"rendered":"<p>[ad_1] Von links nach rechts: Kardinal Philippe Barbarin, Kardinal Vinko Pulji\u0107, Kardinal Josip Bozani\u0107, Kardinal P\u00e9ter Erd\u0151 und Kardinal Peter Turkson. \/ Bildnachweis: MEDEF, CC BY-SA 2.0, via Wikimedia Commons\/ EWTN News Screenshot\/ Pelz, CC BY-SA 3.0, via Wikimedia Commons\/ Daniel Iba\u00f1ez\/CNA Vatikanstadt, 7. Mai 2025 \/ 16:29 Uhr (CNA). Mit dem Beginn der [\u2026]<\/p>","protected":false},"author":1,"featured_media":36162,"comment_status":"open","ping_status":"closed","sticky":false,"template":"","format":"standard","meta":{"_acf_changed":false,"_jetpack_memberships_contains_paid_content":false,"footnotes":"","jetpack_publicize_message":"","jetpack_publicize_feature_enabled":true,"jetpack_social_post_already_shared":true,"jetpack_social_options":{"image_generator_settings":{"template":"highway","default_image_id":0,"font":"","enabled":false},"version":2},"_wpas_customize_per_network":false},"categories":[100],"tags":[],"series":[],"class_list":["post-36160","post","type-post","status-publish","format-standard","has-post-thumbnail","hentry","category-christian-news"],"mb":[],"acf":[],"jetpack_publicize_connections":[],"jetpack_featured_media_url":"https:\/\/i0.wp.com\/christianpure.com\/wp-content\/uploads\/2025\/05\/1746662767_cardinalsmostexperience.jpg?fit=2100%2C1200&quality=80&ssl=1","jetpack-related-posts":[],"jetpack_sharing_enabled":true,"mfb_rest_fields":["title","jetpack_publicize_connections","jetpack_featured_media_url","jetpack-related-posts","jetpack_sharing_enabled"],"_links":{"self":[{"href":"https:\/\/christianpure.com\/de\/wp-json\/wp\/v2\/posts\/36160","targetHints":{"allow":["GET"]}}],"collection":[{"href":"https:\/\/christianpure.com\/de\/wp-json\/wp\/v2\/posts"}],"about":[{"href":"https:\/\/christianpure.com\/de\/wp-json\/wp\/v2\/types\/post"}],"author":[{"embeddable":true,"href":"https:\/\/christianpure.com\/de\/wp-json\/wp\/v2\/users\/1"}],"replies":[{"embeddable":true,"href":"https:\/\/christianpure.com\/de\/wp-json\/wp\/v2\/comments?post=36160"}],"version-history":[{"count":0,"href":"https:\/\/christianpure.com\/de\/wp-json\/wp\/v2\/posts\/36160\/revisions"}],"wp:featuredmedia":[{"embeddable":true,"href":"https:\/\/christianpure.com\/de\/wp-json\/wp\/v2\/media\/36162"}],"wp:attachment":[{"href":"https:\/\/christianpure.com\/de\/wp-json\/wp\/v2\/media?parent=36160"}],"wp:term":[{"taxonomy":"category","embeddable":true,"href":"https:\/\/christianpure.com\/de\/wp-json\/wp\/v2\/categories?post=36160"},{"taxonomy":"post_tag","embeddable":true,"href":"https:\/\/christianpure.com\/de\/wp-json\/wp\/v2\/tags?post=36160"},{"taxonomy":"series","embeddable":true,"href":"https:\/\/christianpure.com\/de\/wp-json\/wp\/v2\/series?post=36160"}],"curies":[{"name":"wp","href":"https:\/\/api.w.org\/{rel}","templated":true}]}}