{"id":4994,"date":"2025-03-08T13:05:27","date_gmt":"2025-03-08T13:05:27","guid":{"rendered":"https:\/\/christianpure.com\/learn\/music-is-a-universal-language-pope-francis-sings-praises-of-catholic-choirs\/"},"modified":"2025-03-08T13:05:27","modified_gmt":"2025-03-08T13:05:27","slug":"music-is-a-universal-language-pope-francis-sings-praises-of-catholic-choirs","status":"publish","type":"post","link":"https:\/\/christianpure.com\/de\/learn\/music-is-a-universal-language-pope-francis-sings-praises-of-catholic-choirs\/","title":{"rendered":"Musik ist eine universelle Sprache: Papst Franziskus lobt katholische Ch\u00f6re"},"content":{"rendered":"<p> [ad_1]<br \/>\n<br \/><a href=\"https:\/\/www.catholicnewsagency.com\/news\/257939\/pope-francis-sings-praises-of-catholic-choirs\">Quelle <\/a><br \/>\n<\/p>\n<div style=\"width: 100%;margin-bottom: 25px\">\n  <img data-recalc-dims=\"1\" decoding=\"async\" src=\"https:\/\/i0.wp.com\/christianpure.com\/wp-content\/uploads\/2024\/06\/pf-choirs-060824.jpg?quality=80&#038;ssl=1\" style=\"display: block;margin: auto;max-width: 100%\" \/><br \/>\n  <span style=\"text-align: right;font-style: italic\">Papst Franziskus begr\u00fc\u00dft Teilnehmer eines Treffens von Chors\u00e4ngern, Musikern und Dirigenten in der Paul-VI.-Halle im Vatikan am 8. Juni 2024. \/ Bildnachweis: Vatican Media<\/span>\n<\/div>\n<p>Rom-Redaktion, 8. Juni 2024 \/ 13:50 Uhr (CNA).<\/p>\n<p>Papst Franziskus lobte am Samstag katholische Chormitglieder jeden Alters und bezeichnete Musik als \u201eeine universelle und unmittelbare Sprache\u201c.<\/p>\n<p>Chormitglieder und Musiker leisteten einen \u201ekostbaren Dienst\u201c f\u00fcr die Kirche, sagte er am Morgen des 8. Juni bei einer Audienz mit Pfarr- und Di\u00f6zesanch\u00f6ren, Scholae cantorum, Dirigenten und Musikern.<\/p>\n<p>In seiner Ansprache in der Paul-VI.-Halle des Vatikans sagte der Papst: \u201eMusik schafft Harmonie, erreicht dadurch jeden, tr\u00f6stet die Leidenden, entfacht Begeisterung bei den Mutlosen und bringt wunderbare Werte wie Sch\u00f6nheit und Poesie hervor, die Gottes harmonisches Licht widerspiegeln.\u201c<\/p>\n<p>\u201eMusik ist in der Tat\u201c, f\u00fcgte er hinzu, \u201eeine universelle und unmittelbare Sprache, die keiner \u00dcbersetzung oder ausf\u00fchrlichen Erkl\u00e4rung bedarf.\u201c<\/p>\n<p>Etwa 300 S\u00e4nger und 80 Musiker nehmen an diesem Wochenende am 4. Internationalen Chortreffen im Vatikan teil.<\/p>\n<p>Zus\u00e4tzlich zum Treffen mit Papst Franziskus geben die Teilnehmer des Treffens vom 7. bis 9. Juni am Abend des 8. Juni ein kostenloses Konzert in der Paul-VI.-Halle des Vatikans und singen am Morgen des 9. Juni bei der Messe im Petersdom. Die Veranstaltung umfasste zudem zwei Tage mit Vortr\u00e4gen zu Themen wie geistliche Musik und die Geschichte des gregorianischen Chorals sowie praktische Workshops f\u00fcr Musiker und Chors\u00e4nger.<\/p>\n<p>\u201eSie sind im Vatikan zusammengekommen, um die Bedeutung der Musik im Dienst der Liturgie tiefer zu ergr\u00fcnden\u201c, sagte der Papst. \u201eEs ist sehr sch\u00f6n, Sie hier zu sehen, wie Sie von vielen verschiedenen Orten kommen und doch alle durch den Glauben und die Leidenschaft f\u00fcr die Musik vereint sind.\u201c<\/p>\n<figure class=\"mx-auto\" style=\"width:100%\"><img data-recalc-dims=\"1\" decoding=\"async\" src=\"https:\/\/i0.wp.com\/christianpure.com\/wp-content\/uploads\/2024\/06\/pf-choirs-babyjpg.jpg?quality=80&#038;ssl=1\" class=\"img-fluid\" alt=\"S\u00fc\u00df! Papst Franziskus besucht am 8. Juni w\u00e4hrend eines Treffens mit Chormitgliedern ein Baby in der Paul-VI.-Halle des Vatikans. Bildnachweis: Vatican Media\"><figcaption class=\"caption text-muted\">S\u00fc\u00df! Papst Franziskus besucht am 8. Juni w\u00e4hrend eines Treffens mit Chormitgliedern ein Baby in der Paul-VI.-Halle des Vatikans. Bildnachweis: Vatican Media<\/figcaption><\/figure>\n<p>Franziskus ermutigte die Musiker und Chormitglieder, Zeit im Gebet und in der Meditation \u00fcber Gottes Wort zu verbringen, \u201eum den hohen geistlichen Tenor\u201c ihrer Berufung zu bewahren, die Messe und andere Liturgien mit Musik zu bereichern.<\/p>\n<p>Sie bereichern die Messe und verleihen ihr Sch\u00f6nheit, \u201enicht nur mit Ihren Stimmen, sondern auch mit Ihrem Verstand und Ihrem Herzen\u201c, sagte er, \u201eund indem Sie Ihr t\u00e4gliches Leben entsprechend enthusiastisch leben, sodass Ihre Musik zunehmend ein freudiges Selbstopfer f\u00fcr Gott sein kann, der mit seiner Liebe alles anzieht, erleuchtet und verwandelt.\u201c<\/p>\n<div class=\"twitter-wrapper\">\n<blockquote class=\"twitter-tweet\">\n<p lang=\"es\" dir=\"ltr\">Der Chor der Di\u00f6zese Rom bereitet sich auf das gro\u00dfe Ereignis vor. An diesem Samstag werden Tausende von Menschen sie im Vatikan h\u00f6ren. Der Dirigent, Marco Frisina, erz\u00e4hlt uns die Details in <a href=\"https:\/\/twitter.com\/EWTNNoticias?ref_src=twsrc%5Etfw\">@EWTNNoticias<\/a> <a href=\"https:\/\/twitter.com\/EWTNespanol?ref_src=twsrc%5Etfw\">@EWTNespanol<\/a> <a href=\"https:\/\/t.co\/MITxO2bNYW\">pic.twitter.com\/MITxO2bNYW<\/a><\/p>\n<p>\u2014 Paola Arriaza (@PaolaArriazaA) <a href=\"https:\/\/twitter.com\/PaolaArriazaA\/status\/1798747680623255805?ref_src=twsrc%5Etfw\">6. Juni 2024<\/a><\/p><\/blockquote>\n<p><a href=\"\"><\/a><\/p>\n<div class=\"drag-handle\" data-drag-handle=\"true\"> <\/div>\n<\/div>\n<p>Das Wochenende wurde vom Chor der Di\u00f6zese Rom organisiert, der sein 40-j\u00e4hriges Bestehen feiert. Der Leiter des Chors ist Monsignore Marco Frisina, ein Komponist, dessen Werke in der Kirche sowohl in Italien als auch auf der Weltb\u00fchne \u2013 insbesondere bei den Weltjugendtagen \u2013 einen enormen Einfluss hatten.<\/p>\n<p>Frisinas \u201eJesus Christ You Are My Life\u201c erlangte in der katholischen Welt internationale Anerkennung, nachdem es die Hymne des Weltjugendtags w\u00e4hrend des Gro\u00dfen Jubil\u00e4ums im Jahr 2000 war.<\/p>\n<p>Der Musikdirektor und Komponist sagte EWTN News diese Woche, dass er f\u00fcr das Jubil\u00e4umsjahr 2025 ein neues Lied f\u00fcr junge Menschen mit dem Titel \u201eChrist is My Hope\u201c geschrieben habe.<\/p>\n<p>Frisina sagte, er habe dar\u00fcber nachgedacht, \u201ewie wichtig es ist, von der Freude der Hoffnung zu singen.\u201c<\/p>\n<p>\u201eDenn jeder denkt mit Traurigkeit an die Dinge, die geschehen \u2013 Krieg, Gewalt, Hass, Feindschaft \u2013, aber es ist gut, stattdessen zu singen, um all dem entgegenzuwirken, [zu singen], dass Christus unsere Freude und unsere Hoffnung ist\u201c, sagte er. \u201eUnd Christus ist auferstanden.\u201c<\/p>\n<figure class=\"mx-auto\" style=\"width:100%\"><img data-recalc-dims=\"1\" decoding=\"async\" src=\"https:\/\/i0.wp.com\/christianpure.com\/wp-content\/uploads\/2024\/06\/pf-choirs-hall.jpg?quality=80&#038;ssl=1\" class=\"img-fluid\" alt=\"Papst Franziskus spricht zu den Teilnehmern des 4. Internationalen Chortreffens w\u00e4hrend eines Treffens in der Paul-VI.-Halle des Vatikans am 8. Juni 2024. Bildnachweis: Vatican Media\"><figcaption class=\"caption text-muted\">Papst Franziskus spricht zu den Teilnehmern des 4. Internationalen Chortreffens w\u00e4hrend eines Treffens in der Paul-VI.-Halle des Vatikans am 8. Juni 2024. Bildnachweis: Vatican Media<\/figcaption><\/figure>\n<p>W\u00e4hrend seiner Rede am Samstag sagte Papst Franziskus, die S\u00e4nger seien \u201eH\u00fcter eines jahrhundertealten Schatzes an Kunst, Sch\u00f6nheit und Spiritualit\u00e4t\u201c, und er ermutigte sie, \u201esich diesen nicht von der Mentalit\u00e4t der Welt mit Eigennutz, Ehrgeiz, Eifersucht oder Spaltung verderben zu lassen.\u201c<\/p>\n<p>Der Papst lobte auch die Spontaneit\u00e4t und Unschuld von Kindern, die, wie er sagte, \u201elauter spricht als die besten Reden.\u201c<\/p>\n<p>\u201eWir m\u00fcssen uns um Kinder k\u00fcmmern, denn sie sind die Zukunft, sie sind die Hoffnung\u201c, f\u00fcgte er hinzu. \u201eKinder sind die Privilegierten. Aus diesem Grund sagte Jesus: \u201aDenen, die so sind wie sie, geh\u00f6rt das Himmelreich.\u2018\u201c&nbsp;<\/p>\n<p>[ad_2]<\/p>","protected":false},"excerpt":{"rendered":"<p>[ad_1] Source Pope Francis greets participants in a gathering of choir singers, musicians, and directors at Paul VI Hall at the Vatican on June 8, 2024. \/ Credit: Vatican Media Rome Newsroom, Jun 8, 2024 \/ 13:50 pm (CNA). Pope Francis praised Catholic choir members of all ages on Saturday, calling music \u201ca universal and [\u2026]<\/p>","protected":false},"author":1,"featured_media":4995,"comment_status":"open","ping_status":"open","sticky":false,"template":"","format":"standard","meta":{"_acf_changed":false,"_jetpack_memberships_contains_paid_content":false,"footnotes":"","jetpack_publicize_message":"","jetpack_publicize_feature_enabled":true,"jetpack_social_post_already_shared":true,"jetpack_social_options":{"image_generator_settings":{"template":"highway","default_image_id":0,"font":"","enabled":false},"version":2},"_wpas_customize_per_network":false},"categories":[100],"tags":[],"series":[],"class_list":["post-4994","post","type-post","status-publish","format-standard","has-post-thumbnail","hentry","category-christian-news"],"mb":[],"acf":[],"jetpack_publicize_connections":[],"jetpack_featured_media_url":"https:\/\/i0.wp.com\/christianpure.com\/wp-content\/uploads\/2024\/06\/1717876070_pf-choirs-060824.jpg?fit=1980%2C1320&quality=80&ssl=1","jetpack-related-posts":[{"id":70150,"url":"https:\/\/christianpure.com\/de\/learn\/liturgical-singing-requires-a-deep-spiritual-life-pope-leo-xiv-says\/","url_meta":{"origin":4994,"position":0},"title":"Liturgical singing requires &#039;a deep spiritual life,&#039; Pope Leo XIV says","author":"Christian Pure Team","date":"Januar 9, 2026","format":false,"excerpt":"A celebration of liturgical music is the focus of the Jubilee Mass Nov. 23, 2025. \/ Credit: Vatican Media Rome Newsroom, Nov 23, 2025 \/ 13:10 pm (CNA). Pope Leo XIV on Sunday praised the \u201cprecious\u201d ministry of liturgical music and told choir members from around the world that their\u2026","rel":"","context":"In &quot;Christian News&quot;","block_context":{"text":"Christian News","link":"https:\/\/christianpure.com\/de\/learn\/category\/christian-news\/"},"img":{"alt_text":"Liturgical singing requires &#039;a deep spiritual life,&#039; Pope Leo XIV says","src":"https:\/\/i0.wp.com\/christianpure.com\/wp-content\/uploads\/2026\/01\/Liturgical-singing-requires-039a-deep-spiritual-life039-Pope-Leo-XIV-says.webp?fit=800%2C533&quality=75&ssl=1&resize=350%2C200","width":350,"height":200,"srcset":"https:\/\/i0.wp.com\/christianpure.com\/wp-content\/uploads\/2026\/01\/Liturgical-singing-requires-039a-deep-spiritual-life039-Pope-Leo-XIV-says.webp?fit=800%2C533&quality=75&ssl=1&resize=350%2C200 1x, https:\/\/i0.wp.com\/christianpure.com\/wp-content\/uploads\/2026\/01\/Liturgical-singing-requires-039a-deep-spiritual-life039-Pope-Leo-XIV-says.webp?fit=800%2C533&quality=75&ssl=1&resize=525%2C300 1.5x, https:\/\/i0.wp.com\/christianpure.com\/wp-content\/uploads\/2026\/01\/Liturgical-singing-requires-039a-deep-spiritual-life039-Pope-Leo-XIV-says.webp?fit=800%2C533&quality=75&ssl=1&resize=700%2C400 2x"},"classes":[]},{"id":9878,"url":"https:\/\/christianpure.com\/de\/learn\/pope-francis-to-singapores-catholics-follow-st-francis-xavier-in-spreading-gods-love\/","url_meta":{"origin":4994,"position":1},"title":"Pope Francis to Singapore\u2019s Catholics: Follow St. Francis Xavier in spreading God\u2019s love","author":"Christian Pure Team","date":"September 13, 2024","format":false,"excerpt":"[ad_1] Pope Francis presides beneath a crucifix at Mass at Singapore National Stadium, Thursday, Sept. 12, 2024 \/ Credit: Daniel Ib\u00c3\u00a1\u00c3\u00b1ez\/CNA Rome Newsroom, Sep 12, 2024 \/ 12:35 pm (CNA). At Mass with approximately 50,000 Catholics in Singapore on Thursday, Pope Francis recalled the example of the great missionary to\u2026","rel":"","context":"In &quot;Christian News&quot;","block_context":{"text":"Christian News","link":"https:\/\/christianpure.com\/de\/learn\/category\/christian-news\/"},"img":{"alt_text":"","src":"https:\/\/i0.wp.com\/christianpure.com\/wp-content\/uploads\/2024\/09\/cross1.jpg?fit=800%2C533&quality=80&ssl=1&resize=350%2C200","width":350,"height":200,"srcset":"https:\/\/i0.wp.com\/christianpure.com\/wp-content\/uploads\/2024\/09\/cross1.jpg?fit=800%2C533&quality=80&ssl=1&resize=350%2C200 1x, https:\/\/i0.wp.com\/christianpure.com\/wp-content\/uploads\/2024\/09\/cross1.jpg?fit=800%2C533&quality=80&ssl=1&resize=525%2C300 1.5x, https:\/\/i0.wp.com\/christianpure.com\/wp-content\/uploads\/2024\/09\/cross1.jpg?fit=800%2C533&quality=80&ssl=1&resize=700%2C400 2x"},"classes":[]},{"id":52950,"url":"https:\/\/christianpure.com\/de\/learn\/pope-leo-xiv-pope-francis-legacy-of-synodality-is-a-style-attitude\/","url_meta":{"origin":4994,"position":2},"title":"Pope Leo XIV: Pope Francis\u2019 legacy of synodality is a style, attitude","author":"Christian Pure Team","date":"Oktober 2, 2025","format":false,"excerpt":"Pope Leo XIV meets with the synod\u2019s 16th ordinary council near the Vatican on Thursday, June 26, 2025. \/ Credit: Vatican Media Vatican City, Jun 26, 2025 \/ 12:55 pm (CNA). Pope Francis\u2019 biggest legacy regarding synodality is \u201cas a style, an attitude that helps us to be Church,\u201d Pope\u2026","rel":"","context":"In &quot;Christian News&quot;","block_context":{"text":"Christian News","link":"https:\/\/christianpure.com\/de\/learn\/category\/christian-news\/"},"img":{"alt_text":"Pope Leo XIV: Pope Francis\u2019 legacy of synodality is a style, attitude","src":"https:\/\/i0.wp.com\/christianpure.com\/wp-content\/uploads\/2025\/10\/Pope-Leo-XIV-Pope-Francis-legacy-of-synodality-is-a-style-attitude.webp?fit=800%2C533&quality=75&ssl=1&resize=350%2C200","width":350,"height":200,"srcset":"https:\/\/i0.wp.com\/christianpure.com\/wp-content\/uploads\/2025\/10\/Pope-Leo-XIV-Pope-Francis-legacy-of-synodality-is-a-style-attitude.webp?fit=800%2C533&quality=75&ssl=1&resize=350%2C200 1x, https:\/\/i0.wp.com\/christianpure.com\/wp-content\/uploads\/2025\/10\/Pope-Leo-XIV-Pope-Francis-legacy-of-synodality-is-a-style-attitude.webp?fit=800%2C533&quality=75&ssl=1&resize=525%2C300 1.5x, https:\/\/i0.wp.com\/christianpure.com\/wp-content\/uploads\/2025\/10\/Pope-Leo-XIV-Pope-Francis-legacy-of-synodality-is-a-style-attitude.webp?fit=800%2C533&quality=75&ssl=1&resize=700%2C400 2x"},"classes":[]},{"id":70621,"url":"https:\/\/christianpure.com\/de\/learn\/immigrants-converts-and-students-reflect-on-pope-leos-visit-to-istanbul-cathedral\/","url_meta":{"origin":4994,"position":3},"title":"Immigrants, converts, and students reflect on Pope Leo\u2019s visit to Istanbul cathedral","author":"Christian Pure Team","date":"Dezember 3, 2025","format":false,"excerpt":"Pope Leo XIV addresses bishops, priests, religious, pastoral workers, and laypeople at the Cathedral of the Holy Spirit in Istanbul, Turkey, on Nov. 28, 2025. \/ Credit: Vatican Media ACI MENA, Nov 28, 2025 \/ 10:05 am (CNA). Pope Leo XIV began the second day of his apostolic journey to\u2026","rel":"","context":"In &quot;Christian News&quot;","block_context":{"text":"Christian News","link":"https:\/\/christianpure.com\/de\/learn\/category\/christian-news\/"},"img":{"alt_text":"Immigrants, converts, and students reflect on Pope Leo\u2019s visit to Istanbul cathedral","src":"https:\/\/i0.wp.com\/christianpure.com\/wp-content\/uploads\/2025\/12\/Immigrants-converts-and-students-reflect-on-Pope-Leos-visit-to-Istanbul-cathedral.webp?fit=800%2C533&quality=75&ssl=1&resize=350%2C200","width":350,"height":200,"srcset":"https:\/\/i0.wp.com\/christianpure.com\/wp-content\/uploads\/2025\/12\/Immigrants-converts-and-students-reflect-on-Pope-Leos-visit-to-Istanbul-cathedral.webp?fit=800%2C533&quality=75&ssl=1&resize=350%2C200 1x, https:\/\/i0.wp.com\/christianpure.com\/wp-content\/uploads\/2025\/12\/Immigrants-converts-and-students-reflect-on-Pope-Leos-visit-to-Istanbul-cathedral.webp?fit=800%2C533&quality=75&ssl=1&resize=525%2C300 1.5x, https:\/\/i0.wp.com\/christianpure.com\/wp-content\/uploads\/2025\/12\/Immigrants-converts-and-students-reflect-on-Pope-Leos-visit-to-Istanbul-cathedral.webp?fit=800%2C533&quality=75&ssl=1&resize=700%2C400 2x"},"classes":[]},{"id":37623,"url":"https:\/\/christianpure.com\/de\/learn\/pontifical-institute-of-sacred-music-launches-lets-sing-with-the-pope-video-series\/","url_meta":{"origin":4994,"position":4},"title":"Pontifical Institute of Sacred Music launches \u2018Let\u2019s Sing with the Pope\u2019 video series","author":"Christian Pure Team","date":"Juni 4, 2025","format":false,"excerpt":"Pope Leo XIV waves at a massive, jubilant crowd gathered on St. Peter\u2019s Square for the Regina Caeli on Sunday, May 11, 2025. \/ Credit: Daniel Ib\u00e1\u00f1ez\/CNA CNA Staff, May 17, 2025 \/ 10:00 am (CNA). The Vatican\u2019s sacred music school is seeking to teach Catholics worldwide how to sing\u2026","rel":"","context":"In &quot;Christian News&quot;","block_context":{"text":"Christian News","link":"https:\/\/christianpure.com\/de\/learn\/category\/christian-news\/"},"img":{"alt_text":"Pontifical Institute of Sacred Music launches \u2018Let\u2019s Sing with the Pope\u2019 video series","src":"https:\/\/i0.wp.com\/christianpure.com\/wp-content\/uploads\/2025\/06\/Pontifical-Institute-of-Sacred-Music-launches-%E2%80%98Lets-Sing-with-the-Pope-video-series.webp?fit=800%2C533&quality=75&ssl=1&resize=350%2C200","width":350,"height":200,"srcset":"https:\/\/i0.wp.com\/christianpure.com\/wp-content\/uploads\/2025\/06\/Pontifical-Institute-of-Sacred-Music-launches-%E2%80%98Lets-Sing-with-the-Pope-video-series.webp?fit=800%2C533&quality=75&ssl=1&resize=350%2C200 1x, https:\/\/i0.wp.com\/christianpure.com\/wp-content\/uploads\/2025\/06\/Pontifical-Institute-of-Sacred-Music-launches-%E2%80%98Lets-Sing-with-the-Pope-video-series.webp?fit=800%2C533&quality=75&ssl=1&resize=525%2C300 1.5x, https:\/\/i0.wp.com\/christianpure.com\/wp-content\/uploads\/2025\/06\/Pontifical-Institute-of-Sacred-Music-launches-%E2%80%98Lets-Sing-with-the-Pope-video-series.webp?fit=800%2C533&quality=75&ssl=1&resize=700%2C400 2x"},"classes":[]},{"id":21539,"url":"https:\/\/christianpure.com\/de\/learn\/pope-francis-hungarian-prime-minister-viktor-orban-talk-ukraine-and-family-policies\/","url_meta":{"origin":4994,"position":5},"title":"Pope Francis, Hungarian Prime Minister Viktor Orb\u00c3\u00a1n talk Ukraine and family policies","author":"Christian Pure Team","date":"Dezember 4, 2024","format":false,"excerpt":"[ad_1] Pope Francis meets with Hungarian Prime Minister Viktor Orb\u00c3\u00a1n on Dec. 4, 2024, at the Vatican. \/ Credit: Vatican Media Vatican City, Dec 4, 2024 \/ 15:10 pm (CNA). Pope Francis received the prime minister of Hungary, Viktor Orb\u00c3\u00a1n, at the Vatican on Wednesday.The meeting, which Orb\u00c3\u00a1n described as\u2026","rel":"","context":"In &quot;Christian News&quot;","block_context":{"text":"Christian News","link":"https:\/\/christianpure.com\/de\/learn\/category\/christian-news\/"},"img":{"alt_text":"","src":"https:\/\/i0.wp.com\/christianpure.com\/wp-content\/uploads\/2024\/12\/1733344190_popefrancisorban1120424.jpg?fit=1200%2C800&quality=80&ssl=1&resize=350%2C200","width":350,"height":200,"srcset":"https:\/\/i0.wp.com\/christianpure.com\/wp-content\/uploads\/2024\/12\/1733344190_popefrancisorban1120424.jpg?fit=1200%2C800&quality=80&ssl=1&resize=350%2C200 1x, https:\/\/i0.wp.com\/christianpure.com\/wp-content\/uploads\/2024\/12\/1733344190_popefrancisorban1120424.jpg?fit=1200%2C800&quality=80&ssl=1&resize=525%2C300 1.5x, https:\/\/i0.wp.com\/christianpure.com\/wp-content\/uploads\/2024\/12\/1733344190_popefrancisorban1120424.jpg?fit=1200%2C800&quality=80&ssl=1&resize=700%2C400 2x, https:\/\/i0.wp.com\/christianpure.com\/wp-content\/uploads\/2024\/12\/1733344190_popefrancisorban1120424.jpg?fit=1200%2C800&quality=80&ssl=1&resize=1050%2C600 3x"},"classes":[]}],"jetpack_sharing_enabled":true,"mfb_rest_fields":["title","jetpack_publicize_connections","jetpack_featured_media_url","jetpack-related-posts","jetpack_sharing_enabled"],"_links":{"self":[{"href":"https:\/\/christianpure.com\/de\/wp-json\/wp\/v2\/posts\/4994","targetHints":{"allow":["GET"]}}],"collection":[{"href":"https:\/\/christianpure.com\/de\/wp-json\/wp\/v2\/posts"}],"about":[{"href":"https:\/\/christianpure.com\/de\/wp-json\/wp\/v2\/types\/post"}],"author":[{"embeddable":true,"href":"https:\/\/christianpure.com\/de\/wp-json\/wp\/v2\/users\/1"}],"replies":[{"embeddable":true,"href":"https:\/\/christianpure.com\/de\/wp-json\/wp\/v2\/comments?post=4994"}],"version-history":[{"count":0,"href":"https:\/\/christianpure.com\/de\/wp-json\/wp\/v2\/posts\/4994\/revisions"}],"wp:featuredmedia":[{"embeddable":true,"href":"https:\/\/christianpure.com\/de\/wp-json\/wp\/v2\/media\/4995"}],"wp:attachment":[{"href":"https:\/\/christianpure.com\/de\/wp-json\/wp\/v2\/media?parent=4994"}],"wp:term":[{"taxonomy":"category","embeddable":true,"href":"https:\/\/christianpure.com\/de\/wp-json\/wp\/v2\/categories?post=4994"},{"taxonomy":"post_tag","embeddable":true,"href":"https:\/\/christianpure.com\/de\/wp-json\/wp\/v2\/tags?post=4994"},{"taxonomy":"series","embeddable":true,"href":"https:\/\/christianpure.com\/de\/wp-json\/wp\/v2\/series?post=4994"}],"curies":[{"name":"wp","href":"https:\/\/api.w.org\/{rel}","templated":true}]}}