{"id":51846,"date":"2025-07-11T05:59:54","date_gmt":"2025-07-11T05:59:54","guid":{"rendered":"https:\/\/christianpure.com\/?p=51846"},"modified":"2025-07-11T05:59:54","modified_gmt":"2025-07-11T05:59:54","slug":"detroit-archdiocese-announces-churches-that-will-continue-traditional-latin-mass","status":"publish","type":"post","link":"https:\/\/christianpure.com\/de\/learn\/detroit-archdiocese-announces-churches-that-will-continue-traditional-latin-mass\/","title":{"rendered":"Erzdi\u00f6zese Detroit gibt Kirchen bekannt, die die traditionelle lateinische Messe fortsetzen werden"},"content":{"rendered":"<div style=\"width: 100%; margin-bottom: 25px;\">\n  <img data-recalc-dims=\"1\" decoding=\"async\" src=\"https:\/\/i0.wp.com\/www.catholicnewsagency.com\/images\/latinmassstock.png?ssl=1\" style=\"display: block; margin: auto; max-width: 100%\" \/><br \/>\n  <span style=\"text-align: right; font-style: italic;\">null \/ Bildnachweis: PIGAMA\/Shutterstock<\/span>\n<\/div>\n<p>Washington, D.C. Nachrichtenredaktion, 17. Juni 2025 \/ 16:56 Uhr (CNA).<\/p>\n<p>Erzbischof Edward Weisenburger von Detroit hat die Nicht-Pfarrkirchen in der Erzdi\u00f6zese benannt, in denen die Feier der traditionellen lateinischen Messe (TLM) fortgesetzt werden darf, nachdem er zuvor erkl\u00e4rt hatte, dass der Gro\u00dfteil der in der Region gefeierten TLM eingestellt werden w\u00fcrde.&nbsp;<\/p>\n<p>Im April hatte die Erzdi\u00f6zese <a href=\"https:\/\/www.catholicnewsagency.com\/news\/263429\/archdiocese-of-detroit-parishes-must-cease-traditional-latin-mass-celebrations-by-july-1\" target=\"null\" class=\"null\" rel=\"noopener noreferrer nofollow\">gab <\/a>dass die TLM nach dem 1. Juli nicht mehr in Pfarrkirchen gefeiert werden w\u00fcrde. Weisenburger sagte, das Ende der TLM sei auf die Klarstellung des Vatikans aus dem Jahr 2023 zur\u00fcckzuf\u00fchren <a href=\"https:\/\/www.catholicnewsagency.com\/news\/253697\/traditionis-custodes-cardinal-says-only-vatican-can-dispense-from-certain-obligations\" target=\"null\" class=\"null\" rel=\"noopener noreferrer nofollow\">Klarstellung<\/a> dass Di\u00f6zesanbisch\u00f6fe nicht die Befugnis haben, die Feier der Messen in bestehenden Pfarrkirchen zu gestatten.<\/p>\n<p>Die Erzdi\u00f6zese berichtete, dass die Genehmigungen f\u00fcr Priester in Pfarrkirchen zur Feier der TLM auslaufen w\u00fcrden und nicht verl\u00e4ngert werden k\u00f6nnten, aber Weisenburger sagte, er werde mindestens vier Orte au\u00dferhalb von Pfarreien in der Erzdi\u00f6zese anerkennen, an denen die TLM weiterhin gefeiert werden k\u00f6nne.<\/p>\n<p>Am 13. Juni ver\u00f6ffentlichte die Erzdi\u00f6zese ein <a href=\"https:\/\/www.aod.org\/announcements-newsroom\/newsroom\/2025\/june\/letter-from-archbishop-weisenburger-regarding-the-celebration-of-the-traditional-latin-mass\" target=\"null\" class=\"null\" rel=\"noopener noreferrer nofollow\">Brief<\/a> mit einem Update zu den Messen und einer Liste der genehmigten Kirchen.&nbsp;<\/p>\n<p>\u201eDa es eine Reihe von Gl\u00e4ubigen in unserer Ortskirche gibt, die in dieser Form der Messe geistlichen Reichtum gefunden haben, erlaube ich ihre Fortsetzung in \u00dcbereinstimmung mit den Vorgaben des Heiligen Stuhls\u201c, schrieb Weisenburger.<\/p>\n<p>\u201eSie werden sich erinnern, dass Papst Franziskus im Jahr 2021 Richtlinien f\u00fcr die Feier der Messe in der au\u00dferordentlichen Form herausgegeben hat, die gemeinhin als \u201atraditionelle lateinische Messe\u2018 bezeichnet wird. Dies ist die Ausdrucksform der Messe, die vor dem Zweiten Vatikanischen Konzil gefeiert wurde.\u201c<\/p>\n<p>In dem Schreiben wurde zum Ausdruck gebracht, dass die Messen in \u00dcbereinstimmung mit \u201eden neuen liturgischen Lehren und dem Recht der Kirche\u201c abgehalten werden.<\/p>\n<p>\u201eEs gibt zwei G\u00fcter, die wir auf unserem weiteren Weg miteinander in Einklang bringen m\u00fcssen: die Seelsorge f\u00fcr diese Gl\u00e4ubigen sowie die Treue zum Ruf des Heiligen Vaters, dass die ordentliche Form der Messe der \u201aeinzige Ausdruck der lex orandi des r\u00f6mischen Ritus\u2018 werden soll (<em>Traditionis Custodes<\/em>, 1)\u201c, sagte Weisenburger.&nbsp;<\/p>\n<p>\u201eGeleitet von diesen Prinzipien wird ab dem 1. Juli 2025 die traditionelle lateinische Messe im St. Joseph Shrine in Detroit in der Zentralregion sowie in drei Nicht-Pfarrkirchen in jeder weiteren Region der Erzdi\u00f6zese Detroit gefeiert.\u201c<\/p>\n<p>Zu den weiteren Kirchen geh\u00f6ren die St. Irene Church in Dundee in der S\u00fcdregion, die Our Lady of Orchard Lake Chapel in Orchard Lake in der Nordwestregion und die St. Joseph Church in Port Huron in der Nordostregion.<\/p>\n<p>Die Genehmigung f\u00fcr alle anderen Kirchen und Orte, an denen die TLM gefeiert wird, l\u00e4uft wie urspr\u00fcnglich geplant am 30. Juni aus.<\/p>\n<p>\u201eW\u00e4hrend nicht jeder Priester die erforderliche Erlaubnis behalten wird, die Messe gem\u00e4\u00df den Rubriken des Messbuchs von 1962 zu feiern, werden eine Reihe von Priestern zur Verf\u00fcgung stehen, um diese vier regionalen Standorte zu bedienen\u201c, erkl\u00e4rte Weisenburger.&nbsp;<\/p>\n<p>\u201eIch nehme meinen Auftrag, f\u00fcr alle Gl\u00e4ubigen zu sorgen, ernst und bin zuversichtlich, dass diese neue Regelung dem Kirchenrecht treu bleibt und gleichzeitig meine Sorge f\u00fcr Ihr geistliches Wohl zum Ausdruck bringt.\u201c<\/p>\n<p>\u201eIch bin beeindruckt von den reichen Ausdrucksformen des katholischen Glaubens im S\u00fcdosten Michigans\u201c, sagte Weisenburger. \u201eDie Einheit unseres katholischen Glaubens muss nicht durch Vielfalt geschm\u00e4lert werden. Ebenso ist Treue zu Christus nur m\u00f6glich, wenn wir der Kirche unter der F\u00fchrung unseres Papstes und des Ortsbischofs treu bleiben.\u201c<\/p>\n<p><a href=\"https:\/\/www.catholicnewsagency.com\/news\/264805\/detroit-archdiocese-announces-churches-that-will-continue-traditional-latin-mass\" rel=\"nofollow\">https:\/\/www.catholicnewsagency.com\/news\/264805\/detroit-archdiocese-announces-churches-that-will-continue-traditional-latin-mass<\/a><\/p>","protected":false},"excerpt":{"rendered":"<p>null \/ Bildnachweis: PIGAMA\/Shutterstock Washington, D.C. Nachrichtenredaktion, 17. Juni 2025 \/ 16:56 Uhr (CNA). Erzbischof Edward Weisenburger von Detroit hat die Nicht-Pfarrkirchen in der Erzdi\u00f6zese benannt, in denen die Feier der traditionellen lateinischen Messe (TLM) fortgesetzt werden darf, nachdem er zuvor erkl\u00e4rt hatte, dass der Gro\u00dfteil der im Gebiet gefeierten TLM eingestellt werden w\u00fcrde [\u2026]<\/p>","protected":false},"author":11,"featured_media":56203,"comment_status":"open","ping_status":"closed","sticky":false,"template":"","format":"standard","meta":{"_acf_changed":false,"_jetpack_memberships_contains_paid_content":false,"footnotes":"","jetpack_publicize_message":"","jetpack_publicize_feature_enabled":true,"jetpack_social_post_already_shared":true,"jetpack_social_options":{"image_generator_settings":{"template":"highway","default_image_id":0,"font":"","enabled":false},"version":2},"_wpas_customize_per_network":false},"categories":[100],"tags":[],"series":[],"class_list":["post-51846","post","type-post","status-publish","format-standard","has-post-thumbnail","hentry","category-christian-news"],"mb":[],"acf":[],"jetpack_publicize_connections":[],"jetpack_featured_media_url":"https:\/\/i0.wp.com\/christianpure.com\/wp-content\/uploads\/2025\/07\/Detroit-Archdiocese-announces-churches-that-will-continue-Traditional-Latin-Mass.webp?fit=800%2C530&quality=75&ssl=1","jetpack-related-posts":[{"id":54364,"url":"https:\/\/christianpure.com\/de\/learn\/vatican-grants-exemption-from-traditional-latin-mass-restrictions-to-texas-parish\/","url_meta":{"origin":51846,"position":0},"title":"Vatican grants exemption from Traditional Latin Mass restrictions to Texas parish","author":"Christian Pure Team","date":"Juli 8, 2025","format":false,"excerpt":"An exemption to the restrictions on the Traditional Latin Mass has been granted to a parish in the Archdiocese of San Angelo, Texas. \/ Credit: James Bradley, CC BY 2.0, via Wikimedia Commons Washington, D.C. Newsroom, Jul 2, 2025 \/ 14:51 pm (CNA). The Vatican has granted a parish in\u2026","rel":"","context":"In &quot;Christian News&quot;","block_context":{"text":"Christian News","link":"https:\/\/christianpure.com\/de\/learn\/category\/christian-news\/"},"img":{"alt_text":"Vatican grants exemption from Traditional Latin Mass restrictions to Texas parish","src":"https:\/\/i0.wp.com\/christianpure.com\/wp-content\/uploads\/2025\/07\/Vatican-grants-exemption-from-Traditional-Latin-Mass-restrictions-to-Texas-parish.webp?fit=800%2C534&quality=75&ssl=1&resize=350%2C200","width":350,"height":200,"srcset":"https:\/\/i0.wp.com\/christianpure.com\/wp-content\/uploads\/2025\/07\/Vatican-grants-exemption-from-Traditional-Latin-Mass-restrictions-to-Texas-parish.webp?fit=800%2C534&quality=75&ssl=1&resize=350%2C200 1x, https:\/\/i0.wp.com\/christianpure.com\/wp-content\/uploads\/2025\/07\/Vatican-grants-exemption-from-Traditional-Latin-Mass-restrictions-to-Texas-parish.webp?fit=800%2C534&quality=75&ssl=1&resize=525%2C300 1.5x, https:\/\/i0.wp.com\/christianpure.com\/wp-content\/uploads\/2025\/07\/Vatican-grants-exemption-from-Traditional-Latin-Mass-restrictions-to-Texas-parish.webp?fit=800%2C534&quality=75&ssl=1&resize=700%2C400 2x"},"classes":[]},{"id":69559,"url":"https:\/\/christianpure.com\/de\/learn\/archdiocese-of-detroit-announces-restructure-due-to-shrinking-numbers\/","url_meta":{"origin":51846,"position":1},"title":"Archdiocese of Detroit announces restructure due to shrinking numbers","author":"Christian Pure Team","date":"Januar 27, 2026","format":false,"excerpt":"Cathedral of the Most Blessed Sacrament in Detroit. \/ Credit: Nheyob, Wikimedia Commons CC BY-SA 4.0 CNA Staff, Nov 17, 2025 \/ 14:05 pm (CNA). The Archdiocese of Detroit has announced a restructuring process that will lead to church closures and parish mergers as a result of declining church attendance,\u2026","rel":"","context":"In &quot;Christian News&quot;","block_context":{"text":"Christian News","link":"https:\/\/christianpure.com\/de\/learn\/category\/christian-news\/"},"img":{"alt_text":"Archdiocese of Detroit announces restructure due to shrinking numbers","src":"https:\/\/i0.wp.com\/christianpure.com\/wp-content\/uploads\/2026\/01\/Archdiocese-of-Detroit-announces-restructure-due-to-shrinking-numbers.png?fit=1200%2C335&quality=69&ssl=1&resize=350%2C200","width":350,"height":200,"srcset":"https:\/\/i0.wp.com\/christianpure.com\/wp-content\/uploads\/2026\/01\/Archdiocese-of-Detroit-announces-restructure-due-to-shrinking-numbers.png?fit=1200%2C335&quality=69&ssl=1&resize=350%2C200 1x, https:\/\/i0.wp.com\/christianpure.com\/wp-content\/uploads\/2026\/01\/Archdiocese-of-Detroit-announces-restructure-due-to-shrinking-numbers.png?fit=1200%2C335&quality=69&ssl=1&resize=525%2C300 1.5x, https:\/\/i0.wp.com\/christianpure.com\/wp-content\/uploads\/2026\/01\/Archdiocese-of-Detroit-announces-restructure-due-to-shrinking-numbers.png?fit=1200%2C335&quality=69&ssl=1&resize=700%2C400 2x, https:\/\/i0.wp.com\/christianpure.com\/wp-content\/uploads\/2026\/01\/Archdiocese-of-Detroit-announces-restructure-due-to-shrinking-numbers.png?fit=1200%2C335&quality=69&ssl=1&resize=1050%2C600 3x"},"classes":[]},{"id":64386,"url":"https:\/\/christianpure.com\/de\/learn\/study-traditional-liturgical-experiences-predict-stronger-belief-in-the-real-presence\/","url_meta":{"origin":51846,"position":2},"title":"Study: \u2018Traditional liturgical experiences predict stronger belief in the Real Presence\u2019","author":"Christian Pure Team","date":"Oktober 15, 2025","format":false,"excerpt":"The Eucharist is displayed in a monstrance in St. Patrick\u2019s Cathedral in New York City before a Eucharistic procession on Oct. 15, 2024. \/ Credit: Jeffrey Bruno Washington, D.C. Newsroom, Sep 22, 2025 \/ 06:00 am (CNA). A recent study found that traditional liturgical experiences, including receiving the Eucharist by\u2026","rel":"","context":"In &quot;Christian News&quot;","block_context":{"text":"Christian News","link":"https:\/\/christianpure.com\/de\/learn\/category\/christian-news\/"},"img":{"alt_text":"Study: \u2018Traditional liturgical experiences predict stronger belief in the Real Presence\u2019","src":"https:\/\/i0.wp.com\/christianpure.com\/wp-content\/uploads\/2025\/10\/Study-%E2%80%98Traditional-liturgical-experiences-predict-stronger-belief-in-the-Real-Presence.webp?fit=800%2C534&quality=75&ssl=1&resize=350%2C200","width":350,"height":200,"srcset":"https:\/\/i0.wp.com\/christianpure.com\/wp-content\/uploads\/2025\/10\/Study-%E2%80%98Traditional-liturgical-experiences-predict-stronger-belief-in-the-Real-Presence.webp?fit=800%2C534&quality=75&ssl=1&resize=350%2C200 1x, https:\/\/i0.wp.com\/christianpure.com\/wp-content\/uploads\/2025\/10\/Study-%E2%80%98Traditional-liturgical-experiences-predict-stronger-belief-in-the-Real-Presence.webp?fit=800%2C534&quality=75&ssl=1&resize=525%2C300 1.5x, https:\/\/i0.wp.com\/christianpure.com\/wp-content\/uploads\/2025\/10\/Study-%E2%80%98Traditional-liturgical-experiences-predict-stronger-belief-in-the-Real-Presence.webp?fit=800%2C534&quality=75&ssl=1&resize=700%2C400 2x"},"classes":[]},{"id":71029,"url":"https:\/\/christianpure.com\/de\/learn\/latin-patriarch-of-jerusalems-visit-to-u-s-will-spotlight-plight-of-holy-land-christians\/","url_meta":{"origin":51846,"position":3},"title":"Latin patriarch of Jerusalem\u2019s visit to U.S. will spotlight plight of Holy Land Christians","author":"Christian Pure Team","date":"Februar 17, 2026","format":false,"excerpt":"Cardinal Pierbattista Pizzaballa, Latin patriarch of Jerusalem. \/ Credit: Photo courtesy of Custos of the Holy Land Detroit, Michigan, Dec 3, 2025 \/ 06:00 am (CNA). The Archdiocese of Detroit will welcome Cardinal Pierbattista Pizzaballa, Latin patriarch of Jerusalem, for a pastoral visit Dec. 4\u20137. In an interview with CNA,\u2026","rel":"","context":"In &quot;Christian News&quot;","block_context":{"text":"Christian News","link":"https:\/\/christianpure.com\/de\/learn\/category\/christian-news\/"},"img":{"alt_text":"Latin patriarch of Jerusalem\u2019s visit to U.S. will spotlight plight of Holy Land Christians","src":"https:\/\/i0.wp.com\/christianpure.com\/wp-content\/uploads\/2026\/02\/Latin-patriarch-of-Jerusalems-visit-to-U.S.-will-spotlight-plight-of-Holy-Land-Christians.png?fit=1200%2C335&quality=69&ssl=1&resize=350%2C200","width":350,"height":200,"srcset":"https:\/\/i0.wp.com\/christianpure.com\/wp-content\/uploads\/2026\/02\/Latin-patriarch-of-Jerusalems-visit-to-U.S.-will-spotlight-plight-of-Holy-Land-Christians.png?fit=1200%2C335&quality=69&ssl=1&resize=350%2C200 1x, https:\/\/i0.wp.com\/christianpure.com\/wp-content\/uploads\/2026\/02\/Latin-patriarch-of-Jerusalems-visit-to-U.S.-will-spotlight-plight-of-Holy-Land-Christians.png?fit=1200%2C335&quality=69&ssl=1&resize=525%2C300 1.5x, https:\/\/i0.wp.com\/christianpure.com\/wp-content\/uploads\/2026\/02\/Latin-patriarch-of-Jerusalems-visit-to-U.S.-will-spotlight-plight-of-Holy-Land-Christians.png?fit=1200%2C335&quality=69&ssl=1&resize=700%2C400 2x, https:\/\/i0.wp.com\/christianpure.com\/wp-content\/uploads\/2026\/02\/Latin-patriarch-of-Jerusalems-visit-to-U.S.-will-spotlight-plight-of-Holy-Land-Christians.png?fit=1200%2C335&quality=69&ssl=1&resize=1050%2C600 3x"},"classes":[]},{"id":68874,"url":"https:\/\/christianpure.com\/de\/learn\/10-bishops-stand-for-election-for-president-of-u-s-conference-of-catholic-bishops\/","url_meta":{"origin":51846,"position":4},"title":"10 bishops stand for election for president of U.S. Conference of Catholic Bishops","author":"Christian Pure Team","date":"November 17, 2025","format":false,"excerpt":"The U.S. bishops gather in Baltimore on Nov. 12, 2024, for their plenary assembly. \/ Credit: Madalaine Elhabbal\/CNA Washington, D.C. Newsroom, Nov 10, 2025 \/ 17:52 pm (CNA). The United States Conference of Catholic Bishops (USCCB) will select its president and vice president Nov. 11 during the Fall Plenary Assembly\u2026","rel":"","context":"In &quot;Christian News&quot;","block_context":{"text":"Christian News","link":"https:\/\/christianpure.com\/de\/learn\/category\/christian-news\/"},"img":{"alt_text":"10 bishops stand for election for president of U.S. Conference of Catholic Bishops","src":"https:\/\/i0.wp.com\/christianpure.com\/wp-content\/uploads\/2025\/11\/10-bishops-stand-for-election-for-president-of-U.S.-Conference-of-Catholic-Bishops.webp?fit=800%2C600&quality=75&ssl=1&resize=350%2C200","width":350,"height":200,"srcset":"https:\/\/i0.wp.com\/christianpure.com\/wp-content\/uploads\/2025\/11\/10-bishops-stand-for-election-for-president-of-U.S.-Conference-of-Catholic-Bishops.webp?fit=800%2C600&quality=75&ssl=1&resize=350%2C200 1x, https:\/\/i0.wp.com\/christianpure.com\/wp-content\/uploads\/2025\/11\/10-bishops-stand-for-election-for-president-of-U.S.-Conference-of-Catholic-Bishops.webp?fit=800%2C600&quality=75&ssl=1&resize=525%2C300 1.5x, https:\/\/i0.wp.com\/christianpure.com\/wp-content\/uploads\/2025\/11\/10-bishops-stand-for-election-for-president-of-U.S.-Conference-of-Catholic-Bishops.webp?fit=800%2C600&quality=75&ssl=1&resize=700%2C400 2x"},"classes":[]},{"id":49876,"url":"https:\/\/christianpure.com\/de\/learn\/englands-webelieve-festival-to-showcase-beauty-and-diversity-of-the-catholic-church\/","url_meta":{"origin":51846,"position":5},"title":"England\u2019s WeBelieve festival to showcase beauty and diversity of the Catholic Church","author":"Christian Pure Team","date":"August 12, 2025","format":false,"excerpt":"The city of Birmingham in the United Kingdom is the site of the WeBelieve festival from July 25\u201328, 2025. \/ Credit: Alexey Fedorenko\/Shutterstock London, England, Jun 11, 2025 \/ 08:00 am (CNA). A new Catholic festival in England hopes to bring many different expressions of the Church together under one\u2026","rel":"","context":"In &quot;Christian News&quot;","block_context":{"text":"Christian News","link":"https:\/\/christianpure.com\/de\/learn\/category\/christian-news\/"},"img":{"alt_text":"England\u2019s WeBelieve festival to showcase beauty and diversity of the Catholic Church","src":"https:\/\/i0.wp.com\/christianpure.com\/wp-content\/uploads\/2025\/08\/Englands-WeBelieve-festival-to-showcase-beauty-and-diversity-of-the-Catholic-Church.webp?fit=800%2C507&quality=75&ssl=1&resize=350%2C200","width":350,"height":200,"srcset":"https:\/\/i0.wp.com\/christianpure.com\/wp-content\/uploads\/2025\/08\/Englands-WeBelieve-festival-to-showcase-beauty-and-diversity-of-the-Catholic-Church.webp?fit=800%2C507&quality=75&ssl=1&resize=350%2C200 1x, https:\/\/i0.wp.com\/christianpure.com\/wp-content\/uploads\/2025\/08\/Englands-WeBelieve-festival-to-showcase-beauty-and-diversity-of-the-Catholic-Church.webp?fit=800%2C507&quality=75&ssl=1&resize=525%2C300 1.5x, https:\/\/i0.wp.com\/christianpure.com\/wp-content\/uploads\/2025\/08\/Englands-WeBelieve-festival-to-showcase-beauty-and-diversity-of-the-Catholic-Church.webp?fit=800%2C507&quality=75&ssl=1&resize=700%2C400 2x"},"classes":[]}],"jetpack_sharing_enabled":true,"mfb_rest_fields":["title","jetpack_publicize_connections","jetpack_featured_media_url","jetpack-related-posts","jetpack_sharing_enabled"],"_links":{"self":[{"href":"https:\/\/christianpure.com\/de\/wp-json\/wp\/v2\/posts\/51846","targetHints":{"allow":["GET"]}}],"collection":[{"href":"https:\/\/christianpure.com\/de\/wp-json\/wp\/v2\/posts"}],"about":[{"href":"https:\/\/christianpure.com\/de\/wp-json\/wp\/v2\/types\/post"}],"author":[{"embeddable":true,"href":"https:\/\/christianpure.com\/de\/wp-json\/wp\/v2\/users\/11"}],"replies":[{"embeddable":true,"href":"https:\/\/christianpure.com\/de\/wp-json\/wp\/v2\/comments?post=51846"}],"version-history":[{"count":0,"href":"https:\/\/christianpure.com\/de\/wp-json\/wp\/v2\/posts\/51846\/revisions"}],"wp:featuredmedia":[{"embeddable":true,"href":"https:\/\/christianpure.com\/de\/wp-json\/wp\/v2\/media\/56203"}],"wp:attachment":[{"href":"https:\/\/christianpure.com\/de\/wp-json\/wp\/v2\/media?parent=51846"}],"wp:term":[{"taxonomy":"category","embeddable":true,"href":"https:\/\/christianpure.com\/de\/wp-json\/wp\/v2\/categories?post=51846"},{"taxonomy":"post_tag","embeddable":true,"href":"https:\/\/christianpure.com\/de\/wp-json\/wp\/v2\/tags?post=51846"},{"taxonomy":"series","embeddable":true,"href":"https:\/\/christianpure.com\/de\/wp-json\/wp\/v2\/series?post=51846"}],"curies":[{"name":"wp","href":"https:\/\/api.w.org\/{rel}","templated":true}]}}