{"id":55040,"date":"2025-07-05T17:57:51","date_gmt":"2025-07-05T17:57:51","guid":{"rendered":"https:\/\/christianpure.com\/?p=55040"},"modified":"2025-07-05T17:57:51","modified_gmt":"2025-07-05T17:57:51","slug":"pope-leo-xiv-moves-to-the-second-vatican-city-castel-gandolfo","status":"publish","type":"post","link":"https:\/\/christianpure.com\/de\/learn\/pope-leo-xiv-moves-to-the-second-vatican-city-castel-gandolfo\/","title":{"rendered":"Papst Leo XIV. zieht in die \u201azweite Vatikanstadt\u2018, Castel Gandolfo"},"content":{"rendered":"<div style=\"width: 100%; margin-bottom: 25px;\">\n  <img data-recalc-dims=\"1\" decoding=\"async\" src=\"https:\/\/i0.wp.com\/www.catholicnewsagency.com\/images\/castelgandolfo062525.jpg?ssl=1\" style=\"display: block; margin: auto; max-width: 100%\" \/><br \/>\n  <span style=\"text-align: right; font-style: italic;\">Eine Luftaufnahme des Apostolischen Palastes von Castel Gandolfo bei Rom. Der Apostolische Palast ist ein Geb\u00e4udekomplex, der jahrhundertelang als Sommerresidenz f\u00fcr den Papst diente und den Albaner See \u00fcberblickt. \/ Bildnachweis: Stefano Tammaro\/Shutterstock<\/span>\n<\/div>\n<p>Vatican City, Jul 5, 2025 \/ 08:30 am (CNA).<\/p>\n<p>Two months into his pontificate, Pope Leo XIV will leave Rome to spend two weeks on a pontifical estate in the lakeside town of Castel Gandolfo, 18 miles south of the city, and sometimes known as the \u201csecond Vatican City.\u201d<\/p>\n<p>The pontiff will stay on the hilltop Vatican property \u201cfor a period of rest\u201d from the afternoon of July 6 to the afternoon of July 20, the Vatican announced last month. Leo is scheduled to make public appearances from Castel Gandolfo on two Sundays, but otherwise, his public audiences and private audiences will be suspended during that time.<\/p>\n<p>Leo will also spend three days in Castel Gandolfo over the holiday weekend for the Solemnity of the Assumption of Mary Aug. 15-17.&nbsp;<\/p>\n<p>Pope Leo\u2019s stay on the 135-acre pontifical estate, which includes multiple properties, extensive gardens, and a working farm, marks the continuation of a centuries-old papal tradition of summer rest.<\/p>\n<figure class=\"mx-auto\" style=\"width:100%\"><img data-recalc-dims=\"1\" decoding=\"async\" src=\"https:\/\/i0.wp.com\/admin.catholicnewsagency.com\/storage\/image\/vaticangardens13011025.jpeg?quality=80&#038;ssl=1\" class=\"img-fluid\" style=\"\" alt=\"The Vatican Gardens at Castel Gandolfo. Credit: Courtney Mares\/CNA\"><figcaption class=\"caption text-muted\">The Vatican Gardens at Castel Gandolfo. Credit: Courtney Mares\/CNA<\/figcaption><\/figure>\n<p>While Leo\u2019s immediate predecessor, Pope Francis, opted not to use the triangle-shaped territory as a summer retreat, Popes Benedict XVI and John Paul II famously escaped Rome\u2019s intense heat by spending several months in recreation, study, and work in the hilltop town.<\/p>\n<p>According to Vatican News, Pope Leo made a quick visit to Castel Gandolfo on the afternoon of July 3 to check up on the renovations to Villa Barberini, where he will be staying.<\/p>\n<p>A tennis court has also been newly installed on the property for the tennis-loving pope, the New York Times reported. The pool is also reportedly receiving a refresh in anticipation of Leo\u2019s arrival.<\/p>\n<p>Previous popes lived during their retreats in the pontifical palace of the estate, which is situated on the border of the town of Castel Gandolfo and the gardens, opening up onto Liberty Square.<\/p>\n<p>But in 2016, Pope Francis converted the papal palace of Castel Gandolfo into a museum. Two years prior he had opened the gardens to visitors.<\/p>\n<p>The palace and gardens will remain open to the public during Leo\u2019s stay, since he will be living in a different palazzo on the grounds \u2014 the Villa Barberini.<\/p>\n<p><strong>The \u2018second Vatican City\u2019<\/strong><\/p>\n<p>The papal ties to Castel Gandolfo date back to 1596; it became an official papal residence 30 years later. The Baroque architect Gian Lorenzo Bernini later added on to the property\u2019s historic villa, first built by Emperor Domitian in the first century.<\/p>\n<p>The territory was conceded to the Holy See as an extraterritorial possession under the Lateran Pact of 1929.&nbsp;<\/p>\n<p>Since that time, Popes Pius XII, John XXIII, Paul VI, John Paul II, and Benedict XVI all spent at least part of the summers there, where they would pray the Sunday Angelus and mingle with the townspeople.<\/p>\n<figure class=\"mx-auto\" style=\"width:100%\"><img data-recalc-dims=\"1\" decoding=\"async\" src=\"https:\/\/i0.wp.com\/admin.catholicnewsagency.com\/storage\/image\/vaticangardens15011025.jpeg?quality=80&#038;ssl=1\" class=\"img-fluid\" style=\"\" alt=\"The Vatican Gardens at Castel Gandolfo is located on the wooded slopes of the Alban Hills, overlooking the blue waters of a small volcanic crater lake. Credit: Courtney Mares\/CNA\"><figcaption class=\"caption text-muted\">The Vatican Gardens at Castel Gandolfo is located on the wooded slopes of the Alban Hills, overlooking the blue waters of a small volcanic crater lake. Credit: Courtney Mares\/CNA<\/figcaption><\/figure>\n<p>The popes would also occasionally receive important visitors. And the quiet atmosphere and scenic gardens provided a restorative space for reading, writing, and taking walks \u2014 or in John Paul II\u2019s case, a lap in the property\u2019s swimming pool.<\/p>\n<p>For Benedict XVI, the villa was a favorite summer getaway during his pontificate. He also chose to spend some time there after resigning the papacy.<\/p>\n<p>\u201cSince 1628, the popes have lived in Castel Gandolfo. Some more, some less, but their presence has been constant. This is a city accustomed to the daily life of the pope,\u201d Mayor Alberto de Angelis told ACI Prensa, CNA\u2019s Spanish-language news partner, last month.<\/p>\n<p><strong>Pray with Pope Leo XIV<\/strong><\/p>\n<p>Part of the papal presence in Castel Gandolfo is the opportunity to pray the Sunday Angelus with Leo. The public can see Pope Leo in Castel Gandolfo during the Angelus messages on July 13 and on July 20, which he will deliver from Liberty Square (Piazza della Libert\u00e0) in front of the pontifical palace.<\/p>\n<p>After nearly four weeks back at the Vatican, the pontiff will then return for three days to Castel Gandolfo, where he will recite the Angelus on Aug. 15 and Aug. 17.<\/p>\n<p><strong>Visit Castel Gandolfo<\/strong><\/p>\n<p>Tickets to visit the Papal Palace of Castel Gandolfo or its gardens (Borgo Laudato Si\u2019) can be booked on the official website of the Vatican Museums for a weekend or weekday.<\/p>\n<p>The town of Castel Gandolfo, which sits above the volcanic Lake Albano, is also a pleasant spot for a stroll. The town is part of the area south of Rome known as the Castelli Romani.<\/p>\n<p>Pope Francis \u201cdid a lot for the city, opening the doors of the papal residence and the gardens\u2026 But now, Leo XIV will give back to the city its daily connection with the pope: the Angelus, the visits, the contact with the people. We want to experience all of that again,\u201d Mayor de Angelis said.<\/p>\n<p>From Rome, Castel Gandolfo can be reached by train or car.<\/p>\n<p><a href=\"https:\/\/www.catholicnewsagency.com\/news\/265193\/pope-leo-xiv-moves-to-the-second-vatican-city-castel-gandolfo\" rel=\"nofollow\">https:\/\/www.catholicnewsagency.com\/news\/265193\/pope-leo-xiv-moves-to-the-second-vatican-city-castel-gandolfo<\/a><\/p>","protected":false},"excerpt":{"rendered":"<p>An aerial view of the papal palace of Castel Gandolfo near Rome. The apostolic palace is a complex of buildings served for centuries as a summer residence for the pope and overlooks Lake Albano. \/ Credit: Stefano Tammaro\/Shutterstock Vatican City, Jul 5, 2025 \/ 08:30 am (CNA). Two months into his pontificate, Pope Leo XIV [\u2026]<\/p>","protected":false},"author":11,"featured_media":55064,"comment_status":"open","ping_status":"closed","sticky":false,"template":"","format":"standard","meta":{"_acf_changed":false,"_jetpack_memberships_contains_paid_content":false,"footnotes":"","jetpack_publicize_message":"","jetpack_publicize_feature_enabled":true,"jetpack_social_post_already_shared":true,"jetpack_social_options":{"image_generator_settings":{"template":"highway","default_image_id":0,"font":"","enabled":false},"version":2},"_wpas_customize_per_network":false},"categories":[100],"tags":[],"series":[],"class_list":["post-55040","post","type-post","status-publish","format-standard","has-post-thumbnail","hentry","category-christian-news"],"mb":[],"acf":[],"jetpack_publicize_connections":[],"jetpack_featured_media_url":"https:\/\/i0.wp.com\/christianpure.com\/wp-content\/uploads\/2025\/07\/Pope-Leo-XIV-moves-to-the-%E2%80%98second-Vatican-City-Castel-Gandolfo.webp?fit=800%2C449&quality=75&ssl=1","jetpack-related-posts":[{"id":52923,"url":"https:\/\/christianpure.com\/de\/learn\/castel-gandolfo-prepares-to-welcome-pope-leo-xiv-the-heart-of-the-city-returns\/","url_meta":{"origin":55040,"position":0},"title":"Castel Gandolfo prepares to welcome Pope Leo XIV: \u2018The heart of the city returns\u2019","author":"Christian Pure Team","date":"Juni 29, 2025","format":false,"excerpt":"An aerial view of the papal palace of Castel Gandolfo near Rome. The apostolic palace is a complex of buildings served for centuries as a summer residence for the pope and overlooks Lake Albano. \/ Credit: Stefano Tammaro\/Shutterstock Rome Newsroom, Jun 26, 2025 \/ 06:00 am (CNA). Castel Gandolfo is\u2026","rel":"","context":"In &quot;Christian News&quot;","block_context":{"text":"Christian News","link":"https:\/\/christianpure.com\/de\/learn\/category\/christian-news\/"},"img":{"alt_text":"Castel Gandolfo prepares to welcome Pope Leo XIV: \u2018The heart of the city returns\u2019","src":"https:\/\/i0.wp.com\/christianpure.com\/wp-content\/uploads\/2025\/06\/Castel-Gandolfo-prepares-to-welcome-Pope-Leo-XIV-%E2%80%98The-heart-of-the-city-returns.webp?fit=800%2C449&quality=75&ssl=1&resize=350%2C200","width":350,"height":200,"srcset":"https:\/\/i0.wp.com\/christianpure.com\/wp-content\/uploads\/2025\/06\/Castel-Gandolfo-prepares-to-welcome-Pope-Leo-XIV-%E2%80%98The-heart-of-the-city-returns.webp?fit=800%2C449&quality=75&ssl=1&resize=350%2C200 1x, https:\/\/i0.wp.com\/christianpure.com\/wp-content\/uploads\/2025\/06\/Castel-Gandolfo-prepares-to-welcome-Pope-Leo-XIV-%E2%80%98The-heart-of-the-city-returns.webp?fit=800%2C449&quality=75&ssl=1&resize=525%2C300 1.5x, https:\/\/i0.wp.com\/christianpure.com\/wp-content\/uploads\/2025\/06\/Castel-Gandolfo-prepares-to-welcome-Pope-Leo-XIV-%E2%80%98The-heart-of-the-city-returns.webp?fit=800%2C449&quality=75&ssl=1&resize=700%2C400 2x"},"classes":[]},{"id":50906,"url":"https:\/\/christianpure.com\/de\/learn\/castel-gandolfo-pope-leo-xiv-to-resume-papal-summer-vacation-tradition-in-lakeside-town\/","url_meta":{"origin":55040,"position":1},"title":"Castel Gandolfo: Pope Leo XIV to resume papal summer vacation tradition in lakeside town","author":"Christian Pure Team","date":"Juli 31, 2025","format":false,"excerpt":"The Vatican Gardens at Castel Gandolfo is located on the wooded slopes of the Alban Hills, overlooking the blue waters of a small volcanic crater lake. \/ Credit: Courtney Mares\/CNA Rome Newsroom, Jun 17, 2025 \/ 06:47 am (CNA). The town of Castel Gandolfo has said Pope Leo XIV will\u2026","rel":"","context":"In &quot;Christian News&quot;","block_context":{"text":"Christian News","link":"https:\/\/christianpure.com\/de\/learn\/category\/christian-news\/"},"img":{"alt_text":"Castel Gandolfo: Pope Leo XIV to resume papal summer vacation tradition in lakeside town","src":"https:\/\/i0.wp.com\/christianpure.com\/wp-content\/uploads\/2025\/07\/Castel-Gandolfo-Pope-Leo-XIV-to-resume-papal-summer-vacation-tradition-in-lakeside-town.webp?fit=800%2C533&quality=75&ssl=1&resize=350%2C200","width":350,"height":200,"srcset":"https:\/\/i0.wp.com\/christianpure.com\/wp-content\/uploads\/2025\/07\/Castel-Gandolfo-Pope-Leo-XIV-to-resume-papal-summer-vacation-tradition-in-lakeside-town.webp?fit=800%2C533&quality=75&ssl=1&resize=350%2C200 1x, https:\/\/i0.wp.com\/christianpure.com\/wp-content\/uploads\/2025\/07\/Castel-Gandolfo-Pope-Leo-XIV-to-resume-papal-summer-vacation-tradition-in-lakeside-town.webp?fit=800%2C533&quality=75&ssl=1&resize=525%2C300 1.5x, https:\/\/i0.wp.com\/christianpure.com\/wp-content\/uploads\/2025\/07\/Castel-Gandolfo-Pope-Leo-XIV-to-resume-papal-summer-vacation-tradition-in-lakeside-town.webp?fit=800%2C533&quality=75&ssl=1&resize=700%2C400 2x"},"classes":[]},{"id":56531,"url":"https:\/\/christianpure.com\/de\/learn\/pope-leo-xiv-greeted-by-international-crowd-at-first-angelus-from-castel-gandolfo\/","url_meta":{"origin":55040,"position":2},"title":"Pope Leo XIV greeted by international crowd at first Angelus from Castel Gandolfo","author":"Christian Pure Team","date":"Juli 15, 2025","format":false,"excerpt":"Pope Leo XIV waves as he enters Liberty Square in Castel Gandolfo to give his first public Angelus address from the lakeside town 18 miles southeast of Rome on July 13, 2025. \/ Credit: Stefano Costantino\/EWTN News Castel Gandolfo, Italy, Jul 13, 2025 \/ 10:05 am (CNA). Pope Leo XIV\u2026","rel":"","context":"In &quot;Christian News&quot;","block_context":{"text":"Christian News","link":"https:\/\/christianpure.com\/de\/learn\/category\/christian-news\/"},"img":{"alt_text":"Pope Leo XIV greeted by international crowd at first Angelus from Castel Gandolfo","src":"https:\/\/i0.wp.com\/christianpure.com\/wp-content\/uploads\/2025\/07\/Pope-Leo-XIV-greeted-by-international-crowd-at-first-Angelus-from-Castel-Gandolfo.webp?fit=800%2C533&quality=75&ssl=1&resize=350%2C200","width":350,"height":200,"srcset":"https:\/\/i0.wp.com\/christianpure.com\/wp-content\/uploads\/2025\/07\/Pope-Leo-XIV-greeted-by-international-crowd-at-first-Angelus-from-Castel-Gandolfo.webp?fit=800%2C533&quality=75&ssl=1&resize=350%2C200 1x, https:\/\/i0.wp.com\/christianpure.com\/wp-content\/uploads\/2025\/07\/Pope-Leo-XIV-greeted-by-international-crowd-at-first-Angelus-from-Castel-Gandolfo.webp?fit=800%2C533&quality=75&ssl=1&resize=525%2C300 1.5x, https:\/\/i0.wp.com\/christianpure.com\/wp-content\/uploads\/2025\/07\/Pope-Leo-XIV-greeted-by-international-crowd-at-first-Angelus-from-Castel-Gandolfo.webp?fit=800%2C533&quality=75&ssl=1&resize=700%2C400 2x"},"classes":[]},{"id":55592,"url":"https:\/\/christianpure.com\/de\/learn\/pope-leo-xiv-celebrates-mass-for-creation-with-latin-prayers-in-castel-gandolfo-gardens\/","url_meta":{"origin":55040,"position":3},"title":"Pope Leo XIV celebrates Mass for creation with Latin prayers in Castel Gandolfo gardens","author":"Christian Pure Team","date":"September 4, 2025","format":false,"excerpt":"Pope Leo XIV celebrates Mass for the Care of Creation at Castel Gandolfo on Wednesday, July 9, 2025. \/ Credit: Vatican Media Vatican City, Jul 9, 2025 \/ 14:03 pm (CNA). It was a mix of liturgical old and new in the gardens of Castel Gandolfo on Wednesday as Pope\u2026","rel":"","context":"In &quot;Christian News&quot;","block_context":{"text":"Christian News","link":"https:\/\/christianpure.com\/de\/learn\/category\/christian-news\/"},"img":{"alt_text":"Pope Leo XIV celebrates Mass for creation with Latin prayers in Castel Gandolfo gardens","src":"https:\/\/i0.wp.com\/christianpure.com\/wp-content\/uploads\/2025\/09\/Pope-Leo-XIV-celebrates-Mass-for-creation-with-Latin-prayers-in-Castel-Gandolfo-gardens.webp?fit=800%2C533&quality=75&ssl=1&resize=350%2C200","width":350,"height":200,"srcset":"https:\/\/i0.wp.com\/christianpure.com\/wp-content\/uploads\/2025\/09\/Pope-Leo-XIV-celebrates-Mass-for-creation-with-Latin-prayers-in-Castel-Gandolfo-gardens.webp?fit=800%2C533&quality=75&ssl=1&resize=350%2C200 1x, https:\/\/i0.wp.com\/christianpure.com\/wp-content\/uploads\/2025\/09\/Pope-Leo-XIV-celebrates-Mass-for-creation-with-Latin-prayers-in-Castel-Gandolfo-gardens.webp?fit=800%2C533&quality=75&ssl=1&resize=525%2C300 1.5x, https:\/\/i0.wp.com\/christianpure.com\/wp-content\/uploads\/2025\/09\/Pope-Leo-XIV-celebrates-Mass-for-creation-with-Latin-prayers-in-Castel-Gandolfo-gardens.webp?fit=800%2C533&quality=75&ssl=1&resize=700%2C400 2x"},"classes":[]},{"id":55728,"url":"https:\/\/christianpure.com\/de\/learn\/pope-leo-xiv-receives-ukrainian-president-zelenskyy-at-castel-gandolfo\/","url_meta":{"origin":55040,"position":4},"title":"Pope Leo XIV receives Ukrainian president Zelenskyy at Castel Gandolfo","author":"Christian Pure Team","date":"Juli 17, 2025","format":false,"excerpt":"Pope Leo XIV greets Ukrainian President Volodymyr Zelenskyy at Castel Gandolfo on July 9, 2025. \/ Credit: Vatican Media ACI Prensa Staff, Jul 9, 2025 \/ 15:07 pm (CNA). On Wednesday Pope Leo XIV took time out from his summer vacation in Castel Gandolfo to receive the president of Ukraine,\u2026","rel":"","context":"In &quot;Christian News&quot;","block_context":{"text":"Christian News","link":"https:\/\/christianpure.com\/de\/learn\/category\/christian-news\/"},"img":{"alt_text":"Pope Leo XIV receives Ukrainian president Zelenskyy at Castel Gandolfo","src":"https:\/\/i0.wp.com\/christianpure.com\/wp-content\/uploads\/2025\/07\/Pope-Leo-XIV-receives-Ukrainian-president-Zelenskyy-at-Castel-Gandolfo.webp?fit=800%2C533&quality=75&ssl=1&resize=350%2C200","width":350,"height":200,"srcset":"https:\/\/i0.wp.com\/christianpure.com\/wp-content\/uploads\/2025\/07\/Pope-Leo-XIV-receives-Ukrainian-president-Zelenskyy-at-Castel-Gandolfo.webp?fit=800%2C533&quality=75&ssl=1&resize=350%2C200 1x, https:\/\/i0.wp.com\/christianpure.com\/wp-content\/uploads\/2025\/07\/Pope-Leo-XIV-receives-Ukrainian-president-Zelenskyy-at-Castel-Gandolfo.webp?fit=800%2C533&quality=75&ssl=1&resize=525%2C300 1.5x, https:\/\/i0.wp.com\/christianpure.com\/wp-content\/uploads\/2025\/07\/Pope-Leo-XIV-receives-Ukrainian-president-Zelenskyy-at-Castel-Gandolfo.webp?fit=800%2C533&quality=75&ssl=1&resize=700%2C400 2x"},"classes":[]},{"id":57743,"url":"https:\/\/christianpure.com\/de\/learn\/pope-leo-xiv-marks-moon-landing-anniversary-with-call-to-u-s-astronaut-buzz-aldrin\/","url_meta":{"origin":55040,"position":5},"title":"Pope Leo XIV marks moon landing anniversary with call to U.S. astronaut Buzz Aldrin","author":"Christian Pure Team","date":"August 12, 2025","format":false,"excerpt":"Pope Leo XIV speaks by video call with Apollo 11 astronaut Buzz Aldrin, and his wife Anca Faur, from Castel Gandolfo, Italy, on July 20, 2025. \/ Credit: Holy See Press Office Rome Newsroom, Jul 21, 2025 \/ 06:30 am (CNA). Pope Leo XIV marked the 56th anniversary of the\u2026","rel":"","context":"In &quot;Christian News&quot;","block_context":{"text":"Christian News","link":"https:\/\/christianpure.com\/de\/learn\/category\/christian-news\/"},"img":{"alt_text":"Pope Leo XIV marks moon landing anniversary with call to U.S. astronaut Buzz Aldrin","src":"https:\/\/i0.wp.com\/christianpure.com\/wp-content\/uploads\/2025\/08\/Pope-Leo-XIV-marks-moon-landing-anniversary-with-call-to-U.S.-astronaut-Buzz-Aldrin.webp?fit=600%2C361&quality=75&ssl=1&resize=350%2C200","width":350,"height":200,"srcset":"https:\/\/i0.wp.com\/christianpure.com\/wp-content\/uploads\/2025\/08\/Pope-Leo-XIV-marks-moon-landing-anniversary-with-call-to-U.S.-astronaut-Buzz-Aldrin.webp?fit=600%2C361&quality=75&ssl=1&resize=350%2C200 1x, https:\/\/i0.wp.com\/christianpure.com\/wp-content\/uploads\/2025\/08\/Pope-Leo-XIV-marks-moon-landing-anniversary-with-call-to-U.S.-astronaut-Buzz-Aldrin.webp?fit=600%2C361&quality=75&ssl=1&resize=525%2C300 1.5x"},"classes":[]}],"jetpack_sharing_enabled":true,"mfb_rest_fields":["title","jetpack_publicize_connections","jetpack_featured_media_url","jetpack-related-posts","jetpack_sharing_enabled"],"_links":{"self":[{"href":"https:\/\/christianpure.com\/de\/wp-json\/wp\/v2\/posts\/55040","targetHints":{"allow":["GET"]}}],"collection":[{"href":"https:\/\/christianpure.com\/de\/wp-json\/wp\/v2\/posts"}],"about":[{"href":"https:\/\/christianpure.com\/de\/wp-json\/wp\/v2\/types\/post"}],"author":[{"embeddable":true,"href":"https:\/\/christianpure.com\/de\/wp-json\/wp\/v2\/users\/11"}],"replies":[{"embeddable":true,"href":"https:\/\/christianpure.com\/de\/wp-json\/wp\/v2\/comments?post=55040"}],"version-history":[{"count":0,"href":"https:\/\/christianpure.com\/de\/wp-json\/wp\/v2\/posts\/55040\/revisions"}],"wp:featuredmedia":[{"embeddable":true,"href":"https:\/\/christianpure.com\/de\/wp-json\/wp\/v2\/media\/55064"}],"wp:attachment":[{"href":"https:\/\/christianpure.com\/de\/wp-json\/wp\/v2\/media?parent=55040"}],"wp:term":[{"taxonomy":"category","embeddable":true,"href":"https:\/\/christianpure.com\/de\/wp-json\/wp\/v2\/categories?post=55040"},{"taxonomy":"post_tag","embeddable":true,"href":"https:\/\/christianpure.com\/de\/wp-json\/wp\/v2\/tags?post=55040"},{"taxonomy":"series","embeddable":true,"href":"https:\/\/christianpure.com\/de\/wp-json\/wp\/v2\/series?post=55040"}],"curies":[{"name":"wp","href":"https:\/\/api.w.org\/{rel}","templated":true}]}}