{"id":72474,"date":"2026-01-02T12:25:58","date_gmt":"2026-01-02T12:25:58","guid":{"rendered":"https:\/\/christianpure.com\/?p=72474"},"modified":"2026-01-02T12:25:58","modified_gmt":"2026-01-02T12:25:58","slug":"pope-leo-xiv-highlights-key-virtues-for-final-days-of-advent","status":"publish","type":"post","link":"https:\/\/christianpure.com\/de\/learn\/pope-leo-xiv-highlights-key-virtues-for-final-days-of-advent\/","title":{"rendered":"Papst Leo XIV. hebt wichtige Tugenden f\u00fcr die letzten Tage des Advents hervor"},"content":{"rendered":"<div style=\"width: 100%; margin-bottom: 25px;\">\n  <img data-recalc-dims=\"1\" decoding=\"async\" src=\"https:\/\/i0.wp.com\/www.catholicnewsagency.com\/images\/tre7484.jpg?ssl=1\" style=\"display: block; margin: auto; max-width: 100%\" \/><br \/>\n  <span style=\"text-align: right; font-style: italic;\">Pope Leo XIV greets pilgrims gathered in St. Peter's Square at the Vatican for the recitation of the Angelus on December 21, 2025. \/ Vatican Media<\/span>\n<\/div>\n<p>Vatikanstadt, 21. Dez. 2025 \/ 09:15 Uhr (CNA).<\/p>\n<p>Papst Leo XIV. hob am Sonntag vier Tugenden des heiligen Josef hervor \u2013 \u201eFr\u00f6mmigkeit und N\u00e4chstenliebe, Barmherzigkeit und Vertrauen\u201c \u2013, die den Katholiken in den letzten Tagen des Advents bis Weihnachten als Wegweiser dienen sollen.<\/p>\n<p>W\u00e4hrend seiner <a href=\"https:\/\/www.vatican.va\/content\/leo-xiv\/en\/angelus\/2025\/documents\/20251221-angelus.html\" rel=\"noopener noreferrer nofollow\">Angelus-Ansprache<\/a> vom Fenster des Apostolischen Palastes am vierten Adventssonntag sagte der Papst, die Liturgie des Tages lade die Gl\u00e4ubigen ein, \u00fcber den heiligen Josef nachzudenken, insbesondere \u201ein dem Moment, als Gott ihm seine Mission in einem Traum offenbart\u201c.<\/p>\n<p>Leo bezeichnete die Evangeliumsepisode als \u201eeine sehr sch\u00f6ne Seite der Heilsgeschichte\u201c und beschrieb Josef als einen Mann, der \u201ezerbrechlich und fehlbar ist \u2013 wie wir \u2013 und gleichzeitig mutig und stark im Glauben\u201c.<\/p>\n<p>Unter Bezugnahme auf das Matth\u00e4usevangelium erinnerte der Papst daran, dass Josef von Nazaret ein \u201egerechter Mann\u201c war, ein frommer Israelit, der das Gesetz hielt und die Synagoge besuchte, w\u00e4hrend er gleichzeitig \u201e\u00e4u\u00dferst sensibel und menschlich\u201c war.<\/p>\n<p>Angesichts der geheimnisvollen Schwangerschaft Marias \u2013 einer Situation, die schwer zu verstehen und zu akzeptieren war \u2013 bemerkte der Papst, dass Josef nicht den \u201eWeg des Skandals\u201c oder der \u00f6ffentlichen Verurteilung w\u00e4hlte. Stattdessen entschied er sich f\u00fcr den diskreten und wohlwollenden Weg, sie heimlich zu verlassen.<\/p>\n<p>Damit, so Leo, habe Josef gezeigt, dass er die tiefste Bedeutung der religi\u00f6sen Praxis verstanden habe: Barmherzigkeit.<\/p>\n<p>Der Papst f\u00fcgte hinzu, dass Josefs Reinheit und Adel noch deutlicher wurden, als der Herr ihm seinen Heilsplan in einem Traum offenbarte und ihm die unerwartete Rolle zeigte, die er als Ehemann der jungfr\u00e4ulichen Mutter des Messias \u00fcbernehmen w\u00fcrde.<\/p>\n<p>Leo verwies auf Josefs \u201egro\u00dfen Glaubensakt\u201c und sagte, der Heilige habe die letzte seiner Sicherheiten hinter sich gelassen und sich in eine Zukunft begeben, die vollst\u00e4ndig in Gottes H\u00e4nden liegt.<\/p>\n<p>Unter Bezugnahme auf den heiligen Augustinus sagte der Papst, dass aus Josefs Fr\u00f6mmigkeit und N\u00e4chstenliebe \u201eein Sohn der Jungfrau Maria geboren wurde \u2013 zugleich Sohn Gottes\u201c.<\/p>\n<p>\u201eFr\u00f6mmigkeit und N\u00e4chstenliebe, Barmherzigkeit und Vertrauen\u201c, so Leo, seien die Tugenden, die die Liturgie den Gl\u00e4ubigen heute vorschlage, damit sie die Christen durch diese letzten Adventstage auf das \u201eheilige Weihnachtsfest\u201c vorbereiten k\u00f6nnen.<\/p>\n<p>Der Papst betonte, dass diese Haltungen \u201edas Herz erziehen\u201c, um Christus und einander zu begegnen, und den Gl\u00e4ubigen helfen k\u00f6nnen, f\u00fcreinander \u201eeine einladende Krippe, ein gem\u00fctliches Zuhause, ein Zeichen der Gegenwart Gottes\u201c zu werden.<\/p>\n<p>Er forderte die Katholiken auf, die Gelegenheiten w\u00e4hrend dieser Gnadenzeit nicht zu verpassen, um die Tugenden in die Praxis umzusetzen \u2013 zu vergeben, zu ermutigen, den Menschen, mit denen sie leben und denen sie begegnen, Hoffnung zu geben \u2013 und im Gebet ein kindliches Vertrauen auf den Herrn und seine Vorsehung zu erneuern.<\/p>\n<p>Leo schloss damit, die Gl\u00e4ubigen der F\u00fcrsprache der seligen Jungfrau Maria und des heiligen Josef anzuvertrauen, die als Erste Jesus, den Erl\u00f6ser der Welt, \u201emit gro\u00dfem Glauben und Liebe\u201c willkommen hie\u00dfen.<\/p>\n<p><strong><em>Dieser Artikel wurde <\/em><\/strong><a href=\"https:\/\/www.aciprensa.com\/noticias\/120417\/leon-xiv-piedad-y-caridad-misericordia-y-abandono-las-virtudes-de-san-jose-para-este-adviento\" rel=\"noopener noreferrer nofollow\"><strong><em>zuerst ver\u00f6ffentlicht <\/em><\/strong><\/a><strong><em>von ACI Prensa, dem spanischsprachigen Nachrichtenpartner von CNA. Der Text wurde von CNA \u00fcbersetzt und angepasst.<\/em><\/strong><\/p>\n<p> <a href=\"https:\/\/www.catholicnewsagency.com\/news\/268623\/pope-leo-xiv-highlights-key-virtues-for-final-days-of-advent\" rel=\"nofollow\">https:\/\/www.catholicnewsagency.com\/news\/268623\/pope-leo-xiv-highlights-key-virtues-for-final-days-of-advent<\/a><\/p>","protected":false},"excerpt":{"rendered":"<p>Pope Leo XIV greets pilgrims gathered in St. Peter's Square at the Vatican for the recitation of the Angelus on December 21, 2025. \/ Vatican Media Vatican City, Dec 21, 2025 \/ 09:15 am (CNA). Pope Leo XIV on Sunday highlighted four virtues of St. Joseph \u2014 \u201cpiety and charity, mercy and trust\u201d \u2014 as [\u2026]<\/p>","protected":false},"author":11,"featured_media":73635,"comment_status":"open","ping_status":"closed","sticky":false,"template":"","format":"standard","meta":{"_acf_changed":false,"_jetpack_memberships_contains_paid_content":false,"footnotes":"","jetpack_publicize_message":"","jetpack_publicize_feature_enabled":true,"jetpack_social_post_already_shared":true,"jetpack_social_options":{"image_generator_settings":{"template":"highway","default_image_id":0,"font":"","enabled":false},"version":2},"_wpas_customize_per_network":false},"categories":[100],"tags":[],"series":[],"class_list":["post-72474","post","type-post","status-publish","format-standard","has-post-thumbnail","hentry","category-christian-news"],"mb":[],"acf":[],"jetpack_publicize_connections":[],"jetpack_featured_media_url":"https:\/\/i0.wp.com\/christianpure.com\/wp-content\/uploads\/2026\/01\/Pope-Leo-XIV-highlights-key-virtues-for-final-days-of-Advent.webp?fit=800%2C533&quality=75&ssl=1","jetpack-related-posts":[{"id":71853,"url":"https:\/\/christianpure.com\/de\/learn\/pope-leo-xiv-voices-concern-over-renewed-fighting-in-eastern-congo-urges-dialogue\/","url_meta":{"origin":72474,"position":0},"title":"Pope Leo XIV voices concern over renewed fighting in eastern Congo, urges dialogue","author":"Christian Pure Team","date":"Februar 23, 2026","format":false,"excerpt":"Pope Leo XIV greets pilgrims gathered in St. Peter's Square at the Vatican for the Angelus on December 14, 2025. \/ Vatican Media Vatican City, Dec 14, 2025 \/ 08:05 am (CNA). Pope Leo XIV on Sunday voiced deep concern over renewed fighting in the eastern Democratic Republic of Congo,\u2026","rel":"","context":"In &quot;Christian News&quot;","block_context":{"text":"Christian News","link":"https:\/\/christianpure.com\/de\/learn\/category\/christian-news\/"},"img":{"alt_text":"Pope Leo XIV voices concern over renewed fighting in eastern Congo, urges dialogue","src":"https:\/\/i0.wp.com\/christianpure.com\/wp-content\/uploads\/2026\/02\/Pope-Leo-XIV-voices-concern-over-renewed-fighting-in-eastern-Congo-urges-dialogue.png?fit=1200%2C335&quality=69&ssl=1&resize=350%2C200","width":350,"height":200,"srcset":"https:\/\/i0.wp.com\/christianpure.com\/wp-content\/uploads\/2026\/02\/Pope-Leo-XIV-voices-concern-over-renewed-fighting-in-eastern-Congo-urges-dialogue.png?fit=1200%2C335&quality=69&ssl=1&resize=350%2C200 1x, https:\/\/i0.wp.com\/christianpure.com\/wp-content\/uploads\/2026\/02\/Pope-Leo-XIV-voices-concern-over-renewed-fighting-in-eastern-Congo-urges-dialogue.png?fit=1200%2C335&quality=69&ssl=1&resize=525%2C300 1.5x, https:\/\/i0.wp.com\/christianpure.com\/wp-content\/uploads\/2026\/02\/Pope-Leo-XIV-voices-concern-over-renewed-fighting-in-eastern-Congo-urges-dialogue.png?fit=1200%2C335&quality=69&ssl=1&resize=700%2C400 2x, https:\/\/i0.wp.com\/christianpure.com\/wp-content\/uploads\/2026\/02\/Pope-Leo-XIV-voices-concern-over-renewed-fighting-in-eastern-Congo-urges-dialogue.png?fit=1200%2C335&quality=69&ssl=1&resize=1050%2C600 3x"},"classes":[]},{"id":50640,"url":"https:\/\/christianpure.com\/de\/learn\/pope-leo-xiv-on-holy-trinity-sunday-gods-dynamic-love-opens-humanity-to-encounter\/","url_meta":{"origin":72474,"position":1},"title":"Pope Leo XIV on Holy Trinity Sunday: God\u2019s \u2018dynamic\u2019 love opens humanity to encounter","author":"Christian Pure Team","date":"Juni 22, 2025","format":false,"excerpt":"Pope Leo XIV waves to those gathered for Mass for the Jubilee of Sport on the solemnity of the Most Holy Trinity on June 15, 2025, in St. Peter\u2019s Basilica at the Vatican. \/ Credit: Daniel Iba\u00f1ez\/CNA Vatican City, Jun 15, 2025 \/ 11:46 am (CNA). Pope Leo XIV presided\u2026","rel":"","context":"In &quot;Christian News&quot;","block_context":{"text":"Christian News","link":"https:\/\/christianpure.com\/de\/learn\/category\/christian-news\/"},"img":{"alt_text":"Pope Leo XIV on Holy Trinity Sunday: God\u2019s \u2018dynamic\u2019 love opens humanity to encounter","src":"https:\/\/i0.wp.com\/christianpure.com\/wp-content\/uploads\/2025\/06\/Pope-Leo-XIV-on-Holy-Trinity-Sunday-Gods-%E2%80%98dynamic-love-opens-humanity-to-encounter.webp?fit=800%2C533&quality=75&ssl=1&resize=350%2C200","width":350,"height":200,"srcset":"https:\/\/i0.wp.com\/christianpure.com\/wp-content\/uploads\/2025\/06\/Pope-Leo-XIV-on-Holy-Trinity-Sunday-Gods-%E2%80%98dynamic-love-opens-humanity-to-encounter.webp?fit=800%2C533&quality=75&ssl=1&resize=350%2C200 1x, https:\/\/i0.wp.com\/christianpure.com\/wp-content\/uploads\/2025\/06\/Pope-Leo-XIV-on-Holy-Trinity-Sunday-Gods-%E2%80%98dynamic-love-opens-humanity-to-encounter.webp?fit=800%2C533&quality=75&ssl=1&resize=525%2C300 1.5x, https:\/\/i0.wp.com\/christianpure.com\/wp-content\/uploads\/2025\/06\/Pope-Leo-XIV-on-Holy-Trinity-Sunday-Gods-%E2%80%98dynamic-love-opens-humanity-to-encounter.webp?fit=800%2C533&quality=75&ssl=1&resize=700%2C400 2x"},"classes":[]},{"id":55308,"url":"https:\/\/christianpure.com\/de\/learn\/vatican-announces-pope-leo-xivs-public-mass-schedule-for-august-and-september\/","url_meta":{"origin":72474,"position":2},"title":"Vatican announces Pope Leo XIV\u2019s public Mass schedule for August and September","author":"Christian Pure Team","date":"August 2, 2025","format":false,"excerpt":"Pope Leo greets throngs of faithful in St. Peter\u2019s Square on June 11, 2025. \/ Credit: Vatican Media ACI Prensa Staff, Jul 7, 2025 \/ 06:00 am (CNA). The Office for Liturgical Celebrations at the Vatican has announced Pope Leo XIV\u2019s public Mass schedule for August and September, following his\u2026","rel":"","context":"In &quot;Christian News&quot;","block_context":{"text":"Christian News","link":"https:\/\/christianpure.com\/de\/learn\/category\/christian-news\/"},"img":{"alt_text":"Vatican announces Pope Leo XIV\u2019s public Mass schedule for August and September","src":"https:\/\/i0.wp.com\/christianpure.com\/wp-content\/uploads\/2025\/08\/Vatican-announces-Pope-Leo-XIVs-public-Mass-schedule-for-August-and-September.webp?fit=800%2C533&quality=75&ssl=1&resize=350%2C200","width":350,"height":200,"srcset":"https:\/\/i0.wp.com\/christianpure.com\/wp-content\/uploads\/2025\/08\/Vatican-announces-Pope-Leo-XIVs-public-Mass-schedule-for-August-and-September.webp?fit=800%2C533&quality=75&ssl=1&resize=350%2C200 1x, https:\/\/i0.wp.com\/christianpure.com\/wp-content\/uploads\/2025\/08\/Vatican-announces-Pope-Leo-XIVs-public-Mass-schedule-for-August-and-September.webp?fit=800%2C533&quality=75&ssl=1&resize=525%2C300 1.5x, https:\/\/i0.wp.com\/christianpure.com\/wp-content\/uploads\/2025\/08\/Vatican-announces-Pope-Leo-XIVs-public-Mass-schedule-for-August-and-September.webp?fit=800%2C533&quality=75&ssl=1&resize=700%2C400 2x"},"classes":[]},{"id":52470,"url":"https:\/\/christianpure.com\/de\/learn\/pope-leo-xiv-after-u-s-bombings-in-iran-humanity-cries-out-and-pleads-for-peace\/","url_meta":{"origin":72474,"position":3},"title":"Pope Leo XIV after U.S. bombings in Iran: \u2018Humanity cries out and pleads for peace\u2019","author":"Christian Pure Team","date":"Juni 29, 2025","format":false,"excerpt":"Pope Leo XIV speaks to pilgrims gathered in St. Peter's Square for the Sunday Angelus on June 22, 2025. \/ Credit: Vatican Media Vatican City, Jun 22, 2025 \/ 08:22 am (CNA). Reacting to what he called the \u201calarming news\u201d of U.S. airstrikes on nuclear facilities in Iran, Pope Leo\u2026","rel":"","context":"In &quot;Christian News&quot;","block_context":{"text":"Christian News","link":"https:\/\/christianpure.com\/de\/learn\/category\/christian-news\/"},"img":{"alt_text":"Pope Leo XIV after U.S. bombings in Iran: \u2018Humanity cries out and pleads for peace\u2019","src":"https:\/\/i0.wp.com\/christianpure.com\/wp-content\/uploads\/2025\/06\/Pope-Leo-XIV-after-U.S.-bombings-in-Iran-%E2%80%98Humanity-cries-out-and-pleads-for-peace.webp?fit=800%2C533&quality=75&ssl=1&resize=350%2C200","width":350,"height":200,"srcset":"https:\/\/i0.wp.com\/christianpure.com\/wp-content\/uploads\/2025\/06\/Pope-Leo-XIV-after-U.S.-bombings-in-Iran-%E2%80%98Humanity-cries-out-and-pleads-for-peace.webp?fit=800%2C533&quality=75&ssl=1&resize=350%2C200 1x, https:\/\/i0.wp.com\/christianpure.com\/wp-content\/uploads\/2025\/06\/Pope-Leo-XIV-after-U.S.-bombings-in-Iran-%E2%80%98Humanity-cries-out-and-pleads-for-peace.webp?fit=800%2C533&quality=75&ssl=1&resize=525%2C300 1.5x, https:\/\/i0.wp.com\/christianpure.com\/wp-content\/uploads\/2025\/06\/Pope-Leo-XIV-after-U.S.-bombings-in-Iran-%E2%80%98Humanity-cries-out-and-pleads-for-peace.webp?fit=800%2C533&quality=75&ssl=1&resize=700%2C400 2x"},"classes":[]},{"id":72824,"url":"https:\/\/christianpure.com\/de\/learn\/photos-pope-leo-meets-the-tiniest-members-of-the-flock-babies\/","url_meta":{"origin":72474,"position":4},"title":"PHOTOS: Pope Leo meets the tiniest members of the flock \u2014 babies","author":"Christian Pure Team","date":"Februar 16, 2026","format":false,"excerpt":"Pope Leo XIV blesses a baby on All Saints Day\u2019 2025. \/ Credit: Vatican Media Vatican City, Dec 25, 2025 \/ 07:00 am (CNA). Pope Leo XIV has welcomed and greeted a plethora of babies at the Vatican since his election on May 8. As Christians everywhere celebrate the birth\u2026","rel":"","context":"In &quot;Christian News&quot;","block_context":{"text":"Christian News","link":"https:\/\/christianpure.com\/de\/learn\/category\/christian-news\/"},"img":{"alt_text":"PHOTOS: Pope Leo meets the tiniest members of the flock \u2014 babies","src":"https:\/\/i0.wp.com\/christianpure.com\/wp-content\/uploads\/2026\/02\/PHOTOS-Pope-Leo-meets-the-tiniest-members-of-the-flock-%E2%80%94-babies.png?fit=1200%2C335&quality=69&ssl=1&resize=350%2C200","width":350,"height":200,"srcset":"https:\/\/i0.wp.com\/christianpure.com\/wp-content\/uploads\/2026\/02\/PHOTOS-Pope-Leo-meets-the-tiniest-members-of-the-flock-%E2%80%94-babies.png?fit=1200%2C335&quality=69&ssl=1&resize=350%2C200 1x, https:\/\/i0.wp.com\/christianpure.com\/wp-content\/uploads\/2026\/02\/PHOTOS-Pope-Leo-meets-the-tiniest-members-of-the-flock-%E2%80%94-babies.png?fit=1200%2C335&quality=69&ssl=1&resize=525%2C300 1.5x, https:\/\/i0.wp.com\/christianpure.com\/wp-content\/uploads\/2026\/02\/PHOTOS-Pope-Leo-meets-the-tiniest-members-of-the-flock-%E2%80%94-babies.png?fit=1200%2C335&quality=69&ssl=1&resize=700%2C400 2x, https:\/\/i0.wp.com\/christianpure.com\/wp-content\/uploads\/2026\/02\/PHOTOS-Pope-Leo-meets-the-tiniest-members-of-the-flock-%E2%80%94-babies.png?fit=1200%2C335&quality=69&ssl=1&resize=1050%2C600 3x"},"classes":[]},{"id":55168,"url":"https:\/\/christianpure.com\/de\/learn\/pope-leo-xiv-prays-for-victims-families-of-texas-flood-disaster\/","url_meta":{"origin":72474,"position":5},"title":"Pope Leo XIV prays for victims, families of Texas flood disaster","author":"Christian Pure Team","date":"September 2, 2025","format":false,"excerpt":"Pope Leo XIV, speaking in English, expressed his \u201csincere condolences\u201d to \u201cfamilies who have lost loved ones, in particular their daughters, who were at the summer camp, in the disaster caused by flooding of the Guadalupe river in Texas in the United States\u201d after praying the Angelus with pilgrims gathered\u2026","rel":"","context":"In &quot;Christian News&quot;","block_context":{"text":"Christian News","link":"https:\/\/christianpure.com\/de\/learn\/category\/christian-news\/"},"img":{"alt_text":"Pope Leo XIV prays for victims, families of Texas flood disaster","src":"https:\/\/i0.wp.com\/christianpure.com\/wp-content\/uploads\/2025\/09\/Pope-Leo-XIV-prays-for-victims-families-of-Texas-flood-disaster.webp?fit=800%2C533&quality=75&ssl=1&resize=350%2C200","width":350,"height":200,"srcset":"https:\/\/i0.wp.com\/christianpure.com\/wp-content\/uploads\/2025\/09\/Pope-Leo-XIV-prays-for-victims-families-of-Texas-flood-disaster.webp?fit=800%2C533&quality=75&ssl=1&resize=350%2C200 1x, https:\/\/i0.wp.com\/christianpure.com\/wp-content\/uploads\/2025\/09\/Pope-Leo-XIV-prays-for-victims-families-of-Texas-flood-disaster.webp?fit=800%2C533&quality=75&ssl=1&resize=525%2C300 1.5x, https:\/\/i0.wp.com\/christianpure.com\/wp-content\/uploads\/2025\/09\/Pope-Leo-XIV-prays-for-victims-families-of-Texas-flood-disaster.webp?fit=800%2C533&quality=75&ssl=1&resize=700%2C400 2x"},"classes":[]}],"jetpack_sharing_enabled":true,"mfb_rest_fields":["title","jetpack_publicize_connections","jetpack_featured_media_url","jetpack-related-posts","jetpack_sharing_enabled"],"_links":{"self":[{"href":"https:\/\/christianpure.com\/de\/wp-json\/wp\/v2\/posts\/72474","targetHints":{"allow":["GET"]}}],"collection":[{"href":"https:\/\/christianpure.com\/de\/wp-json\/wp\/v2\/posts"}],"about":[{"href":"https:\/\/christianpure.com\/de\/wp-json\/wp\/v2\/types\/post"}],"author":[{"embeddable":true,"href":"https:\/\/christianpure.com\/de\/wp-json\/wp\/v2\/users\/11"}],"replies":[{"embeddable":true,"href":"https:\/\/christianpure.com\/de\/wp-json\/wp\/v2\/comments?post=72474"}],"version-history":[{"count":0,"href":"https:\/\/christianpure.com\/de\/wp-json\/wp\/v2\/posts\/72474\/revisions"}],"wp:featuredmedia":[{"embeddable":true,"href":"https:\/\/christianpure.com\/de\/wp-json\/wp\/v2\/media\/73635"}],"wp:attachment":[{"href":"https:\/\/christianpure.com\/de\/wp-json\/wp\/v2\/media?parent=72474"}],"wp:term":[{"taxonomy":"category","embeddable":true,"href":"https:\/\/christianpure.com\/de\/wp-json\/wp\/v2\/categories?post=72474"},{"taxonomy":"post_tag","embeddable":true,"href":"https:\/\/christianpure.com\/de\/wp-json\/wp\/v2\/tags?post=72474"},{"taxonomy":"series","embeddable":true,"href":"https:\/\/christianpure.com\/de\/wp-json\/wp\/v2\/series?post=72474"}],"curies":[{"name":"wp","href":"https:\/\/api.w.org\/{rel}","templated":true}]}}