{"id":78294,"date":"2026-03-20T19:06:18","date_gmt":"2026-03-20T19:06:18","guid":{"rendered":"https:\/\/christianpure.com\/?p=78294"},"modified":"2026-03-20T19:06:18","modified_gmt":"2026-03-20T19:06:18","slug":"st-peters-marks-400-years-with-newly-opened-areas-and-digital-access","status":"publish","type":"post","link":"https:\/\/christianpure.com\/de\/learn\/st-peters-marks-400-years-with-newly-opened-areas-and-digital-access\/","title":{"rendered":"St. Peter feiert 400-j\u00e4hriges Jubil\u00e4um mit neu er\u00f6ffneten Bereichen und digitalem Zugang"},"content":{"rendered":"<div class=\"cppw-protected cppw-protected--overlay\"><div class=\"cppw-excerpt cppw-excerpt--overlay\"><p>As the Basilica of St. Peter approaches the 400th anniversary of its consecration, the Vatican has announced a slate of liturgical and cultural initiatives \u2014 including opening parts of the basilica complex that have never been accessible to the public and rolling out a new digital entry system designed to better manage crowds.St. Peter\u2019s Basilica was consecrated on Nov. 18, 1626, by Pope Urban VIII. Vatican officials presented the anniversary program on Monday, highlighting plans intended to ease visitor pressure\u2026<\/p>\n<\/div>\t\t<div class=\"cppw-paywall paywp-paywall\" data-required-level=\"25\">\n\t\t\t<span class=\"cppw-lock-mark\" aria-hidden=\"true\"><\/span>\n\t\t\t<h2>Continue reading with a subscription<\/h2>\n\t\t\t<p>Get unlimited access to all our premium content and exclusive features.<\/p>\n\t\t\t\t\t\t\t\t\t<div class=\"cppw-paywall__actions\">\n\t\t\t\t<a class=\"cppw-button\" href=\"https:\/\/christianpure.com\/de\/become-a-member\/\">Subscribe Now<\/a>\n\t\t\t\t<a class=\"cppw-login-link\" href=\"https:\/\/christianpure.com\/de\/login\/\">Already a subscriber? Sign in<\/a>\n\t\t\t<\/div>\n\t\t\t<p class=\"cppw-paywall__microcopy\">Enjoy unlimited access, cancel anytime.<\/p>\n\t\t<\/div>\n\t\t<\/div>","protected":false},"excerpt":{"rendered":"<p>As the Basilica of St. Peter approaches the 400th anniversary of its consecration, the Vatican has announced a slate of liturgical and cultural initiatives \u2014 including opening parts of the basilica complex that have never been accessible to the public and rolling out a new digital entry system designed to better manage crowds.St. Peter\u2019s Basilica was consecrated on Nov. 18, 1626, by Pope Urban VIII. Vatican officials presented the anniversary program on Monday, highlighting plans intended to ease visitor pressure\u2026<\/p>\n","protected":false},"author":11,"featured_media":0,"comment_status":"open","ping_status":"closed","sticky":false,"template":"","format":"standard","meta":[],"categories":[100],"tags":[],"series":[],"class_list":["post-78294","post","type-post","status-publish","format-standard","hentry","category-christian-news"],"mb":[],"acf":[],"jetpack_publicize_connections":[],"jetpack-related-posts":[{"id":20296,"url":"https:\/\/christianpure.com\/de\/learn\/photos-discover-the-history-of-st-peters-basilica-in-new-microsoft-online-ai-enhanced-3d-model\/","url_meta":{"origin":78294,"position":0},"title":"PHOTOS: Discover the history of St. Peter\u2019s Basilica in new Microsoft online AI-enhanced 3D model","author":"Christian Pure Team","date":"April 4, 2025","format":false,"excerpt":"[ad_1] The Vatican and Microsoft have created a 3D digital model of St. Peter\u2019s Basilica using the latest in artificial intelligence to offer a new way to experience the nearly 2,000-year history of the tomb of St. Peter. \/ Credit: Microsoft La Basilica Di San Pietro: AI-Enhanced Experience Vatican City, Nov 13, 2024 \/ 12:35 pm (CNA). The Vatican and Microsoft have created a 3D digital model of St. Peter\u2019s Basilica using the latest in artificial intelligence to offer a\u2026","rel":"","context":"In &quot;Christian News&quot;","block_context":{"text":"Christian News","link":"https:\/\/christianpure.com\/de\/learn\/category\/christian-news\/"},"img":{"alt_text":"","src":"https:\/\/i0.wp.com\/christianpure.com\/wp-content\/uploads\/2024\/11\/1731595001_aigeneratedstpetersbasilica1111324.jpg?fit=1200%2C800&ssl=1&resize=350%2C200","width":350,"height":200,"srcset":"https:\/\/i0.wp.com\/christianpure.com\/wp-content\/uploads\/2024\/11\/1731595001_aigeneratedstpetersbasilica1111324.jpg?fit=1200%2C800&ssl=1&resize=350%2C200 1x, https:\/\/i0.wp.com\/christianpure.com\/wp-content\/uploads\/2024\/11\/1731595001_aigeneratedstpetersbasilica1111324.jpg?fit=1200%2C800&ssl=1&resize=525%2C300 1.5x, https:\/\/i0.wp.com\/christianpure.com\/wp-content\/uploads\/2024\/11\/1731595001_aigeneratedstpetersbasilica1111324.jpg?fit=1200%2C800&ssl=1&resize=700%2C400 2x, https:\/\/i0.wp.com\/christianpure.com\/wp-content\/uploads\/2024\/11\/1731595001_aigeneratedstpetersbasilica1111324.jpg?fit=1200%2C800&ssl=1&resize=1050%2C600 3x"},"classes":[]},{"id":28288,"url":"https:\/\/christianpure.com\/de\/learn\/why-the-church-has-celebrated-the-chair-of-st-peter-feast-for-1600-years\/","url_meta":{"origin":78294,"position":1},"title":"Why the Church has celebrated the Chair of St. Peter feast for 1,600 years","author":"Christian Pure Team","date":"Februar 23, 2025","format":false,"excerpt":"[ad_1] Altar of the Chair in St. Peter&#039;s Basilica, where Bernini&#039;s gorgeous bronze monument to the Chair of Peter acts as a massive bronze reliquary for the historic wooden chair. \/ Credit: Vatican Media Vatican City, Feb 22, 2025 \/ 11:00 am (CNA). Every year on Feb. 22, the Catholic Church celebrates the feast of the Chair of St. Peter, a tradition that dates back more than 1,600 years.The feast honors not just a physical chair but what it represents:\u2026","rel":"","context":"In &quot;Christian News&quot;","block_context":{"text":"Christian News","link":"https:\/\/christianpure.com\/de\/learn\/category\/christian-news\/"},"img":{"alt_text":"","src":"https:\/\/i0.wp.com\/christianpure.com\/wp-content\/uploads\/2025\/02\/1740281683_altarofthechairvaticanmedia-1.jpg?fit=1200%2C800&ssl=1&resize=350%2C200","width":350,"height":200,"srcset":"https:\/\/i0.wp.com\/christianpure.com\/wp-content\/uploads\/2025\/02\/1740281683_altarofthechairvaticanmedia-1.jpg?fit=1200%2C800&ssl=1&resize=350%2C200 1x, https:\/\/i0.wp.com\/christianpure.com\/wp-content\/uploads\/2025\/02\/1740281683_altarofthechairvaticanmedia-1.jpg?fit=1200%2C800&ssl=1&resize=525%2C300 1.5x, https:\/\/i0.wp.com\/christianpure.com\/wp-content\/uploads\/2025\/02\/1740281683_altarofthechairvaticanmedia-1.jpg?fit=1200%2C800&ssl=1&resize=700%2C400 2x, https:\/\/i0.wp.com\/christianpure.com\/wp-content\/uploads\/2025\/02\/1740281683_altarofthechairvaticanmedia-1.jpg?fit=1200%2C800&ssl=1&resize=1050%2C600 3x"},"classes":[]},{"id":20560,"url":"https:\/\/christianpure.com\/de\/learn\/3-things-to-know-about-the-2-papal-basilicas-dedicated-to-st-peter-and-st-paul-in-rome\/","url_meta":{"origin":78294,"position":2},"title":"3 things to know about the 2 papal basilicas dedicated to St. Peter and St. Paul in Rome","author":"Christian Pure Team","date":"November 19, 2024","format":false,"excerpt":"[ad_1] \"Sts. Peter and Paul,\u201d Altar of St. Catherine (1465), Schwabach, Germany. Artist unknown. \/ Credit: Public domain Vatican City, Nov 18, 2024 \/ 17:45 pm (CNA). Nov. 18 is celebrated in the Catholic Church as the feast day of the Dedication of the Basilicas of Sts. Peter and Paul. Here are three things to know about the historical, architectural, and spiritual significance of these two papal basilicas.&nbsp;&nbsp;1. Historical&nbsp;significance of the Nov. 18 feast day&nbsp;In the fourth century, the world\u2019s\u2026","rel":"","context":"In &quot;Christian News&quot;","block_context":{"text":"Christian News","link":"https:\/\/christianpure.com\/de\/learn\/category\/christian-news\/"},"img":{"alt_text":"","src":"https:\/\/i0.wp.com\/christianpure.com\/wp-content\/uploads\/2024\/11\/20200827010820-5f46eea2c2bf74d8ccd98a5ajpeg.webp?fit=682%2C519&ssl=1&resize=350%2C200","width":350,"height":200,"srcset":"https:\/\/i0.wp.com\/christianpure.com\/wp-content\/uploads\/2024\/11\/20200827010820-5f46eea2c2bf74d8ccd98a5ajpeg.webp?fit=682%2C519&ssl=1&resize=350%2C200 1x, https:\/\/i0.wp.com\/christianpure.com\/wp-content\/uploads\/2024\/11\/20200827010820-5f46eea2c2bf74d8ccd98a5ajpeg.webp?fit=682%2C519&ssl=1&resize=525%2C300 1.5x"},"classes":[]},{"id":19933,"url":"https:\/\/christianpure.com\/de\/learn\/vatican-opens-visitor-center-for-st-peters-basilica\/","url_meta":{"origin":78294,"position":3},"title":"Vatican opens visitor center for St. Peter\u2019s Basilica","author":"Christian Pure Team","date":"M\u00e4rz 24, 2025","format":false,"excerpt":"[ad_1] The Vatican on Oct. 31, 2024, inaugurated a center to welcome pilgrims and tourists before they visit St. Peter\u2019s Basilica. \/ Credit: Daniel Iba\u00c3\u00b1ez\/CNA Vatican City, Nov 5, 2024 \/ 11:40 am (CNA). The Vatican last week opened a center to welcome pilgrims and tourists before they visit St. Peter\u2019s Basilica.&nbsp;The space, which was inaugurated Oct. 31, is intended to provide practical, artistic, and spiritual information to visitors of the Vatican basilica \u2014 especially during moments of higher than\u2026","rel":"","context":"In &quot;Christian News&quot;","block_context":{"text":"Christian News","link":"https:\/\/christianpure.com\/de\/learn\/category\/christian-news\/"},"img":{"alt_text":"","src":"https:\/\/i0.wp.com\/christianpure.com\/wp-content\/uploads\/2024\/11\/1730869583_stpetersvisitorcenter1110524.jpg?fit=1200%2C800&ssl=1&resize=350%2C200","width":350,"height":200,"srcset":"https:\/\/i0.wp.com\/christianpure.com\/wp-content\/uploads\/2024\/11\/1730869583_stpetersvisitorcenter1110524.jpg?fit=1200%2C800&ssl=1&resize=350%2C200 1x, https:\/\/i0.wp.com\/christianpure.com\/wp-content\/uploads\/2024\/11\/1730869583_stpetersvisitorcenter1110524.jpg?fit=1200%2C800&ssl=1&resize=525%2C300 1.5x, https:\/\/i0.wp.com\/christianpure.com\/wp-content\/uploads\/2024\/11\/1730869583_stpetersvisitorcenter1110524.jpg?fit=1200%2C800&ssl=1&resize=700%2C400 2x, https:\/\/i0.wp.com\/christianpure.com\/wp-content\/uploads\/2024\/11\/1730869583_stpetersvisitorcenter1110524.jpg?fit=1200%2C800&ssl=1&resize=1050%2C600 3x"},"classes":[]},{"id":27787,"url":"https:\/\/christianpure.com\/de\/learn\/man-attacks-high-altar-of-st-peters-basilica-at-the-vatican\/","url_meta":{"origin":78294,"position":4},"title":"Man attacks high altar of St. Peter\u2019s Basilica at the Vatican","author":"Christian Pure Team","date":"Februar 8, 2025","format":false,"excerpt":"[ad_1] Bernini\u2019s famous baldacchino in St. Peter\u2019s Basilica. \/ Credit: Ricardo Andr\u00c3\u00a9 Frantz\/Wikipedia\/CC BY-SA 3.0 ACI Prensa Staff, Feb 7, 2025 \/ 18:20 pm (CNA). A man desecrated the main altar of St. Peter\u2019s Basilica in the Vatican by climbing on top of it and throwing six candelabras that were on the altar to the ground, according to the Italian news agency ANSA.After throwing the candelabras, the man began to remove the altar cloth, as can be seen in a\u2026","rel":"","context":"In &quot;Christian News&quot;","block_context":{"text":"Christian News","link":"https:\/\/christianpure.com\/de\/learn\/category\/christian-news\/"},"img":{"alt_text":"","src":"https:\/\/i0.wp.com\/christianpure.com\/wp-content\/uploads\/2025\/02\/interiorvaticano8.jpg?fit=795%2C596&ssl=1&resize=350%2C200","width":350,"height":200,"srcset":"https:\/\/i0.wp.com\/christianpure.com\/wp-content\/uploads\/2025\/02\/interiorvaticano8.jpg?fit=795%2C596&ssl=1&resize=350%2C200 1x, https:\/\/i0.wp.com\/christianpure.com\/wp-content\/uploads\/2025\/02\/interiorvaticano8.jpg?fit=795%2C596&ssl=1&resize=525%2C300 1.5x, https:\/\/i0.wp.com\/christianpure.com\/wp-content\/uploads\/2025\/02\/interiorvaticano8.jpg?fit=795%2C596&ssl=1&resize=700%2C400 2x"},"classes":[]},{"id":50640,"url":"https:\/\/christianpure.com\/de\/learn\/pope-leo-xiv-on-holy-trinity-sunday-gods-dynamic-love-opens-humanity-to-encounter\/","url_meta":{"origin":78294,"position":5},"title":"Pope Leo XIV on Holy Trinity Sunday: God\u2019s \u2018dynamic\u2019 love opens humanity to encounter","author":"Christian Pure Team","date":"Juni 22, 2025","format":false,"excerpt":"Pope Leo XIV waves to those gathered for Mass for the Jubilee of Sport on the solemnity of the Most Holy Trinity on June 15, 2025, in St. Peter\u2019s Basilica at the Vatican. \/ Credit: Daniel Iba\u00f1ez\/CNA Vatican City, Jun 15, 2025 \/ 11:46 am (CNA). Pope Leo XIV presided over the solemnity of the Most Holy Trinity in St. Peter\u2019s Basilica on Sunday and invited Catholics to enter the \u201cdynamism of God\u2019s inner life\u201d and be open to encounter\u2026","rel":"","context":"In &quot;Christian News&quot;","block_context":{"text":"Christian News","link":"https:\/\/christianpure.com\/de\/learn\/category\/christian-news\/"},"img":{"alt_text":"Pope Leo XIV on Holy Trinity Sunday: God\u2019s \u2018dynamic\u2019 love opens humanity to encounter","src":"https:\/\/i0.wp.com\/christianpure.com\/wp-content\/uploads\/2025\/06\/Pope-Leo-XIV-on-Holy-Trinity-Sunday-Gods-%E2%80%98dynamic-love-opens-humanity-to-encounter.webp?fit=800%2C533&ssl=1&resize=350%2C200","width":350,"height":200,"srcset":"https:\/\/i0.wp.com\/christianpure.com\/wp-content\/uploads\/2025\/06\/Pope-Leo-XIV-on-Holy-Trinity-Sunday-Gods-%E2%80%98dynamic-love-opens-humanity-to-encounter.webp?fit=800%2C533&ssl=1&resize=350%2C200 1x, https:\/\/i0.wp.com\/christianpure.com\/wp-content\/uploads\/2025\/06\/Pope-Leo-XIV-on-Holy-Trinity-Sunday-Gods-%E2%80%98dynamic-love-opens-humanity-to-encounter.webp?fit=800%2C533&ssl=1&resize=525%2C300 1.5x, https:\/\/i0.wp.com\/christianpure.com\/wp-content\/uploads\/2025\/06\/Pope-Leo-XIV-on-Holy-Trinity-Sunday-Gods-%E2%80%98dynamic-love-opens-humanity-to-encounter.webp?fit=800%2C533&ssl=1&resize=700%2C400 2x"},"classes":[]}],"jetpack_sharing_enabled":true,"jetpack_featured_media_url":"","mfb_rest_fields":["title","jetpack_publicize_connections","jetpack-related-posts","jetpack_sharing_enabled","jetpack_featured_media_url"],"_links":{"self":[{"href":"https:\/\/christianpure.com\/de\/wp-json\/wp\/v2\/posts\/78294","targetHints":{"allow":["GET"]}}],"collection":[{"href":"https:\/\/christianpure.com\/de\/wp-json\/wp\/v2\/posts"}],"about":[{"href":"https:\/\/christianpure.com\/de\/wp-json\/wp\/v2\/types\/post"}],"author":[{"embeddable":true,"href":"https:\/\/christianpure.com\/de\/wp-json\/wp\/v2\/users\/11"}],"replies":[{"embeddable":true,"href":"https:\/\/christianpure.com\/de\/wp-json\/wp\/v2\/comments?post=78294"}],"version-history":[{"count":0,"href":"https:\/\/christianpure.com\/de\/wp-json\/wp\/v2\/posts\/78294\/revisions"}],"wp:attachment":[{"href":"https:\/\/christianpure.com\/de\/wp-json\/wp\/v2\/media?parent=78294"}],"wp:term":[{"taxonomy":"category","embeddable":true,"href":"https:\/\/christianpure.com\/de\/wp-json\/wp\/v2\/categories?post=78294"},{"taxonomy":"post_tag","embeddable":true,"href":"https:\/\/christianpure.com\/de\/wp-json\/wp\/v2\/tags?post=78294"},{"taxonomy":"series","embeddable":true,"href":"https:\/\/christianpure.com\/de\/wp-json\/wp\/v2\/series?post=78294"}],"curies":[{"name":"wp","href":"https:\/\/api.w.org\/{rel}","templated":true}]}}