{"id":27318,"date":"2025-01-23T00:25:27","date_gmt":"2025-01-23T00:25:27","guid":{"rendered":"https:\/\/christianpure.com\/learn\/the-origins-of-st-agnes-child-saint-and-martyr\/"},"modified":"2025-01-23T00:25:27","modified_gmt":"2025-01-23T00:25:27","slug":"the-origins-of-st-agnes-child-saint-and-martyr","status":"publish","type":"post","link":"https:\/\/christianpure.com\/es\/learn\/the-origins-of-st-agnes-child-saint-and-martyr\/","title":{"rendered":"Los or\u00edgenes de Santa In\u00e9s, ni\u00f1a santa y m\u00e1rtir"},"content":{"rendered":"<div class=\"cppw-protected cppw-protected--overlay\"><div class=\"cppw-excerpt cppw-excerpt--overlay\"><p>[ad_1] A lamb is wreathed in flowers during a special Mass for the feast of St. Agnes at the Basilica of St. Agnes Outside the Wall on Jan. 21, 2014. \/ Credit: Paul Badde\/CNA CNA Staff, Jan 21, 2025 \/ 04:00 am (CNA). The stories surrounding St. Agnes\u2019 life and death are varied. We know the place of her burial, her approximate age, and the place where she was martyred. Much less is known about her life, though there are\u2026<\/p>\n<\/div>\t\t<div class=\"cppw-paywall paywp-paywall\" data-required-level=\"25\">\n\t\t\t<span class=\"cppw-lock-mark\" aria-hidden=\"true\"><\/span>\n\t\t\t<h2>Continue reading with a subscription<\/h2>\n\t\t\t<p>Get unlimited access to all our premium content and exclusive features.<\/p>\n\t\t\t\t\t\t\t\t\t<div class=\"cppw-paywall__actions\">\n\t\t\t\t<a class=\"cppw-button\" href=\"https:\/\/christianpure.com\/es\/become-a-member\/\">Subscribe Now<\/a>\n\t\t\t\t<a class=\"cppw-login-link\" href=\"https:\/\/christianpure.com\/es\/login\/\">Already a subscriber? Sign in<\/a>\n\t\t\t<\/div>\n\t\t\t<p class=\"cppw-paywall__microcopy\">Enjoy unlimited access, cancel anytime.<\/p>\n\t\t<\/div>\n\t\t<\/div>","protected":false},"excerpt":{"rendered":"<p>[ad_1] A lamb is wreathed in flowers during a special Mass for the feast of St. Agnes at the Basilica of St. Agnes Outside the Wall on Jan. 21, 2014. \/ Credit: Paul Badde\/CNA CNA Staff, Jan 21, 2025 \/ 04:00 am (CNA). The stories surrounding St. Agnes\u2019 life and death are varied. We know the place of her burial, her approximate age, and the place where she was martyred. Much less is known about her life, though there are\u2026<\/p>\n","protected":false},"author":1,"featured_media":27319,"comment_status":"open","ping_status":"closed","sticky":false,"template":"","format":"standard","meta":[],"categories":[100],"tags":[],"series":[],"class_list":["post-27318","post","type-post","status-publish","format-standard","has-post-thumbnail","hentry","category-christian-news"],"mb":[],"acf":[],"jetpack_publicize_connections":[],"jetpack-related-posts":[{"id":70036,"url":"https:\/\/christianpure.com\/es\/learn\/photos-st-cecilia-martyr-and-patron-saint-of-music-rests-in-roman-basilica-named-for-her-2\/","url_meta":{"origin":27318,"position":0},"title":"PHOTOS: St. Cecilia, martyr and patron saint of music, rests in Roman basilica named for her","author":"Christian Pure Team","date":"noviembre 28, 2025","format":false,"excerpt":"A close-up of the tomb of St. Ceclia at the basilica dedicated to her in Trastevere, Rome, Italy. \/ Credit: Daniel Iba\u00f1ez\/CNA Vatican City, Nov 22, 2025 \/ 04:00 am (CNA). St. Cecilia, widely known as the patron saint of music and musicians, is buried in the Basilica of St. Cecilia in the Roman neighborhood of Trastevere where a famous Baroque sculpture of her still puzzles scholars.According to popular belief, Cecilia was a Roman noblewoman who lived in the third\u2026","rel":"","context":"En \u00abChristian News\u00bb","block_context":{"text":"Christian News","link":"https:\/\/christianpure.com\/es\/learn\/category\/christian-news\/"},"img":{"alt_text":"PHOTOS: St. Cecilia, martyr and patron saint of music, rests in Roman basilica named for her","src":"https:\/\/i0.wp.com\/christianpure.com\/wp-content\/uploads\/2025\/11\/PHOTOS-St.-Cecilia-martyr-and-patron-saint-of-music-rests-in-Roman-basilica-named-for-her.webp?fit=800%2C533&ssl=1&resize=350%2C200","width":350,"height":200,"srcset":"https:\/\/i0.wp.com\/christianpure.com\/wp-content\/uploads\/2025\/11\/PHOTOS-St.-Cecilia-martyr-and-patron-saint-of-music-rests-in-Roman-basilica-named-for-her.webp?fit=800%2C533&ssl=1&resize=350%2C200 1x, https:\/\/i0.wp.com\/christianpure.com\/wp-content\/uploads\/2025\/11\/PHOTOS-St.-Cecilia-martyr-and-patron-saint-of-music-rests-in-Roman-basilica-named-for-her.webp?fit=800%2C533&ssl=1&resize=525%2C300 1.5x, https:\/\/i0.wp.com\/christianpure.com\/wp-content\/uploads\/2025\/11\/PHOTOS-St.-Cecilia-martyr-and-patron-saint-of-music-rests-in-Roman-basilica-named-for-her.webp?fit=800%2C533&ssl=1&resize=700%2C400 2x"},"classes":[]},{"id":72882,"url":"https:\/\/christianpure.com\/es\/learn\/st-stephen-visiting-the-spot-where-the-first-martyr-died\/","url_meta":{"origin":27318,"position":1},"title":"St. Stephen: Visiting the spot where the first martyr died","author":"Christian Pure Team","date":"enero 3, 2026","format":false,"excerpt":"Church of St. Stephen in Jerusalem, Israel, Sept. 18, 2018. \/ Credit: Bukvoed, CC BY 4.0, via Wikimedia Commons CNA Staff, Dec 26, 2025 \/ 04:00 am (CNA). If \u201cGood King Wenceslas\u201d is one of the Christmas hymns you look forward to each year, you probably know which saint is celebrated today \u2014 St. Stephen, the first person to die for the risen Christ. Roman Catholics celebrate his feast on Dec. 26, while Eastern Catholics honor him one day later,\u2026","rel":"","context":"En \u00abChristian News\u00bb","block_context":{"text":"Christian News","link":"https:\/\/christianpure.com\/es\/learn\/category\/christian-news\/"},"img":{"alt_text":"St. Stephen: Visiting the spot where the first martyr died","src":"https:\/\/i0.wp.com\/christianpure.com\/wp-content\/uploads\/2026\/01\/St.-Stephen-Visiting-the-spot-where-the-first-martyr-died.webp?fit=800%2C449&ssl=1&resize=350%2C200","width":350,"height":200,"srcset":"https:\/\/i0.wp.com\/christianpure.com\/wp-content\/uploads\/2026\/01\/St.-Stephen-Visiting-the-spot-where-the-first-martyr-died.webp?fit=800%2C449&ssl=1&resize=350%2C200 1x, https:\/\/i0.wp.com\/christianpure.com\/wp-content\/uploads\/2026\/01\/St.-Stephen-Visiting-the-spot-where-the-first-martyr-died.webp?fit=800%2C449&ssl=1&resize=525%2C300 1.5x, https:\/\/i0.wp.com\/christianpure.com\/wp-content\/uploads\/2026\/01\/St.-Stephen-Visiting-the-spot-where-the-first-martyr-died.webp?fit=800%2C449&ssl=1&resize=700%2C400 2x"},"classes":[]},{"id":27779,"url":"https:\/\/christianpure.com\/es\/learn\/st-agatha-the-early-church-martyr-who-tradition-says-was-visited-by-st-peter\/","url_meta":{"origin":27318,"position":2},"title":"St. Agatha, the early Church martyr who tradition says was visited by St. Peter","author":"Christian Pure Team","date":"febrero 7, 2025","format":false,"excerpt":"[ad_1] This painting of St. Peter visiting St. Agatha was created by Federico Zuccari between 1597 and 1599 for the altar of Sant\u2019Agata in the Milan Cathedral. It was directly commissioned by Milan native Federico Borromeo, a cousin of St. Charles Borromeo. \/ Credit: Rachel Thomas ACI Prensa Staff, Feb 5, 2025 \/ 04:00 am (CNA). Every Feb. 5, the Church remembers St. Agatha of Catania, a young woman who consecrated her virginity to God and died a martyr\u2019s death\u2026","rel":"","context":"En \u00abChristian News\u00bb","block_context":{"text":"Christian News","link":"https:\/\/christianpure.com\/es\/learn\/category\/christian-news\/"},"img":{"alt_text":"","src":"https:\/\/i0.wp.com\/christianpure.com\/wp-content\/uploads\/2025\/02\/1738958153_peteragatha.png?fit=1200%2C792&ssl=1&resize=350%2C200","width":350,"height":200,"srcset":"https:\/\/i0.wp.com\/christianpure.com\/wp-content\/uploads\/2025\/02\/1738958153_peteragatha.png?fit=1200%2C792&ssl=1&resize=350%2C200 1x, https:\/\/i0.wp.com\/christianpure.com\/wp-content\/uploads\/2025\/02\/1738958153_peteragatha.png?fit=1200%2C792&ssl=1&resize=525%2C300 1.5x, https:\/\/i0.wp.com\/christianpure.com\/wp-content\/uploads\/2025\/02\/1738958153_peteragatha.png?fit=1200%2C792&ssl=1&resize=700%2C400 2x, https:\/\/i0.wp.com\/christianpure.com\/wp-content\/uploads\/2025\/02\/1738958153_peteragatha.png?fit=1200%2C792&ssl=1&resize=1050%2C600 3x"},"classes":[]},{"id":65893,"url":"https:\/\/christianpure.com\/es\/learn\/vatican-approves-beatification-cause-of-priest-who-pioneered-monastic-life-in-korea\/","url_meta":{"origin":27318,"position":3},"title":"Vatican approves beatification cause of priest who pioneered monastic life in Korea","author":"Christian Pure Team","date":"enero 10, 2026","format":false,"excerpt":"St. Peter\u2019s Basilica in Vatican City. \/ Credit: Xosema (CC BY-SA 4.0) ACI Prensa Staff, Oct 7, 2025 \/ 07:00 am (CNA). The Archdiocese of Seoul announced that it has received authorization from the Vatican, or \u201cnihil obstat,\u201d to initiate the beatification cause of the priest who pioneered monastic life in Korea.According to the Vatican news agency Fides, Father Leo Bang Yu-ryong (1900\u20131986) will be recognized as a servant of God. With this permission, the archdiocese will be able to\u2026","rel":"","context":"En \u00abChristian News\u00bb","block_context":{"text":"Christian News","link":"https:\/\/christianpure.com\/es\/learn\/category\/christian-news\/"},"img":{"alt_text":"Vatican approves beatification cause of priest who pioneered monastic life in Korea","src":"https:\/\/i0.wp.com\/christianpure.com\/wp-content\/uploads\/2026\/01\/Vatican-approves-beatification-cause-of-priest-who-pioneered-monastic-life-in-Korea.webp?fit=672%2C448&ssl=1&resize=350%2C200","width":350,"height":200,"srcset":"https:\/\/i0.wp.com\/christianpure.com\/wp-content\/uploads\/2026\/01\/Vatican-approves-beatification-cause-of-priest-who-pioneered-monastic-life-in-Korea.webp?fit=672%2C448&ssl=1&resize=350%2C200 1x, https:\/\/i0.wp.com\/christianpure.com\/wp-content\/uploads\/2026\/01\/Vatican-approves-beatification-cause-of-priest-who-pioneered-monastic-life-in-Korea.webp?fit=672%2C448&ssl=1&resize=525%2C300 1.5x"},"classes":[]},{"id":8315,"url":"https:\/\/christianpure.com\/es\/learn\/sister-agnes-sasagawa-our-lady-of-akita-visionary-dies-at-93\/","url_meta":{"origin":27318,"position":4},"title":"Sister Agnes Sasagawa, Our Lady of Akita visionary, dies at 93","author":"Christian Pure Team","date":"agosto 18, 2024","format":false,"excerpt":"[ad_1] A Japanese nun holds her arms out as she prays at a chapel in her convent in Nagasaki, Japan. \/ Credit: Carl Court\/Getty Images CNA Staff, Aug 17, 2024 \/ 07:52 am (CNA). Sister Agnes Sasagawa, a Japanese nun whose purported visions of the Virgin Mary under the title of Our Lady of Akita included stark warnings for humanity and instructions to pray the rosary and repent of sin, died Aug. 15 at age 93.A parish priest in Akita,\u2026","rel":"","context":"En \u00abChristian News\u00bb","block_context":{"text":"Christian News","link":"https:\/\/christianpure.com\/es\/learn\/category\/christian-news\/"},"img":{"alt_text":"","src":"","width":0,"height":0},"classes":[]},{"id":19391,"url":"https:\/\/christianpure.com\/es\/learn\/why-is-st-jude-the-patron-saint-of-lost-causes\/","url_meta":{"origin":27318,"position":5},"title":"Why is St. Jude the patron saint of lost causes?","author":"Christian Pure Team","date":"octubre 28, 2024","format":false,"excerpt":"[ad_1] A candle of St. Jude. \/ Credit: Francesca Pollio\/CNA CNA Staff, Oct 28, 2024 \/ 04:00 am (CNA). On Oct. 28, the Catholic Church celebrates the feast of St. Jude, also known as Thaddeus, one of Jesus\u2019 12 apostles. He is believed to have written the Letter of Jude, one of the shortest books of the Bible, and is thought to have been martyred in Beirut around 65 A.D. He is typically depicted with a club or axe, symbolizing\u2026","rel":"","context":"En \u00abChristian News\u00bb","block_context":{"text":"Christian News","link":"https:\/\/christianpure.com\/es\/learn\/category\/christian-news\/"},"img":{"alt_text":"","src":"https:\/\/i0.wp.com\/christianpure.com\/wp-content\/uploads\/2024\/11\/1732489102_stjude.jpg?fit=1200%2C897&ssl=1&resize=350%2C200","width":350,"height":200,"srcset":"https:\/\/i0.wp.com\/christianpure.com\/wp-content\/uploads\/2024\/11\/1732489102_stjude.jpg?fit=1200%2C897&ssl=1&resize=350%2C200 1x, https:\/\/i0.wp.com\/christianpure.com\/wp-content\/uploads\/2024\/11\/1732489102_stjude.jpg?fit=1200%2C897&ssl=1&resize=525%2C300 1.5x, https:\/\/i0.wp.com\/christianpure.com\/wp-content\/uploads\/2024\/11\/1732489102_stjude.jpg?fit=1200%2C897&ssl=1&resize=700%2C400 2x, https:\/\/i0.wp.com\/christianpure.com\/wp-content\/uploads\/2024\/11\/1732489102_stjude.jpg?fit=1200%2C897&ssl=1&resize=1050%2C600 3x"},"classes":[]}],"jetpack_sharing_enabled":true,"jetpack_featured_media_url":"https:\/\/i0.wp.com\/christianpure.com\/wp-content\/uploads\/2025\/01\/A_lamb_is_wreathed_in_flowers_during_a_special_Mass_for_the_Feast_of_St_Agnes_at_the_Basilica_of_St.webp?fit=500%2C320&ssl=1","mfb_rest_fields":["title","jetpack_publicize_connections","jetpack-related-posts","jetpack_sharing_enabled","jetpack_featured_media_url"],"_links":{"self":[{"href":"https:\/\/christianpure.com\/es\/wp-json\/wp\/v2\/posts\/27318","targetHints":{"allow":["GET"]}}],"collection":[{"href":"https:\/\/christianpure.com\/es\/wp-json\/wp\/v2\/posts"}],"about":[{"href":"https:\/\/christianpure.com\/es\/wp-json\/wp\/v2\/types\/post"}],"author":[{"embeddable":true,"href":"https:\/\/christianpure.com\/es\/wp-json\/wp\/v2\/users\/1"}],"replies":[{"embeddable":true,"href":"https:\/\/christianpure.com\/es\/wp-json\/wp\/v2\/comments?post=27318"}],"version-history":[{"count":0,"href":"https:\/\/christianpure.com\/es\/wp-json\/wp\/v2\/posts\/27318\/revisions"}],"wp:featuredmedia":[{"embeddable":true,"href":"https:\/\/christianpure.com\/es\/wp-json\/wp\/v2\/media\/27319"}],"wp:attachment":[{"href":"https:\/\/christianpure.com\/es\/wp-json\/wp\/v2\/media?parent=27318"}],"wp:term":[{"taxonomy":"category","embeddable":true,"href":"https:\/\/christianpure.com\/es\/wp-json\/wp\/v2\/categories?post=27318"},{"taxonomy":"post_tag","embeddable":true,"href":"https:\/\/christianpure.com\/es\/wp-json\/wp\/v2\/tags?post=27318"},{"taxonomy":"series","embeddable":true,"href":"https:\/\/christianpure.com\/es\/wp-json\/wp\/v2\/series?post=27318"}],"curies":[{"name":"wp","href":"https:\/\/api.w.org\/{rel}","templated":true}]}}