{"id":37593,"date":"2025-05-31T13:47:37","date_gmt":"2025-05-31T13:47:37","guid":{"rendered":"https:\/\/christianpure.com\/?p=37593"},"modified":"2025-05-31T13:47:37","modified_gmt":"2025-05-31T13:47:37","slug":"the-meaning-of-pope-leo-xivs-inauguration-mass-and-taking-possession-of-st-john-lateran","status":"publish","type":"post","link":"https:\/\/christianpure.com\/es\/learn\/the-meaning-of-pope-leo-xivs-inauguration-mass-and-taking-possession-of-st-john-lateran\/","title":{"rendered":"El significado de la misa de inauguraci\u00f3n del Papa Le\u00f3n XIV y la toma de posesi\u00f3n de San Juan de Letr\u00e1n"},"content":{"rendered":"<div style=\"width: 100%; margin-bottom: 25px;\">\n  <img data-recalc-dims=\"1\" decoding=\"async\" src=\"https:\/\/i0.wp.com\/www.catholicnewsagency.com\/storage\/image\/whatsapp-image-2025-05-11-at-12.27.12.jpeg?ssl=1\" style=\"display: block; margin: auto; max-width: 100%\" \/><br \/>\n  <span style=\"text-align: right; font-style: italic;\">El Papa Le\u00f3n XIV sonr\u00ede mientras una multitud jubilosa se une en oraci\u00f3n el domingo 11 de mayo de 2025. \/ Cr\u00e9dito: Daniel Ib\u00e1\u00f1ez\/CNA<\/span>\n<\/div>\n<p>Ciudad del Vaticano, 17 de mayo de 2025 \/ 07:00 am (CNA).<\/p>\n<p>La Misa de inauguraci\u00f3n del pontificado del Papa Le\u00f3n XIV se celebrar\u00e1 el domingo 18 de mayo a las 10 a.m., hora de Roma, en la Plaza de San Pedro. La liturgia marcar\u00e1 el inicio oficial de su ministerio como sucesor de Pedro y obispo de Roma. El 25 de mayo, tomar\u00e1 posesi\u00f3n can\u00f3nica de la Bas\u00edlica de San Juan de Letr\u00e1n, la catedral del obispo de Roma.<\/p>\n<p>La Misa del 18 de mayo se celebrar\u00e1 seg\u00fan lo establecido en el \u201cOrdo de los ritos para el inicio del ministerio petrino del obispo de Roma\u201d, un libro lit\u00fargico aprobado por Benedicto XVI en 2005 y reformado por \u00e9l en 2013.<\/p>\n<p>\u201cEl inicio del ministerio petrino es lo que sol\u00eda ser la celebraci\u00f3n de la coronaci\u00f3n del Papa. Ahora, los papas ya no son coronados con la tiara de tres niveles, usada hasta Pablo VI, sino que comienzan su ministerio como sucesor de Pedro\u201d, explic\u00f3 el padre Juan Jos\u00e9 Silvestre a ACI Prensa, socio de noticias en espa\u00f1ol de CNA. Silvestre es profesor de liturgia en el departamento de teolog\u00eda de la Universidad de Navarra.<\/p>\n<p>Adem\u00e1s, durante esta ceremonia, Le\u00f3n XIV recibir\u00e1 el palio y el anillo del pescador, dos elementos con un profundo significado teol\u00f3gico y pastoral que marcan el inicio de su pontificado.<\/p>\n<p>El inicio del pontificado tambi\u00e9n incluye la toma de posesi\u00f3n can\u00f3nica de las otras tres bas\u00edlicas papales, incluida la Bas\u00edlica de San Juan de Letr\u00e1n, la catedral de Roma y, por tanto, del Papa.<\/p>\n<p>La toma de posesi\u00f3n de la Bas\u00edlica de San Juan de Letr\u00e1n tendr\u00e1 lugar el 25 de mayo y tiene un car\u00e1cter distintivo. \u201cDefine al Santo Padre como tal, o mejor dicho, es un recordatorio de que \u00e9l es el obispo de Roma\u201d, se\u00f1al\u00f3 Silvestre.<\/p>\n<p>\u201cAs\u00ed como un obispo, una vez nombrado, tiene un per\u00edodo de dos meses para tomar posesi\u00f3n de su catedral, su sede, as\u00ed el Papa, como obispo, tambi\u00e9n ser\u00e1 recibido por el cabildo catedralicio y, una vez sentado en su c\u00e1tedra [trono o silla del obispo] en San Juan de Letr\u00e1n de la Di\u00f3cesis de Roma, recibir\u00e1 la expresi\u00f3n de obediencia y respeto de un grupo representativo de la Di\u00f3cesis de Roma\u201d, se\u00f1al\u00f3.<\/p>\n<h2>Misa de inauguraci\u00f3n del pontificado<\/h2>\n<p>Seg\u00fan el programa, la solemne ceremonia del 18 de mayo comenzar\u00e1 dentro de la Bas\u00edlica de San Pedro, ante el Altar de la Confesi\u00f3n. \u201cEl Papa Le\u00f3n XIV ir\u00e1 ante la tumba del Ap\u00f3stol Pedro para rezar all\u00ed en silencio, momentos antes de la solemne Misa de iniciaci\u00f3n de su ministerio petrino como obispo de Roma\u201d, explic\u00f3 Silvestre.<\/p>\n<p>Los patriarcas de las Iglesias cat\u00f3licas orientales en comuni\u00f3n con Roma tambi\u00e9n participar\u00e1n en este momento de recogimiento y oraci\u00f3n. Despu\u00e9s, comenzar\u00e1 la procesi\u00f3n lit\u00fargica hacia la Plaza de San Pedro, encabezada por el Papa desde el interior de la bas\u00edlica hasta el altar al aire libre donde se celebrar\u00e1 la Misa.<\/p>\n<p>Durante la procesi\u00f3n, se entonan las \u201cLaudes Regiae\u201d (\u201cAlabanzas Reales\u201d), una letan\u00eda solemne de los santos apropiada para esta ocasi\u00f3n. \u201cEs una forma particular de la Letan\u00eda de los Santos en la que se busca la intercesi\u00f3n de los santos, agrupados en distintos grupos, para rezar por la santidad del Papa\u201d, dijo el experto en liturgia.<\/p>\n<p>Este antiguo canto lit\u00fargico acompa\u00f1\u00f3 las victorias imperiales romanas en el pasado lejano. Fue revivido por el emperador Carlomagno el d\u00eda de Navidad del a\u00f1o 800 durante su coronaci\u00f3n como emperador y desde entonces se ha convertido en un himno solemne para los ritos mon\u00e1rquicos.<\/p>\n<p>Tambi\u00e9n cantadas para los reyes de Francia y los soberanos de Inglaterra hasta la Reforma, las \u201cLaudes Regiae\u201d evocan una verdad teol\u00f3gica central: todo poder terrenal proviene de Dios y debe ejercerse con humildad y responsabilidad.<\/p>\n<h2>El palio y el anillo del pescador<\/h2>\n<p>Uno de los momentos centrales del rito es la presentaci\u00f3n de los signos del ministerio petrino, \u201clos dos elementos que marcan el inicio del pontificado. Anteriormente, se colocaba la tiara al Papa, pero ahora los elementos importantes son el palio papal y el anillo del pescador\u201d, relat\u00f3 Silvestre.<\/p>\n<p>Ambos elementos tienen un profundo significado teol\u00f3gico y pastoral. \u201cEl palio, que es una especie de estola o bufanda, est\u00e1 hecho de lana de oveja y representa al Papa como un pastor que lleva el reba\u00f1o, es decir, la Iglesia, sobre sus hombros\u201d, explic\u00f3 el experto en liturgia.<\/p>\n<p>Respecto al anillo del pescador, el sacerdote dijo que \u201ces una especie de anillo de oro en el que est\u00e1 grabada una representaci\u00f3n de San Pedro en su barca y el nombre del Papa\u201d. Este anillo tambi\u00e9n tiene una funci\u00f3n pr\u00e1ctica porque \u201cse utiliza para sellar documentos\u201d.&nbsp;<\/p>\n<p>Hasta la Misa de este domingo, el pont\u00edfice ha estado usando su anillo episcopal habitual. Despu\u00e9s del rito de presentaci\u00f3n de ambos elementos, tendr\u00e1 lugar el acto de fidelidad del Colegio Cardenalicio al nuevo Papa.<\/p>\n<p>\u201cVeremos a una representaci\u00f3n de los cardenales \u2014en nombre de todo el colegio\u2014 acercarse al Santo Padre para expresar su reverencia, obediencia y comuni\u00f3n eclesial\u201d, dijo Silvestre.<\/p>\n<h2>Proclamaci\u00f3n del Evangelio en griego y lat\u00edn<\/h2>\n<p>Otra de las caracter\u00edsticas principales de esta Misa que marca la inauguraci\u00f3n del pontificado es la proclamaci\u00f3n del Evangelio en griego y lat\u00edn, porque \u201cel sucesor de Pedro es el Papa de los cat\u00f3licos orientales y de los cat\u00f3licos latinos\u201d.<\/p>\n<p>Despu\u00e9s de la Misa inaugural en San Pedro, Le\u00f3n XIV tomar\u00e1 posesi\u00f3n de las otras tres bas\u00edlicas papales. El martes 20 de mayo, tomar\u00e1 posesi\u00f3n de la Bas\u00edlica de San Pablo Extramuros. El domingo 25 de mayo, se celebrar\u00e1 su segundo Regina Caeli, y ese mismo d\u00eda tomar\u00e1 posesi\u00f3n de las bas\u00edlicas de San Juan de Letr\u00e1n y Santa Mar\u00eda la Mayor.<\/p>\n<p>La visita a la Bas\u00edlica de San Pablo Extramuros el 20 de mayo se centrar\u00e1 en la veneraci\u00f3n de la tumba del ap\u00f3stol de los gentiles: \u201cVeremos al Papa rezar ante la tumba de San Pablo\u201d.<\/p>\n<p>Finalmente, la visita a la Bas\u00edlica de Santa Mar\u00eda la Mayor \u2014donde el Papa Francisco sol\u00eda ir y donde est\u00e1 enterrado\u2014 incluir\u00e1 la devoci\u00f3n mariana. \u201cDurante su visita a Santa Mar\u00eda la Mayor, el Papa Le\u00f3n XIV venerar\u00e1 el icono m\u00e1s famoso de la ciudad de Roma, la \u2018Salus Populi Romani\u2019 [\u2018Protecci\u00f3n del Pueblo Romano\u2019]\u201d, a\u00f1adi\u00f3 Silvestre.<\/p>\n<h2>Dimensi\u00f3n universal y diplom\u00e1tica<\/h2>\n<p>En cualquier caso, Silvestre enfatiz\u00f3 que la Misa de inauguraci\u00f3n del pontificado tendr\u00e1 un car\u00e1cter claramente universal porque \u201cenfatiza al Santo Padre como pastor de la Iglesia universal\u201d.<\/p>\n<p>Por lo tanto, adem\u00e1s de miles de fieles, asistir\u00e1n jefes de Estado y representantes diplom\u00e1ticos de varios pa\u00edses. \u201cLa Santa Sede tiene relaciones diplom\u00e1ticas con m\u00e1s de 180 pa\u00edses\u201d, se\u00f1al\u00f3 el experto en liturgia.<\/p>\n<p><em>Esta historia <\/em><a href=\"https:\/\/www.aciprensa.com\/noticias\/113353\/que-significan-la-misa-de-inicio-de-pontificado-de-leon-xiv-y-la-toma-de-posesion-en-san-juan-de-letran\" target=\"null\" class=\"null\" rel=\"noopener noreferrer nofollow\"><em>fue publicada originalmente <\/em><\/a><em>por ACI Prensa, socio de noticias en espa\u00f1ol de CNA. Ha sido traducida y adaptada por CNA.<\/em><\/p>","protected":false},"excerpt":{"rendered":"<p>El Papa Le\u00f3n XIV sonr\u00ede mientras una multitud jubilosa se une en oraci\u00f3n el domingo 11 de mayo de 2025. \/ Cr\u00e9dito: Daniel Ib\u00e1\u00f1ez\/CNA Ciudad del Vaticano, 17 de mayo de 2025 \/ 07:00 a.m. (CNA). La Misa de inauguraci\u00f3n del pontificado del Papa Le\u00f3n XIV se celebrar\u00e1 el domingo 18 de mayo a las 10 a.m., hora de Roma, en la Plaza de San Pedro. [\u2026]<\/p>","protected":false},"author":11,"featured_media":41105,"comment_status":"open","ping_status":"closed","sticky":false,"template":"","format":"standard","meta":{"_acf_changed":false,"_jetpack_memberships_contains_paid_content":false,"footnotes":"","jetpack_publicize_message":"","jetpack_publicize_feature_enabled":true,"jetpack_social_post_already_shared":true,"jetpack_social_options":{"image_generator_settings":{"template":"highway","default_image_id":0,"font":"","enabled":false},"version":2},"_wpas_customize_per_network":false},"categories":[100],"tags":[],"series":[],"class_list":["post-37593","post","type-post","status-publish","format-standard","has-post-thumbnail","hentry","category-christian-news"],"mb":[],"acf":[],"jetpack_publicize_connections":[],"jetpack_featured_media_url":"https:\/\/i0.wp.com\/christianpure.com\/wp-content\/uploads\/2025\/05\/The-meaning-of-Pope-Leo-XIVs-inauguration-Mass-and-taking-possession-of-St.-John-Lateran.webp?fit=800%2C533&quality=75&ssl=1","jetpack-related-posts":[],"jetpack_sharing_enabled":true,"mfb_rest_fields":["title","jetpack_publicize_connections","jetpack_featured_media_url","jetpack-related-posts","jetpack_sharing_enabled"],"_links":{"self":[{"href":"https:\/\/christianpure.com\/es\/wp-json\/wp\/v2\/posts\/37593","targetHints":{"allow":["GET"]}}],"collection":[{"href":"https:\/\/christianpure.com\/es\/wp-json\/wp\/v2\/posts"}],"about":[{"href":"https:\/\/christianpure.com\/es\/wp-json\/wp\/v2\/types\/post"}],"author":[{"embeddable":true,"href":"https:\/\/christianpure.com\/es\/wp-json\/wp\/v2\/users\/11"}],"replies":[{"embeddable":true,"href":"https:\/\/christianpure.com\/es\/wp-json\/wp\/v2\/comments?post=37593"}],"version-history":[{"count":0,"href":"https:\/\/christianpure.com\/es\/wp-json\/wp\/v2\/posts\/37593\/revisions"}],"wp:featuredmedia":[{"embeddable":true,"href":"https:\/\/christianpure.com\/es\/wp-json\/wp\/v2\/media\/41105"}],"wp:attachment":[{"href":"https:\/\/christianpure.com\/es\/wp-json\/wp\/v2\/media?parent=37593"}],"wp:term":[{"taxonomy":"category","embeddable":true,"href":"https:\/\/christianpure.com\/es\/wp-json\/wp\/v2\/categories?post=37593"},{"taxonomy":"post_tag","embeddable":true,"href":"https:\/\/christianpure.com\/es\/wp-json\/wp\/v2\/tags?post=37593"},{"taxonomy":"series","embeddable":true,"href":"https:\/\/christianpure.com\/es\/wp-json\/wp\/v2\/series?post=37593"}],"curies":[{"name":"wp","href":"https:\/\/api.w.org\/{rel}","templated":true}]}}