{"id":57775,"date":"2025-10-14T08:54:06","date_gmt":"2025-10-14T08:54:06","guid":{"rendered":"https:\/\/christianpure.com\/?p=57775"},"modified":"2025-10-14T08:54:06","modified_gmt":"2025-10-14T08:54:06","slug":"palestines-president-calls-pope-leo-xiv-concerning-holy-land-conflict","status":"publish","type":"post","link":"https:\/\/christianpure.com\/es\/learn\/palestines-president-calls-pope-leo-xiv-concerning-holy-land-conflict\/","title":{"rendered":"Palestine\u2019s president calls Pope Leo XIV concerning Holy Land conflict"},"content":{"rendered":"<div style=\"width: 100%; margin-bottom: 25px;\">\n  <img data-recalc-dims=\"1\" decoding=\"async\" src=\"https:\/\/i0.wp.com\/www.catholicnewsagency.com\/images\/mahmoudabbas.jpg?ssl=1\" style=\"display: block; margin: auto; max-width: 100%\" \/><br \/>\n  <span style=\"text-align: right; font-style: italic;\">El presidente palestino Mahmoud Abbas llam\u00f3 al Papa Le\u00f3n XIV el lunes 21 de julio de 2025 para discutir el conflicto en curso en Gaza y Cisjordania. \/ Cr\u00e9dito: A Katz\/Shutterstock<\/span>\n<\/div>\n<p>Redacci\u00f3n de Roma, 21 de julio de 2025 \/ 11:47 am (CNA).<\/p>\n<p>El Papa Le\u00f3n XIV habl\u00f3 por tel\u00e9fono con el presidente Mahmoud Abbas de Palestina, quien llam\u00f3 al pont\u00edfice el lunes por la ma\u00f1ana con respecto al conflicto en Gaza y Cisjordania.&nbsp;<\/p>\n<p>Seg\u00fan el Vaticano, el Santo Padre reiter\u00f3 su <a href=\"https:\/\/www.catholicnewsagency.com\/news\/265457\/pope-leo-xiv-prays-by-name-for-gaza-parish-strike-victims-renews-plea-for-ceasefire\" target=\"null\" class=\"null\" rel=\"noopener noreferrer nofollow\">appeal<\/a> por la protecci\u00f3n de \u201cciviles y lugares sagrados\u201d durante su conversaci\u00f3n con el presidente palestino.&nbsp;<\/p>\n<p>Adem\u00e1s de reiterar su preocupaci\u00f3n por que el derecho internacional humanitario sea \u201cplenamente respetado\u201d, el Papa pidi\u00f3 espec\u00edficamente la prohibici\u00f3n del \u201cuso indiscriminado de la fuerza\u201d y el \u201ctraslado forzoso\u201d de personas en la regi\u00f3n.<\/p>\n<p>Tambi\u00e9n enfatiz\u00f3 \u201cla urgente necesidad de brindar asistencia a los m\u00e1s vulnerables a las consecuencias del conflicto y permitir la entrada adecuada de ayuda humanitaria\u201d, seg\u00fan la Oficina de Prensa de la Santa Sede.&nbsp;<\/p>\n<p>La llamada telef\u00f3nica del lunes entre Le\u00f3n y Abbas se produce un d\u00eda despu\u00e9s de que el presidente de Palestina lanzara una <a href=\"https:\/\/x.com\/Palestine_UN\/status\/1947195744865153035\" target=\"null\" class=\"null\" rel=\"noopener noreferrer nofollow\">campa\u00f1a de contacto internacional<\/a> a l\u00edderes mundiales y organizaciones internacionales para detener la destrucci\u00f3n de Gaza y poner fin al \u201ccrimen de hambruna\u201d contra su pueblo.<\/p>\n<p>En su <a href=\"https:\/\/x.com\/Palestine_UN\/status\/1947195744865153035\" target=\"null\" class=\"null\" rel=\"noopener noreferrer nofollow\">declaraci\u00f3n<\/a> publicado en la cuenta oficial de X de Palestina el lunes, el presidente pidi\u00f3 el fin del \u201cterrorismo de los colonos\u201d y de los \u201cataques a los lugares sagrados cristianos e isl\u00e1micos en Cisjordania, incluida Jerusal\u00e9n\u201d.&nbsp;<\/p>\n<p>El Vaticano dijo que el d\u00e9cimo aniversario del \u201c<a href=\"https:\/\/press.vatican.va\/content\/salastampa\/it\/bollettino\/pubblico\/2015\/06\/26\/0511\/01117.html#ingg\" target=\"null\" class=\"null\" rel=\"noopener noreferrer nofollow\">Acuerdo Integral entre la Santa Sede y el Estado de Palestina<\/a>\u201d, firmado el 26 de junio de 2015, tambi\u00e9n fue discutido al final de la conversaci\u00f3n.<\/p>\n<p>Este mes, l\u00edderes religiosos y diplom\u00e1ticos que representan a 20 pa\u00edses denunciaron actos de violencia contra cristianos en el pueblo de Taybeh, en Cisjordania, despu\u00e9s de que colonos israel\u00edes incendiaran el cementerio de la iglesia del siglo V de San Jorge Al Khidr el 7 de julio.<\/p>\n<p>La semana pasada, una <a href=\"https:\/\/www.catholicnewsagency.com\/news\/265423\/israel-says-holy-family-church-in-gaza-was-mistakenly-hit-regrets-damage\" target=\"null\" class=\"null\" rel=\"noopener noreferrer nofollow\">operaci\u00f3n militar israel\u00ed<\/a> provoc\u00f3 la muerte de tres personas e hiri\u00f3 a muchas otras en el complejo de la Iglesia de la Sagrada Familia en Gaza. Israel dijo que la \u00fanica iglesia cat\u00f3lica de la ciudad fue \u201cgolpeada por error\u201d y lament\u00f3 el \u201cda\u00f1o involuntario\u201d a la parroquia.<\/p>\n<p>Tanto el Patriarca Latino de Jerusal\u00e9n, el Cardenal Pierbattista Pizzaballa, como el Patriarca Ortodoxo Griego de Jerusal\u00e9n, Te\u00f3filo III, encabezaron una delegaci\u00f3n eclesi\u00e1stica a <a href=\"https:\/\/www.catholicnewsagency.com\/news\/265387\/jerusalem-church-heads-visit-taybeh-in-the-west-bank-christians-presence-in-the-holy-land-is-at-risk\" target=\"null\" class=\"null\" rel=\"noopener noreferrer nofollow\">Taybeh<\/a> el 14 de julio y <a href=\"https:\/\/www.catholicnewsagency.com\/news\/265427\/cardinal-pizzaballa-patriarch-theophilos-iii-visit-holy-family-church-in-gaza-after-israeli-attack\" target=\"null\" class=\"null\" rel=\"noopener noreferrer nofollow\">Gaza<\/a> el 18 de julio como se\u00f1al de solidaridad con las comunidades locales.<\/p>\n<p>Seg\u00fan el gobierno palestino, aproximadamente 59,000 personas han muerto en Gaza, incluidos m\u00e1s de 18,000 ni\u00f1os y 10,000 mujeres desde el estallido de la guerra entre Israel y Ham\u00e1s el 7 de octubre de 2023.<\/p>\n<p>During a <a href=\"https:\/\/x.com\/PalestinePMO\/status\/1947292460524372038\" target=\"null\" class=\"null\" rel=\"noopener noreferrer nofollow\">conferencia de prensa celebrada en Ramallah<\/a>, Cisjordania, el lunes, el primer ministro de Palestina, Mohammad Mustafa, dijo que \u201cGaza se ha convertido en un cementerio para ni\u00f1os\u201d.&nbsp;<\/p>\n<p>\u201cNuestros ni\u00f1os est\u00e1n siendo atacados, asesinados, heridos, muertos de hambre y privados de los derechos m\u00e1s b\u00e1sicos: alimentaci\u00f3n, agua potable, refugio, seguridad y educaci\u00f3n\u201d, dijo Mustafa. \u201cIsrael contin\u00faa utilizando el hambre como arma de guerra\u201d.<\/p>\n<p><a href=\"https:\/\/www.catholicnewsagency.com\/news\/265463\/palestine-s-president-calls-pope-leo-xiv-concerning-holy-land-conflict\" rel=\"nofollow\">https:\/\/www.catholicnewsagency.com\/news\/265463\/palestine-s-president-calls-pope-leo-xiv-concerning-holy-land-conflict<\/a><\/p>","protected":false},"excerpt":{"rendered":"<p>Palestinian President Mahmoud Abbas called Pope Leo XIV on Monday, July 21, 2025, to discuss the ongoing conflict in Gaza and the West Bank. \/ Credit: A Katz\/Shutterstock Rome Newsroom, Jul 21, 2025 \/ 11:47 am (CNA). Pope Leo XIV spoke on the phone with President Mahmoud Abbas of Palestine, who called the pope on [\u2026]<\/p>","protected":false},"author":11,"featured_media":66504,"comment_status":"open","ping_status":"closed","sticky":false,"template":"","format":"standard","meta":{"_acf_changed":false,"_jetpack_memberships_contains_paid_content":false,"footnotes":"","jetpack_publicize_message":"","jetpack_publicize_feature_enabled":true,"jetpack_social_post_already_shared":true,"jetpack_social_options":{"image_generator_settings":{"template":"highway","default_image_id":0,"font":"","enabled":false},"version":2},"_wpas_customize_per_network":false},"categories":[100],"tags":[],"series":[],"class_list":["post-57775","post","type-post","status-publish","format-standard","has-post-thumbnail","hentry","category-christian-news"],"mb":[],"acf":[],"jetpack_publicize_connections":[],"jetpack_featured_media_url":"https:\/\/i0.wp.com\/christianpure.com\/wp-content\/uploads\/2025\/10\/Palestines-president-calls-Pope-Leo-XIV-concerning-Holy-Land-conflict.webp?fit=800%2C534&quality=75&ssl=1","jetpack-related-posts":[],"jetpack_sharing_enabled":true,"mfb_rest_fields":["title","jetpack_publicize_connections","jetpack_featured_media_url","jetpack-related-posts","jetpack_sharing_enabled"],"_links":{"self":[{"href":"https:\/\/christianpure.com\/es\/wp-json\/wp\/v2\/posts\/57775","targetHints":{"allow":["GET"]}}],"collection":[{"href":"https:\/\/christianpure.com\/es\/wp-json\/wp\/v2\/posts"}],"about":[{"href":"https:\/\/christianpure.com\/es\/wp-json\/wp\/v2\/types\/post"}],"author":[{"embeddable":true,"href":"https:\/\/christianpure.com\/es\/wp-json\/wp\/v2\/users\/11"}],"replies":[{"embeddable":true,"href":"https:\/\/christianpure.com\/es\/wp-json\/wp\/v2\/comments?post=57775"}],"version-history":[{"count":0,"href":"https:\/\/christianpure.com\/es\/wp-json\/wp\/v2\/posts\/57775\/revisions"}],"wp:featuredmedia":[{"embeddable":true,"href":"https:\/\/christianpure.com\/es\/wp-json\/wp\/v2\/media\/66504"}],"wp:attachment":[{"href":"https:\/\/christianpure.com\/es\/wp-json\/wp\/v2\/media?parent=57775"}],"wp:term":[{"taxonomy":"category","embeddable":true,"href":"https:\/\/christianpure.com\/es\/wp-json\/wp\/v2\/categories?post=57775"},{"taxonomy":"post_tag","embeddable":true,"href":"https:\/\/christianpure.com\/es\/wp-json\/wp\/v2\/tags?post=57775"},{"taxonomy":"series","embeddable":true,"href":"https:\/\/christianpure.com\/es\/wp-json\/wp\/v2\/series?post=57775"}],"curies":[{"name":"wp","href":"https:\/\/api.w.org\/{rel}","templated":true}]}}