{"id":57781,"date":"2025-10-07T12:15:03","date_gmt":"2025-10-07T12:15:03","guid":{"rendered":"https:\/\/christianpure.com\/?p=57781"},"modified":"2025-10-07T12:15:03","modified_gmt":"2025-10-07T12:15:03","slug":"bishop-barron-to-address-u-s-pilgrims-in-rome-during-jubilee-of-youth","status":"publish","type":"post","link":"https:\/\/christianpure.com\/es\/learn\/bishop-barron-to-address-u-s-pilgrims-in-rome-during-jubilee-of-youth\/","title":{"rendered":"El obispo Barron se dirigir\u00e1 a los peregrinos estadounidenses en Roma durante el Jubileo de la Juventud"},"content":{"rendered":"<div style=\"width: 100%; margin-bottom: 25px;\">\n  <img data-recalc-dims=\"1\" decoding=\"async\" src=\"https:\/\/i0.wp.com\/www.catholicnewsagency.com\/storage\/image\/bishopbarronwyd8.2.23-8.jpeg?ssl=1\" style=\"display: block; margin: auto; max-width: 100%\" \/><br \/>\n  <span style=\"text-align: right; font-style: italic;\">El obispo Robert Barron habla ante decenas de miles de j\u00f3venes en un encuentro de la Jornada Mundial de la Juventud en Lisboa, Portugal, el 2 de agosto de 2023. El evento, organizado por la conferencia episcopal de EE. UU., culmin\u00f3 con una procesi\u00f3n eucar\u00edstica y una Hora Santa. \/ Cr\u00e9dito: Nuria Chiccon\/EWTN News<\/span>\n<\/div>\n<p>Ciudad del Vaticano, 21 de julio de 2025 \/ 12:44 pm (CNA).<\/p>\n<p>El obispo Robert Barron ofrecer\u00e1 un discurso principal ante m\u00e1s de 3,500 j\u00f3venes peregrinos estadounidenses en un evento especial en Roma el 30 de julio, parte de las celebraciones globales del Jubileo de los J\u00f3venes que se espera atraigan a m\u00e1s de 100,000 j\u00f3venes a la Ciudad Eterna.<\/p>\n<p>el <a href=\"https:\/\/www.usccb.org\/events\/2025\/usa-national-jubilee-pilgrim-gathering\" target=\"_blank\" class=\"Hyperlink SCXW257277825 BCX4\" rel=\"noopener noreferrer nofollow\">Encuentro Nacional de Peregrinos de EE. UU.<\/a> en la Bas\u00edlica Papal de San Pablo Extramuros est\u00e1 siendo organizado por la Conferencia de Obispos Cat\u00f3licos de EE. UU. e incluir\u00e1 adoraci\u00f3n eucar\u00edstica, catequesis y una procesi\u00f3n con reliquias de 12 santos y beatos significativos para la Iglesia estadounidense y la juventud cat\u00f3lica.<\/p>\n<p>Barron, obispo de Winona-Rochester, Minnesota, y presidente del Comit\u00e9 de Laicos, Matrimonio, Vida Familiar y Juventud de la Conferencia de Obispos Cat\u00f3licos de EE. UU. (USCCB), hablar\u00e1 sobre lo que significa ser un testigo misionero en el mundo actual.<\/p>\n<p>Los peregrinos tendr\u00e1n la oportunidad de atravesar la Puerta Santa de la bas\u00edlica, abierta como parte de las celebraciones del a\u00f1o jubilar de la Iglesia Cat\u00f3lica, y de rezar ante la tumba de San Pablo.<\/p>\n<p>El obispo Edward Burns de Dallas, quien es el presidente electo del comit\u00e9, dirigir\u00e1 una Hora Santa eucar\u00edstica durante el evento vespertino de tres horas, que comienza a las 7 p.m. hora local (1 p.m. ET). EWTN transmitir\u00e1 el evento y tambi\u00e9n habr\u00e1 una transmisi\u00f3n en vivo disponible en el canal de YouTube de la USCCB. Las di\u00f3cesis de EE. UU. est\u00e1n animando a las parroquias a conectarse con los grupos juveniles en sus lugares de origen.<\/p>\n<p>Barron, conocido por sus esfuerzos de evangelizaci\u00f3n digital a trav\u00e9s de su ministerio medi\u00e1tico Word on Fire, salt\u00f3 a la fama aprovechando plataformas en l\u00ednea como YouTube y Reddit para llegar a los j\u00f3venes cat\u00f3licos y a los no afiliados religiosamente.<\/p>\n<p>Su discurso principal llega justo un d\u00eda despu\u00e9s de la clausura del <a href=\"https:\/\/www.digitalismissio.org\/storage\/2025\/07\/EN-Program-of-Digital-Jubilee-2025-3.pdf\" target=\"_blank\" class=\"Hyperlink SCXW257277825 BCX4\" rel=\"noopener noreferrer nofollow\">Jubileo de los Misioneros Digitales e Influencers Cat\u00f3licos<\/a>, un evento paralelo en Roma que cont\u00f3 con los padres jesuitas David McCallum y Antonio Spadaro como ponentes. El cardenal Luis Antonio Tagle tambi\u00e9n ofrecer\u00e1 una misa en la Bas\u00edlica de San Pedro el 29 de julio para los j\u00f3venes misioneros digitales.<\/p>\n<p>El Jubileo de los J\u00f3venes, que se lleva a cabo del 28 de julio al 3 de agosto, incluye una <a href=\"https:\/\/www.iubilaeum2025.va\/en\/pellegrinaggio\/calendario-giubileo\/GrandiEventi\/Giubileo-dei-Giovani.html\" target=\"_blank\" class=\"Hyperlink SCXW257277825 BCX4\" rel=\"noopener noreferrer nofollow\">serie de eventos espirituales y culturales<\/a>. Entre ellos: un d\u00eda penitencial en el Circo M\u00e1ximo el 1 de agosto, una vigilia de oraci\u00f3n masiva en Tor Vergata el 2 de agosto dirigida por el Papa Le\u00f3n XIV, y una misa de clausura celebrada por el papa el 3 de agosto.<\/p>\n<p>Los peregrinos tambi\u00e9n ser\u00e1n invitados a participar en <a href=\"https:\/\/worldyouthday.com\/jubileeofyouth\/\" target=\"_blank\" class=\"Hyperlink SCXW257277825 BCX4\" rel=\"noopener noreferrer nofollow\">peregrinaciones a pie<\/a> a lugares vinculados a santos j\u00f3venes, asistidos por mapas digitales en la <a href=\"https:\/\/www.ewtntravelapp.com\/youngsaints\/c\/0\" target=\"_blank\" class=\"Hyperlink SCXW257277825 BCX4\" rel=\"noopener noreferrer nofollow\">aplicaci\u00f3n EWTN Travel<\/a>. Las paradas incluyen las tumbas de Santa In\u00e9s, Santa Cecilia y San Felipe Neri, as\u00ed como reliquias que han sido tra\u00eddas a la Ciudad Eterna para el jubileo, incluyendo las <a href=\"https:\/\/cco.ca\/carlo-in-rome\/\" target=\"_blank\" class=\"Hyperlink SCXW257277825 BCX4\" rel=\"noopener noreferrer nofollow\">reliquias del Beato Carlo Acutis<\/a>, <a href=\"https:\/\/jesusyouth.org\/monthly-roundup-details.php?id=95\" target=\"_blank\" class=\"Hyperlink SCXW257277825 BCX4\" rel=\"noopener noreferrer nofollow\">Beato Iv\u00e1n Merz<\/a>, y <a href=\"https:\/\/www.catholicnewsagency.com\/news\/265217\/blessed-pier-giorgio-frassati-s-incorrupt-body-to-be-in-rome-for-jubilee-of-youth\" target=\"_blank\" class=\"Hyperlink SCXW257277825 BCX4\" rel=\"noopener noreferrer nofollow\">la tumba del Beato Pier Giorgio Frassati.<\/a><\/p>\n<p>Otros grupos nacionales tambi\u00e9n est\u00e1n marcando la semana con sus propios eventos. M\u00e1s de 1,000 peregrinos surcoreanos se reunir\u00e1n para una misa en la Bas\u00edlica de San Cris\u00f3gono en Trastevere el 31 de julio, celebrada por el cardenal Andrew Yeom Soo-jung, arzobispo em\u00e9rito de Se\u00fal, con el obispo auxiliar Paul Kyung-sang Lee de Se\u00fal predicando la homil\u00eda. La Arquidi\u00f3cesis de Se\u00fal ser\u00e1 la anfitriona de la pr\u00f3xima Jornada Mundial de la Juventud con el papa en 2027.<\/p>\n<p>el <a href=\"https:\/\/www.facebook.com\/wyd.can\" target=\"_blank\" class=\"Hyperlink SCXW257277825 BCX4\" rel=\"noopener noreferrer nofollow\">Encuentro Nacional de Peregrinos de Canad\u00e1<\/a> tendr\u00e1 lugar el 29 de julio en la Bas\u00edlica de Sant'Andrea della Valle.<\/p>\n<p><a href=\"https:\/\/www.catholicnewsagency.com\/news\/265465\/bishop-barron-to-address-us-pilgrims-in-rome-during-jubilee-of-youth\" rel=\"nofollow\">https:\/\/www.catholicnewsagency.com\/news\/265465\/bishop-barron-to-address-us-pilgrims-in-rome-during-jubilee-of-youth<\/a><\/p>","protected":false},"excerpt":{"rendered":"<p>El obispo Robert Barron habla ante decenas de miles de j\u00f3venes en un encuentro de la Jornada Mundial de la Juventud en Lisboa, Portugal, el 2 de agosto de 2023. El evento, organizado por la conferencia episcopal de EE. UU., culmin\u00f3 con una procesi\u00f3n eucar\u00edstica y una Hora Santa. \/ Cr\u00e9dito: Nuria Chiccon\/EWTN News Ciudad del Vaticano, 21 de julio de 2025 \/ 12:44 pm (CNA). El obispo Robert [\u2026]<\/p>","protected":false},"author":11,"featured_media":65880,"comment_status":"open","ping_status":"closed","sticky":false,"template":"","format":"standard","meta":{"_acf_changed":false,"_jetpack_memberships_contains_paid_content":false,"footnotes":"","jetpack_publicize_message":"","jetpack_publicize_feature_enabled":true,"jetpack_social_post_already_shared":true,"jetpack_social_options":{"image_generator_settings":{"template":"highway","default_image_id":0,"font":"","enabled":false},"version":2},"_wpas_customize_per_network":false},"categories":[100],"tags":[],"series":[],"class_list":["post-57781","post","type-post","status-publish","format-standard","has-post-thumbnail","hentry","category-christian-news"],"mb":[],"acf":[],"jetpack_publicize_connections":[],"jetpack_featured_media_url":"https:\/\/i0.wp.com\/christianpure.com\/wp-content\/uploads\/2025\/10\/Bishop-Barron-to-address-U.S.-pilgrims-in-Rome-during-Jubilee-of-Youth.webp?fit=800%2C533&quality=75&ssl=1","jetpack-related-posts":[{"id":59524,"url":"https:\/\/christianpure.com\/es\/learn\/word-on-fire-announces-new-bishop-barron-documentary\/","url_meta":{"origin":57781,"position":0},"title":"Word on Fire announces new Bishop Barron documentary","author":"Christian Pure Team","date":"agosto 12, 2025","format":false,"excerpt":"Bishop Robert Barron delivers the keynote address at the Jubilee of Youth\u2019s National U.S. Pilgrim Gathering on July 30, 2025, at the Basilica of St. Paul Outside the Walls in Rome. \/ Credit: Daniel Iba\u00f1ez\/CNA CNA Staff, Aug 4, 2025 \/ 17:00 pm (CNA). Word on Fire announced Monday that\u2026","rel":"","context":"En \u00abChristian News\u00bb","block_context":{"text":"Christian News","link":"https:\/\/christianpure.com\/es\/learn\/category\/christian-news\/"},"img":{"alt_text":"Word on Fire announces new Bishop Barron documentary","src":"https:\/\/i0.wp.com\/christianpure.com\/wp-content\/uploads\/2025\/08\/Word-on-Fire-announces-new-Bishop-Barron-documentary.webp?fit=800%2C533&quality=75&ssl=1&resize=350%2C200","width":350,"height":200,"srcset":"https:\/\/i0.wp.com\/christianpure.com\/wp-content\/uploads\/2025\/08\/Word-on-Fire-announces-new-Bishop-Barron-documentary.webp?fit=800%2C533&quality=75&ssl=1&resize=350%2C200 1x, https:\/\/i0.wp.com\/christianpure.com\/wp-content\/uploads\/2025\/08\/Word-on-Fire-announces-new-Bishop-Barron-documentary.webp?fit=800%2C533&quality=75&ssl=1&resize=525%2C300 1.5x, https:\/\/i0.wp.com\/christianpure.com\/wp-content\/uploads\/2025\/08\/Word-on-Fire-announces-new-Bishop-Barron-documentary.webp?fit=800%2C533&quality=75&ssl=1&resize=700%2C400 2x"},"classes":[]},{"id":59232,"url":"https:\/\/christianpure.com\/es\/learn\/pope-leo-xiv-prays-for-egyptian-jubilee-of-youth-pilgrim-who-died-in-rome\/","url_meta":{"origin":57781,"position":1},"title":"Pope Leo XIV prays for Egyptian Jubilee of Youth pilgrim who died in Rome","author":"Christian Pure Team","date":"agosto 31, 2025","format":false,"excerpt":"Pope Leo XIV addresses the crowd following his unexpected ride around St. Peter\u2019s Square at the Vatican following the Jubilee of Youth welcome Mass \u2014 which was celebrated by Archbishop Rino Fisichella (right) \u2014 on July 29, 2025. \/ Credit: Daniel Iba\u00f1ez\/CNA Vatican City, Aug 2, 2025 \/ 10:00 am\u2026","rel":"","context":"En \u00abChristian News\u00bb","block_context":{"text":"Christian News","link":"https:\/\/christianpure.com\/es\/learn\/category\/christian-news\/"},"img":{"alt_text":"Pope Leo XIV prays for Egyptian Jubilee of Youth pilgrim who died in Rome","src":"https:\/\/i0.wp.com\/christianpure.com\/wp-content\/uploads\/2025\/08\/Pope-Leo-XIV-prays-for-Egyptian-Jubilee-of-Youth-pilgrim-who-died-in-Rome.webp?fit=800%2C533&quality=75&ssl=1&resize=350%2C200","width":350,"height":200,"srcset":"https:\/\/i0.wp.com\/christianpure.com\/wp-content\/uploads\/2025\/08\/Pope-Leo-XIV-prays-for-Egyptian-Jubilee-of-Youth-pilgrim-who-died-in-Rome.webp?fit=800%2C533&quality=75&ssl=1&resize=350%2C200 1x, https:\/\/i0.wp.com\/christianpure.com\/wp-content\/uploads\/2025\/08\/Pope-Leo-XIV-prays-for-Egyptian-Jubilee-of-Youth-pilgrim-who-died-in-Rome.webp?fit=800%2C533&quality=75&ssl=1&resize=525%2C300 1.5x, https:\/\/i0.wp.com\/christianpure.com\/wp-content\/uploads\/2025\/08\/Pope-Leo-XIV-prays-for-Egyptian-Jubilee-of-Youth-pilgrim-who-died-in-Rome.webp?fit=800%2C533&quality=75&ssl=1&resize=700%2C400 2x"},"classes":[]},{"id":58260,"url":"https:\/\/christianpure.com\/es\/learn\/excitement-in-tanzania-as-over-200-young-people-prepare-for-jubilee-of-youth-in-rome\/","url_meta":{"origin":57781,"position":2},"title":"Excitement in Tanzania as over 200 young people prepare for Jubilee of Youth in Rome","author":"Christian Pure Team","date":"julio 29, 2025","format":false,"excerpt":"Over 200 young people from Tanzania are traveling to Rome as pilgrims to the Jubilee of Youth, an event that is part of the ongoing 2025 Jubilee Year. \/ Credit: AMECEA\/Vatican Media ACI Africa, Jul 25, 2025 \/ 07:00 am (CNA). Over 200 young people from Tanzania are traveling to\u2026","rel":"","context":"En \u00abChristian News\u00bb","block_context":{"text":"Christian News","link":"https:\/\/christianpure.com\/es\/learn\/category\/christian-news\/"},"img":{"alt_text":"Excitement in Tanzania as over 200 young people prepare for Jubilee of Youth in Rome","src":"https:\/\/i0.wp.com\/christianpure.com\/wp-content\/uploads\/2025\/07\/Excitement-in-Tanzania-as-over-200-young-people-prepare-for-Jubilee-of-Youth-in-Rome.webp?fit=800%2C500&quality=75&ssl=1&resize=350%2C200","width":350,"height":200,"srcset":"https:\/\/i0.wp.com\/christianpure.com\/wp-content\/uploads\/2025\/07\/Excitement-in-Tanzania-as-over-200-young-people-prepare-for-Jubilee-of-Youth-in-Rome.webp?fit=800%2C500&quality=75&ssl=1&resize=350%2C200 1x, https:\/\/i0.wp.com\/christianpure.com\/wp-content\/uploads\/2025\/07\/Excitement-in-Tanzania-as-over-200-young-people-prepare-for-Jubilee-of-Youth-in-Rome.webp?fit=800%2C500&quality=75&ssl=1&resize=525%2C300 1.5x, https:\/\/i0.wp.com\/christianpure.com\/wp-content\/uploads\/2025\/07\/Excitement-in-Tanzania-as-over-200-young-people-prepare-for-Jubilee-of-Youth-in-Rome.webp?fit=800%2C500&quality=75&ssl=1&resize=700%2C400 2x"},"classes":[]},{"id":69561,"url":"https:\/\/christianpure.com\/es\/learn\/bishops-discuss-faith-formation-before-national-catholic-youth-conference\/","url_meta":{"origin":57781,"position":3},"title":"Bishops discuss faith formation before National Catholic Youth Conference","author":"Christian Pure Team","date":"enero 7, 2026","format":false,"excerpt":"Organizers of Pope Leo XIV\u2019s upcoming digital dialogue with young people Nov. 21 at the National Catholic Youth Conference in Indianapolis speak to the media at the site of the United States Catholic Bishops\u2019 Conference Fall Plenary Assembly in Baltimore on Nov. 12, 2025. Left to right: Cardinal Christophe Pierre,\u2026","rel":"","context":"En \u00abChristian News\u00bb","block_context":{"text":"Christian News","link":"https:\/\/christianpure.com\/es\/learn\/category\/christian-news\/"},"img":{"alt_text":"Bishops discuss faith formation before National Catholic Youth Conference","src":"https:\/\/i0.wp.com\/christianpure.com\/wp-content\/uploads\/2026\/01\/Bishops-discuss-faith-formation-before-National-Catholic-Youth-Conference.webp?fit=800%2C600&quality=75&ssl=1&resize=350%2C200","width":350,"height":200,"srcset":"https:\/\/i0.wp.com\/christianpure.com\/wp-content\/uploads\/2026\/01\/Bishops-discuss-faith-formation-before-National-Catholic-Youth-Conference.webp?fit=800%2C600&quality=75&ssl=1&resize=350%2C200 1x, https:\/\/i0.wp.com\/christianpure.com\/wp-content\/uploads\/2026\/01\/Bishops-discuss-faith-formation-before-National-Catholic-Youth-Conference.webp?fit=800%2C600&quality=75&ssl=1&resize=525%2C300 1.5x, https:\/\/i0.wp.com\/christianpure.com\/wp-content\/uploads\/2026\/01\/Bishops-discuss-faith-formation-before-National-Catholic-Youth-Conference.webp?fit=800%2C600&quality=75&ssl=1&resize=700%2C400 2x"},"classes":[]},{"id":69446,"url":"https:\/\/christianpure.com\/es\/learn\/bishops-discuss-faith-formation-before-national-catholic-youth-conference-2\/","url_meta":{"origin":57781,"position":4},"title":"Bishops discuss faith formation before National Catholic Youth Conference","author":"Christian Pure Team","date":"febrero 16, 2026","format":false,"excerpt":"Organizers of Pope Leo XIV\u2019s upcoming digital dialogue with young people Nov. 21 at the National Catholic Youth Conference in Indianapolis speak to the media at the site of the United States Catholic Bishops\u2019 Conference Fall Plenary Assembly in Baltimore on Nov. 12, 2025. Left to right: Cardinal Christophe Pierre,\u2026","rel":"","context":"En \u00abChristian News\u00bb","block_context":{"text":"Christian News","link":"https:\/\/christianpure.com\/es\/learn\/category\/christian-news\/"},"img":{"alt_text":"Bishops discuss faith formation before National Catholic Youth Conference","src":"https:\/\/i0.wp.com\/christianpure.com\/wp-content\/uploads\/2026\/02\/Bishops-discuss-faith-formation-before-National-Catholic-Youth-Conference.png?fit=1200%2C335&quality=69&ssl=1&resize=350%2C200","width":350,"height":200,"srcset":"https:\/\/i0.wp.com\/christianpure.com\/wp-content\/uploads\/2026\/02\/Bishops-discuss-faith-formation-before-National-Catholic-Youth-Conference.png?fit=1200%2C335&quality=69&ssl=1&resize=350%2C200 1x, https:\/\/i0.wp.com\/christianpure.com\/wp-content\/uploads\/2026\/02\/Bishops-discuss-faith-formation-before-National-Catholic-Youth-Conference.png?fit=1200%2C335&quality=69&ssl=1&resize=525%2C300 1.5x, https:\/\/i0.wp.com\/christianpure.com\/wp-content\/uploads\/2026\/02\/Bishops-discuss-faith-formation-before-National-Catholic-Youth-Conference.png?fit=1200%2C335&quality=69&ssl=1&resize=700%2C400 2x, https:\/\/i0.wp.com\/christianpure.com\/wp-content\/uploads\/2026\/02\/Bishops-discuss-faith-formation-before-National-Catholic-Youth-Conference.png?fit=1200%2C335&quality=69&ssl=1&resize=1050%2C600 3x"},"classes":[]},{"id":56628,"url":"https:\/\/christianpure.com\/es\/learn\/rome-readies-for-jubilee-of-youth-you-will-never-experience-anything-like-this-again\/","url_meta":{"origin":57781,"position":5},"title":"Rome readies for Jubilee of Youth: \u2018You will never experience anything like this again\u2019","author":"Christian Pure Team","date":"agosto 6, 2025","format":false,"excerpt":"Pope Leo greets pilgrims during the Jubilee of Families, Children, Grandparents, and the Elderly on Sunday, June 1, 2025. \/ Credit: Vatican Media Vatican City, Jul 14, 2025 \/ 08:05 am (CNA). With less than a month to go before the Jubilee of Youth begins, the pope's diocese is making\u2026","rel":"","context":"En \u00abChristian News\u00bb","block_context":{"text":"Christian News","link":"https:\/\/christianpure.com\/es\/learn\/category\/christian-news\/"},"img":{"alt_text":"Rome readies for Jubilee of Youth: \u2018You will never experience anything like this again\u2019","src":"https:\/\/i0.wp.com\/christianpure.com\/wp-content\/uploads\/2025\/08\/Rome-readies-for-Jubilee-of-Youth-%E2%80%98You-will-never-experience-anything-like-this-again.webp?fit=800%2C533&quality=75&ssl=1&resize=350%2C200","width":350,"height":200,"srcset":"https:\/\/i0.wp.com\/christianpure.com\/wp-content\/uploads\/2025\/08\/Rome-readies-for-Jubilee-of-Youth-%E2%80%98You-will-never-experience-anything-like-this-again.webp?fit=800%2C533&quality=75&ssl=1&resize=350%2C200 1x, https:\/\/i0.wp.com\/christianpure.com\/wp-content\/uploads\/2025\/08\/Rome-readies-for-Jubilee-of-Youth-%E2%80%98You-will-never-experience-anything-like-this-again.webp?fit=800%2C533&quality=75&ssl=1&resize=525%2C300 1.5x, https:\/\/i0.wp.com\/christianpure.com\/wp-content\/uploads\/2025\/08\/Rome-readies-for-Jubilee-of-Youth-%E2%80%98You-will-never-experience-anything-like-this-again.webp?fit=800%2C533&quality=75&ssl=1&resize=700%2C400 2x"},"classes":[]}],"jetpack_sharing_enabled":true,"mfb_rest_fields":["title","jetpack_publicize_connections","jetpack_featured_media_url","jetpack-related-posts","jetpack_sharing_enabled"],"_links":{"self":[{"href":"https:\/\/christianpure.com\/es\/wp-json\/wp\/v2\/posts\/57781","targetHints":{"allow":["GET"]}}],"collection":[{"href":"https:\/\/christianpure.com\/es\/wp-json\/wp\/v2\/posts"}],"about":[{"href":"https:\/\/christianpure.com\/es\/wp-json\/wp\/v2\/types\/post"}],"author":[{"embeddable":true,"href":"https:\/\/christianpure.com\/es\/wp-json\/wp\/v2\/users\/11"}],"replies":[{"embeddable":true,"href":"https:\/\/christianpure.com\/es\/wp-json\/wp\/v2\/comments?post=57781"}],"version-history":[{"count":0,"href":"https:\/\/christianpure.com\/es\/wp-json\/wp\/v2\/posts\/57781\/revisions"}],"wp:featuredmedia":[{"embeddable":true,"href":"https:\/\/christianpure.com\/es\/wp-json\/wp\/v2\/media\/65880"}],"wp:attachment":[{"href":"https:\/\/christianpure.com\/es\/wp-json\/wp\/v2\/media?parent=57781"}],"wp:term":[{"taxonomy":"category","embeddable":true,"href":"https:\/\/christianpure.com\/es\/wp-json\/wp\/v2\/categories?post=57781"},{"taxonomy":"post_tag","embeddable":true,"href":"https:\/\/christianpure.com\/es\/wp-json\/wp\/v2\/tags?post=57781"},{"taxonomy":"series","embeddable":true,"href":"https:\/\/christianpure.com\/es\/wp-json\/wp\/v2\/series?post=57781"}],"curies":[{"name":"wp","href":"https:\/\/api.w.org\/{rel}","templated":true}]}}