{"id":58390,"date":"2025-11-15T07:40:58","date_gmt":"2025-11-15T07:40:58","guid":{"rendered":"https:\/\/christianpure.com\/?p=58390"},"modified":"2025-11-15T07:40:58","modified_gmt":"2025-11-15T07:40:58","slug":"meet-the-catholic-saints-included-in-the-national-garden-of-american-heroes","status":"publish","type":"post","link":"https:\/\/christianpure.com\/es\/learn\/meet-the-catholic-saints-included-in-the-national-garden-of-american-heroes\/","title":{"rendered":"Conozca a los santos cat\u00f3licos incluidos en el Jard\u00edn Nacional de H\u00e9roes Estadounidenses"},"content":{"rendered":"<div style=\"width: 100%; margin-bottom: 25px;\">\n  <img data-recalc-dims=\"1\" decoding=\"async\" src=\"https:\/\/i0.wp.com\/www.catholicnewsagency.com\/images\/gardenofheroessaints.png?ssl=1\" style=\"display: block; margin: auto; max-width: 100%\" \/><br \/>\n  <span style=\"text-align: right; font-style: italic;\">De izquierda a derecha: San Jun\u00edpero Serra, Santa Kateri Tekakwitha, Santa Katharine Drexel, San Juan Neumann, Santa Elizabeth Ann Seton. \/ Cr\u00e9dito: Dominio p\u00fablico<\/span>\n<\/div>\n<p>Personal de CNA, 26 de julio de 2025 \/ 08:00 am (CNA).<\/p>\n<p>El Jard\u00edn Nacional de H\u00e9roes Estadounidenses del presidente Donald Trump podr\u00eda hacerse realidad en los pr\u00f3ximos a\u00f1os con la reciente aprobaci\u00f3n de la Ley One Big Beautiful Bill, que asigna $40 millones para crear un parque que Trump propuso por primera vez durante su primer mandato.&nbsp;<\/p>\n<p>Seg\u00fan el <a href=\"https:\/\/trumpwhitehouse.archives.gov\/presidential-actions\/executive-order-building-national-garden-american-heroes\/?itid=lk_inline_enhanced-template\" target=\"null\" class=\"null\" rel=\"noopener noreferrer nofollow\">orden ejecutiva<\/a>, este jard\u00edn nacional consistir\u00eda en m\u00e1s de 200 personas que encarnaron \u201cel esp\u00edritu estadounidense de audacia y desaf\u00edo, excelencia y aventura, coraje y confianza, lealtad y amor\u201d.<\/p>\n<p>Entre los que figuran en la lista hay cinco santos cat\u00f3licos: San Jun\u00edpero Serra, San Juan Neumann, Santa Katharine Drexel, Santa Elizabeth Ann Seton y Santa Kateri Tekakwitha, as\u00ed como tres cat\u00f3licos cuya causa de canonizaci\u00f3n est\u00e1 en curso: el Venerable Fulton Sheen, el Venerable Augustus Tolton y la Sierva de Dios Dorothy Day.<\/p>\n<h2>San Jun\u00edpero Serra<\/h2>\n<p>Nacido en la isla de Petra, Mallorca, en Espa\u00f1a, en 1713, <a href=\"https:\/\/www.catholicnewsagency.com\/news\/44937\/who-is-st-junipero-serra-anyway\" target=\"null\" class=\"null\" rel=\"noopener noreferrer nofollow\">Jun\u00edpero Serra<\/a> se uni\u00f3 a los franciscanos y r\u00e1pidamente gan\u00f3 prominencia tanto como erudito como profesor. M\u00e1s tarde dej\u00f3 su vida acad\u00e9mica para convertirse en misionero en el territorio de la Nueva Espa\u00f1a. Viajando casi a todas partes a pie y practicando diversas formas de automortificaci\u00f3n, Serra fund\u00f3 iglesias misionales a lo largo de toda la costa: las primeras nueve de las 21 misiones en lo que hoy es California. Tambi\u00e9n abog\u00f3 por los derechos de los pueblos nativos.<\/p>\n<p>El 28 de agosto de 1784, a la edad de 70 a\u00f1os, Jun\u00edpero Serra muri\u00f3 en la Misi\u00f3n San Carlos Borromeo a causa de la tuberculosis.<\/p>\n<h2>San Juan Neumann<\/h2>\n<p><a href=\"https:\/\/www.catholicnewsagency.com\/saint\/st-john-nepomucene-neumann-106\" target=\"null\" class=\"null\" rel=\"noopener noreferrer nofollow\">Juan Neumann<\/a> naci\u00f3 el 28 de marzo de 1811 en Bohemia, ahora parte de la Rep\u00fablica Checa. Despu\u00e9s de la universidad, ingres\u00f3 al seminario y comenz\u00f3 a leer sobre los misioneros en los Estados Unidos. Neumann decidi\u00f3 ir a Estados Unidos y fue ordenado solo 16 d\u00edas despu\u00e9s de su llegada al nuevo pa\u00eds y enviado a Buffalo, Nueva York.&nbsp;<\/p>\n<p>Viv\u00eda en una peque\u00f1a casa de troncos, casi nunca encend\u00eda fuego y a menudo viv\u00eda solo de pan y agua. Se uni\u00f3 a la orden redentorista y continu\u00f3 su trabajo misionero hasta que fue elegido obispo de Filadelfia en 1852. Como obispo, Neumann construy\u00f3 50 iglesias, comenz\u00f3 la construcci\u00f3n de una catedral y abri\u00f3 casi 100 escuelas. Muri\u00f3 repentinamente el 5 de enero de 1860.<\/p>\n<p>Se convirti\u00f3 en el primer obispo estadounidense en ser beatificado y fue canonizado por el Papa Pablo VI el 19 de junio de 1977. Est\u00e1 enterrado en la Iglesia de San Pedro Ap\u00f3stol en Filadelfia.<\/p>\n<h2>Santa Katharine Drexel<\/h2>\n<p><a href=\"https:\/\/www.catholicnewsagency.com\/saint\/st-katharine-drexel-166\" target=\"null\" class=\"null\" rel=\"noopener noreferrer nofollow\">Katharine Drexel<\/a> naci\u00f3 el 26 de noviembre de 1858 en una familia bancaria rica y bien conectada. Mientras viajaba con su familia por el oeste de EE. UU., Katharine fue testigo de las pobres condiciones de vida de los nativos americanos. Esto inspir\u00f3 a la joven heredera a dedicar toda su vida al desarrollo social y espiritual de las comunidades negras y nativas americanas.<\/p>\n<p>En febrero de 1891, hizo sus primeros votos en la vida religiosa y renunci\u00f3 formalmente a su fortuna. Luego fund\u00f3 las Hermanas del Sant\u00edsimo Sacramento con el prop\u00f3sito de vivir con estas comunidades mientras las ayudaba a obtener educaci\u00f3n y crecer en la fe. Entre 1891 y 1935, dirigi\u00f3 su orden en la fundaci\u00f3n y mantenimiento de casi 60 escuelas y misiones, ubicadas principalmente en el oeste y suroeste de Estados Unidos.<\/p>\n<p>Muri\u00f3 el 3 de marzo de 1955 y fue canonizada por el Papa Juan Pablo II el 1 de octubre de 2000.<\/p>\n<h2>Santa Isabel Ana Seton<\/h2>\n<p><a href=\"https:\/\/www.catholicnewsagency.com\/saint\/st-elizabeth-ann-seton-105\" target=\"null\" class=\"null\" rel=\"noopener noreferrer nofollow\">Elizabeth Ann Seton<\/a> naci\u00f3 de padres episcopalianos en la alta sociedad de la ciudad de Nueva York el 28 de agosto de 1774. Despu\u00e9s de que su esposo muriera en 1803, Seton comenz\u00f3 a conocer la Iglesia Cat\u00f3lica y se convirti\u00f3 en 1805. Su conversi\u00f3n desat\u00f3 una tormenta entre sus parientes y amigos protestantes y aument\u00f3 a\u00fan m\u00e1s sus dificultades financieras.&nbsp;<\/p>\n<p>En 1808 se mud\u00f3 a Baltimore y tom\u00f3 sus primeros votos en privado. En 1812, Seton se convirti\u00f3 en la fundadora y primera superiora de las Hermanas de la Caridad en los Estados Unidos.&nbsp;<\/p>\n<p>Muri\u00f3 en Emmitsburg, Maryland, el 4 de enero de 1821, y fue canonizada el 14 de septiembre de 1975, convirti\u00e9ndose en la primera persona nacida en Estados Unidos en ser canonizada.&nbsp;<\/p>\n<h2>Santa Kateri Tekakwitha<\/h2>\n<p><a href=\"https:\/\/www.catholicnewsagency.com\/saint\/st-kateri-tekakwitha-521\" target=\"null\" class=\"null\" rel=\"noopener noreferrer nofollow\">Santa Kateri Tekakwitha<\/a>, tambi\u00e9n conocida como el \u201cLirio de los Mohawks\u201d, naci\u00f3 en Auriesville, Nueva York, en 1656, hija de una mujer algonquina cristiana y un jefe mohawk pagano. Cuando tres sacerdotes jesuitas visitaban su tribu en 1667, le hablaron de Cristo y, aunque no pidi\u00f3 ser bautizada, crey\u00f3 en Jes\u00fas con una intensidad incre\u00edble. Tambi\u00e9n se dio cuenta de que estaba llamada a una uni\u00f3n \u00edntima con Dios como virgen consagrada.<\/p>\n<p>A la edad de 18 a\u00f1os, Tekakwitha fue bautizada y poco despu\u00e9s huy\u00f3 de su aldea porque se hab\u00eda vuelto violenta y el libertinaje era com\u00fan. Se fue a la ciudad de Caughnawaga en Quebec, cerca de Montreal, donde creci\u00f3 en santidad y devoci\u00f3n al Sant\u00edsimo Sacramento. Vivi\u00f3 los \u00faltimos a\u00f1os de su corta vida all\u00ed, practicando una penitencia austera y oraci\u00f3n constante. Muri\u00f3 el 17 de abril de 1680, a la edad de 24 a\u00f1os.<\/p>\n<p>Fue beatificada por el Papa Juan Pablo II en 1980 y canonizada por el Papa Benedicto XVI el 21 de octubre de 2012, convirti\u00e9ndose en la primera nativa americana en ser canonizada.<\/p>\n<h2>Venerable Fulton Sheen<\/h2>\n<p>Nacido el 8 de mayo de 1895 en El Paso, Illinois, <a href=\"https:\/\/www.catholicnewsagency.com\/tags\/5634\/fulton-sheen\" target=\"null\" class=\"null\" rel=\"noopener noreferrer nofollow\">Fulton Sheen<\/a> fue ordenado sacerdote en 1919 para la Di\u00f3cesis de Peoria. Obtuvo un doctorado en filosof\u00eda de la Universidad Cat\u00f3lica de Lovaina en B\u00e9lgica y m\u00e1s tarde ense\u00f1\u00f3 teolog\u00eda y filosof\u00eda en la Universidad Cat\u00f3lica de Am\u00e9rica.<\/p>\n<p>Sheen gan\u00f3 fama nacional a trav\u00e9s de su predicaci\u00f3n y presencia en los medios. En las d\u00e9cadas de 1930 y 1940, present\u00f3 el popular programa de radio \u201cThe Catholic Hour\u201d, y en la d\u00e9cada de 1950, lleg\u00f3 a millones a trav\u00e9s de su programa de televisi\u00f3n ganador del premio Emmy \u201cLife Is Worth Living\u201d.<\/p>\n<p>En 1951, Sheen fue nombrado obispo auxiliar de Nueva York y, en 1966, se convirti\u00f3 en obispo de Rochester, Nueva York. Se retir\u00f3 en 1969 pero continu\u00f3 escribiendo, predicando y ense\u00f1ando hasta su muerte. A lo largo de su vida, escribi\u00f3 m\u00e1s de 70 libros sobre fe, filosof\u00eda y espiritualidad.<\/p>\n<p>Sheen muri\u00f3 el 9 de diciembre de 1979 en la ciudad de Nueva York. En 2012, el Papa Benedicto XVI lo declar\u00f3 venerable. Su causa de canonizaci\u00f3n est\u00e1 en curso.<\/p>\n<h2>Venerable Augustus Tolton<\/h2>\n<p><a href=\"https:\/\/www.catholicnewsagency.com\/news\/258042\/juneteenth-and-the-life-of-the-first-black-american-catholic-priest\" target=\"null\" class=\"null\" rel=\"noopener noreferrer nofollow\">Augustus Tolton<\/a> naci\u00f3 en la esclavitud en Brush Creek, condado de Ralls, Misuri, el 1 de abril de 1854, hijo de los padres cat\u00f3licos Peter Paul Tolton y Martha Jane Chisley. Peter Paul escap\u00f3 poco despu\u00e9s del comienzo de la Guerra Civil y se uni\u00f3 al Ej\u00e9rcito de la Uni\u00f3n, muriendo poco despu\u00e9s. En 1862, Augustus Tolton, junto con su madre y sus dos hermanos, escap\u00f3 cruzando el r\u00edo Misisipi hacia Illinois.&nbsp;<\/p>\n<p>Tolton comenz\u00f3 a asistir a la escuela cat\u00f3lica St. Peter\u2019s, una escuela parroquial para blancos en Quincy, Illinois, gracias a la ayuda del padre Peter McGirr. El sacerdote bautiz\u00f3 a Tolton, lo instruy\u00f3 para su primera comuni\u00f3n y foment\u00f3 su vocaci\u00f3n al sacerdocio.<\/p>\n<p>Ning\u00fan seminario estadounidense aceptaba a Tolton debido a su raza, por lo que estudi\u00f3 para el sacerdocio en Roma y fue ordenado en 1886 a la edad de 31 a\u00f1os, convirti\u00e9ndose en el primer afroamericano ordenado sacerdote.<\/p>\n<p>Tolton regres\u00f3 a los EE. UU., donde sirvi\u00f3 durante tres a\u00f1os en una parroquia en Quincy. Desde all\u00ed se fue a Chicago y fund\u00f3 una parroquia para cat\u00f3licos negros: la parroquia de Santa M\u00f3nica. Permaneci\u00f3 all\u00ed hasta que muri\u00f3 inesperadamente durante un retiro en 1897. Ten\u00eda solo 43 a\u00f1os.&nbsp;<\/p>\n<p>La causa de Tolton fue abierta por la Arquidi\u00f3cesis de Chicago el 24 de febrero de 2011, y el 12 de junio de 2019, el Papa Francisco lo declar\u00f3 venerable.<\/p>\n<h2>Sierva de Dios Dorothy Day<\/h2>\n<p>Nacida el 8 de noviembre de 1897 en Brooklyn, Nueva York, y criada en Chicago, <a href=\"https:\/\/www.catholicnewsagency.com\/news\/249854\/evidence-for-dorothy-day-s-sainthood-cause-sent-to-the-vatican\" target=\"null\" class=\"null\" rel=\"noopener noreferrer nofollow\">Dorothy Day<\/a> fue bautizada como episcopaliana a los 12 a\u00f1os. En la d\u00e9cada de 1910, Day dej\u00f3 la universidad y se mud\u00f3 a Nueva York, donde consigui\u00f3 un trabajo como reportera para el peri\u00f3dico socialista diario m\u00e1s grande del pa\u00eds, The Call.<\/p>\n<p>Despu\u00e9s de a\u00f1os de activismo pol\u00edtico, luchas personales y un profundo viaje espiritual, Day se convirti\u00f3 al catolicismo en 1927. En 1933, cofund\u00f3 el Movimiento del Trabajador Cat\u00f3lico, que combinaba la ayuda directa a los pobres con la acci\u00f3n no violenta en nombre de la justicia.<\/p>\n<p>Day vivi\u00f3 en pobreza voluntaria, abogando por los derechos de los trabajadores, la igualdad racial y la paz, incluso cuando eso significaba desafiar tanto a los l\u00edderes de la Iglesia como a las pol\u00edticas gubernamentales. Siempre defendiendo a los marginados, fue arrestada varias veces por actos de desobediencia civil.<\/p>\n<p>Muri\u00f3 el 29 de noviembre de 1980 en la ciudad de Nueva York. El 16 de marzo de 2000, el Vaticano abri\u00f3 su causa de canonizaci\u00f3n y fue declarada Sierva de Dios, el primer paso oficial hacia la santidad.<\/p>\n<p><a href=\"https:\/\/www.catholicnewsagency.com\/news\/265565\/meet-the-catholic-saints-included-in-the-national-garden-of-american-heroes\" rel=\"nofollow\">https:\/\/www.catholicnewsagency.com\/news\/265565\/meet-the-catholic-saints-included-in-the-national-garden-of-american-heroes<\/a><\/p>","protected":false},"excerpt":{"rendered":"<p>From left to right: St. Jun\u00edpero Serra, St. Kateri Tekakwitha, St. Katharine Drexel, St. John Neumann, St. Elizabeth Ann Seton. \/ Credit: Public domain CNA Staff, Jul 26, 2025 \/ 08:00 am (CNA). President Donald Trump\u2019s National Garden of American Heroes could potentially come into fruition within the next several years with the recent passing [\u2026]<\/p>","protected":false},"author":11,"featured_media":69285,"comment_status":"open","ping_status":"closed","sticky":false,"template":"","format":"standard","meta":{"_acf_changed":false,"_jetpack_memberships_contains_paid_content":false,"footnotes":"","jetpack_publicize_message":"","jetpack_publicize_feature_enabled":true,"jetpack_social_post_already_shared":true,"jetpack_social_options":{"image_generator_settings":{"template":"highway","default_image_id":0,"font":"","enabled":false},"version":2},"_wpas_customize_per_network":false},"categories":[100],"tags":[],"series":[],"class_list":["post-58390","post","type-post","status-publish","format-standard","has-post-thumbnail","hentry","category-christian-news"],"mb":[],"acf":[],"jetpack_publicize_connections":[],"jetpack_featured_media_url":"https:\/\/i0.wp.com\/christianpure.com\/wp-content\/uploads\/2025\/11\/Meet-the-Catholic-saints-included-in-the-National-Garden-of-American-Heroes.webp?fit=800%2C457&quality=75&ssl=1","jetpack-related-posts":[{"id":71422,"url":"https:\/\/christianpure.com\/es\/learn\/trump-honors-marys-freedom-from-original-sin-in-immaculate-conception-message\/","url_meta":{"origin":58390,"position":0},"title":"Trump honors Mary\u2019s \u2018freedom from original sin\u2019 in Immaculate Conception message","author":"Christian Pure Team","date":"febrero 1, 2026","format":false,"excerpt":"U.S. President Donald Trump delivers remarks on Dec. 6, 2025, in Washington, D.C. \/ Credit: Aaron Schwartz\/Getty Images Washington, D.C. Newsroom, Dec 8, 2025 \/ 18:09 pm (CNA). President Donald Trump honored the feast of the Immaculate Conception on Dec. 8, which appears to be the first time an American\u2026","rel":"","context":"En \u00abChristian News\u00bb","block_context":{"text":"Christian News","link":"https:\/\/christianpure.com\/es\/learn\/category\/christian-news\/"},"img":{"alt_text":"Trump honors Mary\u2019s \u2018freedom from original sin\u2019 in Immaculate Conception message","src":"https:\/\/i0.wp.com\/christianpure.com\/wp-content\/uploads\/2026\/02\/Trump-honors-Marys-%E2%80%98freedom-from-original-sin-in-Immaculate-Conception-message.png?fit=1200%2C335&quality=69&ssl=1&resize=350%2C200","width":350,"height":200,"srcset":"https:\/\/i0.wp.com\/christianpure.com\/wp-content\/uploads\/2026\/02\/Trump-honors-Marys-%E2%80%98freedom-from-original-sin-in-Immaculate-Conception-message.png?fit=1200%2C335&quality=69&ssl=1&resize=350%2C200 1x, https:\/\/i0.wp.com\/christianpure.com\/wp-content\/uploads\/2026\/02\/Trump-honors-Marys-%E2%80%98freedom-from-original-sin-in-Immaculate-Conception-message.png?fit=1200%2C335&quality=69&ssl=1&resize=525%2C300 1.5x, https:\/\/i0.wp.com\/christianpure.com\/wp-content\/uploads\/2026\/02\/Trump-honors-Marys-%E2%80%98freedom-from-original-sin-in-Immaculate-Conception-message.png?fit=1200%2C335&quality=69&ssl=1&resize=700%2C400 2x, https:\/\/i0.wp.com\/christianpure.com\/wp-content\/uploads\/2026\/02\/Trump-honors-Marys-%E2%80%98freedom-from-original-sin-in-Immaculate-Conception-message.png?fit=1200%2C335&quality=69&ssl=1&resize=1050%2C600 3x"},"classes":[]},{"id":27860,"url":"https:\/\/christianpure.com\/es\/learn\/photos-military-police-gather-with-pope-francis-for-armed-forces-jubilee-mass\/","url_meta":{"origin":58390,"position":1},"title":"PHOTOS: Military, police gather with Pope Francis for Armed Forces jubilee Mass","author":"Christian Pure Team","date":"febrero 10, 2025","format":false,"excerpt":"[ad_1] Military personnel in dress uniforms attend the Armed Forces Jubilee Mass in St. Peter\u2019s Square on Feb. 9, 2025. \/ Credit: Daniel Ib\u00c3\u00a1\u00c3\u00b1ez\/CNA Rome Newsroom, Feb 9, 2025 \/ 09:00 am (CNA). Pope Francis presided over the Jubilee Mass for Armed Forces, Police and Security Personnel on Sunday, with\u2026","rel":"","context":"En \u00abChristian News\u00bb","block_context":{"text":"Christian News","link":"https:\/\/christianpure.com\/es\/learn\/category\/christian-news\/"},"img":{"alt_text":"","src":"https:\/\/i0.wp.com\/christianpure.com\/wp-content\/uploads\/2025\/02\/1739175374_250209-jubilee-of-the-armed-forces-police-and-security-personnel-holy-mass-presided-over-by-the-holy.webp?fit=1200%2C800&quality=75&ssl=1&resize=350%2C200","width":350,"height":200,"srcset":"https:\/\/i0.wp.com\/christianpure.com\/wp-content\/uploads\/2025\/02\/1739175374_250209-jubilee-of-the-armed-forces-police-and-security-personnel-holy-mass-presided-over-by-the-holy.webp?fit=1200%2C800&quality=75&ssl=1&resize=350%2C200 1x, https:\/\/i0.wp.com\/christianpure.com\/wp-content\/uploads\/2025\/02\/1739175374_250209-jubilee-of-the-armed-forces-police-and-security-personnel-holy-mass-presided-over-by-the-holy.webp?fit=1200%2C800&quality=75&ssl=1&resize=525%2C300 1.5x, https:\/\/i0.wp.com\/christianpure.com\/wp-content\/uploads\/2025\/02\/1739175374_250209-jubilee-of-the-armed-forces-police-and-security-personnel-holy-mass-presided-over-by-the-holy.webp?fit=1200%2C800&quality=75&ssl=1&resize=700%2C400 2x, https:\/\/i0.wp.com\/christianpure.com\/wp-content\/uploads\/2025\/02\/1739175374_250209-jubilee-of-the-armed-forces-police-and-security-personnel-holy-mass-presided-over-by-the-holy.webp?fit=1200%2C800&quality=75&ssl=1&resize=1050%2C600 3x"},"classes":[]},{"id":9592,"url":"https:\/\/christianpure.com\/es\/learn\/photos-new-vatican-gardens-tour-invites-families-to-explore-gods-natural-masterpieces\/","url_meta":{"origin":58390,"position":2},"title":"PHOTOS: New Vatican Gardens tour invites families to explore God\u2019s natural \u00e2\u20ac\u02dcmasterpieces\u2019","author":"Christian Pure Team","date":"agosto 29, 2024","format":false,"excerpt":"[ad_1] Isabella Salandri gives visitors a preview tour of the Vatican Gardens in Vatican City on Aug. 23, 2024. \/ Credit: Hannah Brockhaus\/CNA Vatican City, Aug 29, 2024 \/ 11:18 am (CNA). The Vatican Museums this summer introduced a new family-friendly excursion through the papal gardens, an experience designed to\u2026","rel":"","context":"En \u00abChristian News\u00bb","block_context":{"text":"Christian News","link":"https:\/\/christianpure.com\/es\/learn\/category\/christian-news\/"},"img":{"alt_text":"","src":"https:\/\/i0.wp.com\/christianpure.com\/wp-content\/uploads\/2024\/08\/1724968364_img-8794.jpg?fit=1200%2C800&quality=80&ssl=1&resize=350%2C200","width":350,"height":200,"srcset":"https:\/\/i0.wp.com\/christianpure.com\/wp-content\/uploads\/2024\/08\/1724968364_img-8794.jpg?fit=1200%2C800&quality=80&ssl=1&resize=350%2C200 1x, https:\/\/i0.wp.com\/christianpure.com\/wp-content\/uploads\/2024\/08\/1724968364_img-8794.jpg?fit=1200%2C800&quality=80&ssl=1&resize=525%2C300 1.5x, https:\/\/i0.wp.com\/christianpure.com\/wp-content\/uploads\/2024\/08\/1724968364_img-8794.jpg?fit=1200%2C800&quality=80&ssl=1&resize=700%2C400 2x, https:\/\/i0.wp.com\/christianpure.com\/wp-content\/uploads\/2024\/08\/1724968364_img-8794.jpg?fit=1200%2C800&quality=80&ssl=1&resize=1050%2C600 3x"},"classes":[]},{"id":69642,"url":"https:\/\/christianpure.com\/es\/learn\/hero-of-the-confessional-father-carmelo-de-palma-beatified-in-italy\/","url_meta":{"origin":58390,"position":3},"title":"\u2018Hero of the confessional\u2019 Father Carmelo De Palma beatified in Italy","author":"Christian Pure Team","date":"diciembre 25, 2025","format":false,"excerpt":"Blessed Carmelo De Palma. \/ Credit: Dicastery for the Causes of Saints ACI Prensa Staff, Nov 18, 2025 \/ 07:00 am (CNA). Father Carmelo De Palma, a priest known as the \u201chero of the confessional,\u201d was beatified Nov. 15 in Bari, Italy.Pope Leo XIV recognized the new blessed during the\u2026","rel":"","context":"En \u00abChristian News\u00bb","block_context":{"text":"Christian News","link":"https:\/\/christianpure.com\/es\/learn\/category\/christian-news\/"},"img":{"alt_text":"\u2018Hero of the confessional\u2019 Father Carmelo De Palma beatified in Italy","src":"https:\/\/i0.wp.com\/christianpure.com\/wp-content\/uploads\/2025\/12\/%E2%80%98Hero-of-the-confessional-Father-Carmelo-De-Palma-beatified-in-Italy.webp?fit=665%2C445&quality=75&ssl=1&resize=350%2C200","width":350,"height":200,"srcset":"https:\/\/i0.wp.com\/christianpure.com\/wp-content\/uploads\/2025\/12\/%E2%80%98Hero-of-the-confessional-Father-Carmelo-De-Palma-beatified-in-Italy.webp?fit=665%2C445&quality=75&ssl=1&resize=350%2C200 1x, https:\/\/i0.wp.com\/christianpure.com\/wp-content\/uploads\/2025\/12\/%E2%80%98Hero-of-the-confessional-Father-Carmelo-De-Palma-beatified-in-Italy.webp?fit=665%2C445&quality=75&ssl=1&resize=525%2C300 1.5x"},"classes":[]},{"id":56630,"url":"https:\/\/christianpure.com\/es\/learn\/historic-st-kateri-tekakwitha-shrine-welcomes-visitors-to-walk-in-her-footsteps\/","url_meta":{"origin":58390,"position":4},"title":"Historic St. Kateri Tekakwitha shrine welcomes visitors to walk in her footsteps","author":"Christian Pure Team","date":"octubre 10, 2025","format":false,"excerpt":"St. Peter\u2019s Chapel and Native American Museum at Saint Kateri Tekakwitha National Shrine and Historic Site in Fonda, New York. \/ Credit: Photo courtesy of Saint Kateri Tekakwitha National Shrine and Historic Site Chicago, Ill., Jul 14, 2025 \/ 09:20 am (CNA). Shrines to various saints can be found in\u2026","rel":"","context":"En \u00abChristian News\u00bb","block_context":{"text":"Christian News","link":"https:\/\/christianpure.com\/es\/learn\/category\/christian-news\/"},"img":{"alt_text":"Historic St. Kateri Tekakwitha shrine welcomes visitors to walk in her footsteps","src":"https:\/\/i0.wp.com\/christianpure.com\/wp-content\/uploads\/2025\/10\/Historic-St.-Kateri-Tekakwitha-shrine-welcomes-visitors-to-walk-in-her-footsteps.webp?fit=800%2C450&quality=75&ssl=1&resize=350%2C200","width":350,"height":200,"srcset":"https:\/\/i0.wp.com\/christianpure.com\/wp-content\/uploads\/2025\/10\/Historic-St.-Kateri-Tekakwitha-shrine-welcomes-visitors-to-walk-in-her-footsteps.webp?fit=800%2C450&quality=75&ssl=1&resize=350%2C200 1x, https:\/\/i0.wp.com\/christianpure.com\/wp-content\/uploads\/2025\/10\/Historic-St.-Kateri-Tekakwitha-shrine-welcomes-visitors-to-walk-in-her-footsteps.webp?fit=800%2C450&quality=75&ssl=1&resize=525%2C300 1.5x, https:\/\/i0.wp.com\/christianpure.com\/wp-content\/uploads\/2025\/10\/Historic-St.-Kateri-Tekakwitha-shrine-welcomes-visitors-to-walk-in-her-footsteps.webp?fit=800%2C450&quality=75&ssl=1&resize=700%2C400 2x"},"classes":[]},{"id":36359,"url":"https:\/\/christianpure.com\/es\/learn\/americans-in-st-peters-square-celebrate-historic-election-of-pope-leo-xiv\/","url_meta":{"origin":58390,"position":5},"title":"Americans in St. Peter&#8217;s Square celebrate historic election of Pope Leo XIV","author":"Christian Pure Team","date":"mayo 10, 2025","format":false,"excerpt":"[ad_1] Americans gather in St. Peter\u2019s Square on May 8, 2025, to celebrate the election of Pope Leo XIV, the first pontiff from the United States. \/ Credit: Courtney Mares\/CNA Vatican City, May 9, 2025 \/ 18:28 pm (CNA). Americans gathered in St. Peter\u2019s Square on May 8 to celebrate\u2026","rel":"","context":"En \u00abChristian News\u00bb","block_context":{"text":"Christian News","link":"https:\/\/christianpure.com\/es\/learn\/category\/christian-news\/"},"img":{"alt_text":"","src":"https:\/\/i0.wp.com\/christianpure.com\/wp-content\/uploads\/2025\/05\/08cfd7e8-adc1-4af3-8894-08d76f470736.jpg?fit=800%2C600&quality=80&ssl=1&resize=350%2C200","width":350,"height":200,"srcset":"https:\/\/i0.wp.com\/christianpure.com\/wp-content\/uploads\/2025\/05\/08cfd7e8-adc1-4af3-8894-08d76f470736.jpg?fit=800%2C600&quality=80&ssl=1&resize=350%2C200 1x, https:\/\/i0.wp.com\/christianpure.com\/wp-content\/uploads\/2025\/05\/08cfd7e8-adc1-4af3-8894-08d76f470736.jpg?fit=800%2C600&quality=80&ssl=1&resize=525%2C300 1.5x, https:\/\/i0.wp.com\/christianpure.com\/wp-content\/uploads\/2025\/05\/08cfd7e8-adc1-4af3-8894-08d76f470736.jpg?fit=800%2C600&quality=80&ssl=1&resize=700%2C400 2x"},"classes":[]}],"jetpack_sharing_enabled":true,"mfb_rest_fields":["title","jetpack_publicize_connections","jetpack_featured_media_url","jetpack-related-posts","jetpack_sharing_enabled"],"_links":{"self":[{"href":"https:\/\/christianpure.com\/es\/wp-json\/wp\/v2\/posts\/58390","targetHints":{"allow":["GET"]}}],"collection":[{"href":"https:\/\/christianpure.com\/es\/wp-json\/wp\/v2\/posts"}],"about":[{"href":"https:\/\/christianpure.com\/es\/wp-json\/wp\/v2\/types\/post"}],"author":[{"embeddable":true,"href":"https:\/\/christianpure.com\/es\/wp-json\/wp\/v2\/users\/11"}],"replies":[{"embeddable":true,"href":"https:\/\/christianpure.com\/es\/wp-json\/wp\/v2\/comments?post=58390"}],"version-history":[{"count":0,"href":"https:\/\/christianpure.com\/es\/wp-json\/wp\/v2\/posts\/58390\/revisions"}],"wp:featuredmedia":[{"embeddable":true,"href":"https:\/\/christianpure.com\/es\/wp-json\/wp\/v2\/media\/69285"}],"wp:attachment":[{"href":"https:\/\/christianpure.com\/es\/wp-json\/wp\/v2\/media?parent=58390"}],"wp:term":[{"taxonomy":"category","embeddable":true,"href":"https:\/\/christianpure.com\/es\/wp-json\/wp\/v2\/categories?post=58390"},{"taxonomy":"post_tag","embeddable":true,"href":"https:\/\/christianpure.com\/es\/wp-json\/wp\/v2\/tags?post=58390"},{"taxonomy":"series","embeddable":true,"href":"https:\/\/christianpure.com\/es\/wp-json\/wp\/v2\/series?post=58390"}],"curies":[{"name":"wp","href":"https:\/\/api.w.org\/{rel}","templated":true}]}}