{"id":59685,"date":"2025-11-12T14:41:02","date_gmt":"2025-11-12T14:41:02","guid":{"rendered":"https:\/\/christianpure.com\/?p=59685"},"modified":"2025-11-12T14:41:02","modified_gmt":"2025-11-12T14:41:02","slug":"pope-leo-xiv-gods-eucharistic-love-is-not-by-chance-but-a-conscious-choice","status":"publish","type":"post","link":"https:\/\/christianpure.com\/es\/learn\/pope-leo-xiv-gods-eucharistic-love-is-not-by-chance-but-a-conscious-choice\/","title":{"rendered":"Papa Le\u00f3n XIV: El amor eucar\u00edstico de Dios no es por \u2018casualidad\u2019 sino una \u2018elecci\u00f3n consciente\u2019"},"content":{"rendered":"<div style=\"width: 100%; margin-bottom: 25px;\">\n  <img data-recalc-dims=\"1\" decoding=\"async\" src=\"https:\/\/i0.wp.com\/www.catholicnewsagency.com\/images\/sim9816.jpg?ssl=1\" style=\"display: block; margin: auto; max-width: 100%\" \/><br \/>\n  <span style=\"text-align: right; font-style: italic;\">El Papa Le\u00f3n XIV habla a miles de peregrinos reunidos en la Plaza de San Pedro para su catequesis del mi\u00e9rcoles sobre el tema del Jubileo \u201cJesucristo nuestra esperanza\u201d el 6 de agosto de 2025. \/ Cr\u00e9dito: Vatican Media<\/span>\n<\/div>\n<p>Ciudad del Vaticano, 6 de agosto de 2025 \/ 10:14 am (CNA).<\/p>\n<p>El Papa Le\u00f3n XIV, durante su catequesis del mi\u00e9rcoles sobre el tema del jubileo \u201cJesucristo nuestra esperanza\u201d, dijo que el don de la Eucarist\u00eda preparado por Dios revela que su gran amor \u201csiempre nos precede\u201d.<\/p>\n<p>Hablando a miles de peregrinos reunidos en la Plaza de San Pedro el 6 de agosto, el Santo Padre dijo que el Evangelio de San Marcos nos muestra que el amor de Jes\u00fas por sus disc\u00edpulos \u201cno es fruto del azar, sino de una elecci\u00f3n consciente\u201d.<\/p>\n<figure class=\"mx-auto\" style=\"width:100%\"><img data-recalc-dims=\"1\" decoding=\"async\" src=\"https:\/\/i0.wp.com\/admin.catholicnewsagency.com\/images\/popeleogeneralaudience3080625.jpg?quality=80&#038;ssl=1\" class=\"img-fluid\" style=\"\" alt=\"El Papa Le\u00f3n XIV bendice a un beb\u00e9 durante su audiencia general del mi\u00e9rcoles 6 de agosto de 2025, en la Plaza de San Pedro en el Vaticano. Cr\u00e9dito: Daniel Iba\u00f1ez\/CNA\"><figcaption class=\"caption text-muted\">El Papa Le\u00f3n XIV bendice a un beb\u00e9 durante su audiencia general del mi\u00e9rcoles 6 de agosto de 2025, en la Plaza de San Pedro en el Vaticano. Cr\u00e9dito: Daniel Iba\u00f1ez\/CNA<\/figcaption><\/figure>\n<p>\u201cNo es una simple reacci\u00f3n, sino una decisi\u00f3n que requiere preparaci\u00f3n\u201d, dijo. \u201cJes\u00fas no afronta su pasi\u00f3n por fatalismo, sino por fidelidad a un camino libre y cuidadosamente aceptado y seguido\u201d.<\/p>\n<p>As\u00ed como Dios hizo preparativos para mostrar su amor por las personas, dijo el Papa, a su vez, las personas son libres de elegir a Dios y preparar sus propios corazones para recibir su amor.<\/p>\n<figure class=\"mx-auto\" style=\"width:100%\"><img data-recalc-dims=\"1\" decoding=\"async\" src=\"https:\/\/i0.wp.com\/admin.catholicnewsagency.com\/images\/popeleogeneralaudience4080625.jpg?quality=80&#038;ssl=1\" class=\"img-fluid\" style=\"\" alt=\"El Papa Le\u00f3n XIV saluda desde el papam\u00f3vil a la multitud reunida para su audiencia general del mi\u00e9rcoles 6 de agosto de 2025, en la Plaza de San Pedro en el Vaticano. Cr\u00e9dito: Daniel Iba\u00f1ez\/CNA\"><figcaption class=\"caption text-muted\">El Papa Le\u00f3n XIV saluda desde el papam\u00f3vil a la multitud reunida para su audiencia general del mi\u00e9rcoles 6 de agosto de 2025, en la Plaza de San Pedro en el Vaticano. Cr\u00e9dito: Daniel Iba\u00f1ez\/CNA<\/figcaption><\/figure>\n<p>\u201c\u00c9l ya ha pensado en todo, ha dispuesto todo, ha decidido todo\u201d, dijo Le\u00f3n. \u201cSin embargo, pide a sus amigos que hagan su parte\u201d.<\/p>\n<p>\u201cEsto nos ense\u00f1a algo esencial para nuestra vida espiritual: la gracia no elimina nuestra libertad, sino que la despierta\u201d, explic\u00f3. \u201cEl don de Dios no elimina nuestra responsabilidad, sino que la hace fruct\u00edfera\u201d.<\/p>\n<p>Al se\u00f1alar la importancia de la Eucarist\u00eda para los seguidores de Jes\u00fas, el Santo Padre dijo que su celebraci\u00f3n no deber\u00eda ser \u201csolo en el altar\u201d, sino tambi\u00e9n vivida en la \u201cvida cotidiana\u201d como una ofrenda continua de amor y acci\u00f3n de gracias.<\/p>\n<figure class=\"mx-auto\" style=\"width:100%\"><img data-recalc-dims=\"1\" decoding=\"async\" src=\"https:\/\/i0.wp.com\/admin.catholicnewsagency.com\/images\/popeleogeneralaudience7080625.jpg?quality=80&#038;ssl=1\" class=\"img-fluid\" style=\"\" alt=\"El Papa Le\u00f3n XIV bendice a una pareja de reci\u00e9n casados durante su audiencia general del mi\u00e9rcoles 6 de agosto de 2025, en la Plaza de San Pedro en el Vaticano. Cr\u00e9dito: Vatican Media\"><figcaption class=\"caption text-muted\">El Papa Le\u00f3n XIV bendice a una pareja de reci\u00e9n casados durante su audiencia general del mi\u00e9rcoles 6 de agosto de 2025, en la Plaza de San Pedro en el Vaticano. Cr\u00e9dito: Vatican Media<\/figcaption><\/figure>\n<p>\u201cEl verdadero amor, nos recuerda el Evangelio, se da antes de ser correspondido\u201d, dijo. \u201cEs un don anticipado. No se basa en lo que se recibe, sino en lo que uno desea ofrecer\u201d.<\/p>\n<p>Para hacer espacio en el coraz\u00f3n para recibir el amor de Dios, particularmente en la Eucarist\u00eda, el Papa pidi\u00f3 a sus oyentes que consideraran: \u201c\u00bfQu\u00e9 significa para m\u00ed hoy \u2018preparar\u2019?\u201d.&nbsp;<\/p>\n<p>\u201cQuiz\u00e1s renunciar a una exigencia, dejar de esperar que los dem\u00e1s cambien, dar el primer paso\u201d, sugiri\u00f3. \u201cQuiz\u00e1s escuchar m\u00e1s, actuar menos o aprender a confiar en lo que ya ha sido preparado\u201d.<\/p>\n<figure class=\"mx-auto\" style=\"width:100%\"><img data-recalc-dims=\"1\" decoding=\"async\" src=\"https:\/\/i0.wp.com\/admin.catholicnewsagency.com\/images\/popeleogeneralaudience8080625.jpg?quality=80&#038;ssl=1\" class=\"img-fluid\" style=\"\" alt=\"El Papa Le\u00f3n XIV recibe un regalo durante la audiencia general del mi\u00e9rcoles 6 de agosto de 2025, en la Plaza de San Pedro en el Vaticano. Cr\u00e9dito: Daniel Iba\u00f1ez\/CNA\"><figcaption class=\"caption text-muted\">El Papa Le\u00f3n XIV recibe un regalo durante la audiencia general del mi\u00e9rcoles 6 de agosto de 2025, en la Plaza de San Pedro en el Vaticano. Cr\u00e9dito: Daniel Iba\u00f1ez\/CNA<\/figcaption><\/figure>\n<h2>Oraciones por Jap\u00f3n en el 80\u00ba aniversario del bombardeo at\u00f3mico de Hiroshima<\/h2>\n<p>Tras su catequesis, el Papa Le\u00f3n pidi\u00f3 a los presentes que rezaran por el pueblo de Jap\u00f3n, que \u201csufri\u00f3\u2026 efectos f\u00edsicos, psicol\u00f3gicos y sociales\u201d de la bomba at\u00f3mica lanzada durante la Segunda Guerra Mundial.&nbsp;&nbsp;<\/p>\n<p>\u201cA pesar del paso de los a\u00f1os, aquellos tr\u00e1gicos acontecimientos constituyen una advertencia universal contra la devastaci\u00f3n causada por las guerras y, en particular, por las armas nucleares\u201d, lament\u00f3.<\/p>\n<p>\u201cEspero que en el mundo contempor\u00e1neo, marcado por fuertes tensiones y conflictos sangrientos, la seguridad ilusoria basada en la amenaza de la destrucci\u00f3n mutua deje paso a las herramientas de la justicia, a la pr\u00e1ctica del di\u00e1logo y a la confianza en la fraternidad\u201d, dijo.<\/p>\n<p><a href=\"https:\/\/www.catholicnewsagency.com\/news\/265809\/pope-leo-xiv-god-s-eucharistic-love-is-not-by-chance-but-a-conscious-choice\" rel=\"nofollow\">https:\/\/www.catholicnewsagency.com\/news\/265809\/pope-leo-xiv-god-s-eucharistic-love-is-not-by-chance-but-a-conscious-choice<\/a><\/p>","protected":false},"excerpt":{"rendered":"<p>Pope Leo XIV speaks to thousands of pilgrims gathered in St. Peter\u2019s Square for his Wednesday catechesis on the Jubilee theme \u201cJesus Christ Our Hope\u201d on Aug. 6, 2025. \/ Credit: Vatican Media Vatican City, Aug 6, 2025 \/ 10:14 am (CNA). Pope Leo XIV during his Wednesday catechesis on the jubilee theme \u201cJesus Christ [\u2026]<\/p>","protected":false},"author":11,"featured_media":69037,"comment_status":"open","ping_status":"closed","sticky":false,"template":"","format":"standard","meta":{"_acf_changed":false,"_jetpack_memberships_contains_paid_content":false,"footnotes":"","jetpack_publicize_message":"","jetpack_publicize_feature_enabled":true,"jetpack_social_post_already_shared":true,"jetpack_social_options":{"image_generator_settings":{"template":"highway","default_image_id":0,"font":"","enabled":false},"version":2},"_wpas_customize_per_network":false},"categories":[100],"tags":[],"series":[],"class_list":["post-59685","post","type-post","status-publish","format-standard","has-post-thumbnail","hentry","category-christian-news"],"mb":[],"acf":[],"jetpack_publicize_connections":[],"jetpack_featured_media_url":"https:\/\/i0.wp.com\/christianpure.com\/wp-content\/uploads\/2025\/11\/Pope-Leo-XIV-Gods-Eucharistic-love-is-not-by-%E2%80%98chance-but-a-%E2%80%98conscious-choice.webp?fit=800%2C533&quality=75&ssl=1","jetpack-related-posts":[{"id":72824,"url":"https:\/\/christianpure.com\/es\/learn\/photos-pope-leo-meets-the-tiniest-members-of-the-flock-babies\/","url_meta":{"origin":59685,"position":0},"title":"PHOTOS: Pope Leo meets the tiniest members of the flock \u2014 babies","author":"Christian Pure Team","date":"febrero 16, 2026","format":false,"excerpt":"Pope Leo XIV blesses a baby on All Saints Day\u2019 2025. \/ Credit: Vatican Media Vatican City, Dec 25, 2025 \/ 07:00 am (CNA). Pope Leo XIV has welcomed and greeted a plethora of babies at the Vatican since his election on May 8. As Christians everywhere celebrate the birth\u2026","rel":"","context":"En \u00abChristian News\u00bb","block_context":{"text":"Christian News","link":"https:\/\/christianpure.com\/es\/learn\/category\/christian-news\/"},"img":{"alt_text":"PHOTOS: Pope Leo meets the tiniest members of the flock \u2014 babies","src":"https:\/\/i0.wp.com\/christianpure.com\/wp-content\/uploads\/2026\/02\/PHOTOS-Pope-Leo-meets-the-tiniest-members-of-the-flock-%E2%80%94-babies.png?fit=1200%2C335&quality=69&ssl=1&resize=350%2C200","width":350,"height":200,"srcset":"https:\/\/i0.wp.com\/christianpure.com\/wp-content\/uploads\/2026\/02\/PHOTOS-Pope-Leo-meets-the-tiniest-members-of-the-flock-%E2%80%94-babies.png?fit=1200%2C335&quality=69&ssl=1&resize=350%2C200 1x, https:\/\/i0.wp.com\/christianpure.com\/wp-content\/uploads\/2026\/02\/PHOTOS-Pope-Leo-meets-the-tiniest-members-of-the-flock-%E2%80%94-babies.png?fit=1200%2C335&quality=69&ssl=1&resize=525%2C300 1.5x, https:\/\/i0.wp.com\/christianpure.com\/wp-content\/uploads\/2026\/02\/PHOTOS-Pope-Leo-meets-the-tiniest-members-of-the-flock-%E2%80%94-babies.png?fit=1200%2C335&quality=69&ssl=1&resize=700%2C400 2x, https:\/\/i0.wp.com\/christianpure.com\/wp-content\/uploads\/2026\/02\/PHOTOS-Pope-Leo-meets-the-tiniest-members-of-the-flock-%E2%80%94-babies.png?fit=1200%2C335&quality=69&ssl=1&resize=1050%2C600 3x"},"classes":[]},{"id":68413,"url":"https:\/\/christianpure.com\/es\/learn\/pope-leo-xiv-urges-world-not-to-forget-myanmar-says-easter-gives-hope-to-everyday-life\/","url_meta":{"origin":59685,"position":1},"title":"Pope Leo XIV urges world not to forget Myanmar; says Easter \u2018gives hope to everyday life\u2019","author":"Christian Pure Team","date":"noviembre 17, 2025","format":false,"excerpt":"Pope Leo XIV greets pilgrims gathered in St. Peter\u2019s Square for his general audience on Nov. 5, 2025, at the Vatican. \/ Credit: Vatican Media Vatican City, Nov 5, 2025 \/ 08:20 am (CNA). Pope Leo XIV appealed on Wednesday for the international community not to abandon the people of\u2026","rel":"","context":"En \u00abChristian News\u00bb","block_context":{"text":"Christian News","link":"https:\/\/christianpure.com\/es\/learn\/category\/christian-news\/"},"img":{"alt_text":"Pope Leo XIV urges world not to forget Myanmar; says Easter \u2018gives hope to everyday life\u2019","src":"https:\/\/i0.wp.com\/christianpure.com\/wp-content\/uploads\/2025\/11\/Pope-Leo-XIV-urges-world-not-to-forget-Myanmar-says-Easter-%E2%80%98gives-hope-to-everyday-life.webp?fit=800%2C533&quality=75&ssl=1&resize=350%2C200","width":350,"height":200,"srcset":"https:\/\/i0.wp.com\/christianpure.com\/wp-content\/uploads\/2025\/11\/Pope-Leo-XIV-urges-world-not-to-forget-Myanmar-says-Easter-%E2%80%98gives-hope-to-everyday-life.webp?fit=800%2C533&quality=75&ssl=1&resize=350%2C200 1x, https:\/\/i0.wp.com\/christianpure.com\/wp-content\/uploads\/2025\/11\/Pope-Leo-XIV-urges-world-not-to-forget-Myanmar-says-Easter-%E2%80%98gives-hope-to-everyday-life.webp?fit=800%2C533&quality=75&ssl=1&resize=525%2C300 1.5x, https:\/\/i0.wp.com\/christianpure.com\/wp-content\/uploads\/2025\/11\/Pope-Leo-XIV-urges-world-not-to-forget-Myanmar-says-Easter-%E2%80%98gives-hope-to-everyday-life.webp?fit=800%2C533&quality=75&ssl=1&resize=700%2C400 2x"},"classes":[]},{"id":50640,"url":"https:\/\/christianpure.com\/es\/learn\/pope-leo-xiv-on-holy-trinity-sunday-gods-dynamic-love-opens-humanity-to-encounter\/","url_meta":{"origin":59685,"position":2},"title":"Pope Leo XIV on Holy Trinity Sunday: God\u2019s \u2018dynamic\u2019 love opens humanity to encounter","author":"Christian Pure Team","date":"junio 22, 2025","format":false,"excerpt":"Pope Leo XIV waves to those gathered for Mass for the Jubilee of Sport on the solemnity of the Most Holy Trinity on June 15, 2025, in St. Peter\u2019s Basilica at the Vatican. \/ Credit: Daniel Iba\u00f1ez\/CNA Vatican City, Jun 15, 2025 \/ 11:46 am (CNA). Pope Leo XIV presided\u2026","rel":"","context":"En \u00abChristian News\u00bb","block_context":{"text":"Christian News","link":"https:\/\/christianpure.com\/es\/learn\/category\/christian-news\/"},"img":{"alt_text":"Pope Leo XIV on Holy Trinity Sunday: God\u2019s \u2018dynamic\u2019 love opens humanity to encounter","src":"https:\/\/i0.wp.com\/christianpure.com\/wp-content\/uploads\/2025\/06\/Pope-Leo-XIV-on-Holy-Trinity-Sunday-Gods-%E2%80%98dynamic-love-opens-humanity-to-encounter.webp?fit=800%2C533&quality=75&ssl=1&resize=350%2C200","width":350,"height":200,"srcset":"https:\/\/i0.wp.com\/christianpure.com\/wp-content\/uploads\/2025\/06\/Pope-Leo-XIV-on-Holy-Trinity-Sunday-Gods-%E2%80%98dynamic-love-opens-humanity-to-encounter.webp?fit=800%2C533&quality=75&ssl=1&resize=350%2C200 1x, https:\/\/i0.wp.com\/christianpure.com\/wp-content\/uploads\/2025\/06\/Pope-Leo-XIV-on-Holy-Trinity-Sunday-Gods-%E2%80%98dynamic-love-opens-humanity-to-encounter.webp?fit=800%2C533&quality=75&ssl=1&resize=525%2C300 1.5x, https:\/\/i0.wp.com\/christianpure.com\/wp-content\/uploads\/2025\/06\/Pope-Leo-XIV-on-Holy-Trinity-Sunday-Gods-%E2%80%98dynamic-love-opens-humanity-to-encounter.webp?fit=800%2C533&quality=75&ssl=1&resize=700%2C400 2x"},"classes":[]},{"id":52825,"url":"https:\/\/christianpure.com\/es\/learn\/at-general-audience-pope-leo-xiv-laments-fatigue-of-living-afflicting-modern-society\/","url_meta":{"origin":59685,"position":3},"title":"At general audience, Pope Leo XIV laments \u2018fatigue of living\u2019 afflicting modern society","author":"Christian Pure Team","date":"octubre 9, 2025","format":false,"excerpt":"Pope Leo XIV greets pilgrims at the Wednesday general audience in St. Peter's Square, Wednesday, June 25, 2025 \/ Credit: Daniel Ib\u00e1\u00f1ez\/CNA Vatican City, Jun 25, 2025 \/ 07:15 am (CNA). Pope Leo XIV on Wednesday addressed what he called the\u00a0\u201cfatigue of living\u201d\u00a0as one of the ailments afflicting modern society,\u2026","rel":"","context":"En \u00abChristian News\u00bb","block_context":{"text":"Christian News","link":"https:\/\/christianpure.com\/es\/learn\/category\/christian-news\/"},"img":{"alt_text":"At general audience, Pope Leo XIV laments \u2018fatigue of living\u2019 afflicting modern society","src":"https:\/\/i0.wp.com\/christianpure.com\/wp-content\/uploads\/2025\/10\/At-general-audience-Pope-Leo-XIV-laments-%E2%80%98fatigue-of-living-afflicting-modern-society.webp?fit=800%2C533&quality=75&ssl=1&resize=350%2C200","width":350,"height":200,"srcset":"https:\/\/i0.wp.com\/christianpure.com\/wp-content\/uploads\/2025\/10\/At-general-audience-Pope-Leo-XIV-laments-%E2%80%98fatigue-of-living-afflicting-modern-society.webp?fit=800%2C533&quality=75&ssl=1&resize=350%2C200 1x, https:\/\/i0.wp.com\/christianpure.com\/wp-content\/uploads\/2025\/10\/At-general-audience-Pope-Leo-XIV-laments-%E2%80%98fatigue-of-living-afflicting-modern-society.webp?fit=800%2C533&quality=75&ssl=1&resize=525%2C300 1.5x, https:\/\/i0.wp.com\/christianpure.com\/wp-content\/uploads\/2025\/10\/At-general-audience-Pope-Leo-XIV-laments-%E2%80%98fatigue-of-living-afflicting-modern-society.webp?fit=800%2C533&quality=75&ssl=1&resize=700%2C400 2x"},"classes":[]},{"id":59232,"url":"https:\/\/christianpure.com\/es\/learn\/pope-leo-xiv-prays-for-egyptian-jubilee-of-youth-pilgrim-who-died-in-rome\/","url_meta":{"origin":59685,"position":4},"title":"Pope Leo XIV prays for Egyptian Jubilee of Youth pilgrim who died in Rome","author":"Christian Pure Team","date":"agosto 31, 2025","format":false,"excerpt":"Pope Leo XIV addresses the crowd following his unexpected ride around St. Peter\u2019s Square at the Vatican following the Jubilee of Youth welcome Mass \u2014 which was celebrated by Archbishop Rino Fisichella (right) \u2014 on July 29, 2025. \/ Credit: Daniel Iba\u00f1ez\/CNA Vatican City, Aug 2, 2025 \/ 10:00 am\u2026","rel":"","context":"En \u00abChristian News\u00bb","block_context":{"text":"Christian News","link":"https:\/\/christianpure.com\/es\/learn\/category\/christian-news\/"},"img":{"alt_text":"Pope Leo XIV prays for Egyptian Jubilee of Youth pilgrim who died in Rome","src":"https:\/\/i0.wp.com\/christianpure.com\/wp-content\/uploads\/2025\/08\/Pope-Leo-XIV-prays-for-Egyptian-Jubilee-of-Youth-pilgrim-who-died-in-Rome.webp?fit=800%2C533&quality=75&ssl=1&resize=350%2C200","width":350,"height":200,"srcset":"https:\/\/i0.wp.com\/christianpure.com\/wp-content\/uploads\/2025\/08\/Pope-Leo-XIV-prays-for-Egyptian-Jubilee-of-Youth-pilgrim-who-died-in-Rome.webp?fit=800%2C533&quality=75&ssl=1&resize=350%2C200 1x, https:\/\/i0.wp.com\/christianpure.com\/wp-content\/uploads\/2025\/08\/Pope-Leo-XIV-prays-for-Egyptian-Jubilee-of-Youth-pilgrim-who-died-in-Rome.webp?fit=800%2C533&quality=75&ssl=1&resize=525%2C300 1.5x, https:\/\/i0.wp.com\/christianpure.com\/wp-content\/uploads\/2025\/08\/Pope-Leo-XIV-prays-for-Egyptian-Jubilee-of-Youth-pilgrim-who-died-in-Rome.webp?fit=800%2C533&quality=75&ssl=1&resize=700%2C400 2x"},"classes":[]},{"id":52470,"url":"https:\/\/christianpure.com\/es\/learn\/pope-leo-xiv-after-u-s-bombings-in-iran-humanity-cries-out-and-pleads-for-peace\/","url_meta":{"origin":59685,"position":5},"title":"Pope Leo XIV after U.S. bombings in Iran: \u2018Humanity cries out and pleads for peace\u2019","author":"Christian Pure Team","date":"junio 29, 2025","format":false,"excerpt":"Pope Leo XIV speaks to pilgrims gathered in St. Peter's Square for the Sunday Angelus on June 22, 2025. \/ Credit: Vatican Media Vatican City, Jun 22, 2025 \/ 08:22 am (CNA). Reacting to what he called the \u201calarming news\u201d of U.S. airstrikes on nuclear facilities in Iran, Pope Leo\u2026","rel":"","context":"En \u00abChristian News\u00bb","block_context":{"text":"Christian News","link":"https:\/\/christianpure.com\/es\/learn\/category\/christian-news\/"},"img":{"alt_text":"Pope Leo XIV after U.S. bombings in Iran: \u2018Humanity cries out and pleads for peace\u2019","src":"https:\/\/i0.wp.com\/christianpure.com\/wp-content\/uploads\/2025\/06\/Pope-Leo-XIV-after-U.S.-bombings-in-Iran-%E2%80%98Humanity-cries-out-and-pleads-for-peace.webp?fit=800%2C533&quality=75&ssl=1&resize=350%2C200","width":350,"height":200,"srcset":"https:\/\/i0.wp.com\/christianpure.com\/wp-content\/uploads\/2025\/06\/Pope-Leo-XIV-after-U.S.-bombings-in-Iran-%E2%80%98Humanity-cries-out-and-pleads-for-peace.webp?fit=800%2C533&quality=75&ssl=1&resize=350%2C200 1x, https:\/\/i0.wp.com\/christianpure.com\/wp-content\/uploads\/2025\/06\/Pope-Leo-XIV-after-U.S.-bombings-in-Iran-%E2%80%98Humanity-cries-out-and-pleads-for-peace.webp?fit=800%2C533&quality=75&ssl=1&resize=525%2C300 1.5x, https:\/\/i0.wp.com\/christianpure.com\/wp-content\/uploads\/2025\/06\/Pope-Leo-XIV-after-U.S.-bombings-in-Iran-%E2%80%98Humanity-cries-out-and-pleads-for-peace.webp?fit=800%2C533&quality=75&ssl=1&resize=700%2C400 2x"},"classes":[]}],"jetpack_sharing_enabled":true,"mfb_rest_fields":["title","jetpack_publicize_connections","jetpack_featured_media_url","jetpack-related-posts","jetpack_sharing_enabled"],"_links":{"self":[{"href":"https:\/\/christianpure.com\/es\/wp-json\/wp\/v2\/posts\/59685","targetHints":{"allow":["GET"]}}],"collection":[{"href":"https:\/\/christianpure.com\/es\/wp-json\/wp\/v2\/posts"}],"about":[{"href":"https:\/\/christianpure.com\/es\/wp-json\/wp\/v2\/types\/post"}],"author":[{"embeddable":true,"href":"https:\/\/christianpure.com\/es\/wp-json\/wp\/v2\/users\/11"}],"replies":[{"embeddable":true,"href":"https:\/\/christianpure.com\/es\/wp-json\/wp\/v2\/comments?post=59685"}],"version-history":[{"count":0,"href":"https:\/\/christianpure.com\/es\/wp-json\/wp\/v2\/posts\/59685\/revisions"}],"wp:featuredmedia":[{"embeddable":true,"href":"https:\/\/christianpure.com\/es\/wp-json\/wp\/v2\/media\/69037"}],"wp:attachment":[{"href":"https:\/\/christianpure.com\/es\/wp-json\/wp\/v2\/media?parent=59685"}],"wp:term":[{"taxonomy":"category","embeddable":true,"href":"https:\/\/christianpure.com\/es\/wp-json\/wp\/v2\/categories?post=59685"},{"taxonomy":"post_tag","embeddable":true,"href":"https:\/\/christianpure.com\/es\/wp-json\/wp\/v2\/tags?post=59685"},{"taxonomy":"series","embeddable":true,"href":"https:\/\/christianpure.com\/es\/wp-json\/wp\/v2\/series?post=59685"}],"curies":[{"name":"wp","href":"https:\/\/api.w.org\/{rel}","templated":true}]}}