{"id":60516,"date":"2025-09-09T03:19:53","date_gmt":"2025-09-09T03:19:53","guid":{"rendered":"https:\/\/christianpure.com\/?p=60516"},"modified":"2025-09-09T03:19:53","modified_gmt":"2025-09-09T03:19:53","slug":"ewtn-to-carry-pope-leo-xivs-first-ever-digital-visit-with-americas-catholic-youth","status":"publish","type":"post","link":"https:\/\/christianpure.com\/es\/learn\/ewtn-to-carry-pope-leo-xivs-first-ever-digital-visit-with-americas-catholic-youth\/","title":{"rendered":"EWTN transmitir\u00e1 la primera visita digital del Papa Le\u00f3n XIV a la juventud cat\u00f3lica de Estados Unidos"},"content":{"rendered":"<div style=\"width: 100%; margin-bottom: 25px;\">\n  <img data-recalc-dims=\"1\" decoding=\"async\" src=\"https:\/\/i0.wp.com\/www.catholicnewsagency.com\/images\/leo.youth.encounter.jpeg?ssl=1\" style=\"display: block; margin: auto; max-width: 100%\" \/><br \/>\n  <span style=\"text-align: right; font-style: italic;\">El encuentro en Indian\u00e1polis contar\u00e1 con palabras de apertura del Papa Le\u00f3n XIV, representantes juveniles y una sesi\u00f3n de preguntas y respuestas en vivo. \/ Cr\u00e9dito: EWTN News<\/span>\n<\/div>\n<p>Redacci\u00f3n de Washington, D.C., 15 de agosto de 2025 \/ 06:35 a. m. (CNA).<\/p>\n<p>EWTN Global Catholic Network anunci\u00f3 que servir\u00e1 como socio medi\u00e1tico exclusivo proporcionando cobertura informativa, transmisi\u00f3n y streaming digital de la primera visita digital del Papa Le\u00f3n XIV a la juventud cat\u00f3lica estadounidense durante la <a href=\"https:\/\/ncyc.us\/\" target=\"null\" class=\"null\" rel=\"noopener noreferrer nofollow\">Conferencia Nacional de la Juventud Cat\u00f3lica 2025<\/a> (NCYC, por sus siglas en ingl\u00e9s) organizada por la <a href=\"https:\/\/nfcym.org\/\" target=\"null\" class=\"null\" rel=\"noopener noreferrer nofollow\">Federaci\u00f3n Nacional para el Ministerio de la Juventud Cat\u00f3lica<\/a> (NFCYM, por sus siglas en ingl\u00e9s) el 21 de noviembre.&nbsp;<\/p>\n<p>El hist\u00f3rico encuentro conectar\u00e1 al Santo Padre en vivo desde el Vaticano con miles de j\u00f3venes reunidos en el Lucas Oil Stadium en Indian\u00e1polis y muchos m\u00e1s que lo ver\u00e1n en l\u00ednea alrededor del mundo.&nbsp;<\/p>\n<p>Seg\u00fan la NCYC, se espera que el Santo Padre se dirija a hasta 15,000 j\u00f3venes registrados de entre 14 y 18 a\u00f1os de movimientos juveniles cat\u00f3licos de todo Estados Unidos e interact\u00fae directamente con ellos durante un di\u00e1logo en vivo de 45 minutos que comenzar\u00e1 a las 10:15 a. m. ET el 21 de noviembre.<\/p>\n<p>Un n\u00famero selecto de j\u00f3venes ser\u00e1 elegido para conversar directamente con el Papa Le\u00f3n durante la sesi\u00f3n. La NFCYM indic\u00f3 que los detalles sobre el proceso de selecci\u00f3n se compartir\u00e1n en las pr\u00f3ximas semanas.<\/p>\n<p>El encuentro tendr\u00e1 lugar el segundo d\u00eda de la NCYC, que se celebrar\u00e1 del 20 al 22 de noviembre y que, adem\u00e1s de los j\u00f3venes, reunir\u00e1 a l\u00edderes de pastoral juvenil cat\u00f3lica, clero y voluntarios de todo el pa\u00eds para tres d\u00edas de oraci\u00f3n, formaci\u00f3n, comunidad y celebraci\u00f3n.<\/p>\n<p>Al reaccionar al anuncio, el arzobispo Charles Thompson de Indian\u00e1polis dijo: \u201cEs maravilloso dar la bienvenida a los j\u00f3venes de Estados Unidos de regreso al Lucas Oil Stadium en Indian\u00e1polis, apenas un a\u00f1o despu\u00e9s de que tuvi\u00e9ramos a 60,000 cat\u00f3licos all\u00ed para el Congreso Eucar\u00edstico Nacional\u201d. A\u00f1adi\u00f3 que \u201cel avivamiento en los Estados Unidos no es algo que esperar, es algo que est\u00e1 sucediendo. Me complace asociarme con la NFCYM, mis hermanos obispos y EWTN para facilitar este importante encuentro digital\u201d.<\/p>\n<p>\u201cDesde el principio, EWTN ha sido el lugar donde los fieles pueden reunirse \u2014a trav\u00e9s de distancias y zonas horarias\u2014 para los grandes momentos en la vida de la Iglesia\u201d, dijo Michael P. Warsaw, presidente de la junta y director ejecutivo de EWTN. \u201cA medida que continuamos creciendo y adaptando nuestras plataformas medi\u00e1ticas, servir a audiencias m\u00e1s j\u00f3venes se ha convertido en una parte esencial de nuestra misi\u00f3n. Este encuentro hist\u00f3rico no solo inspirar\u00e1 a los j\u00f3venes, sino que tambi\u00e9n los invitar\u00e1 m\u00e1s profundamente al coraz\u00f3n de la Iglesia\u201d, se\u00f1al\u00f3.<\/p>\n<p>Montse Alvarado, presidenta y directora de operaciones de EWTN News, a\u00f1adi\u00f3: \u201cEn EWTN News, estamos comprometidos a cubrir y apoyar eventos de importancia en la Iglesia universal. Estamos especialmente emocionados de asociarnos con la NCYC, la NFCYM, y honrados de trabajar con el Santo Padre en este momento sin precedentes para los j\u00f3venes de la Iglesia estadounidense con el primer papa estadounidense\u201d.<strong>&nbsp;<\/strong><\/p>\n<p>El anuncio de hoy, en la solemnidad de la Asunci\u00f3n de la Sant\u00edsima Virgen Mar\u00eda, coincide tambi\u00e9n con el 44\u00ba aniversario de la primera emisi\u00f3n de EWTN.&nbsp;&nbsp;<\/p>\n<p>\u201cEsta elecci\u00f3n providencial refleja la larga misi\u00f3n de EWTN de llevar el mensaje de la Iglesia a cada hogar y apoyar a los j\u00f3venes en su encuentro con Jesucristo y en el crecimiento de su fe\u201d, dijo Alvarado.&nbsp;<\/p>\n<p>El encuentro contar\u00e1 con palabras de apertura del Papa Le\u00f3n XIV, representantes juveniles, una sesi\u00f3n de preguntas y respuestas en vivo y palabras de clausura que incluir\u00e1n una bendici\u00f3n. La cobertura de EWTN tambi\u00e9n incluir\u00e1 la transmisi\u00f3n de programaci\u00f3n adicional del NCYC del 20 al 22 de noviembre, brindando a las audiencias globales acceso a la oraci\u00f3n, catequesis, formaci\u00f3n y celebraci\u00f3n que tendr\u00e1n lugar en Indian\u00e1polis.&nbsp;<\/p>\n<p>El arzobispo de Filadelfia, Nelson P\u00e9rez, quien se desempe\u00f1a como asesor episcopal de la NFCYM, se\u00f1al\u00f3 que \u201cla elecci\u00f3n del Santo Padre de encontrarse con la juventud estadounidense de esta manera es una expresi\u00f3n de su cercan\u00eda con la juventud cat\u00f3lica, siguiendo los pasos de su predecesor, el Papa Francisco, quien llam\u00f3 a los j\u00f3venes el \u2018ahora de Dios\u2019\u201d.&nbsp;<\/p>\n<p>Haci\u00e9ndose eco de P\u00e9rez, Warsaw se\u00f1al\u00f3 que \u201ceste encuentro con el Papa Le\u00f3n XIV marcar\u00e1 un momento importante para la juventud de Estados Unidos\u201d, y a\u00f1adi\u00f3: \u201cEstoy emocionado de que podamos ofrecer los servicios de EWTN para la conferencia y el encuentro de 2025, proporcionando los medios por los cuales el NCYC, la NFCYM y el Santo Padre tendr\u00e1n un veh\u00edculo global de expresi\u00f3n. Esperamos compartir este momento con el mundo\u201d.&nbsp;<\/p>\n<p>Visite <a href=\"http:\/\/ncyc.us\/\" target=\"null\" class=\"null\" rel=\"noopener noreferrer nofollow\">ncyc.us<\/a> para m\u00e1s informaci\u00f3n sobre el programa y c\u00f3mo participar.&nbsp;&nbsp;<\/p>\n<p>Como la organizaci\u00f3n de medios cat\u00f3licos m\u00e1s grande del mundo, los 11 canales de televisi\u00f3n globales y numerosos canales regionales de EWTN se transmiten en m\u00faltiples idiomas las 24 horas del d\u00eda, los siete d\u00edas de la semana, a m\u00e1s de 435 millones de hogares con televisi\u00f3n en m\u00e1s de 160 pa\u00edses y territorios. Las plataformas de EWTN tambi\u00e9n incluyen servicios de radio transmitidos a trav\u00e9s de SIRIUS\/XM, iHeart Radio y m\u00e1s de 600 afiliadas de radio AM y FM en EE. UU. e internacionales; un servicio de radio de onda corta mundial; uno de los sitios web cat\u00f3licos m\u00e1s visitados en los EE. UU.; as\u00ed como EWTN Publishing, su divisi\u00f3n de publicaci\u00f3n de libros.&nbsp;<\/p>\n<p>Headquartered in Washington, D.C., EWTN News operates multiple global news services, including Catholic News Agency; The National Catholic Register newspaper and digital platform; ACI Prensa in Spanish; ACI Digital in Portuguese; ACI Stampa in Italian; ACI Africa in English, French, and Portuguese; ACI MENA in Arabic; CNA Deutsch in German; and ChurchPop, a digital platform that creates content in several languages. It also produces numerous television news programs including \u201cEWTN News Nightly,\u201d \u201cEWTN Noticias,\u201d \u201cEWTN News In Depth,\u201d \u201cEWTN Pro-Life Weekly,\u201d \u201cThe World Over with Raymond Arroyo,\u201d and \u201cVaticano.\u201d<\/p>\n<p><a href=\"https:\/\/www.catholicnewsagency.com\/news\/265973\/ewtn-to-carry-pope-leo-xiv-s-first-ever-digital-visit-with-america-s-catholic-youth\" rel=\"nofollow\">https:\/\/www.catholicnewsagency.com\/news\/265973\/ewtn-to-carry-pope-leo-xiv-s-first-ever-digital-visit-with-america-s-catholic-youth<\/a><\/p>","protected":false},"excerpt":{"rendered":"<p>The encounter in Indianapolis will feature opening remarks by Pope Leo XIV, youth representatives, and a live Q&amp;A. \/ Credit: EWTN News Washington, D.C. Newsroom, Aug 15, 2025 \/ 06:35 am (CNA). EWTN Global Catholic Network announced it will serve as the exclusive media partner providing news coverage, broadcast, and digital streaming of Pope Leo [\u2026]<\/p>","protected":false},"author":11,"featured_media":63197,"comment_status":"open","ping_status":"closed","sticky":false,"template":"","format":"standard","meta":{"_acf_changed":false,"_jetpack_memberships_contains_paid_content":false,"footnotes":"","jetpack_publicize_message":"","jetpack_publicize_feature_enabled":true,"jetpack_social_post_already_shared":true,"jetpack_social_options":{"image_generator_settings":{"template":"highway","default_image_id":0,"font":"","enabled":false},"version":2},"_wpas_customize_per_network":false},"categories":[100],"tags":[],"series":[],"class_list":["post-60516","post","type-post","status-publish","format-standard","has-post-thumbnail","hentry","category-christian-news"],"mb":[],"acf":[],"jetpack_publicize_connections":[],"jetpack_featured_media_url":"https:\/\/i0.wp.com\/christianpure.com\/wp-content\/uploads\/2025\/09\/EWTN-to-carry-Pope-Leo-XIVs-first-ever-digital-visit-with-Americas-Catholic-youth.webp?fit=800%2C489&quality=75&ssl=1","jetpack-related-posts":[],"jetpack_sharing_enabled":true,"mfb_rest_fields":["title","jetpack_publicize_connections","jetpack_featured_media_url","jetpack-related-posts","jetpack_sharing_enabled"],"_links":{"self":[{"href":"https:\/\/christianpure.com\/es\/wp-json\/wp\/v2\/posts\/60516","targetHints":{"allow":["GET"]}}],"collection":[{"href":"https:\/\/christianpure.com\/es\/wp-json\/wp\/v2\/posts"}],"about":[{"href":"https:\/\/christianpure.com\/es\/wp-json\/wp\/v2\/types\/post"}],"author":[{"embeddable":true,"href":"https:\/\/christianpure.com\/es\/wp-json\/wp\/v2\/users\/11"}],"replies":[{"embeddable":true,"href":"https:\/\/christianpure.com\/es\/wp-json\/wp\/v2\/comments?post=60516"}],"version-history":[{"count":0,"href":"https:\/\/christianpure.com\/es\/wp-json\/wp\/v2\/posts\/60516\/revisions"}],"wp:featuredmedia":[{"embeddable":true,"href":"https:\/\/christianpure.com\/es\/wp-json\/wp\/v2\/media\/63197"}],"wp:attachment":[{"href":"https:\/\/christianpure.com\/es\/wp-json\/wp\/v2\/media?parent=60516"}],"wp:term":[{"taxonomy":"category","embeddable":true,"href":"https:\/\/christianpure.com\/es\/wp-json\/wp\/v2\/categories?post=60516"},{"taxonomy":"post_tag","embeddable":true,"href":"https:\/\/christianpure.com\/es\/wp-json\/wp\/v2\/tags?post=60516"},{"taxonomy":"series","embeddable":true,"href":"https:\/\/christianpure.com\/es\/wp-json\/wp\/v2\/series?post=60516"}],"curies":[{"name":"wp","href":"https:\/\/api.w.org\/{rel}","templated":true}]}}