{"id":68413,"date":"2025-11-17T16:00:36","date_gmt":"2025-11-17T16:00:36","guid":{"rendered":"https:\/\/christianpure.com\/?p=68413"},"modified":"2025-11-17T16:00:36","modified_gmt":"2025-11-17T16:00:36","slug":"pope-leo-xiv-urges-world-not-to-forget-myanmar-says-easter-gives-hope-to-everyday-life","status":"publish","type":"post","link":"https:\/\/christianpure.com\/es\/learn\/pope-leo-xiv-urges-world-not-to-forget-myanmar-says-easter-gives-hope-to-everyday-life\/","title":{"rendered":"El Papa Le\u00f3n XIV insta al mundo a no olvidar a Myanmar; dice que la Pascua \u2018da esperanza a la vida cotidiana\u2019"},"content":{"rendered":"<div style=\"width: 100%; margin-bottom: 25px;\">\n  <img data-recalc-dims=\"1\" decoding=\"async\" src=\"https:\/\/i0.wp.com\/www.catholicnewsagency.com\/images\/tre8240.jpg?ssl=1\" style=\"display: block; margin: auto; max-width: 100%\" \/><br \/>\n  <span style=\"text-align: right; font-style: italic;\">El Papa Le\u00f3n XIV saluda a los peregrinos reunidos en la Plaza de San Pedro para su audiencia general el 5 de noviembre de 2025, en el Vaticano. \/ Cr\u00e9dito: Vatican Media<\/span>\n<\/div>\n<p>Ciudad del Vaticano, 5 de noviembre de 2025 \/ 08:20 am (CNA).<\/p>\n<p>El Papa Le\u00f3n XIV hizo un llamamiento el mi\u00e9rcoles para que la comunidad internacional no abandone al pueblo de Myanmar, mientras el pa\u00eds sigue sumido en una guerra civil y en una grave necesidad humanitaria. Hizo el llamamiento durante su audiencia general semanal en la Plaza de San Pedro, que tambi\u00e9n incluy\u00f3 una catequesis sobre c\u00f3mo la resurrecci\u00f3n de Cristo arroja luz sobre el sufrimiento y la muerte.<\/p>\n<p>\u201cHermanos y hermanas, los invito a unirse a m\u00ed en oraci\u00f3n por aquellos que sufren como resultado de los conflictos armados en diferentes partes del mundo. Pienso en particular en Myanmar e insto a la comunidad internacional a no olvidar al pueblo birmano y a proporcionar la asistencia humanitaria necesaria\u201d, dijo el Papa ante miles de peregrinos.<\/p>\n<p>Le\u00f3n expres\u00f3 su preocupaci\u00f3n por la violencia prolongada en la naci\u00f3n asi\u00e1tica, donde los civiles siguen sufriendo enfrentamientos armados, desplazamientos forzados y la falta de recursos b\u00e1sicos. Las estimaciones de las Naciones Unidas muestran que la crisis ha alcanzado niveles catastr\u00f3ficos, con cerca de 20 millones de personas que se espera necesiten asistencia en 2025 y unos 3,5 millones de desplazados internos, muchos de ellos viviendo en condiciones precarias. La situaci\u00f3n se ha visto agravada por desastres naturales como un terremoto en marzo y por la limitada financiaci\u00f3n internacional.<\/p>\n<figure class=\"mx-auto\" style=\"width:100%\"><img data-recalc-dims=\"1\" decoding=\"async\" src=\"https:\/\/i0.wp.com\/admin.catholicnewsagency.com\/images\/popeleowaves110525.jpg?quality=80&#038;ssl=1\" class=\"img-fluid\" alt=\"El Papa Le\u00f3n XIV saluda a los peregrinos reunidos en la Plaza de San Pedro para su audiencia general el mi\u00e9rcoles 5 de noviembre de 2025, en el Vaticano. Cr\u00e9dito: Vatican Media\"><figcaption class=\"caption text-muted\">El Papa Le\u00f3n XIV saluda a los peregrinos reunidos en la Plaza de San Pedro para su audiencia general el mi\u00e9rcoles 5 de noviembre de 2025, en el Vaticano. Cr\u00e9dito: Vatican Media<\/figcaption><\/figure>\n<p>La Santa Sede ha expresado repetidamente su cercan\u00eda al pueblo de Myanmar. Desde el estallido de la violencia, el Papa ha enviado llamamientos al di\u00e1logo y la reconciliaci\u00f3n, pidiendo a todas las partes que rechacen la venganza y busquen la paz a trav\u00e9s del entendimiento mutuo.<\/p>\n<h2>Catequesis: La Pascua como br\u00fajula en la vida cotidiana<\/h2>\n<p>Al principio de la audiencia, el Papa Le\u00f3n continu\u00f3 su catequesis del Jubileo 2025 sobre el tema \u201cJesucristo nuestra esperanza\u201d, reflexionando sobre c\u00f3mo la Resurrecci\u00f3n da sentido a los desaf\u00edos cotidianos.<\/p>\n<p>\u201cEl misterio pascual es la piedra angular de la vida cristiana, en torno a la cual giran todos los dem\u00e1s acontecimientos. Podemos decir, entonces, sin ning\u00fan irenicismo o sentimentalismo, que cada d\u00eda es Pascua\u201d, dijo.<\/p>\n<p>\u201cLa pascua de Jes\u00fas es un acontecimiento que no pertenece a un pasado lejano, ya asentado en la tradici\u00f3n como tantos otros episodios de la historia humana. Hora tras hora, tenemos tantas experiencias diferentes: dolor, sufrimiento, tristeza, entrelazados con alegr\u00eda, asombro, serenidad. Pero a trav\u00e9s de cada situaci\u00f3n, el coraz\u00f3n humano anhela la plenitud, una felicidad profunda\u201d, explic\u00f3.<\/p>\n<p>Citando a Santa Teresa Benedicta de la Cruz, cuyo nombre secular era Edith Stein, Le\u00f3n dijo: \u201cEstamos inmersos en la limitaci\u00f3n, pero tambi\u00e9n nos esforzamos por superarla\u201d. Stein, una fil\u00f3sofa alemana de origen jud\u00edo que se convirti\u00f3 en monja carmelita y fue martirizada en Auschwitz, fue canonizada en 1998 y nombrada copatrona de Europa.<\/p>\n<figure class=\"mx-auto\" style=\"width:100%\"><img data-recalc-dims=\"1\" decoding=\"async\" src=\"https:\/\/i0.wp.com\/admin.catholicnewsagency.com\/images\/popeleobaby110525.jpg?quality=80&#038;ssl=1\" class=\"img-fluid\" alt=\"El Papa Le\u00f3n XIV bendice a un beb\u00e9 en la Plaza de San Pedro durante su audiencia general el mi\u00e9rcoles 5 de noviembre de 2025, en el Vaticano. Cr\u00e9dito: Vatican Media\"><figcaption class=\"caption text-muted\">El Papa Le\u00f3n XIV bendice a un beb\u00e9 en la Plaza de San Pedro durante su audiencia general el mi\u00e9rcoles 5 de noviembre de 2025, en el Vaticano. Cr\u00e9dito: Vatican Media<\/figcaption><\/figure>\n<p>El Papa describi\u00f3 el anuncio de Pascua como \u201cla noticia m\u00e1s hermosa, alegre y abrumadora que jam\u00e1s haya resonado en toda la historia\u201d, porque proclama \u201cla victoria del amor sobre el pecado y de la vida sobre la muerte\u201d.<\/p>\n<p>Recordando a las mujeres que encontraron el sepulcro vac\u00edo, Le\u00f3n dijo que ese momento \u201clo cambia todo: el curso de la historia humana y el destino de cada persona\u201d. Desde ese d\u00eda, dijo, \u201cJes\u00fas tambi\u00e9n tendr\u00e1 este t\u00edtulo: el Viviente\u201d.<\/p>\n<p>\u201cEn \u00e9l, tenemos la seguridad de poder encontrar siempre la estrella polar hacia la que podemos dirigir nuestras vidas aparentemente ca\u00f3ticas, marcadas por acontecimientos que a menudo parecen confusos, inaceptables, incomprensibles: el mal en sus muchas formas, el sufrimiento, la muerte\u201d, continu\u00f3. \u201cMeditando sobre el misterio de la Resurrecci\u00f3n, encontramos una respuesta a nuestra sed de sentido\u201d.<\/p>\n<p>El Papa dijo que, vista a la luz de la Pascua, \u201cel camino de la cruz se transfigura en el camino de la luz. Necesitamos saborear y meditar sobre la alegr\u00eda despu\u00e9s del dolor, para volver a recorrer bajo la nueva luz todas las etapas que precedieron a la Resurrecci\u00f3n\u201d.<\/p>\n<p>\u201cLa Pascua no elimina la cruz, sino que la derrota en el duelo milagroso que cambi\u00f3 nuestra historia humana\u201d, dijo. \u201cIncluso nuestro tiempo, marcado por tantas cruces, invoca el amanecer de la esperanza pascual. La resurrecci\u00f3n de Cristo no es una idea, una teor\u00eda, sino el acontecimiento que es el fundamento de la fe. \u00c9l, el Resucitado, a trav\u00e9s del Esp\u00edritu Santo, sigue record\u00e1ndonos esto, para que podamos ser sus testigos incluso donde la historia humana no ve luz en el horizonte. La esperanza pascual no defrauda\u201d.<\/p>\n<p><em>Esta historia fue publicada originalmente por ACI Prensa, socio de noticias en espa\u00f1ol de CNA. Ha sido traducida y adaptada por CNA.<\/em><\/p>\n<p> <a href=\"https:\/\/www.catholicnewsagency.com\/news\/267599\/pope-leo-xiv-at-audience-urges-world-not-to-forget-myanmar-says-easter-gives-hope-to-everyday-life\" rel=\"nofollow\">https:\/\/www.catholicnewsagency.com\/news\/267599\/pope-leo-xiv-at-audience-urges-world-not-to-forget-myanmar-says-easter-gives-hope-to-everyday-life<\/a><\/p>","protected":false},"excerpt":{"rendered":"<p>Pope Leo XIV greets pilgrims gathered in St. Peter\u2019s Square for his general audience on Nov. 5, 2025, at the Vatican. \/ Credit: Vatican Media Vatican City, Nov 5, 2025 \/ 08:20 am (CNA). Pope Leo XIV appealed on Wednesday for the international community not to abandon the people of Myanmar as the country remains [\u2026]<\/p>","protected":false},"author":11,"featured_media":69438,"comment_status":"open","ping_status":"closed","sticky":false,"template":"","format":"standard","meta":{"_acf_changed":false,"_jetpack_memberships_contains_paid_content":false,"footnotes":"","jetpack_publicize_message":"","jetpack_publicize_feature_enabled":true,"jetpack_social_post_already_shared":true,"jetpack_social_options":{"image_generator_settings":{"template":"highway","default_image_id":0,"font":"","enabled":false},"version":2},"_wpas_customize_per_network":false},"categories":[100],"tags":[],"series":[],"class_list":["post-68413","post","type-post","status-publish","format-standard","has-post-thumbnail","hentry","category-christian-news"],"mb":[],"acf":[],"jetpack_publicize_connections":[],"jetpack_featured_media_url":"https:\/\/i0.wp.com\/christianpure.com\/wp-content\/uploads\/2025\/11\/Pope-Leo-XIV-urges-world-not-to-forget-Myanmar-says-Easter-%E2%80%98gives-hope-to-everyday-life.webp?fit=800%2C533&quality=75&ssl=1","jetpack-related-posts":[{"id":72824,"url":"https:\/\/christianpure.com\/es\/learn\/photos-pope-leo-meets-the-tiniest-members-of-the-flock-babies\/","url_meta":{"origin":68413,"position":0},"title":"PHOTOS: Pope Leo meets the tiniest members of the flock \u2014 babies","author":"Christian Pure Team","date":"febrero 16, 2026","format":false,"excerpt":"Pope Leo XIV blesses a baby on All Saints Day\u2019 2025. \/ Credit: Vatican Media Vatican City, Dec 25, 2025 \/ 07:00 am (CNA). Pope Leo XIV has welcomed and greeted a plethora of babies at the Vatican since his election on May 8. As Christians everywhere celebrate the birth\u2026","rel":"","context":"En \u00abChristian News\u00bb","block_context":{"text":"Christian News","link":"https:\/\/christianpure.com\/es\/learn\/category\/christian-news\/"},"img":{"alt_text":"PHOTOS: Pope Leo meets the tiniest members of the flock \u2014 babies","src":"https:\/\/i0.wp.com\/christianpure.com\/wp-content\/uploads\/2026\/02\/PHOTOS-Pope-Leo-meets-the-tiniest-members-of-the-flock-%E2%80%94-babies.png?fit=1200%2C335&quality=69&ssl=1&resize=350%2C200","width":350,"height":200,"srcset":"https:\/\/i0.wp.com\/christianpure.com\/wp-content\/uploads\/2026\/02\/PHOTOS-Pope-Leo-meets-the-tiniest-members-of-the-flock-%E2%80%94-babies.png?fit=1200%2C335&quality=69&ssl=1&resize=350%2C200 1x, https:\/\/i0.wp.com\/christianpure.com\/wp-content\/uploads\/2026\/02\/PHOTOS-Pope-Leo-meets-the-tiniest-members-of-the-flock-%E2%80%94-babies.png?fit=1200%2C335&quality=69&ssl=1&resize=525%2C300 1.5x, https:\/\/i0.wp.com\/christianpure.com\/wp-content\/uploads\/2026\/02\/PHOTOS-Pope-Leo-meets-the-tiniest-members-of-the-flock-%E2%80%94-babies.png?fit=1200%2C335&quality=69&ssl=1&resize=700%2C400 2x, https:\/\/i0.wp.com\/christianpure.com\/wp-content\/uploads\/2026\/02\/PHOTOS-Pope-Leo-meets-the-tiniest-members-of-the-flock-%E2%80%94-babies.png?fit=1200%2C335&quality=69&ssl=1&resize=1050%2C600 3x"},"classes":[]},{"id":59685,"url":"https:\/\/christianpure.com\/es\/learn\/pope-leo-xiv-gods-eucharistic-love-is-not-by-chance-but-a-conscious-choice\/","url_meta":{"origin":68413,"position":1},"title":"Pope Leo XIV: God\u2019s Eucharistic love is not by \u2018chance\u2019 but a \u2018conscious choice\u2019","author":"Christian Pure Team","date":"noviembre 12, 2025","format":false,"excerpt":"Pope Leo XIV speaks to thousands of pilgrims gathered in St. Peter\u2019s Square for his Wednesday catechesis on the Jubilee theme \u201cJesus Christ Our Hope\u201d on Aug. 6, 2025. \/ Credit: Vatican Media Vatican City, Aug 6, 2025 \/ 10:14 am (CNA). Pope Leo XIV during his Wednesday catechesis on\u2026","rel":"","context":"En \u00abChristian News\u00bb","block_context":{"text":"Christian News","link":"https:\/\/christianpure.com\/es\/learn\/category\/christian-news\/"},"img":{"alt_text":"Pope Leo XIV: God\u2019s Eucharistic love is not by \u2018chance\u2019 but a \u2018conscious choice\u2019","src":"https:\/\/i0.wp.com\/christianpure.com\/wp-content\/uploads\/2025\/11\/Pope-Leo-XIV-Gods-Eucharistic-love-is-not-by-%E2%80%98chance-but-a-%E2%80%98conscious-choice.webp?fit=800%2C533&quality=75&ssl=1&resize=350%2C200","width":350,"height":200,"srcset":"https:\/\/i0.wp.com\/christianpure.com\/wp-content\/uploads\/2025\/11\/Pope-Leo-XIV-Gods-Eucharistic-love-is-not-by-%E2%80%98chance-but-a-%E2%80%98conscious-choice.webp?fit=800%2C533&quality=75&ssl=1&resize=350%2C200 1x, https:\/\/i0.wp.com\/christianpure.com\/wp-content\/uploads\/2025\/11\/Pope-Leo-XIV-Gods-Eucharistic-love-is-not-by-%E2%80%98chance-but-a-%E2%80%98conscious-choice.webp?fit=800%2C533&quality=75&ssl=1&resize=525%2C300 1.5x, https:\/\/i0.wp.com\/christianpure.com\/wp-content\/uploads\/2025\/11\/Pope-Leo-XIV-Gods-Eucharistic-love-is-not-by-%E2%80%98chance-but-a-%E2%80%98conscious-choice.webp?fit=800%2C533&quality=75&ssl=1&resize=700%2C400 2x"},"classes":[]},{"id":50640,"url":"https:\/\/christianpure.com\/es\/learn\/pope-leo-xiv-on-holy-trinity-sunday-gods-dynamic-love-opens-humanity-to-encounter\/","url_meta":{"origin":68413,"position":2},"title":"Pope Leo XIV on Holy Trinity Sunday: God\u2019s \u2018dynamic\u2019 love opens humanity to encounter","author":"Christian Pure Team","date":"junio 22, 2025","format":false,"excerpt":"Pope Leo XIV waves to those gathered for Mass for the Jubilee of Sport on the solemnity of the Most Holy Trinity on June 15, 2025, in St. Peter\u2019s Basilica at the Vatican. \/ Credit: Daniel Iba\u00f1ez\/CNA Vatican City, Jun 15, 2025 \/ 11:46 am (CNA). Pope Leo XIV presided\u2026","rel":"","context":"En \u00abChristian News\u00bb","block_context":{"text":"Christian News","link":"https:\/\/christianpure.com\/es\/learn\/category\/christian-news\/"},"img":{"alt_text":"Pope Leo XIV on Holy Trinity Sunday: God\u2019s \u2018dynamic\u2019 love opens humanity to encounter","src":"https:\/\/i0.wp.com\/christianpure.com\/wp-content\/uploads\/2025\/06\/Pope-Leo-XIV-on-Holy-Trinity-Sunday-Gods-%E2%80%98dynamic-love-opens-humanity-to-encounter.webp?fit=800%2C533&quality=75&ssl=1&resize=350%2C200","width":350,"height":200,"srcset":"https:\/\/i0.wp.com\/christianpure.com\/wp-content\/uploads\/2025\/06\/Pope-Leo-XIV-on-Holy-Trinity-Sunday-Gods-%E2%80%98dynamic-love-opens-humanity-to-encounter.webp?fit=800%2C533&quality=75&ssl=1&resize=350%2C200 1x, https:\/\/i0.wp.com\/christianpure.com\/wp-content\/uploads\/2025\/06\/Pope-Leo-XIV-on-Holy-Trinity-Sunday-Gods-%E2%80%98dynamic-love-opens-humanity-to-encounter.webp?fit=800%2C533&quality=75&ssl=1&resize=525%2C300 1.5x, https:\/\/i0.wp.com\/christianpure.com\/wp-content\/uploads\/2025\/06\/Pope-Leo-XIV-on-Holy-Trinity-Sunday-Gods-%E2%80%98dynamic-love-opens-humanity-to-encounter.webp?fit=800%2C533&quality=75&ssl=1&resize=700%2C400 2x"},"classes":[]},{"id":63340,"url":"https:\/\/christianpure.com\/es\/learn\/leo-xiv-defends-crying-it-can-even-be-the-extreme-form-of-prayer\/","url_meta":{"origin":68413,"position":3},"title":"Leo XIV defends crying: \u2018It can even be the extreme form of prayer\u2019","author":"Christian Pure Team","date":"octubre 10, 2025","format":false,"excerpt":"Pope Leo XIV greets a young child before his Wednesday general audience in St. Peter's Square on Sept. 10, 2025. \/ Credit: Vatican Media ACI Prensa Staff, Sep 10, 2025 \/ 08:00 am (CNA). In his general audience on Wednesday, Pope Leo XIV explained that cries of pain, like those\u2026","rel":"","context":"En \u00abChristian News\u00bb","block_context":{"text":"Christian News","link":"https:\/\/christianpure.com\/es\/learn\/category\/christian-news\/"},"img":{"alt_text":"","src":"https:\/\/i0.wp.com\/christianpure.com\/wp-content\/uploads\/2025\/09\/CNA_LOGOredblk-94.png?fit=1200%2C335&quality=69&ssl=1&resize=350%2C200","width":350,"height":200,"srcset":"https:\/\/i0.wp.com\/christianpure.com\/wp-content\/uploads\/2025\/09\/CNA_LOGOredblk-94.png?fit=1200%2C335&quality=69&ssl=1&resize=350%2C200 1x, https:\/\/i0.wp.com\/christianpure.com\/wp-content\/uploads\/2025\/09\/CNA_LOGOredblk-94.png?fit=1200%2C335&quality=69&ssl=1&resize=525%2C300 1.5x, https:\/\/i0.wp.com\/christianpure.com\/wp-content\/uploads\/2025\/09\/CNA_LOGOredblk-94.png?fit=1200%2C335&quality=69&ssl=1&resize=700%2C400 2x, https:\/\/i0.wp.com\/christianpure.com\/wp-content\/uploads\/2025\/09\/CNA_LOGOredblk-94.png?fit=1200%2C335&quality=69&ssl=1&resize=1050%2C600 3x"},"classes":[]},{"id":52874,"url":"https:\/\/christianpure.com\/es\/learn\/jonathan-roumie-jesus-in-the-chosen-meets-pope-leo-xiv-an-immeasurable-honor\/","url_meta":{"origin":68413,"position":4},"title":"Jonathan Roumie, Jesus in \u2018The Chosen,\u2019 meets Pope Leo XIV: \u2018An immeasurable honor\u2019","author":"Christian Pure Team","date":"junio 28, 2025","format":false,"excerpt":"Jonathan Roumie, the actor who plays Jesus in the series \u201cThe Chosen,\u201d greets Pope Leo XIV at the end of Wednesday\u2019s general audience on June 25, 2025, in St. Peter\u2019s Square at the Vatican. \/ Credit: Vatican Media ACI Prensa Staff, Jun 25, 2025 \/ 15:32 pm (CNA). Jonathan Roumie,\u2026","rel":"","context":"En \u00abChristian News\u00bb","block_context":{"text":"Christian News","link":"https:\/\/christianpure.com\/es\/learn\/category\/christian-news\/"},"img":{"alt_text":"Jonathan Roumie, Jesus in \u2018The Chosen,\u2019 meets Pope Leo XIV: \u2018An immeasurable honor\u2019","src":"https:\/\/i0.wp.com\/christianpure.com\/wp-content\/uploads\/2025\/06\/Jonathan-Roumie-Jesus-in-%E2%80%98The-Chosen-meets-Pope-Leo-XIV-%E2%80%98An-immeasurable-honor.webp?fit=672%2C448&quality=75&ssl=1&resize=350%2C200","width":350,"height":200,"srcset":"https:\/\/i0.wp.com\/christianpure.com\/wp-content\/uploads\/2025\/06\/Jonathan-Roumie-Jesus-in-%E2%80%98The-Chosen-meets-Pope-Leo-XIV-%E2%80%98An-immeasurable-honor.webp?fit=672%2C448&quality=75&ssl=1&resize=350%2C200 1x, https:\/\/i0.wp.com\/christianpure.com\/wp-content\/uploads\/2025\/06\/Jonathan-Roumie-Jesus-in-%E2%80%98The-Chosen-meets-Pope-Leo-XIV-%E2%80%98An-immeasurable-honor.webp?fit=672%2C448&quality=75&ssl=1&resize=525%2C300 1.5x"},"classes":[]},{"id":71853,"url":"https:\/\/christianpure.com\/es\/learn\/pope-leo-xiv-voices-concern-over-renewed-fighting-in-eastern-congo-urges-dialogue\/","url_meta":{"origin":68413,"position":5},"title":"Pope Leo XIV voices concern over renewed fighting in eastern Congo, urges dialogue","author":"Christian Pure Team","date":"febrero 23, 2026","format":false,"excerpt":"Pope Leo XIV greets pilgrims gathered in St. Peter's Square at the Vatican for the Angelus on December 14, 2025. \/ Vatican Media Vatican City, Dec 14, 2025 \/ 08:05 am (CNA). Pope Leo XIV on Sunday voiced deep concern over renewed fighting in the eastern Democratic Republic of Congo,\u2026","rel":"","context":"En \u00abChristian News\u00bb","block_context":{"text":"Christian News","link":"https:\/\/christianpure.com\/es\/learn\/category\/christian-news\/"},"img":{"alt_text":"Pope Leo XIV voices concern over renewed fighting in eastern Congo, urges dialogue","src":"https:\/\/i0.wp.com\/christianpure.com\/wp-content\/uploads\/2026\/02\/Pope-Leo-XIV-voices-concern-over-renewed-fighting-in-eastern-Congo-urges-dialogue.png?fit=1200%2C335&quality=69&ssl=1&resize=350%2C200","width":350,"height":200,"srcset":"https:\/\/i0.wp.com\/christianpure.com\/wp-content\/uploads\/2026\/02\/Pope-Leo-XIV-voices-concern-over-renewed-fighting-in-eastern-Congo-urges-dialogue.png?fit=1200%2C335&quality=69&ssl=1&resize=350%2C200 1x, https:\/\/i0.wp.com\/christianpure.com\/wp-content\/uploads\/2026\/02\/Pope-Leo-XIV-voices-concern-over-renewed-fighting-in-eastern-Congo-urges-dialogue.png?fit=1200%2C335&quality=69&ssl=1&resize=525%2C300 1.5x, https:\/\/i0.wp.com\/christianpure.com\/wp-content\/uploads\/2026\/02\/Pope-Leo-XIV-voices-concern-over-renewed-fighting-in-eastern-Congo-urges-dialogue.png?fit=1200%2C335&quality=69&ssl=1&resize=700%2C400 2x, https:\/\/i0.wp.com\/christianpure.com\/wp-content\/uploads\/2026\/02\/Pope-Leo-XIV-voices-concern-over-renewed-fighting-in-eastern-Congo-urges-dialogue.png?fit=1200%2C335&quality=69&ssl=1&resize=1050%2C600 3x"},"classes":[]}],"jetpack_sharing_enabled":true,"mfb_rest_fields":["title","jetpack_publicize_connections","jetpack_featured_media_url","jetpack-related-posts","jetpack_sharing_enabled"],"_links":{"self":[{"href":"https:\/\/christianpure.com\/es\/wp-json\/wp\/v2\/posts\/68413","targetHints":{"allow":["GET"]}}],"collection":[{"href":"https:\/\/christianpure.com\/es\/wp-json\/wp\/v2\/posts"}],"about":[{"href":"https:\/\/christianpure.com\/es\/wp-json\/wp\/v2\/types\/post"}],"author":[{"embeddable":true,"href":"https:\/\/christianpure.com\/es\/wp-json\/wp\/v2\/users\/11"}],"replies":[{"embeddable":true,"href":"https:\/\/christianpure.com\/es\/wp-json\/wp\/v2\/comments?post=68413"}],"version-history":[{"count":0,"href":"https:\/\/christianpure.com\/es\/wp-json\/wp\/v2\/posts\/68413\/revisions"}],"wp:featuredmedia":[{"embeddable":true,"href":"https:\/\/christianpure.com\/es\/wp-json\/wp\/v2\/media\/69438"}],"wp:attachment":[{"href":"https:\/\/christianpure.com\/es\/wp-json\/wp\/v2\/media?parent=68413"}],"wp:term":[{"taxonomy":"category","embeddable":true,"href":"https:\/\/christianpure.com\/es\/wp-json\/wp\/v2\/categories?post=68413"},{"taxonomy":"post_tag","embeddable":true,"href":"https:\/\/christianpure.com\/es\/wp-json\/wp\/v2\/tags?post=68413"},{"taxonomy":"series","embeddable":true,"href":"https:\/\/christianpure.com\/es\/wp-json\/wp\/v2\/series?post=68413"}],"curies":[{"name":"wp","href":"https:\/\/api.w.org\/{rel}","templated":true}]}}