{"id":69658,"date":"2025-11-25T06:00:40","date_gmt":"2025-11-25T06:00:40","guid":{"rendered":"https:\/\/christianpure.com\/?p=69658"},"modified":"2025-11-25T06:00:40","modified_gmt":"2025-11-25T06:00:40","slug":"pope-leo-xiv-says-missionaries-become-a-presence-everywhere-of-the-whole-church","status":"publish","type":"post","link":"https:\/\/christianpure.com\/es\/learn\/pope-leo-xiv-says-missionaries-become-a-presence-everywhere-of-the-whole-church\/","title":{"rendered":"El Papa Le\u00f3n XIV dice que los misioneros \u2018se convierten en una presencia de toda la Iglesia en todas partes\u2019"},"content":{"rendered":"<div style=\"width: 100%; margin-bottom: 25px;\">\n  <img data-recalc-dims=\"1\" decoding=\"async\" src=\"https:\/\/i0.wp.com\/www.catholicnewsagency.com\/images\/leooct25.jpg?ssl=1\" style=\"display: block; margin: auto; max-width: 100%\" \/><br \/>\n  <span style=\"text-align: right; font-style: italic;\">El Papa Le\u00f3n XIV saluda a la multitud en la audiencia general del Vaticano el 25 de octubre de 2025. \/ Cr\u00e9dito: Daniel Ib\u00e1\u00f1ez\/EWTN News<\/span>\n<\/div>\n<p>Equipo de ACI Prensa, 18 de noviembre de 2025 \/ 18:26 pm (CNA).<\/p>\n<p>En una audiencia con miembros del servicio diplom\u00e1tico en las misiones pontificias, el Papa Le\u00f3n XIV enfatiz\u00f3 que han sido elegidos para \u201cconvertirse en una presencia en todas partes de toda la Iglesia y, en particular, de la solicitud pastoral del Papa, que la preside en la caridad\u201d.<\/p>\n<p>En el contexto del Jubileo de la Esperanza, el Santo Padre record\u00f3 que el a\u00f1o santo es \u201cuna oportunidad providencial para redescubrir y profundizar en la belleza de nuestra vocaci\u00f3n, es decir, nuestra llamada com\u00fan a la santidad, que nos compromete cada d\u00eda a ser testigos de Cristo, la esperanza viva para el mundo\u201d.<\/p>\n<p>Reflexionando sobre el servicio de los misioneros de \u201cllevar la palabra redentora del Evangelio hasta los confines de la tierra\u201d, el Papa se\u00f1al\u00f3 que los grandes misioneros nos recuerdan que la inculturaci\u00f3n no es una cuesti\u00f3n superficial, \u201cporque brota del deseo de dedicarse a la tierra y a las personas a las que servimos\u201d.<\/p>\n<p>\u201cSu servicio \u00fanico es arduo y, por tanto, requiere un coraz\u00f3n que arda por Dios y est\u00e9 abierto a todas las personas; exige estudio y habilidad, abnegaci\u00f3n y valent\u00eda; crece en la confianza en Jes\u00fas y en la docilidad a la Iglesia, que se expresa a trav\u00e9s de la obediencia a los superiores\u201d, dijo.&nbsp;<\/p>\n<p>Dada la diversidad de culturas y lugares donde trabajan los representantes pontificios, el Papa los invit\u00f3 a dar testimonio \u201ccomo sacerdotes enamorados de Cristo y dedicados a edificar su cuerpo\u201d. Tambi\u00e9n los anim\u00f3 a ser \u201cun reflejo del afecto y la cercan\u00eda que el Papa tiene\u201d por cada comunidad eclesial.<\/p>\n<p>En particular, centr\u00f3 su atenci\u00f3n en aquellos que viven en contextos de dificultad, conflicto y pobreza, donde los momentos de des\u00e1nimo son comunes: \u201cPrecisamente en estos esfuerzos, recuerden que la Iglesia los sostiene en la oraci\u00f3n: por lo tanto, fortalezcan su identidad sacerdotal extrayendo fuerza de los sacramentos, de la comuni\u00f3n fraterna y de la constante docilidad al Esp\u00edritu Santo\u201d, les aconsej\u00f3.<\/p>\n<p>Los anim\u00f3 a ser conscientes de sus acciones diarias y a evitar el aislamiento.&nbsp;<\/p>\n<p>\u201cLos grandes misioneros nos recuerdan, de hecho, que la inculturaci\u00f3n no es una actitud folcl\u00f3rica [superficial], porque nace del deseo de dedicarse a la tierra y a las personas a las que servimos\u201d, explic\u00f3.<\/p>\n<p>Tambi\u00e9n los inst\u00f3 a \u201cconfirmar\u201d su motivaci\u00f3n escuchando al Esp\u00edritu Santo y a cultivar la oraci\u00f3n: \u201cQue la luz del sagrario disipe las sombras y ansiedades, iluminando el camino que est\u00e1n recorriendo\u201d.<\/p>\n<p>\u201cAferr\u00e1ndose a este milagro de la gracia, sean peregrinos de esperanza precisamente donde la gente carece de justicia y paz\u201d, a\u00f1adi\u00f3.<\/p>\n<p><em>Esta historia <\/em><a href=\"https:\/\/www.aciprensa.com\/noticias\/119299\/papa-leon-xiv-misioneros-recuerdan-que-la-inculturacion-no-es-una-actitud-folclorica\" target=\"null\" class=\"null\" rel=\"noopener noreferrer nofollow\"><em>fue publicada originalmente <\/em><\/a><em>por ACI Prensa, socio de noticias en espa\u00f1ol de CNA. Ha sido traducida y adaptada por CNA.<\/em><\/p>\n<p> <a href=\"https:\/\/www.catholicnewsagency.com\/news\/267917\/pope-leo-xiv-says-missionaries-become-a-presence-everywhere-of-the-whole-church\" rel=\"nofollow\">https:\/\/www.catholicnewsagency.com\/news\/267917\/pope-leo-xiv-says-missionaries-become-a-presence-everywhere-of-the-whole-church<\/a><\/p>","protected":false},"excerpt":{"rendered":"<p>Pope Leo XIV waves to the crowd at the Vatican general audience on Oct. 25, 2025. \/ Credit: Daniel Ib\u00e1\u00f1ez\/EWTN News ACI Prensa Staff, Nov 18, 2025 \/ 18:26 pm (CNA). In an audience with members of the diplomatic service at the papal missions, Pope Leo XIV emphasized that they have been chosen to \u201cbecome [\u2026]<\/p>","protected":false},"author":11,"featured_media":70290,"comment_status":"open","ping_status":"closed","sticky":false,"template":"","format":"standard","meta":{"_acf_changed":false,"_jetpack_memberships_contains_paid_content":false,"footnotes":"","jetpack_publicize_message":"","jetpack_publicize_feature_enabled":true,"jetpack_social_post_already_shared":true,"jetpack_social_options":{"image_generator_settings":{"template":"highway","default_image_id":0,"font":"","enabled":false},"version":2},"_wpas_customize_per_network":false},"categories":[100],"tags":[],"series":[],"class_list":["post-69658","post","type-post","status-publish","format-standard","has-post-thumbnail","hentry","category-christian-news"],"mb":[],"acf":[],"jetpack_publicize_connections":[],"jetpack_featured_media_url":"https:\/\/i0.wp.com\/christianpure.com\/wp-content\/uploads\/2025\/11\/Pope-Leo-XIV-says-missionaries-%E2%80%98become-a-presence-everywhere-of-the-whole-Church.webp?fit=672%2C448&quality=75&ssl=1","jetpack-related-posts":[],"jetpack_sharing_enabled":true,"mfb_rest_fields":["title","jetpack_publicize_connections","jetpack_featured_media_url","jetpack-related-posts","jetpack_sharing_enabled"],"_links":{"self":[{"href":"https:\/\/christianpure.com\/es\/wp-json\/wp\/v2\/posts\/69658","targetHints":{"allow":["GET"]}}],"collection":[{"href":"https:\/\/christianpure.com\/es\/wp-json\/wp\/v2\/posts"}],"about":[{"href":"https:\/\/christianpure.com\/es\/wp-json\/wp\/v2\/types\/post"}],"author":[{"embeddable":true,"href":"https:\/\/christianpure.com\/es\/wp-json\/wp\/v2\/users\/11"}],"replies":[{"embeddable":true,"href":"https:\/\/christianpure.com\/es\/wp-json\/wp\/v2\/comments?post=69658"}],"version-history":[{"count":0,"href":"https:\/\/christianpure.com\/es\/wp-json\/wp\/v2\/posts\/69658\/revisions"}],"wp:featuredmedia":[{"embeddable":true,"href":"https:\/\/christianpure.com\/es\/wp-json\/wp\/v2\/media\/70290"}],"wp:attachment":[{"href":"https:\/\/christianpure.com\/es\/wp-json\/wp\/v2\/media?parent=69658"}],"wp:term":[{"taxonomy":"category","embeddable":true,"href":"https:\/\/christianpure.com\/es\/wp-json\/wp\/v2\/categories?post=69658"},{"taxonomy":"post_tag","embeddable":true,"href":"https:\/\/christianpure.com\/es\/wp-json\/wp\/v2\/tags?post=69658"},{"taxonomy":"series","embeddable":true,"href":"https:\/\/christianpure.com\/es\/wp-json\/wp\/v2\/series?post=69658"}],"curies":[{"name":"wp","href":"https:\/\/api.w.org\/{rel}","templated":true}]}}