{"id":77888,"date":"2026-03-29T06:45:58","date_gmt":"2026-03-29T06:45:58","guid":{"rendered":"https:\/\/christianpure.com\/?p=77888"},"modified":"2026-03-29T06:45:58","modified_gmt":"2026-03-29T06:45:58","slug":"europe-must-rediscover-its-christian-soul-bishops-urge-in-new-appeal","status":"publish","type":"post","link":"https:\/\/christianpure.com\/es\/learn\/europe-must-rediscover-its-christian-soul-bishops-urge-in-new-appeal\/","title":{"rendered":"Europa debe redescubrir su alma cristiana, instan los obispos en un nuevo llamamiento"},"content":{"rendered":"<p>Un grupo de obispos europeos de alto rango lanz\u00f3 el viernes un llamamiento instando a Europa a \u201credescubrir su alma\u201d en respuesta a lo que describieron como un mundo \u201cdesgarrado y polarizado\u201d por la guerra y la violencia.<\/p>\n<p>El texto, publicado el 13 de febrero, afirma que muchos ciudadanos est\u00e1n \u201cangustiados y desorientados\u201d y advierte que el orden internacional est\u00e1 bajo amenaza. En ese contexto, los obispos se\u00f1alaron que Europa debe recuperar su identidad espiritual para ofrecer al resto del mundo su \u201ccontribuci\u00f3n indispensable\u201d al bien com\u00fan.<\/p>\n<p>El llamamiento tambi\u00e9n recuerda el papel hist\u00f3rico del cristianismo en la configuraci\u00f3n del continente, argumentando que, aunque los cristianos sean menos numerosos hoy en d\u00eda, siguen llamados a volver \u201ccon valent\u00eda y perseverancia\u201d al fundamento de su esperanza.<\/p>\n<p>Mirando hacia el per\u00edodo de posguerra y la construcci\u00f3n de la Uni\u00f3n Europea, los obispos invocaron el legado de las figuras fundadoras Robert Schuman, Konrad Adenauer y Alcide De Gasperi, describi\u00e9ndolos como arquitectos de un proyecto \u201cmagn\u00edfico, aunque fr\u00e1gil\u201d inspirado en su fe cristiana. El texto cita el \u00e9nfasis reiterado de San Juan Pablo II sobre el papel de los cristianos en la construcci\u00f3n de Europa, recordando su observaci\u00f3n de que el amor de los fundadores por Cristo era inseparable de su compromiso con la humanidad.<\/p>\n<p>Los obispos advirtieron que Europa \u201cno puede reducirse a un mercado econ\u00f3mico y financiero\u201d sin traicionar la visi\u00f3n original de los fundadores. Instaron al continente a rechazar formas exclusivistas de aislacionismo y violencia, defender el estado de derecho y favorecer soluciones supranacionales a los conflictos a trav\u00e9s de mecanismos y alianzas apropiados.<\/p>\n<p>Europa, a\u00f1adieron, debe permanecer lista para reanudar el di\u00e1logo incluso en medio del conflicto, trabajando por la reconciliaci\u00f3n y la paz. \u201cUn marco internacional est\u00e1 muriendo y uno nuevo a\u00fan tiene que nacer\u201d, escribieron los obispos, argumentando que el mundo todav\u00eda necesita a Europa, y que los cristianos, dondequiera que vivan, deber\u00edan hacer suya esa urgencia.<\/p>\n<p>El texto cierra con una cita atribuida a Schuman: \u201cLa pol\u00edtica, cuando se vive como un servicio desinteresado a la ciudad y a la persona humana, puede convertirse en un acto de amor al pr\u00f3jimo\u201d. Sobre la base de su fe, dijeron los obispos, los cristianos est\u00e1n llamados a compartir con todos los europeos su esperanza de fraternidad universal.<\/p>\n<p>El llamamiento fue firmado por el cardenal Jean-Marc Aveline de Marsella, Francia, presidente de la Conferencia Episcopal Francesa; el cardenal Matteo Maria Zuppi de Bolonia, Italia, presidente de la Conferencia Episcopal Italiana; el obispo Georg B\u00e4tzing de Limburgo, Alemania, presidente de la Conferencia Episcopal Alemana; y el arzobispo Tadeusz Wojda de Gdansk, Polonia, presidente de la Conferencia Episcopal Polaca.<\/p>\n<p><em>Esta historia <a href=\"https:\/\/www.acistampa.com\/story\/33775\/leuropa-deve-riscoprire-la-sua-anima-cristiana-lappello-dei-vescovi-del-continente\">fue publicada originalmente<\/a> por ACI Stampa, el servicio hermano en italiano de EWTN News. Ha sido traducido y adaptado por EWTN News English.<\/em><\/p>\n<p> <a href=\"https:\/\/www.ewtnnews.com\/world\/europe\/europe-must-rediscover-its-christian-soul-bishops-urge-in-new-appeal\" rel=\"nofollow\">https:\/\/www.ewtnnews.com\/world\/europe\/europe-must-rediscover-its-christian-soul-bishops-urge-in-new-appeal<\/a><\/p>","protected":false},"excerpt":{"rendered":"<p>A group of senior European bishops on Friday issued an appeal urging Europe to \u201crediscover its soul\u201d in response to what they described as a world \u201ctorn and polarized\u201d by war and violence. The text, published Feb. 13, said many citizens are \u201canguished and disoriented\u201d and warned that the international order is under threat. In [\u2026]<\/p>","protected":false},"author":11,"featured_media":0,"comment_status":"open","ping_status":"closed","sticky":false,"template":"","format":"standard","meta":{"_acf_changed":false,"_jetpack_memberships_contains_paid_content":false,"footnotes":"","jetpack_publicize_message":"","jetpack_publicize_feature_enabled":true,"jetpack_social_post_already_shared":true,"jetpack_social_options":{"image_generator_settings":{"template":"highway","default_image_id":0,"font":"","enabled":false},"version":2},"_wpas_customize_per_network":false},"categories":[100],"tags":[],"series":[],"class_list":["post-77888","post","type-post","status-publish","format-standard","hentry","category-christian-news"],"mb":[],"acf":[],"jetpack_publicize_connections":[],"jetpack_featured_media_url":"","jetpack-related-posts":[],"jetpack_sharing_enabled":true,"mfb_rest_fields":["title","jetpack_publicize_connections","jetpack_featured_media_url","jetpack-related-posts","jetpack_sharing_enabled"],"_links":{"self":[{"href":"https:\/\/christianpure.com\/es\/wp-json\/wp\/v2\/posts\/77888","targetHints":{"allow":["GET"]}}],"collection":[{"href":"https:\/\/christianpure.com\/es\/wp-json\/wp\/v2\/posts"}],"about":[{"href":"https:\/\/christianpure.com\/es\/wp-json\/wp\/v2\/types\/post"}],"author":[{"embeddable":true,"href":"https:\/\/christianpure.com\/es\/wp-json\/wp\/v2\/users\/11"}],"replies":[{"embeddable":true,"href":"https:\/\/christianpure.com\/es\/wp-json\/wp\/v2\/comments?post=77888"}],"version-history":[{"count":0,"href":"https:\/\/christianpure.com\/es\/wp-json\/wp\/v2\/posts\/77888\/revisions"}],"wp:attachment":[{"href":"https:\/\/christianpure.com\/es\/wp-json\/wp\/v2\/media?parent=77888"}],"wp:term":[{"taxonomy":"category","embeddable":true,"href":"https:\/\/christianpure.com\/es\/wp-json\/wp\/v2\/categories?post=77888"},{"taxonomy":"post_tag","embeddable":true,"href":"https:\/\/christianpure.com\/es\/wp-json\/wp\/v2\/tags?post=77888"},{"taxonomy":"series","embeddable":true,"href":"https:\/\/christianpure.com\/es\/wp-json\/wp\/v2\/series?post=77888"}],"curies":[{"name":"wp","href":"https:\/\/api.w.org\/{rel}","templated":true}]}}