{"id":8169,"date":"2024-08-09T19:23:01","date_gmt":"2024-08-09T19:23:01","guid":{"rendered":"https:\/\/christianpure.com\/learn\/st-teresa-benedicta-of-the-cross-edith-stein\/"},"modified":"2024-08-09T19:23:01","modified_gmt":"2024-08-09T19:23:01","slug":"st-teresa-benedicta-of-the-cross-edith-stein","status":"publish","type":"post","link":"https:\/\/christianpure.com\/es\/learn\/st-teresa-benedicta-of-the-cross-edith-stein\/","title":{"rendered":"Santa Teresa Benedicta de la Cruz (Edith Stein)"},"content":{"rendered":"<p> [ad_1]<br \/>\n<\/p>\n<div style=\"width: 100%;margin-bottom: 25px\">\n                  <img data-recalc-dims=\"1\" decoding=\"async\" src=\"https:\/\/i0.wp.com\/christianpure.com\/wp-content\/uploads\/2024\/08\/Stein_9August.jpg?quality=80&#038;ssl=1\" style=\"display: block;margin: auto;max-width: 100%\" \/><br \/>\n                  <span style=\"text-align: right;font-style: italic\">Santa Teresa Benedicta de la Cruz (Edith Stein)<\/span>\n              <\/div>\n<p>Fecha de la festividad: 9 de agosto<\/p>\n<p style=\"margin: 0in 0in 0pt\" class=\"MsoNormal\">El 9 de agosto, la Iglesia Cat\u00f3lica recuerda a Santa Teresa Benedicta de la Cruz, tambi\u00e9n conocida como Santa Edith Stein. Santa Teresa se convirti\u00f3 del juda\u00edsmo al catolicismo durante su trabajo como fil\u00f3sofa y m\u00e1s tarde ingres\u00f3 en la Orden Carmelita. Muri\u00f3 en el campo de concentraci\u00f3n nazi de Auschwitz en 1942.<\/p>\n<p>Edith Stein naci\u00f3 el 12 de octubre de 1891, fecha que coincidi\u00f3 con la celebraci\u00f3n familiar del Yom Kippur, el \"d\u00eda de la expiaci\u00f3n\" jud\u00edo. El padre de Edith muri\u00f3 cuando ella ten\u00eda solo dos a\u00f1os, y abandon\u00f3 la pr\u00e1ctica de su fe jud\u00eda durante su adolescencia.<\/p>\n<p>Como joven con profundos dones intelectuales, Edith se sinti\u00f3 atra\u00edda por el estudio de la filosof\u00eda y se convirti\u00f3 en alumna del renombrado profesor Edmund Husserl en 1913. A trav\u00e9s de sus estudios, la no religiosa Edith conoci\u00f3 a varios cristianos cuyas vidas intelectuales y espirituales admiraba.<\/p>\n<p>Tras obtener su t\u00edtulo con los m\u00e1s altos honores en la Universidad de Gotinga en 1915, trabaj\u00f3 como enfermera en un hospital de campa\u00f1a austriaco durante la Primera Guerra Mundial. Regres\u00f3 al trabajo acad\u00e9mico en 1916, obteniendo su doctorado tras escribir una tesis muy valorada sobre el fen\u00f3meno de la empat\u00eda. Sigui\u00f3 interesada en la idea del compromiso religioso, pero a\u00fan no hab\u00eda hecho tal compromiso por s\u00ed misma.<\/p>\n<p>En 1921, mientras visitaba a unos amigos, Edith pas\u00f3 toda una noche leyendo la autobiograf\u00eda de la monja carmelita del siglo XVI, Santa Teresa de \u00c1vila. \"Cuando termin\u00e9 el libro\", record\u00f3 m\u00e1s tarde, \"me dije a m\u00ed misma: Esta es la verdad\". Fue bautizada en la Iglesia Cat\u00f3lica el primer d\u00eda de enero de 1922.<\/p>\n<p>Edith ten\u00eda la intenci\u00f3n de unirse a las carmelitas inmediatamente despu\u00e9s de su conversi\u00f3n, pero finalmente tendr\u00eda que esperar otros 11 a\u00f1os antes de dar este paso. En cambio, ense\u00f1\u00f3 en una escuela dominicana y dio numerosas conferencias p\u00fablicas sobre temas de la mujer. Pas\u00f3 1931 escribiendo un estudio sobre Santo Tom\u00e1s de Aquino y obtuvo un puesto de profesora universitaria en 1932.<\/p>\n<p>En 1933, el ascenso del nazismo, combinado con la etnia jud\u00eda de Edith, puso fin a su carrera docente. Tras una dolorosa despedida de su madre, que no entend\u00eda su conversi\u00f3n al cristianismo, ingres\u00f3 en un convento carmelita en 1934, tomando el nombre de \"Teresa Benedicta de la Cruz\" como s\u00edmbolo de su aceptaci\u00f3n del sufrimiento. <\/p>\n<p>\"Sent\u00ed\", escribi\u00f3, \"que aquellos que entend\u00edan la Cruz de Cristo deb\u00edan asumirla en nombre de todos\". Lo vio como su vocaci\u00f3n \"interceder ante Dios por todos\", pero rez\u00f3 especialmente por los jud\u00edos de Alemania, cuyo tr\u00e1gico destino se estaba volviendo evidente.<\/p>\n<p>\"Le pido al Se\u00f1or que acepte mi vida y mi muerte\", escribi\u00f3 en 1939, \"para que el Se\u00f1or sea aceptado por su pueblo y que su reino venga en gloria, para la salvaci\u00f3n de Alemania y la paz del mundo\".<\/p>\n<p>Tras completar su \u00faltima obra, un estudio sobre San Juan de la Cruz titulado \"La ciencia de la cruz\", Teresa Benedicta fue arrestada junto con su hermana Rosa (que tambi\u00e9n se hab\u00eda hecho cat\u00f3lica) y los miembros de su comunidad religiosa, el 7 de agosto de 1942. Los arrestos fueron en represalia por una carta de protesta de los obispos holandeses, que denunciaban el trato nazi a los jud\u00edos. <\/p>\n<p>Santa Teresa Benedicta de la Cruz muri\u00f3 en el campo de concentraci\u00f3n de Auschwitz el 9 de agosto de 1942. El beato Juan Pablo II la canoniz\u00f3 en 1998 y la proclam\u00f3 copatrona de Europa al a\u00f1o siguiente.<\/p>\n<p>[ad_2]<br \/>\n<br \/><a href=\"https:\/\/www.catholicnewsagency.com\/saint\/st-teresa-benedicta-of-the-cross-edith-stein-557\">Enlace a la fuente <\/a><\/p>","protected":false},"excerpt":{"rendered":"<p>[ad_1] St. Teresa Benedicta of the Cross (Edith Stein) Feast date: Aug 09 On August 9 the Catholic Church remembers St. Teresa Benedicta of the Cross, also known as St. Edith Stein. St. Teresa converted from Judaism to Catholicism in the course of her work as a philosopher, and later entered the Carmelite Order. She [\u2026]<\/p>","protected":false},"author":1,"featured_media":8170,"comment_status":"open","ping_status":"closed","sticky":false,"template":"","format":"standard","meta":{"_acf_changed":false,"_jetpack_memberships_contains_paid_content":false,"footnotes":"","jetpack_publicize_message":"","jetpack_publicize_feature_enabled":true,"jetpack_social_post_already_shared":true,"jetpack_social_options":{"image_generator_settings":{"template":"highway","default_image_id":0,"font":"","enabled":false},"version":2},"_wpas_customize_per_network":false},"categories":[100],"tags":[],"series":[],"class_list":["post-8169","post","type-post","status-publish","format-standard","has-post-thumbnail","hentry","category-christian-news"],"mb":[],"acf":[],"jetpack_publicize_connections":[],"jetpack_featured_media_url":"https:\/\/i0.wp.com\/christianpure.com\/wp-content\/uploads\/2024\/08\/1723231384_Stein_9August.jpg?fit=900%2C500&quality=80&ssl=1","jetpack-related-posts":[],"jetpack_sharing_enabled":true,"mfb_rest_fields":["title","jetpack_publicize_connections","jetpack_featured_media_url","jetpack-related-posts","jetpack_sharing_enabled"],"_links":{"self":[{"href":"https:\/\/christianpure.com\/es\/wp-json\/wp\/v2\/posts\/8169","targetHints":{"allow":["GET"]}}],"collection":[{"href":"https:\/\/christianpure.com\/es\/wp-json\/wp\/v2\/posts"}],"about":[{"href":"https:\/\/christianpure.com\/es\/wp-json\/wp\/v2\/types\/post"}],"author":[{"embeddable":true,"href":"https:\/\/christianpure.com\/es\/wp-json\/wp\/v2\/users\/1"}],"replies":[{"embeddable":true,"href":"https:\/\/christianpure.com\/es\/wp-json\/wp\/v2\/comments?post=8169"}],"version-history":[{"count":0,"href":"https:\/\/christianpure.com\/es\/wp-json\/wp\/v2\/posts\/8169\/revisions"}],"wp:featuredmedia":[{"embeddable":true,"href":"https:\/\/christianpure.com\/es\/wp-json\/wp\/v2\/media\/8170"}],"wp:attachment":[{"href":"https:\/\/christianpure.com\/es\/wp-json\/wp\/v2\/media?parent=8169"}],"wp:term":[{"taxonomy":"category","embeddable":true,"href":"https:\/\/christianpure.com\/es\/wp-json\/wp\/v2\/categories?post=8169"},{"taxonomy":"post_tag","embeddable":true,"href":"https:\/\/christianpure.com\/es\/wp-json\/wp\/v2\/tags?post=8169"},{"taxonomy":"series","embeddable":true,"href":"https:\/\/christianpure.com\/es\/wp-json\/wp\/v2\/series?post=8169"}],"curies":[{"name":"wp","href":"https:\/\/api.w.org\/{rel}","templated":true}]}}