{"id":97244,"date":"2026-07-24T01:43:05","date_gmt":"2026-07-24T01:43:05","guid":{"rendered":"https:\/\/christianpure.com\/?p=97244"},"modified":"2026-07-24T01:43:05","modified_gmt":"2026-07-24T01:43:05","slug":"survey-assesses-impact-of-pope-leo-xivs-visit-to-spain","status":"publish","type":"post","link":"https:\/\/christianpure.com\/es\/learn\/survey-assesses-impact-of-pope-leo-xivs-visit-to-spain\/","title":{"rendered":"Una encuesta eval\u00faa el impacto de la visita del Papa Le\u00f3n XIV a Espa\u00f1a"},"content":{"rendered":"<div class=\"cppw-protected cppw-protected--overlay\"><div class=\"cppw-excerpt cppw-excerpt--overlay\"><p>Pope Leo XIV\u2019s visit to Spain last month made a profound impact on the Spanish people, according to a survey commissioned by the Spanish Bishops\u2019 Conference.Conducted online by GAD3 with more than 5,000 of registered participants and volunteers involved in the apostolic journey, 97% held a positive or very positive view of the pontiff\u2019s visit to Madrid, Barcelona, \u200b\u200band the Canary Islands that took place June 6\u201312.Fifty-seven percent of respondents acknowledged that, prior to the pope\u02bcs arrival in Spain, their\u2026<\/p>\n<\/div>\t\t<div class=\"cppw-paywall paywp-paywall\" data-required-level=\"25\">\n\t\t\t<span class=\"cppw-lock-mark\" aria-hidden=\"true\"><\/span>\n\t\t\t<h2>Continue reading with a subscription<\/h2>\n\t\t\t<p>Get unlimited access to all our premium content and exclusive features.<\/p>\n\t\t\t\t\t\t\t\t\t<div class=\"cppw-paywall__actions\">\n\t\t\t\t<a class=\"cppw-button\" href=\"https:\/\/christianpure.com\/es\/become-a-member\/\">Subscribe Now<\/a>\n\t\t\t\t<a class=\"cppw-login-link\" href=\"https:\/\/christianpure.com\/es\/login\/\">Already a subscriber? Sign in<\/a>\n\t\t\t<\/div>\n\t\t\t<p class=\"cppw-paywall__microcopy\">Enjoy unlimited access, cancel anytime.<\/p>\n\t\t<\/div>\n\t\t<\/div>","protected":false},"excerpt":{"rendered":"<p>Pope Leo XIV\u2019s visit to Spain last month made a profound impact on the Spanish people, according to a survey commissioned by the Spanish Bishops\u2019 Conference.Conducted online by GAD3 with more than 5,000 of registered participants and volunteers involved in the apostolic journey, 97% held a positive or very positive view of the pontiff\u2019s visit to Madrid, Barcelona, \u200b\u200band the Canary Islands that took place June 6\u201312.Fifty-seven percent of respondents acknowledged that, prior to the pope\u02bcs arrival in Spain, their\u2026<\/p>\n","protected":false},"author":11,"featured_media":0,"comment_status":"open","ping_status":"closed","sticky":false,"template":"","format":"standard","meta":[],"categories":[100],"tags":[],"series":[],"class_list":["post-97244","post","type-post","status-publish","format-standard","hentry","category-christian-news"],"mb":[],"acf":[],"jetpack_publicize_connections":[],"jetpack-related-posts":[{"id":38002,"url":"https:\/\/christianpure.com\/es\/learn\/pope-leo-xivs-connection-to-spanish-civil-war-martyrs-valley-of-the-fallen\/","url_meta":{"origin":97244,"position":0},"title":"Pope Leo XIV\u2019s connection to Spanish Civil War martyrs, Valley of the Fallen","author":"Christian Pure Team","date":"mayo 28, 2025","format":false,"excerpt":"As prior of the Augustinians (below, in a white shirt), in 2003 Leo XIV visited the Valley of the Fallen with a group of young people. \/ Credit: Courtesy of Israel @profedeprimari on X Madrid, Spain, May 20, 2025 \/ 06:00 am (CNA). Pope Leo XIV carries on his pectoral cross, among others, a relic of an Augustinian martyr bishop, Anselmo Polanco, who was executed during the 1936\u20131939 Spanish Civil War.&nbsp;In addition to bearing bone fragments of St. Augustine and\u2026","rel":"","context":"En \u00abChristian News\u00bb","block_context":{"text":"Christian News","link":"https:\/\/christianpure.com\/es\/learn\/category\/christian-news\/"},"img":{"alt_text":"Pope Leo XIV\u2019s connection to Spanish Civil War martyrs, Valley of the Fallen","src":"https:\/\/i0.wp.com\/christianpure.com\/wp-content\/uploads\/2025\/05\/Pope-Leo-XIVs-connection-to-Spanish-Civil-War-martyrs-Valley-of-the-Fallen.webp?fit=800%2C530&ssl=1&resize=350%2C200","width":350,"height":200,"srcset":"https:\/\/i0.wp.com\/christianpure.com\/wp-content\/uploads\/2025\/05\/Pope-Leo-XIVs-connection-to-Spanish-Civil-War-martyrs-Valley-of-the-Fallen.webp?fit=800%2C530&ssl=1&resize=350%2C200 1x, https:\/\/i0.wp.com\/christianpure.com\/wp-content\/uploads\/2025\/05\/Pope-Leo-XIVs-connection-to-Spanish-Civil-War-martyrs-Valley-of-the-Fallen.webp?fit=800%2C530&ssl=1&resize=525%2C300 1.5x, https:\/\/i0.wp.com\/christianpure.com\/wp-content\/uploads\/2025\/05\/Pope-Leo-XIVs-connection-to-Spanish-Civil-War-martyrs-Valley-of-the-Fallen.webp?fit=800%2C530&ssl=1&resize=700%2C400 2x"},"classes":[]},{"id":77308,"url":"https:\/\/christianpure.com\/es\/learn\/pope-leo-xiv-will-not-travel-to-the-united-states-in-2026-vatican-says\/","url_meta":{"origin":97244,"position":1},"title":"Pope Leo XIV will not travel to the United States in 2026, Vatican says","author":"Christian Pure Team","date":"abril 8, 2026","format":false,"excerpt":"Pope Leo XIV will not travel to the United States in 2026, the director of the Holy See Press Office, Matteo Bruni, said Sunday, denying circulating reports that the pontiff might make an apostolic trip to his native country.A U.S. visit had been anticipated by some American Catholics ahead of the country\u2019s 250th anniversary of independence on July 4, 2026.At the same time, papal travel elsewhere is taking shape. Local church authorities in Africa have said Leo will visit several\u2026","rel":"","context":"En \u00abChristian News\u00bb","block_context":{"text":"Christian News","link":"https:\/\/christianpure.com\/es\/learn\/category\/christian-news\/"},"img":{"alt_text":"","src":"","width":0,"height":0},"classes":[]},{"id":99754,"url":"https:\/\/christianpure.com\/es\/learn\/pope-leo-xiv-appoints-lebanese-born-archbishop-as-permanent-observer-to-united-nations\/","url_meta":{"origin":97244,"position":2},"title":"Pope Leo XIV appoints Lebanese-born archbishop as permanent observer to United Nations","author":"Christian Pure Team","date":"julio 25, 2026","format":false,"excerpt":"Pope Leo XIV has appointed Lebanese-born Archbishop Christophe-Zakhia El-Kassis to serve as the Holy See\u2019s permanent observer at the United Nations in New York, the Vatican announced on July 25. The Vatican is not a full member of the United Nations, but it enjoys permanent observer status. The international organization says permanent observers \u201chave free access to most meetings and relevant documentation.\u201d Born in Beruit, Archbishop El-Kassis previously served as apostolic nuncio to the United Arab Emirates and Yemen. He\u2026","rel":"","context":"En \u00abChristian News\u00bb","block_context":{"text":"Christian News","link":"https:\/\/christianpure.com\/es\/learn\/category\/christian-news\/"},"img":{"alt_text":"","src":"","width":0,"height":0},"classes":[]},{"id":38657,"url":"https:\/\/christianpure.com\/es\/learn\/pope-leo-xiv-appoints-nun-as-secretary-of-dicastery-for-institutes-of-consecrated-life\/","url_meta":{"origin":97244,"position":3},"title":"Pope Leo XIV appoints nun as secretary of Dicastery for Institutes of Consecrated Life","author":"Christian Pure Team","date":"mayo 23, 2025","format":false,"excerpt":"From the popemobile, Pope Leo XIV greets thousands of people lined up along Via della Conciliazione on the morning of his inaugural Mass, Sunday, May 18, 2025. \/ Credit: Vatican Media Vatican City, May 22, 2025 \/ 14:18 pm (CNA). Pope Leo XIV has appointed Sister Tiziana Merletti as secretary of the Dicastery for Institutes of Consecrated Life and Societies of Apostolic Life.According to the Vatican Press Office, the 66-year-old consecrated religious previously served as superior general of the Franciscan\u2026","rel":"","context":"En \u00abChristian News\u00bb","block_context":{"text":"Christian News","link":"https:\/\/christianpure.com\/es\/learn\/category\/christian-news\/"},"img":{"alt_text":"Pope Leo XIV appoints nun as secretary of Dicastery for Institutes of Consecrated Life","src":"https:\/\/i0.wp.com\/christianpure.com\/wp-content\/uploads\/2025\/05\/Pope-Leo-XIV-appoints-nun-as-secretary-of-Dicastery-for-Institutes-of-Consecrated-Life.webp?fit=800%2C532&ssl=1&resize=350%2C200","width":350,"height":200,"srcset":"https:\/\/i0.wp.com\/christianpure.com\/wp-content\/uploads\/2025\/05\/Pope-Leo-XIV-appoints-nun-as-secretary-of-Dicastery-for-Institutes-of-Consecrated-Life.webp?fit=800%2C532&ssl=1&resize=350%2C200 1x, https:\/\/i0.wp.com\/christianpure.com\/wp-content\/uploads\/2025\/05\/Pope-Leo-XIV-appoints-nun-as-secretary-of-Dicastery-for-Institutes-of-Consecrated-Life.webp?fit=800%2C532&ssl=1&resize=525%2C300 1.5x, https:\/\/i0.wp.com\/christianpure.com\/wp-content\/uploads\/2025\/05\/Pope-Leo-XIV-appoints-nun-as-secretary-of-Dicastery-for-Institutes-of-Consecrated-Life.webp?fit=800%2C532&ssl=1&resize=700%2C400 2x"},"classes":[]},{"id":69199,"url":"https:\/\/christianpure.com\/es\/learn\/pope-leo-xiv-receives-exiled-nicaraguan-bishop-rolando-alvarez\/","url_meta":{"origin":97244,"position":4},"title":"Pope Leo XIV receives exiled Nicaraguan Bishop Rolando \u00c1lvarez","author":"Christian Pure Team","date":"noviembre 23, 2025","format":false,"excerpt":"Pope Leo XIV and Bishop Rolando \u00c1lvarez, bishop of Matagalpa and apostolic administrator of Estel\u00ed, Nicaragua. \/ Credit: Daniel Ib\u00e1\u00f1ez\/EWTN News ACI Prensa Staff, Nov 13, 2025 \/ 18:06 pm (CNA). Pope Leo XIV on Nov. 13 received Rolando \u00c1lvarez, the exiled bishop of Matagalpa and apostolic administrator of Estel\u00ed in Nicaragua.&nbsp;\u00c1lvarez is in forced exile after being deported by the dictatorship of President Daniel Ortega and his wife and vice president, Rosario Murillo, in January 2024.\u201cThe Holy Father received\u2026","rel":"","context":"En \u00abChristian News\u00bb","block_context":{"text":"Christian News","link":"https:\/\/christianpure.com\/es\/learn\/category\/christian-news\/"},"img":{"alt_text":"Pope Leo XIV receives exiled Nicaraguan Bishop Rolando \u00c1lvarez","src":"https:\/\/i0.wp.com\/christianpure.com\/wp-content\/uploads\/2025\/11\/Pope-Leo-XIV-receives-exiled-Nicaraguan-Bishop-Rolando-Alvarez.webp?fit=669%2C446&ssl=1&resize=350%2C200","width":350,"height":200,"srcset":"https:\/\/i0.wp.com\/christianpure.com\/wp-content\/uploads\/2025\/11\/Pope-Leo-XIV-receives-exiled-Nicaraguan-Bishop-Rolando-Alvarez.webp?fit=669%2C446&ssl=1&resize=350%2C200 1x, https:\/\/i0.wp.com\/christianpure.com\/wp-content\/uploads\/2025\/11\/Pope-Leo-XIV-receives-exiled-Nicaraguan-Bishop-Rolando-Alvarez.webp?fit=669%2C446&ssl=1&resize=525%2C300 1.5x"},"classes":[]},{"id":75643,"url":"https:\/\/christianpure.com\/es\/learn\/pope-leo-xiv-meets-fssp-leaders-amid-visitation-traditionis-custodes-fallout\/","url_meta":{"origin":97244,"position":5},"title":"Pope Leo XIV meets FSSP leaders amid visitation, \u2018Traditionis Custodes\u2019 fallout","author":"Christian Pure Team","date":"enero 29, 2026","format":false,"excerpt":"Priestly Fraternity of St. Peter Superior General Father John Berg (right) is accompanied to a Jan. 19, 2026, audience with Pope Leo XIV by Father Josef Bisig (center), a co-founder of the FSSP and its first superior general. | Credit: Vatican Media Jan 20, 2026 \/ 16:37 pm (CNA). Pope Leo XIV and leaders of the Priestly Fraternity of St. Peter (FSSP), a community dedicated to the traditional Roman rite, held a \u201ccordial half-hour meeting\u201d on Monday, Jan. 19, at\u2026","rel":"","context":"En \u00abChristian News\u00bb","block_context":{"text":"Christian News","link":"https:\/\/christianpure.com\/es\/learn\/category\/christian-news\/"},"img":{"alt_text":"Pope Leo XIV meets FSSP leaders amid visitation, \u2018Traditionis Custodes\u2019 fallout","src":"https:\/\/i0.wp.com\/christianpure.com\/wp-content\/uploads\/2026\/01\/Pope-Leo-XIV-meets-FSSP-leaders-amid-visitation-%E2%80%98Traditionis-Custodes-fallout.jpg?fit=1200%2C800&ssl=1&resize=350%2C200","width":350,"height":200,"srcset":"https:\/\/i0.wp.com\/christianpure.com\/wp-content\/uploads\/2026\/01\/Pope-Leo-XIV-meets-FSSP-leaders-amid-visitation-%E2%80%98Traditionis-Custodes-fallout.jpg?fit=1200%2C800&ssl=1&resize=350%2C200 1x, https:\/\/i0.wp.com\/christianpure.com\/wp-content\/uploads\/2026\/01\/Pope-Leo-XIV-meets-FSSP-leaders-amid-visitation-%E2%80%98Traditionis-Custodes-fallout.jpg?fit=1200%2C800&ssl=1&resize=525%2C300 1.5x, https:\/\/i0.wp.com\/christianpure.com\/wp-content\/uploads\/2026\/01\/Pope-Leo-XIV-meets-FSSP-leaders-amid-visitation-%E2%80%98Traditionis-Custodes-fallout.jpg?fit=1200%2C800&ssl=1&resize=700%2C400 2x, https:\/\/i0.wp.com\/christianpure.com\/wp-content\/uploads\/2026\/01\/Pope-Leo-XIV-meets-FSSP-leaders-amid-visitation-%E2%80%98Traditionis-Custodes-fallout.jpg?fit=1200%2C800&ssl=1&resize=1050%2C600 3x"},"classes":[]}],"jetpack_sharing_enabled":true,"jetpack_featured_media_url":"","mfb_rest_fields":["title","jetpack_publicize_connections","jetpack-related-posts","jetpack_sharing_enabled","jetpack_featured_media_url"],"_links":{"self":[{"href":"https:\/\/christianpure.com\/es\/wp-json\/wp\/v2\/posts\/97244","targetHints":{"allow":["GET"]}}],"collection":[{"href":"https:\/\/christianpure.com\/es\/wp-json\/wp\/v2\/posts"}],"about":[{"href":"https:\/\/christianpure.com\/es\/wp-json\/wp\/v2\/types\/post"}],"author":[{"embeddable":true,"href":"https:\/\/christianpure.com\/es\/wp-json\/wp\/v2\/users\/11"}],"replies":[{"embeddable":true,"href":"https:\/\/christianpure.com\/es\/wp-json\/wp\/v2\/comments?post=97244"}],"version-history":[{"count":0,"href":"https:\/\/christianpure.com\/es\/wp-json\/wp\/v2\/posts\/97244\/revisions"}],"wp:attachment":[{"href":"https:\/\/christianpure.com\/es\/wp-json\/wp\/v2\/media?parent=97244"}],"wp:term":[{"taxonomy":"category","embeddable":true,"href":"https:\/\/christianpure.com\/es\/wp-json\/wp\/v2\/categories?post=97244"},{"taxonomy":"post_tag","embeddable":true,"href":"https:\/\/christianpure.com\/es\/wp-json\/wp\/v2\/tags?post=97244"},{"taxonomy":"series","embeddable":true,"href":"https:\/\/christianpure.com\/es\/wp-json\/wp\/v2\/series?post=97244"}],"curies":[{"name":"wp","href":"https:\/\/api.w.org\/{rel}","templated":true}]}}