{"id":101296,"date":"2026-07-29T13:09:23","date_gmt":"2026-07-29T13:09:23","guid":{"rendered":"https:\/\/christianpure.com\/?p=101296"},"modified":"2026-07-29T13:09:23","modified_gmt":"2026-07-29T13:09:23","slug":"faith-under-fire-catholic-military-chaplains-through-americas-wars","status":"publish","type":"post","link":"https:\/\/christianpure.com\/fr\/learn\/faith-under-fire-catholic-military-chaplains-through-americas-wars\/","title":{"rendered":"La foi sous le feu : les aum\u00f4niers militaires catholiques \u00e0 travers les guerres am\u00e9ricaines"},"content":{"rendered":"<div class=\"cppw-protected cppw-protected--overlay\"><div class=\"cppw-excerpt cppw-excerpt--overlay\"><p>As the United States commemorates the 251st anniversary of the military chaplaincy, established on July 29, 1775, at George Washington\u02bcs request, the story of Catholic priests in uniform reveals a long tradition of faith, courage, and sacrifice.From the battlefields of the Civil War to the prison camps of Korea, generations of Catholic chaplains risked their lives to celebrate the sacraments, comfort the wounded, and strengthen the faith of those serving far from home.Early Catholic chaplains in the Revolutionary eraCatholic priests\u2026<\/p>\n<\/div>\t\t<div class=\"cppw-paywall paywp-paywall\" data-required-level=\"25\">\n\t\t\t<span class=\"cppw-lock-mark\" aria-hidden=\"true\"><\/span>\n\t\t\t<h2>Continue reading with a subscription<\/h2>\n\t\t\t<p>Get unlimited access to all our premium content and exclusive features.<\/p>\n\t\t\t\t\t\t\t\t\t<div class=\"cppw-paywall__actions\">\n\t\t\t\t<a class=\"cppw-button\" href=\"https:\/\/christianpure.com\/fr\/become-a-member\/\">Subscribe Now<\/a>\n\t\t\t\t<a class=\"cppw-login-link\" href=\"https:\/\/christianpure.com\/fr\/login\/\">Already a subscriber? Sign in<\/a>\n\t\t\t<\/div>\n\t\t\t<p class=\"cppw-paywall__microcopy\">Enjoy unlimited access, cancel anytime.<\/p>\n\t\t<\/div>\n\t\t<\/div>","protected":false},"excerpt":{"rendered":"<p>As the United States commemorates the 251st anniversary of the military chaplaincy, established on July 29, 1775, at George Washington\u02bcs request, the story of Catholic priests in uniform reveals a long tradition of faith, courage, and sacrifice.From the battlefields of the Civil War to the prison camps of Korea, generations of Catholic chaplains risked their lives to celebrate the sacraments, comfort the wounded, and strengthen the faith of those serving far from home.Early Catholic chaplains in the Revolutionary eraCatholic priests\u2026<\/p>\n","protected":false},"author":11,"featured_media":101317,"comment_status":"open","ping_status":"closed","sticky":false,"template":"","format":"standard","meta":[],"categories":[100],"tags":[],"series":[],"class_list":["post-101296","post","type-post","status-publish","format-standard","has-post-thumbnail","hentry","category-christian-news"],"mb":[],"acf":[],"jetpack_publicize_connections":[],"jetpack-related-posts":[{"id":4802,"url":"https:\/\/christianpure.com\/fr\/learn\/remembering-3-heroic-chaplains-on-the-80th-anniversary-of-d-day\/","url_meta":{"origin":101296,"position":0},"title":"Remembering 3 heroic chaplains on the 80th anniversary of D-Day","author":"Christian Pure Team","date":"juin 6, 2024","format":false,"excerpt":"[ad_1] Source U.S. assault troops in an LCVP landing craft approach Omaha Beach on June 6, 1944. Father Ignatius Maternowski (shown at left) died that fateful day. \/ Credit: Public domain\/U.S. military National Catholic Register, Jun 6, 2024 \/ 05:00 am (CNA). Tens of thousands of Allied forces stormed the beaches of Normandy on June 6, 1944. That day, 80 years ago \u2014 D-Day \u2014 launched the major turning point in World War II.As more than 156,000 soldiers took part\u2026","rel":"","context":"Dans &quot;Christian News&quot;","block_context":{"text":"Christian News","link":"https:\/\/christianpure.com\/fr\/learn\/category\/christian-news\/"},"img":{"alt_text":"","src":"https:\/\/i0.wp.com\/christianpure.com\/wp-content\/uploads\/2024\/06\/20200828120816-5f48d9c2c2bf74d8cce418a2jpeg.webp?fit=682%2C519&ssl=1&resize=350%2C200","width":350,"height":200,"srcset":"https:\/\/i0.wp.com\/christianpure.com\/wp-content\/uploads\/2024\/06\/20200828120816-5f48d9c2c2bf74d8cce418a2jpeg.webp?fit=682%2C519&ssl=1&resize=350%2C200 1x, https:\/\/i0.wp.com\/christianpure.com\/wp-content\/uploads\/2024\/06\/20200828120816-5f48d9c2c2bf74d8cce418a2jpeg.webp?fit=682%2C519&ssl=1&resize=525%2C300 1.5x"},"classes":[]},{"id":20885,"url":"https:\/\/christianpure.com\/fr\/learn\/church-beatifies-german-priest-who-was-executed-by-nazis-in-1944\/","url_meta":{"origin":101296,"position":1},"title":"Church beatifies German priest who was executed by Nazis in 1944","author":"Christian Pure Team","date":"novembre 23, 2024","format":false,"excerpt":"[ad_1] Father Max Josef Metzger, a Catholic priest executed by the Nazi regime in 1944 for his peace activism and ecumenical work, was beatified Sunday, Nov. 17, 2024, in Freiburg, Germany. \/ Credit: Photo courtesy of the Archdiocese of Freiburg, Germany CNA Newsroom, Nov 21, 2024 \/ 12:00 pm (CNA). Father Max Josef Metzger, a Catholic priest executed by the Nazi regime in 1944 for his peace activism and ecumenical work, was beatified Sunday in Freiburg, Germany.Cardinal Kurt Koch, prefect\u2026","rel":"","context":"Dans &quot;Christian News&quot;","block_context":{"text":"Christian News","link":"https:\/\/christianpure.com\/fr\/learn\/category\/christian-news\/"},"img":{"alt_text":"","src":"https:\/\/i0.wp.com\/christianpure.com\/wp-content\/uploads\/2024\/11\/webimage-bf3b2302-3d20-448c-900235f1f407c3fd.jpg?fit=800%2C532&ssl=1&resize=350%2C200","width":350,"height":200,"srcset":"https:\/\/i0.wp.com\/christianpure.com\/wp-content\/uploads\/2024\/11\/webimage-bf3b2302-3d20-448c-900235f1f407c3fd.jpg?fit=800%2C532&ssl=1&resize=350%2C200 1x, https:\/\/i0.wp.com\/christianpure.com\/wp-content\/uploads\/2024\/11\/webimage-bf3b2302-3d20-448c-900235f1f407c3fd.jpg?fit=800%2C532&ssl=1&resize=525%2C300 1.5x, https:\/\/i0.wp.com\/christianpure.com\/wp-content\/uploads\/2024\/11\/webimage-bf3b2302-3d20-448c-900235f1f407c3fd.jpg?fit=800%2C532&ssl=1&resize=700%2C400 2x"},"classes":[]},{"id":75385,"url":"https:\/\/christianpure.com\/fr\/learn\/from-baptist-pastor-to-catholic-priest-a-unique-journey-to-priesthood\/","url_meta":{"origin":101296,"position":2},"title":"From Baptist pastor to Catholic priest: A unique journey to priesthood","author":"Christian Pure Team","date":"f\u00e9vrier 11, 2026","format":false,"excerpt":"Father Travis Moger on the day of his ordination alongside his son, Mark; wife, Amelia; mother; and daughter, Maddy. | Credit: EWTN News screenshot Jan 17, 2026 \/ 11:00 am (CNA). Father Travis Moger has been a Catholic priest for just nine months, and his journey to ordination was a unique one. A former Baptist pastor and Navy chaplain, he was ordained in May 2025 in the Diocese of Wheeling-Charleston, West Virginia, seven years after he, his wife, and his\u2026","rel":"","context":"Dans &quot;Christian News&quot;","block_context":{"text":"Christian News","link":"https:\/\/christianpure.com\/fr\/learn\/category\/christian-news\/"},"img":{"alt_text":"From Baptist pastor to Catholic priest: A unique journey to priesthood","src":"https:\/\/i0.wp.com\/christianpure.com\/wp-content\/uploads\/2026\/02\/From-Baptist-pastor-to-Catholic-priest-A-unique-journey-to-priesthood-1.png?fit=1200%2C700&ssl=1&resize=350%2C200","width":350,"height":200,"srcset":"https:\/\/i0.wp.com\/christianpure.com\/wp-content\/uploads\/2026\/02\/From-Baptist-pastor-to-Catholic-priest-A-unique-journey-to-priesthood-1.png?fit=1200%2C700&ssl=1&resize=350%2C200 1x, https:\/\/i0.wp.com\/christianpure.com\/wp-content\/uploads\/2026\/02\/From-Baptist-pastor-to-Catholic-priest-A-unique-journey-to-priesthood-1.png?fit=1200%2C700&ssl=1&resize=525%2C300 1.5x, https:\/\/i0.wp.com\/christianpure.com\/wp-content\/uploads\/2026\/02\/From-Baptist-pastor-to-Catholic-priest-A-unique-journey-to-priesthood-1.png?fit=1200%2C700&ssl=1&resize=700%2C400 2x, https:\/\/i0.wp.com\/christianpure.com\/wp-content\/uploads\/2026\/02\/From-Baptist-pastor-to-Catholic-priest-A-unique-journey-to-priesthood-1.png?fit=1200%2C700&ssl=1&resize=1050%2C600 3x"},"classes":[]},{"id":78195,"url":"https:\/\/christianpure.com\/fr\/learn\/catholic-priest-who-was-abducted-in-cameroon-appointed-auxiliary-bishop\/","url_meta":{"origin":101296,"position":3},"title":"Catholic priest who was abducted in Cameroon appointed auxiliary bishop","author":"Christian Pure Team","date":"mars 22, 2026","format":false,"excerpt":"Pope Leo XIV has appointed Father John Berinyuy Tatah, who was among six Catholic priests abducted in Cameroon\u2019s Bamenda Archdiocese on Nov. 15, 2025, and later released, as auxiliary bishop of the archdiocese.The appointment of Berinyuy, rector of the Catholic University of Cameroon in Bamenda, to assist Archbishop Andrew Nkea Fuanya in shepherding the archdiocese was made public on Feb. 13 by the Holy See Press Office.Born on Dec. 18, 1975, in Mbuluf-Shisong in the Diocese of Kumbo, the bishop-elect\u2026","rel":"","context":"Dans &quot;Christian News&quot;","block_context":{"text":"Christian News","link":"https:\/\/christianpure.com\/fr\/learn\/category\/christian-news\/"},"img":{"alt_text":"","src":"","width":0,"height":0},"classes":[]},{"id":66356,"url":"https:\/\/christianpure.com\/fr\/learn\/father-kontehs-mission-healing-sierra-leones-wounds-through-faith-and-caritas\/","url_meta":{"origin":101296,"position":4},"title":"Father Konteh\u2019s mission: Healing Sierra Leone\u2019s wounds through faith and Caritas","author":"Christian Pure Team","date":"octobre 15, 2025","format":false,"excerpt":"Father Peter Konteh, a Catholic priest in Sierra Leone, is the subject of a new book called \u201cSent to Heal a Wounded Nation: The Story of Father Peter Konteh.\u201d \/ Credit: Photo courtesy of Father Peter Konteh CNA Staff, Oct 12, 2025 \/ 06:00 am (CNA). Sierra Leone is a small, west African country located along the Atlantic Ocean known for its rich cultural heritage, diverse landscapes, and complex history. Despite enduring a brutal civil war from 1991 to 2002,\u2026","rel":"","context":"Dans &quot;Christian News&quot;","block_context":{"text":"Christian News","link":"https:\/\/christianpure.com\/fr\/learn\/category\/christian-news\/"},"img":{"alt_text":"Father Konteh\u2019s mission: Healing Sierra Leone\u2019s wounds through faith and Caritas","src":"https:\/\/i0.wp.com\/christianpure.com\/wp-content\/uploads\/2025\/10\/Father-Kontehs-mission-Healing-Sierra-Leones-wounds-through-faith-and-Caritas.webp?fit=800%2C600&ssl=1&resize=350%2C200","width":350,"height":200,"srcset":"https:\/\/i0.wp.com\/christianpure.com\/wp-content\/uploads\/2025\/10\/Father-Kontehs-mission-Healing-Sierra-Leones-wounds-through-faith-and-Caritas.webp?fit=800%2C600&ssl=1&resize=350%2C200 1x, https:\/\/i0.wp.com\/christianpure.com\/wp-content\/uploads\/2025\/10\/Father-Kontehs-mission-Healing-Sierra-Leones-wounds-through-faith-and-Caritas.webp?fit=800%2C600&ssl=1&resize=525%2C300 1.5x, https:\/\/i0.wp.com\/christianpure.com\/wp-content\/uploads\/2025\/10\/Father-Kontehs-mission-Healing-Sierra-Leones-wounds-through-faith-and-Caritas.webp?fit=800%2C600&ssl=1&resize=700%2C400 2x"},"classes":[]},{"id":6089,"url":"https:\/\/christianpure.com\/fr\/learn\/charles-carroll-of-carrollton-a-patriotic-catholic-founding-father\/","url_meta":{"origin":101296,"position":5},"title":"Charles Carroll of Carrollton: a \u00e2\u20ac\u02dcpatriotic\u2019 Catholic Founding Father","author":"Christian Pure Team","date":"juillet 5, 2024","format":false,"excerpt":"[ad_1] Source Charles Carroll of Carrollton, the only Catholic signer of the Declaration of Independence. \/ Credit: New York Public Library\/Public domain Charles Carroll of Carrollton was a man of superlatives.&nbsp;Out of all the signers of the Declaration of Independence, Carroll was the wealthiest. He was also the longest-lived of all the signers, surviving to the ripe old age of 95.&nbsp;But perhaps most notably, Charles Carroll was the only signer of the Declaration who was Catholic \u2014 in a time\u2026","rel":"","context":"Dans &quot;Christian News&quot;","block_context":{"text":"Christian News","link":"https:\/\/christianpure.com\/fr\/learn\/category\/christian-news\/"},"img":{"alt_text":"","src":"https:\/\/i0.wp.com\/christianpure.com\/wp-content\/uploads\/2024\/07\/1720170650_screen-shot-2024-07-01-at-11.11.54-am.png?fit=736%2C522&ssl=1&resize=350%2C200","width":350,"height":200,"srcset":"https:\/\/i0.wp.com\/christianpure.com\/wp-content\/uploads\/2024\/07\/1720170650_screen-shot-2024-07-01-at-11.11.54-am.png?fit=736%2C522&ssl=1&resize=350%2C200 1x, https:\/\/i0.wp.com\/christianpure.com\/wp-content\/uploads\/2024\/07\/1720170650_screen-shot-2024-07-01-at-11.11.54-am.png?fit=736%2C522&ssl=1&resize=525%2C300 1.5x, https:\/\/i0.wp.com\/christianpure.com\/wp-content\/uploads\/2024\/07\/1720170650_screen-shot-2024-07-01-at-11.11.54-am.png?fit=736%2C522&ssl=1&resize=700%2C400 2x"},"classes":[]}],"jetpack_sharing_enabled":true,"jetpack_featured_media_url":"https:\/\/i0.wp.com\/christianpure.com\/wp-content\/uploads\/2026\/07\/Faith-under-fire-Catholic-military-chaplains-through-Americas-wars.jpg?fit=680%2C453&ssl=1","mfb_rest_fields":["title","jetpack_publicize_connections","jetpack-related-posts","jetpack_sharing_enabled","jetpack_featured_media_url"],"_links":{"self":[{"href":"https:\/\/christianpure.com\/fr\/wp-json\/wp\/v2\/posts\/101296","targetHints":{"allow":["GET"]}}],"collection":[{"href":"https:\/\/christianpure.com\/fr\/wp-json\/wp\/v2\/posts"}],"about":[{"href":"https:\/\/christianpure.com\/fr\/wp-json\/wp\/v2\/types\/post"}],"author":[{"embeddable":true,"href":"https:\/\/christianpure.com\/fr\/wp-json\/wp\/v2\/users\/11"}],"replies":[{"embeddable":true,"href":"https:\/\/christianpure.com\/fr\/wp-json\/wp\/v2\/comments?post=101296"}],"version-history":[{"count":0,"href":"https:\/\/christianpure.com\/fr\/wp-json\/wp\/v2\/posts\/101296\/revisions"}],"wp:featuredmedia":[{"embeddable":true,"href":"https:\/\/christianpure.com\/fr\/wp-json\/wp\/v2\/media\/101317"}],"wp:attachment":[{"href":"https:\/\/christianpure.com\/fr\/wp-json\/wp\/v2\/media?parent=101296"}],"wp:term":[{"taxonomy":"category","embeddable":true,"href":"https:\/\/christianpure.com\/fr\/wp-json\/wp\/v2\/categories?post=101296"},{"taxonomy":"post_tag","embeddable":true,"href":"https:\/\/christianpure.com\/fr\/wp-json\/wp\/v2\/tags?post=101296"},{"taxonomy":"series","embeddable":true,"href":"https:\/\/christianpure.com\/fr\/wp-json\/wp\/v2\/series?post=101296"}],"curies":[{"name":"wp","href":"https:\/\/api.w.org\/{rel}","templated":true}]}}