{"id":12520,"date":"2024-10-18T11:12:12","date_gmt":"2024-10-18T11:12:12","guid":{"rendered":"https:\/\/christianpure.com\/learn\/st-ignatius-of-antioch-the-early-church-father-who-longed-for-union-with-christ\/"},"modified":"2024-10-18T11:12:12","modified_gmt":"2024-10-18T11:12:12","slug":"st-ignatius-of-antioch-the-early-church-father-who-longed-for-union-with-christ","status":"publish","type":"post","link":"https:\/\/christianpure.com\/fr\/learn\/st-ignatius-of-antioch-the-early-church-father-who-longed-for-union-with-christ\/","title":{"rendered":"Saint Ignace d'Antioche : le P\u00e8re de l'\u00c9glise primitive qui aspirait \u00e0 l'union avec le Christ"},"content":{"rendered":"<p> [ad_1]<br \/>\n<\/p>\n<div style=\"width: 100%;margin-bottom: 25px\">\n  <img data-recalc-dims=\"1\" decoding=\"async\" src=\"https:\/\/i0.wp.com\/christianpure.com\/wp-content\/uploads\/2024\/10\/St_Ignatius_of_Antioch_with_the_child_Jesus_CNA_US_Catholic_News_10_12_12.jpg?quality=80&#038;ssl=1\" style=\"display: block;margin: auto;max-width: 100%\" \/><br \/>\n  <span style=\"text-align: right;font-style: italic\">St. Ignatius of Antioch with the child Jesus. \/ Credit: Lorenzo Lotto, Public domain, via Wikimedia Commons<\/span>\n<\/div>\n<p>CNA Staff, Oct 17, 2024 \/ 04:00 am (CNA).<\/p>\n<p>On Oct. 17, the Roman Catholic Church remembers the early Church Father, bishop, and martyr St. Ignatius of Antioch, whose writings attest to the sacramental and hierarchical nature of the Church from its earliest days. <\/p>\n<p>Eastern Catholics and Eastern Orthodox Christians celebrate his memory on Dec. 20.<\/p>\n<p>In a 2007 general audience on St. Ignatius of Antioch, Pope Benedict XVI observed that \u201cno Church Father has expressed the longing for union with Christ and for life in him with the intensity of Ignatius.\u201d <\/p>\n<p>In his letters, the pope said, \u201cone feels the freshness of the faith of the generation which had still known the apostles. In these letters, the ardent love of a saint can also be felt.\u201d<\/p>\n<p>Born in Syria in the middle of the first century A.D., Ignatius is said to have been personally instructed \u2014 along with another future martyr, St. Polycarp \u2014 by the apostle John. When Ignatius became the bishop of Antioch around the year 70, he assumed leadership of a local Church that was, according to tradition, first led by St. Peter before his move to Rome.<\/p>\n<p>Although St. Peter transmitted his papal primacy to the bishops of Rome rather than Antioch, the city played an important role in the life of the early Church. Located in present-day Turkey, it was a chief city of the Roman Empire and was also the location where the believers in Jesus\u2019 teachings and his resurrection were first called \u201cChristians.\u201d<\/p>\n<p>Ignace dirigea les chr\u00e9tiens d'Antioche sous le r\u00e8gne de l'empereur romain Domitien, le premier des empereurs \u00e0 proclamer sa divinit\u00e9 en adoptant le titre de \u00ab Seigneur et Dieu \u00bb. Les sujets qui refusaient de rendre un culte \u00e0 l'empereur sous ce titre pouvaient \u00eatre punis de mort. En tant que chef d'un dioc\u00e8se catholique majeur durant cette p\u00e9riode, Ignace fit preuve de courage et s'effor\u00e7a de l'inspirer aux autres.<\/p>\n<p>After Domitian\u2019s murder in the year 96, his successor Nerva reigned briefly and was soon followed by the emperor Trajan. Under his rule, Christians were once again liable to death for denying the pagan state religion and refusing to participate in its rites. It was during his reign that Ignatius was convicted for his Christian testimony and sent from Syria to Rome to be put to death.<\/p>\n<p>Escorted by a team of military guards, Ignatius nonetheless managed to compose seven letters: six to various local Churches throughout the empire (including the Church of Rome) and one to his fellow bishop Polycarp, who would give his own life for Christ several decades later.<\/p>\n<p>Les lettres d'Ignace soulignaient avec passion l'importance de l'unit\u00e9 de l'\u00c9glise, les dangers de l'h\u00e9r\u00e9sie et l'importance capitale de l'Eucharistie en tant que \u00ab rem\u00e8de d'immortalit\u00e9 \u00bb. Ces \u00e9crits contiennent la premi\u00e8re description \u00e9crite survivante de l'\u00c9glise comme \u00ab catholique \u00bb, du mot grec indiquant \u00e0 la fois l'universalit\u00e9 et la pl\u00e9nitude.<\/p>\n<p>One of the most striking features of Ignatius\u2019 letters is his enthusiastic embrace of martyrdom as a means to union with God and eternal life. <\/p>\n<p>\u201cAll the pleasures of the world, and all the kingdoms of this earth, shall profit me nothing,\u201d he wrote to the Church of Rome. \u201cIt is better for me to die on behalf of Jesus Christ than to reign over all the ends of the earth.\u201d<\/p>\n<p>\u00ab Maintenant, je commence \u00e0 \u00eatre un disciple \u00bb, a d\u00e9clar\u00e9 l'\u00e9v\u00eaque. \u00ab Que le feu et la croix ; que les foules de b\u00eates sauvages ; que les d\u00e9chirures, les ruptures et les dislocations des os ; que la coupure des membres ; que les fracas de tout le corps ; et que tous les terribles tourments du diable s'abattent sur moi : pourvu seulement que j'atteigne J\u00e9sus-Christ. \u00bb<\/p>\n<p>St. Ignatius of Antioch bore witness to Christ publicly for the last time in Rome\u2019s Flavian Amphitheater, where he was mauled to death by lions. <\/p>\n<p>\u201cI am the wheat of the Lord,\u201d he declared before facing them. \u201cI must be ground by the teeth of these beasts to be made the pure bread of Christ.\u201d<\/p>\n<p>His memory was honored, and his bones venerated, soon after his death around the year 107.<\/p>\n<p><em>This article was first published on Oct. 14, 2012, and has been updated.<\/em><\/p>\n<p>[ad_2]<br \/>\n<br \/><a href=\"https:\/\/www.catholicnewsagency.com\/news\/25858\/feast-of-early-martyr-st-ignatius-of-antioch-observed-oct-17\">Lien source <\/a><\/p>","protected":false},"excerpt":{"rendered":"<p>[ad_1] St. Ignatius of Antioch with the child Jesus. \/ Credit: Lorenzo Lotto, Public domain, via Wikimedia Commons CNA Staff, Oct 17, 2024 \/ 04:00 am (CNA). On Oct. 17, the Roman Catholic Church remembers the early Church Father, bishop, and martyr St. Ignatius of Antioch, whose writings attest to the sacramental and hierarchical nature [\u2026]<\/p>","protected":false},"author":1,"featured_media":12521,"comment_status":"open","ping_status":"closed","sticky":false,"template":"","format":"standard","meta":{"_acf_changed":false,"_jetpack_memberships_contains_paid_content":false,"footnotes":"","jetpack_publicize_message":"","jetpack_publicize_feature_enabled":true,"jetpack_social_post_already_shared":true,"jetpack_social_options":{"image_generator_settings":{"template":"highway","default_image_id":0,"font":"","enabled":false},"version":2},"_wpas_customize_per_network":false},"categories":[100],"tags":[],"series":[],"class_list":["post-12520","post","type-post","status-publish","format-standard","has-post-thumbnail","hentry","category-christian-news"],"mb":[],"acf":[],"jetpack_publicize_connections":[],"jetpack_featured_media_url":"https:\/\/i0.wp.com\/christianpure.com\/wp-content\/uploads\/2024\/10\/St_Ignatius_of_Antioch_with_the_child_Jesus_CNA_US_Catholic_News_10_12_12.jpg?fit=250%2C198&quality=80&ssl=1","jetpack-related-posts":[{"id":12451,"url":"https:\/\/christianpure.com\/fr\/learn\/st-ignatius-of-antioch\/","url_meta":{"origin":12520,"position":0},"title":"St. Ignatius of Antioch","author":"Christian Pure Team","date":"mars 14, 2025","format":false,"excerpt":"[ad_1] St. Ignatius of Antioch Feast date: Oct 17 On Oct. 17, the Roman Catholic Church remembers the early Church Father, bishop, and martyr Saint Ignatius of Antioch, whose writings attest to the sacramental and hierarchical nature of the Church from its earliest days. Eastern Catholics and Eastern Orthodox Christians\u2026","rel":"","context":"Dans &quot;Christian News&quot;","block_context":{"text":"Christian News","link":"https:\/\/christianpure.com\/fr\/learn\/category\/christian-news\/"},"img":{"alt_text":"","src":"https:\/\/i0.wp.com\/christianpure.com\/wp-content\/uploads\/2024\/10\/1729139945_Antioch_17October.jpg?fit=900%2C500&quality=80&ssl=1&resize=350%2C200","width":350,"height":200,"srcset":"https:\/\/i0.wp.com\/christianpure.com\/wp-content\/uploads\/2024\/10\/1729139945_Antioch_17October.jpg?fit=900%2C500&quality=80&ssl=1&resize=350%2C200 1x, https:\/\/i0.wp.com\/christianpure.com\/wp-content\/uploads\/2024\/10\/1729139945_Antioch_17October.jpg?fit=900%2C500&quality=80&ssl=1&resize=525%2C300 1.5x, https:\/\/i0.wp.com\/christianpure.com\/wp-content\/uploads\/2024\/10\/1729139945_Antioch_17October.jpg?fit=900%2C500&quality=80&ssl=1&resize=700%2C400 2x"},"classes":[]},{"id":37358,"url":"https:\/\/christianpure.com\/fr\/learn\/all-the-saints-and-church-fathers-pope-leo-xiv-quoted-in-his-first-week\/","url_meta":{"origin":12520,"position":1},"title":"All the saints and Church Fathers Pope Leo XIV quoted in his first week","author":"Christian Pure Team","date":"mai 16, 2025","format":false,"excerpt":"Pope Leo XIV gives a blessing during a meeting with participants in the Jubilee of Eastern Churches on May 14, 2025, in the Paul VI Audience Hall at the Vatican. \/ Credit: Vatican Media Vatican City, May 15, 2025 \/ 15:33 pm (CNA). In the first week of Pope Leo\u2026","rel":"","context":"Dans &quot;Christian News&quot;","block_context":{"text":"Christian News","link":"https:\/\/christianpure.com\/fr\/learn\/category\/christian-news\/"},"img":{"alt_text":"","src":"https:\/\/i0.wp.com\/christianpure.com\/wp-content\/uploads\/2025\/05\/CNA_LOGOredblk-20.png?fit=1200%2C335&quality=69&ssl=1&resize=350%2C200","width":350,"height":200,"srcset":"https:\/\/i0.wp.com\/christianpure.com\/wp-content\/uploads\/2025\/05\/CNA_LOGOredblk-20.png?fit=1200%2C335&quality=69&ssl=1&resize=350%2C200 1x, https:\/\/i0.wp.com\/christianpure.com\/wp-content\/uploads\/2025\/05\/CNA_LOGOredblk-20.png?fit=1200%2C335&quality=69&ssl=1&resize=525%2C300 1.5x, https:\/\/i0.wp.com\/christianpure.com\/wp-content\/uploads\/2025\/05\/CNA_LOGOredblk-20.png?fit=1200%2C335&quality=69&ssl=1&resize=700%2C400 2x, https:\/\/i0.wp.com\/christianpure.com\/wp-content\/uploads\/2025\/05\/CNA_LOGOredblk-20.png?fit=1200%2C335&quality=69&ssl=1&resize=1050%2C600 3x"},"classes":[]},{"id":19120,"url":"https:\/\/christianpure.com\/fr\/learn\/st-evaristus-pope\/","url_meta":{"origin":12520,"position":2},"title":"St. Evaristus, Pope","author":"Christian Pure Team","date":"octobre 26, 2024","format":false,"excerpt":"[ad_1] St. Evaristus, Pope Feast date: Oct 26 St. Evaristus was the son of a Greek Jew, originally from Bethlehem, and\u00c2\u00a0was the sixth Pope of the Catholic Church. He is traditionally considered a martyr, but there is no documentation of the event. He is buried in the\u00c2\u00a0Vatican,\u00c2\u00a0near Saint Peter.Saint Evaristus\u2026","rel":"","context":"Dans &quot;Christian News&quot;","block_context":{"text":"Christian News","link":"https:\/\/christianpure.com\/fr\/learn\/category\/christian-news\/"},"img":{"alt_text":"","src":"https:\/\/i0.wp.com\/christianpure.com\/wp-content\/uploads\/2024\/10\/1729971053_Evaristus_26October.jpg?fit=900%2C500&quality=80&ssl=1&resize=350%2C200","width":350,"height":200,"srcset":"https:\/\/i0.wp.com\/christianpure.com\/wp-content\/uploads\/2024\/10\/1729971053_Evaristus_26October.jpg?fit=900%2C500&quality=80&ssl=1&resize=350%2C200 1x, https:\/\/i0.wp.com\/christianpure.com\/wp-content\/uploads\/2024\/10\/1729971053_Evaristus_26October.jpg?fit=900%2C500&quality=80&ssl=1&resize=525%2C300 1.5x, https:\/\/i0.wp.com\/christianpure.com\/wp-content\/uploads\/2024\/10\/1729971053_Evaristus_26October.jpg?fit=900%2C500&quality=80&ssl=1&resize=700%2C400 2x"},"classes":[]},{"id":21436,"url":"https:\/\/christianpure.com\/fr\/learn\/st-francis-xavier\/","url_meta":{"origin":12520,"position":3},"title":"St. Francis Xavier","author":"Christian Pure Team","date":"d\u00e9cembre 3, 2024","format":false,"excerpt":"[ad_1] St. Francis Xavier Feast date: Dec 03 On Dec. 3, the Roman Catholic Church honors St. Francis Xavier, one of the first Jesuits who went on to evangelize vast portions of Asia. Francis Xavier was born during 1506 in the Kingdom of Navarre, a region now divided between Spain\u2026","rel":"","context":"Dans &quot;Christian News&quot;","block_context":{"text":"Christian News","link":"https:\/\/christianpure.com\/fr\/learn\/category\/christian-news\/"},"img":{"alt_text":"","src":"https:\/\/i0.wp.com\/christianpure.com\/wp-content\/uploads\/2024\/12\/1733257295_st-francis-xavier-406.jpg?fit=900%2C500&quality=80&ssl=1&resize=350%2C200","width":350,"height":200,"srcset":"https:\/\/i0.wp.com\/christianpure.com\/wp-content\/uploads\/2024\/12\/1733257295_st-francis-xavier-406.jpg?fit=900%2C500&quality=80&ssl=1&resize=350%2C200 1x, https:\/\/i0.wp.com\/christianpure.com\/wp-content\/uploads\/2024\/12\/1733257295_st-francis-xavier-406.jpg?fit=900%2C500&quality=80&ssl=1&resize=525%2C300 1.5x, https:\/\/i0.wp.com\/christianpure.com\/wp-content\/uploads\/2024\/12\/1733257295_st-francis-xavier-406.jpg?fit=900%2C500&quality=80&ssl=1&resize=700%2C400 2x"},"classes":[]},{"id":58991,"url":"https:\/\/christianpure.com\/fr\/learn\/leader-of-english-bishops-thrilled-at-newmans-elevation-to-doctor-of-the-church\/","url_meta":{"origin":12520,"position":4},"title":"Leader of English bishops \u2018thrilled\u2019 at Newman\u2019s elevation to doctor of the Church","author":"Christian Pure Team","date":"ao\u00fbt 15, 2025","format":false,"excerpt":"Cardinal Vincent Nichols of Westminster speaks with a police officer outside Westminster Cathedral in London, Nov. 9, 2021. \/ Credit: Mazur\/cbcew.org.uk Washington, D.C. Newsroom, Jul 31, 2025 \/ 11:41 am (CNA). Cardinal Vincent Nichols, president of the Catholic Bishops\u2019 Conference of England and Wales, (CBCEW) said he is \u201cdelighted and\u2026","rel":"","context":"Dans &quot;Christian News&quot;","block_context":{"text":"Christian News","link":"https:\/\/christianpure.com\/fr\/learn\/category\/christian-news\/"},"img":{"alt_text":"Leader of English bishops \u2018thrilled\u2019 at Newman\u2019s elevation to doctor of the Church","src":"https:\/\/i0.wp.com\/christianpure.com\/wp-content\/uploads\/2025\/08\/Leader-of-English-bishops-%E2%80%98thrilled-at-Newmans-elevation-to-doctor-of-the-Church.webp?fit=800%2C533&quality=75&ssl=1&resize=350%2C200","width":350,"height":200,"srcset":"https:\/\/i0.wp.com\/christianpure.com\/wp-content\/uploads\/2025\/08\/Leader-of-English-bishops-%E2%80%98thrilled-at-Newmans-elevation-to-doctor-of-the-Church.webp?fit=800%2C533&quality=75&ssl=1&resize=350%2C200 1x, https:\/\/i0.wp.com\/christianpure.com\/wp-content\/uploads\/2025\/08\/Leader-of-English-bishops-%E2%80%98thrilled-at-Newmans-elevation-to-doctor-of-the-Church.webp?fit=800%2C533&quality=75&ssl=1&resize=525%2C300 1.5x, https:\/\/i0.wp.com\/christianpure.com\/wp-content\/uploads\/2025\/08\/Leader-of-English-bishops-%E2%80%98thrilled-at-Newmans-elevation-to-doctor-of-the-Church.webp?fit=800%2C533&quality=75&ssl=1&resize=700%2C400 2x"},"classes":[]},{"id":11592,"url":"https:\/\/christianpure.com\/fr\/learn\/roman-catholic-vs-catholic\/","url_meta":{"origin":12520,"position":5},"title":"&#8216;Roman Catholic&#8217; Vs. &#8216;Catholic&#8217;: What&#8217;s The Difference?","author":"Christian Pure Team","date":"novembre 1, 2024","format":false,"excerpt":"Explore the differences between \"Roman Catholic\" and \"Catholic\" to clarify their meanings and implications for Christian unity today.","rel":"","context":"Dans &quot;Christian Education&quot;","block_context":{"text":"Christian Education","link":"https:\/\/christianpure.com\/fr\/learn\/category\/christian-education\/"},"img":{"alt_text":"","src":"https:\/\/i0.wp.com\/christianpure.com\/wp-content\/uploads\/2024\/11\/whats-the-difference-between-roman-catholic-and-catholic.webp?fit=1200%2C675&quality=75&ssl=1&resize=350%2C200","width":350,"height":200,"srcset":"https:\/\/i0.wp.com\/christianpure.com\/wp-content\/uploads\/2024\/11\/whats-the-difference-between-roman-catholic-and-catholic.webp?fit=1200%2C675&quality=75&ssl=1&resize=350%2C200 1x, https:\/\/i0.wp.com\/christianpure.com\/wp-content\/uploads\/2024\/11\/whats-the-difference-between-roman-catholic-and-catholic.webp?fit=1200%2C675&quality=75&ssl=1&resize=525%2C300 1.5x, https:\/\/i0.wp.com\/christianpure.com\/wp-content\/uploads\/2024\/11\/whats-the-difference-between-roman-catholic-and-catholic.webp?fit=1200%2C675&quality=75&ssl=1&resize=700%2C400 2x, https:\/\/i0.wp.com\/christianpure.com\/wp-content\/uploads\/2024\/11\/whats-the-difference-between-roman-catholic-and-catholic.webp?fit=1200%2C675&quality=75&ssl=1&resize=1050%2C600 3x"},"classes":[]}],"jetpack_sharing_enabled":true,"mfb_rest_fields":["title","jetpack_publicize_connections","jetpack_featured_media_url","jetpack-related-posts","jetpack_sharing_enabled"],"_links":{"self":[{"href":"https:\/\/christianpure.com\/fr\/wp-json\/wp\/v2\/posts\/12520","targetHints":{"allow":["GET"]}}],"collection":[{"href":"https:\/\/christianpure.com\/fr\/wp-json\/wp\/v2\/posts"}],"about":[{"href":"https:\/\/christianpure.com\/fr\/wp-json\/wp\/v2\/types\/post"}],"author":[{"embeddable":true,"href":"https:\/\/christianpure.com\/fr\/wp-json\/wp\/v2\/users\/1"}],"replies":[{"embeddable":true,"href":"https:\/\/christianpure.com\/fr\/wp-json\/wp\/v2\/comments?post=12520"}],"version-history":[{"count":0,"href":"https:\/\/christianpure.com\/fr\/wp-json\/wp\/v2\/posts\/12520\/revisions"}],"wp:featuredmedia":[{"embeddable":true,"href":"https:\/\/christianpure.com\/fr\/wp-json\/wp\/v2\/media\/12521"}],"wp:attachment":[{"href":"https:\/\/christianpure.com\/fr\/wp-json\/wp\/v2\/media?parent=12520"}],"wp:term":[{"taxonomy":"category","embeddable":true,"href":"https:\/\/christianpure.com\/fr\/wp-json\/wp\/v2\/categories?post=12520"},{"taxonomy":"post_tag","embeddable":true,"href":"https:\/\/christianpure.com\/fr\/wp-json\/wp\/v2\/tags?post=12520"},{"taxonomy":"series","embeddable":true,"href":"https:\/\/christianpure.com\/fr\/wp-json\/wp\/v2\/series?post=12520"}],"curies":[{"name":"wp","href":"https:\/\/api.w.org\/{rel}","templated":true}]}}