{"id":56531,"date":"2025-07-15T05:20:33","date_gmt":"2025-07-15T05:20:33","guid":{"rendered":"https:\/\/christianpure.com\/?p=56531"},"modified":"2025-07-15T05:20:33","modified_gmt":"2025-07-15T05:20:33","slug":"pope-leo-xiv-greeted-by-international-crowd-at-first-angelus-from-castel-gandolfo","status":"publish","type":"post","link":"https:\/\/christianpure.com\/fr\/learn\/pope-leo-xiv-greeted-by-international-crowd-at-first-angelus-from-castel-gandolfo\/","title":{"rendered":"Le pape L\u00e9on XIV accueilli par une foule internationale lors de son premier Ang\u00e9lus depuis Castel Gandolfo"},"content":{"rendered":"<div style=\"width: 100%; margin-bottom: 25px;\">\n  <img data-recalc-dims=\"1\" decoding=\"async\" src=\"https:\/\/i0.wp.com\/www.catholicnewsagency.com\/images\/pope-leo-cg-1.jpeg?ssl=1\" style=\"display: block; margin: auto; max-width: 100%\" \/><br \/>\n  <span style=\"text-align: right; font-style: italic;\">Le pape L\u00e9on XIV salue la foule alors qu'il entre sur la place de la Libert\u00e9 \u00e0 Castel Gandolfo pour prononcer son premier Ang\u00e9lus public depuis cette ville situ\u00e9e au bord du lac, \u00e0 29 kilom\u00e8tres au sud-est de Rome, le 13 juillet 2025. \/ Cr\u00e9dit : Stefano Costantino\/EWTN News<\/span>\n<\/div>\n<p>Castel Gandolfo, Italie, 13 juillet 2025 \/ 10h05 (CNA).<\/p>\n<p>Le pape L\u00e9on XIV a r\u00e9cit\u00e9 l'Ang\u00e9lus devant une foule diversifi\u00e9e et enthousiaste \u00e0 Castel Gandolfo dimanche \u2014 la premi\u00e8re fois en 12 ans qu'un pape dirige la pri\u00e8re mariale depuis cette ville situ\u00e9e au bord du lac, \u00e0 29 kilom\u00e8tres au sud-est de Rome.<\/p>\n<p>L'Ang\u00e9lus, pri\u00e9 lors d'une journ\u00e9e chaude mais nuageuse ce 13 juillet, marquait le milieu du s\u00e9jour de deux semaines de L\u00e9on pour une pause estivale sur le domaine pontifical de Castel Gandolfo, une coutume d\u00e9laiss\u00e9e par le pape Fran\u00e7ois.&nbsp;<\/p>\n<p>Malgr\u00e9 des averses sporadiques, des p\u00e8lerins venus du monde entier, notamment du Br\u00e9sil, d'Italie, de Pologne et des \u00c9tats-Unis, se sont mass\u00e9s \u00e9paule contre \u00e9paule sur la place principale de la ville et dans les rues adjacentes, alors que le pape les accueillait par un \u00ab bon dimanche ! \u00bb<\/p>\n<figure class=\"mx-auto\" style=\"width:100%\"><img data-recalc-dims=\"1\" decoding=\"async\" src=\"https:\/\/i0.wp.com\/admin.catholicnewsagency.com\/images\/cg-crowd.jpeg?quality=80&#038;ssl=1\" class=\"img-fluid\" style=\"\" alt=\"Le soleil a perc\u00e9 \u00e0 travers les gouttes de pluie au moment m\u00eame o\u00f9 le pape L\u00e9on est apparu devant le palais apostolique de Castel Gandolfo pour prononcer l&#039;Ang\u00e9lus le 13 juillet 2025. Cr\u00e9dit : Hannah Brockhaus\/CNA\"><figcaption class=\"caption text-muted\">Le soleil a perc\u00e9 \u00e0 travers les gouttes de pluie au moment m\u00eame o\u00f9 le pape L\u00e9on est apparu devant le palais apostolique de Castel Gandolfo pour prononcer l'Ang\u00e9lus le 13 juillet 2025. Cr\u00e9dit : Hannah Brockhaus\/CNA<\/figcaption><\/figure>\n<p>L'esp\u00e9rance de la vie \u00e9ternelle, a d\u00e9clar\u00e9 L\u00e9on avant de diriger la pri\u00e8re mariale, \u00ab est d\u00e9crite comme quelque chose qui doit \u00eatre \u201ch\u00e9rit\u00e9\u201d, et non comme quelque chose qui peut \u00eatre obtenu par la force, mendi\u00e9 ou n\u00e9goci\u00e9. La vie \u00e9ternelle, que Dieu seul peut donner, nous est accord\u00e9e comme un h\u00e9ritage, comme le font les parents avec leurs enfants. \u00bb<\/p>\n<p>Des foules de la\u00efcs, de pr\u00eatres et de religieuses ouvraient et fermaient alternativement leurs parapluies, le soleil per\u00e7ant \u00e0 travers les gouttes de pluie au moment m\u00eame o\u00f9 le pape L\u00e9on apparaissait devant le palais apostolique de Castel Gandolfo.<\/p>\n<p>\u00ab C'est pourquoi J\u00e9sus nous dit que, pour recevoir le don de Dieu, nous devons faire sa volont\u00e9 \u00bb, a-t-il poursuivi. \u00ab Il est \u00e9crit dans la Loi : \u201cTu aimeras le Seigneur ton Dieu de tout ton c\u0153ur\u201d et \u201cton prochain comme toi-m\u00eame\u201d. \u00bb<\/p>\n<p>\u00ab Lorsque nous faisons ces deux choses, nous r\u00e9pondons \u00e0 l'amour du P\u00e8re \u00bb, a d\u00e9clar\u00e9 le pontife.<\/p>\n<p>Un couple mari\u00e9 originaire des \u00c9tats-Unis, c\u00e9l\u00e9brant son 10e anniversaire de mariage, a d\u00e9clar\u00e9 \u00eatre venu \u00e0 Castel Gandolfo dans l'espoir de recevoir la b\u00e9n\u00e9diction du pape. Ils \u00e9taient heureux d'avoir re\u00e7u un signe de la main de L\u00e9on lorsqu'il est pass\u00e9 devant eux en marchant de la paroisse locale vers le palais apostolique avant l'Ang\u00e9lus.<\/p>\n<figure class=\"mx-auto\" style=\"width:100%\"><img data-recalc-dims=\"1\" decoding=\"async\" src=\"https:\/\/i0.wp.com\/admin.catholicnewsagency.com\/images\/cg-nuns.jpeg?quality=80&#038;ssl=1\" class=\"img-fluid\" style=\"\" alt=\"Deux religieuses \u00e9changent un regard apr\u00e8s avoir rencontr\u00e9 le pape L\u00e9on XIV \u00e0 sa sortie de la paroisse pontificale de Saint-Thomas de Villeneuve \u00e0 Castel Gandolfo avant l&#039;Ang\u00e9lus le 13 juillet 2025. Cr\u00e9dit : Hannah Brockhaus\/CNA\"><figcaption class=\"caption text-muted\">Deux religieuses \u00e9changent un regard apr\u00e8s avoir rencontr\u00e9 le pape L\u00e9on XIV \u00e0 sa sortie de la paroisse pontificale de Saint-Thomas de Villeneuve \u00e0 Castel Gandolfo avant l'Ang\u00e9lus le 13 juillet 2025. Cr\u00e9dit : Hannah Brockhaus\/CNA<\/figcaption><\/figure>\n<p>Pendant que le pontife parlait, un p\u00e8re de quatre enfants a soulev\u00e9 chacun de ses enfants \u00e0 tour de r\u00f4le pour qu'ils puissent voir le pape L\u00e9on par-dessus la foule.<\/p>\n<p>Le pape L\u00e9on dirigera \u00e0 nouveau publiquement l'Ang\u00e9lus le 20 juillet, avant de retourner au Vatican \u00e0 temps pour une s\u00e9rie d'\u00e9v\u00e9nements pour le Jubil\u00e9 de l'Esp\u00e9rance, notamment les jubil\u00e9s des influenceurs catholiques et des jeunes.<\/p>\n<p>L\u00e9on reviendra \u00e9galement \u00e0 Castel Gandolfo, situ\u00e9 sur les collines au-dessus du lac Albano, pendant trois jours lors du week-end f\u00e9ri\u00e9 italien du \u00ab Ferragosto \u00bb, du 15 au 17 ao\u00fbt, qui c\u00e9l\u00e8bre la f\u00eate de l'Assomption de la Bienheureuse Vierge Marie.<\/p>\n<p>Avant l'Ang\u00e9lus, le pape L\u00e9on a c\u00e9l\u00e9br\u00e9 une messe pour les catholiques locaux, les chefs religieux et les autorit\u00e9s civiles \u00e0 la paroisse pontificale du XVIIe si\u00e8cle de Saint-Thomas de Villeneuve, sur la place de la Libert\u00e9 de Castel Gandolfo.<\/p>\n<p>R\u00e9fl\u00e9chissant sur la parabole du Bon Samaritain, le pontife a appel\u00e9 \u00e0 une \u00ab r\u00e9volution de l'amour \u00bb envers ceux qui ont \u00e9t\u00e9 bless\u00e9s par la vie, qui sont \u00ab d\u00e9pouill\u00e9s, vol\u00e9s et pill\u00e9s, victimes de syst\u00e8mes politiques tyranniques, d'une \u00e9conomie qui les force \u00e0 la pauvret\u00e9, et de guerres qui tuent leurs r\u00eaves et leurs vies m\u00eames \u00bb.<\/p>\n<figure class=\"mx-auto\" style=\"width:100%\"><img data-recalc-dims=\"1\" decoding=\"async\" src=\"https:\/\/i0.wp.com\/admin.catholicnewsagency.com\/images\/ris5250.jpg?quality=80&#038;ssl=1\" class=\"img-fluid\" style=\"\" alt=\"Avant l&#039;Ang\u00e9lus du 13 juillet 2025, le pape L\u00e9on XIV a c\u00e9l\u00e9br\u00e9 une messe pour les catholiques locaux, les chefs religieux et les autorit\u00e9s civiles \u00e0 la paroisse pontificale du XVIIe si\u00e8cle de Saint-Thomas de Villeneuve, sur la place principale de Castel Gandolfo. Cr\u00e9dit : Vatican Media\"><figcaption class=\"caption text-muted\">Avant l'Ang\u00e9lus du 13 juillet 2025, le pape L\u00e9on XIV a c\u00e9l\u00e9br\u00e9 une messe pour les catholiques locaux, les chefs religieux et les autorit\u00e9s civiles \u00e0 la paroisse pontificale du XVIIe si\u00e8cle de Saint-Thomas de Villeneuve, sur la place principale de Castel Gandolfo. Cr\u00e9dit : Vatican Media<\/figcaption><\/figure>\n<p>\u00ab Nous contentons-nous parfois simplement de faire notre devoir, ou de ne consid\u00e9rer comme notre prochain que ceux qui font partie de notre groupe, qui pensent comme nous, qui partagent notre nationalit\u00e9 ou notre religion ? \u00bb a-t-il d\u00e9clar\u00e9. \u00ab J\u00e9sus renverse cette fa\u00e7on de penser en nous pr\u00e9sentant un Samaritain, un \u00e9tranger ou un h\u00e9r\u00e9tique, qui agit comme un prochain envers cet homme bless\u00e9. Et il nous demande de faire de m\u00eame. \u00bb<\/p>\n<p>C'est pourquoi cette parabole est si stimulante pour chacun d'entre nous, a-t-il soulign\u00e9 : \u00ab Si le Christ nous montre le visage d'un Dieu compatissant, alors croire en lui et \u00eatre ses disciples signifie nous laisser changer et adopter ses m\u00eames sentiments. \u00bb<\/p>\n<p>\u00ab Regarder sans passer son chemin, arr\u00eater le rythme effr\u00e9n\u00e9 de nos vies, permettre aux vies des autres, quels qu'ils soient, avec leurs besoins et leurs probl\u00e8mes, de toucher notre c\u0153ur \u00bb, a ajout\u00e9 le pape. \u00ab C'est ce qui fait de nous des prochains les uns pour les autres, ce qui g\u00e9n\u00e8re une v\u00e9ritable fraternit\u00e9 et brise les murs et les barri\u00e8res. \u00bb<\/p>\n<p><a href=\"https:\/\/www.catholicnewsagency.com\/news\/265333\/pope-leo-xiv-greeted-by-international-crowd-at-first-angelus-from-castel-gandolfo\" rel=\"nofollow\">https:\/\/www.catholicnewsagency.com\/news\/265333\/pope-leo-xiv-greeted-by-international-crowd-at-first-angelus-from-castel-gandolfo<\/a><\/p>","protected":false},"excerpt":{"rendered":"<p>Pope Leo XIV waves as he enters Liberty Square in Castel Gandolfo to give his first public Angelus address from the lakeside town 18 miles southeast of Rome on July 13, 2025. \/ Credit: Stefano Costantino\/EWTN News Castel Gandolfo, Italy, Jul 13, 2025 \/ 10:05 am (CNA). Pope Leo XIV recited the Angelus before a [\u2026]<\/p>","protected":false},"author":11,"featured_media":56699,"comment_status":"open","ping_status":"closed","sticky":false,"template":"","format":"standard","meta":{"_acf_changed":false,"_jetpack_memberships_contains_paid_content":false,"footnotes":"","jetpack_publicize_message":"","jetpack_publicize_feature_enabled":true,"jetpack_social_post_already_shared":true,"jetpack_social_options":{"image_generator_settings":{"template":"highway","default_image_id":0,"font":"","enabled":false},"version":2},"_wpas_customize_per_network":false},"categories":[100],"tags":[],"series":[],"class_list":["post-56531","post","type-post","status-publish","format-standard","has-post-thumbnail","hentry","category-christian-news"],"mb":[],"acf":[],"jetpack_publicize_connections":[],"jetpack_featured_media_url":"https:\/\/i0.wp.com\/christianpure.com\/wp-content\/uploads\/2025\/07\/Pope-Leo-XIV-greeted-by-international-crowd-at-first-Angelus-from-Castel-Gandolfo.webp?fit=800%2C533&quality=75&ssl=1","jetpack-related-posts":[],"jetpack_sharing_enabled":true,"mfb_rest_fields":["title","jetpack_publicize_connections","jetpack_featured_media_url","jetpack-related-posts","jetpack_sharing_enabled"],"_links":{"self":[{"href":"https:\/\/christianpure.com\/fr\/wp-json\/wp\/v2\/posts\/56531","targetHints":{"allow":["GET"]}}],"collection":[{"href":"https:\/\/christianpure.com\/fr\/wp-json\/wp\/v2\/posts"}],"about":[{"href":"https:\/\/christianpure.com\/fr\/wp-json\/wp\/v2\/types\/post"}],"author":[{"embeddable":true,"href":"https:\/\/christianpure.com\/fr\/wp-json\/wp\/v2\/users\/11"}],"replies":[{"embeddable":true,"href":"https:\/\/christianpure.com\/fr\/wp-json\/wp\/v2\/comments?post=56531"}],"version-history":[{"count":0,"href":"https:\/\/christianpure.com\/fr\/wp-json\/wp\/v2\/posts\/56531\/revisions"}],"wp:featuredmedia":[{"embeddable":true,"href":"https:\/\/christianpure.com\/fr\/wp-json\/wp\/v2\/media\/56699"}],"wp:attachment":[{"href":"https:\/\/christianpure.com\/fr\/wp-json\/wp\/v2\/media?parent=56531"}],"wp:term":[{"taxonomy":"category","embeddable":true,"href":"https:\/\/christianpure.com\/fr\/wp-json\/wp\/v2\/categories?post=56531"},{"taxonomy":"post_tag","embeddable":true,"href":"https:\/\/christianpure.com\/fr\/wp-json\/wp\/v2\/tags?post=56531"},{"taxonomy":"series","embeddable":true,"href":"https:\/\/christianpure.com\/fr\/wp-json\/wp\/v2\/series?post=56531"}],"curies":[{"name":"wp","href":"https:\/\/api.w.org\/{rel}","templated":true}]}}