{"id":77868,"date":"2026-03-29T15:25:32","date_gmt":"2026-03-29T15:25:32","guid":{"rendered":"https:\/\/christianpure.com\/?p=77868"},"modified":"2026-03-29T15:25:32","modified_gmt":"2026-03-29T15:25:32","slug":"pope-proposes-lenten-fast-from-hurtful-words","status":"publish","type":"post","link":"https:\/\/christianpure.com\/fr\/learn\/pope-proposes-lenten-fast-from-hurtful-words\/","title":{"rendered":"Le pape propose un \u00ab je\u00fbne \u00bb de Car\u00eame des paroles blessantes"},"content":{"rendered":"<p>Dans son <a href=\"https:\/\/press.vatican.va\/content\/salastampa\/it\/bollettino\/pubblico\/2026\/02\/13\/0124\/00243.html#en\">message<\/a> pour le Car\u00eame 2026, le pape L\u00e9on XIV exhorte les catholiques \u00e0 \u00e9couter plus attentivement Dieu et les autres \u2014 et \u00e0 \u00ab d\u00e9sarmer \u00bb leur langage en je\u00fbnant des mots qui blessent.<\/p>\n<p>Le temps du Car\u00eame commence le 18 f\u00e9vrier avec le mercredi des Cendres.<\/p>\n<p>Dans le message, publi\u00e9 le 13 f\u00e9vrier, le pape propose une d\u00e9finition simple du Car\u00eame comme un temps o\u00f9 l'\u00c9glise \u00ab nous invite \u00e0 replacer le myst\u00e8re de Dieu au centre de nos vies, afin de trouver un renouveau dans notre foi et d'emp\u00eacher nos c\u0153urs d'\u00eatre consum\u00e9s par les anxi\u00e9t\u00e9s et les distractions de la vie quotidienne \u00bb.<\/p>\n<p>Il encourage les catholiques \u00e0 laisser la parole de Dieu toucher leurs c\u0153urs avec docilit\u00e9 afin que le Car\u00eame puisse devenir \u00ab une occasion bienvenue d'\u00e9couter la voix du Seigneur et de renouveler notre engagement \u00e0 suivre le Christ \u00bb.<\/p>\n<h2>\u00c9couter Dieu et le cri des pauvres<\/h2>\n<p>Le Saint-P\u00e8re souligne d'abord l'importance de l'\u00e9coute.<\/p>\n<p>\u00ab La volont\u00e9 d'\u00e9couter est la premi\u00e8re fa\u00e7on dont nous d\u00e9montrons notre d\u00e9sir d'entrer en relation avec quelqu'un \u00bb, \u00e9crit-il.<\/p>\n<p>\u00c9couter la Sainte \u00c9criture, dit-il, apprend aux croyants \u00e0 reconna\u00eetre et \u00e0 r\u00e9pondre \u00e0 la souffrance dans le monde.<\/p>\n<p>Citant sa propre exhortation apostolique <a href=\"https:\/\/www.vatican.va\/content\/leo-xiv\/en\/apost_exhortations\/documents\/20251004-dilexi-te.html\"><em>Dilexi Te<\/em><\/a>, il ajoute que les catholiques doivent reconna\u00eetre que \u00ab la condition des pauvres est un cri qui, tout au long de l'histoire humaine, interpelle constamment nos vies, nos soci\u00e9t\u00e9s, nos syst\u00e8mes politiques et \u00e9conomiques, et, non des moindres, l'\u00c9glise \u00bb.<\/p>\n<p>Entrer dans cette ouverture int\u00e9rieure signifie permettre \u00e0 Dieu de nous apprendre \u00e0 \u00e9couter comme il le fait, \u00e9crit-il, afin que la foi fa\u00e7onne \u00e0 la fois la conversion personnelle et la responsabilit\u00e9 sociale.<\/p>\n<h2>Le je\u00fbne, y compris des paroles blessantes<\/h2>\n<p>Abordant la pratique traditionnelle du je\u00fbne pendant le Car\u00eame, le pape d\u00e9crit l'abstinence de nourriture comme \u00ab une pratique asc\u00e9tique ancienne qui est essentielle sur le chemin de la conversion \u00bb.<\/p>\n<p>\u00ab Pr\u00e9cis\u00e9ment parce qu'il implique le corps, le je\u00fbne permet de mieux reconna\u00eetre ce dont nous avons \u00ab faim \u00bb et ce que nous jugeons n\u00e9cessaire \u00e0 notre subsistance \u00bb, \u00e9crit-il. Il aide les croyants \u00e0 \u00ab identifier et ordonner nos \u00ab app\u00e9tits \u00bb, en gardant vivante notre faim et notre soif de justice et en nous lib\u00e9rant de la complaisance \u00bb.<\/p>\n<p>Citant saint Augustin, il note que le c\u0153ur humain s'\u00e9largit par le d\u00e9sir de Dieu. \u00ab Compris de cette mani\u00e8re, le je\u00fbne nous permet non seulement de gouverner notre d\u00e9sir, en le purifiant et en le rendant plus libre, mais aussi de l'\u00e9largir, afin qu'il soit dirig\u00e9 vers Dieu et vers le bien \u00bb.<\/p>\n<p>Cependant, il souligne que le je\u00fbne doit \u00eatre v\u00e9cu \u00ab dans la foi et l'humilit\u00e9 \u00bb et ancr\u00e9 dans la communion avec le Seigneur.<\/p>\n<p>Dans ce contexte, le pape propose une r\u00e9solution de Car\u00eame sp\u00e9cifique : \u00ab une forme d'abstinence tr\u00e8s pratique et souvent sous-estim\u00e9e : celle de s'abstenir de mots qui offensent et blessent notre prochain \u00bb.<\/p>\n<p>\u00ab Commen\u00e7ons par d\u00e9sarmer notre langage, en \u00e9vitant les mots durs et les jugements h\u00e2tifs, en nous abstenant de la calomnie et de dire du mal de ceux qui ne sont pas pr\u00e9sents et ne peuvent pas se d\u00e9fendre \u00bb, \u00e9crit-il. \u00ab Au lieu de cela, effor\u00e7ons-nous de mesurer nos mots et de cultiver la gentillesse et le respect dans nos familles, parmi nos amis, au travail, sur les r\u00e9seaux sociaux, dans les d\u00e9bats politiques, dans les m\u00e9dias et dans les communaut\u00e9s chr\u00e9tiennes \u00bb.<\/p>\n<p>\u00ab De cette fa\u00e7on, les mots de haine laisseront place \u00e0 des mots d'espoir et de paix \u00bb, ajoute-t-il.<\/p>\n<h2>Un voyage partag\u00e9 vers la conversion<\/h2>\n<p>Enfin, le pape L\u00e9on XIV souligne la dimension communautaire du Car\u00eame, rappelant que l'\u00c9criture pr\u00e9sente fr\u00e9quemment le je\u00fbne et l'\u00e9coute de la parole de Dieu comme des actes partag\u00e9s de repentance et de renouveau.<\/p>\n<p>\u00ab Nos paroisses, nos familles, nos groupes eccl\u00e9siaux et nos communaut\u00e9s religieuses sont appel\u00e9s \u00e0 entreprendre un voyage partag\u00e9 pendant le Car\u00eame \u00bb, \u00e9crit-il, o\u00f9 l'\u00e9coute de la parole de Dieu et du \u00ab cri des pauvres et de la terre \u00bb devient une partie de la vie communautaire.<\/p>\n<p>Il souligne que la conversion ne concerne pas seulement la conscience individuelle, mais aussi les relations et le dialogue. Cela signifie \u00ab nous laisser interpeller par la r\u00e9alit\u00e9 et reconna\u00eetre ce qui guide vraiment nos d\u00e9sirs \u2014 tant au sein de nos communaut\u00e9s eccl\u00e9siales qu'en ce qui concerne la soif de justice et de r\u00e9conciliation de l'humanit\u00e9 \u00bb.<\/p>\n<p>En conclusion, le pape invite les fid\u00e8les \u00e0 demander la gr\u00e2ce et la force pendant ce temps p\u00e9nitentiel.<\/p>\n<p>\u00ab Demandons la gr\u00e2ce d'un Car\u00eame qui nous conduise \u00e0 une plus grande attention envers Dieu et envers les plus petits d'entre nous \u00bb, \u00e9crit-il. \u00ab Demandons la force qui vient du type de je\u00fbne qui s'\u00e9tend \u00e9galement \u00e0 notre usage du langage, afin que les mots blessants diminuent et laissent place \u00e0 un plus grand espace pour la voix des autres \u00bb.<\/p>\n<p>\u00ab Effor\u00e7ons-nous de faire de nos communaut\u00e9s des lieux o\u00f9 le cri de ceux qui souffrent trouve un accueil, et o\u00f9 l'\u00e9coute ouvre des chemins vers la lib\u00e9ration, nous rendant pr\u00eats et d\u00e9sireux de contribuer \u00e0 construire une civilisation de l'amour \u00bb.<\/p>\n<p><em>Cet article <a href=\"https:\/\/www.aciprensa.com\/noticias\/122097\/leon-xiv-propone-abstinencia-esta-cuaresma-renunciar-a-las-palabras-hirientes\">a \u00e9t\u00e9 publi\u00e9 pour la premi\u00e8re fois <\/a>par ACI Prensa, le service fr\u00e8re en langue espagnole d'EWTN News. Il a \u00e9t\u00e9 traduit et adapt\u00e9 par EWTN News English.<\/em><\/p>\n<p> <a href=\"https:\/\/www.ewtnnews.com\/vatican\/pope-proposes-lenten-fast-from-hurtful-words\" rel=\"nofollow\">https:\/\/www.ewtnnews.com\/vatican\/pope-proposes-lenten-fast-from-hurtful-words<\/a><\/p>","protected":false},"excerpt":{"rendered":"<p>In his message for Lent 2026, Pope Leo XIV urges Catholics to listen more closely to God and others \u2014 and to \u201cdisarm\u201d their language by fasting from words that wound. The Lenten season begins Feb. 18 with Ash Wednesday. In the message, released Feb. 13, the pope offers a simple definition of Lent as [\u2026]<\/p>","protected":false},"author":11,"featured_media":0,"comment_status":"open","ping_status":"closed","sticky":false,"template":"","format":"standard","meta":{"_acf_changed":false,"_jetpack_memberships_contains_paid_content":false,"footnotes":"","jetpack_publicize_message":"","jetpack_publicize_feature_enabled":true,"jetpack_social_post_already_shared":true,"jetpack_social_options":{"image_generator_settings":{"template":"highway","default_image_id":0,"font":"","enabled":false},"version":2},"_wpas_customize_per_network":false},"categories":[100],"tags":[],"series":[],"class_list":["post-77868","post","type-post","status-publish","format-standard","hentry","category-christian-news"],"mb":[],"acf":[],"jetpack_publicize_connections":[],"jetpack_featured_media_url":"","jetpack-related-posts":[],"jetpack_sharing_enabled":true,"mfb_rest_fields":["title","jetpack_publicize_connections","jetpack_featured_media_url","jetpack-related-posts","jetpack_sharing_enabled"],"_links":{"self":[{"href":"https:\/\/christianpure.com\/fr\/wp-json\/wp\/v2\/posts\/77868","targetHints":{"allow":["GET"]}}],"collection":[{"href":"https:\/\/christianpure.com\/fr\/wp-json\/wp\/v2\/posts"}],"about":[{"href":"https:\/\/christianpure.com\/fr\/wp-json\/wp\/v2\/types\/post"}],"author":[{"embeddable":true,"href":"https:\/\/christianpure.com\/fr\/wp-json\/wp\/v2\/users\/11"}],"replies":[{"embeddable":true,"href":"https:\/\/christianpure.com\/fr\/wp-json\/wp\/v2\/comments?post=77868"}],"version-history":[{"count":0,"href":"https:\/\/christianpure.com\/fr\/wp-json\/wp\/v2\/posts\/77868\/revisions"}],"wp:attachment":[{"href":"https:\/\/christianpure.com\/fr\/wp-json\/wp\/v2\/media?parent=77868"}],"wp:term":[{"taxonomy":"category","embeddable":true,"href":"https:\/\/christianpure.com\/fr\/wp-json\/wp\/v2\/categories?post=77868"},{"taxonomy":"post_tag","embeddable":true,"href":"https:\/\/christianpure.com\/fr\/wp-json\/wp\/v2\/tags?post=77868"},{"taxonomy":"series","embeddable":true,"href":"https:\/\/christianpure.com\/fr\/wp-json\/wp\/v2\/series?post=77868"}],"curies":[{"name":"wp","href":"https:\/\/api.w.org\/{rel}","templated":true}]}}