{"id":77902,"date":"2026-03-28T09:06:04","date_gmt":"2026-03-28T09:06:04","guid":{"rendered":"https:\/\/christianpure.com\/?p=77902"},"modified":"2026-03-28T09:06:04","modified_gmt":"2026-03-28T09:06:04","slug":"catholic-authorities-over-100-christians-killed-90000-displaced-in-nigeria","status":"publish","type":"post","link":"https:\/\/christianpure.com\/fr\/learn\/catholic-authorities-over-100-christians-killed-90000-displaced-in-nigeria\/","title":{"rendered":"Autorit\u00e9s catholiques : Plus de 100 chr\u00e9tiens tu\u00e9s, 90 000 d\u00e9plac\u00e9s au Nigeria"},"content":{"rendered":"<p>Le dioc\u00e8se catholique de Wukari a tir\u00e9 la sonnette d'alarme face \u00e0 ce qu'il d\u00e9crit comme des attaques incessantes et syst\u00e9matiques men\u00e9es par des militants pr\u00e9sum\u00e9s peuls dans tout l'\u00c9tat de Taraba Sud, faisant plus de 100 morts, des milliers de bless\u00e9s et plus de 90 000 catholiques d\u00e9plac\u00e9s depuis septembre 2025.<\/p>\n<p>Lors d'un point de presse tenu jeudi au secr\u00e9tariat catholique de Jalingo, les responsables dioc\u00e9sains ont d\u00e9taill\u00e9 des mois d'assauts coordonn\u00e9s contre des communaut\u00e9s agricoles majoritairement chr\u00e9tiennes dans le quartier de Chanchanji de la zone de gouvernement local de Takum, ainsi que dans certaines parties des associations de gouvernement local d'Ussa et de Donga. Les attaques, ont-ils d\u00e9clar\u00e9, ont d\u00e9cim\u00e9 des villages entiers, d\u00e9truit plus de 200 communaut\u00e9s et \u00e9glises, et laiss\u00e9 des familles sans foyer, sans moyens de subsistance et sans protection.<\/p>\n<p>Les responsables dioc\u00e9sains ont d\u00e9clar\u00e9 que la violence suivait un sch\u00e9ma coh\u00e9rent et effrayant. Les assaillants arm\u00e9s arriveraient aux premi\u00e8res heures du matin, alors que les r\u00e9sidents dorment, ouvrant le feu et incendiant les maisons, les \u00e9glises et les r\u00e9coltes. Les survivants racontent avoir fui dans les buissons environnants alors que leurs proches \u00e9taient abattus et leurs propri\u00e9t\u00e9s r\u00e9duites en cendres.<\/p>\n<p>L'assaut le plus r\u00e9cent a eu lieu le 10 f\u00e9vrier, vers 5h30 du matin, dans le village de Mchia, quartier de Chanchanji, o\u00f9 plus de dix chr\u00e9tiens ont \u00e9t\u00e9 tu\u00e9s et de nombreuses maisons d\u00e9truites. Les chefs religieux affirment que de tels incidents ne sont plus des \u00e9v\u00e9nements isol\u00e9s mais font partie d'une campagne de terreur soutenue ciblant les populations chr\u00e9tiennes rurales.<\/p>\n<p>Au-del\u00e0 de la perte imm\u00e9diate de vies humaines, les attaques ont d\u00e9clench\u00e9 une crise humanitaire qui s'aggrave. Des terres agricoles enti\u00e8res auraient \u00e9t\u00e9 saisies par les militants, qui attaqueraient tout agriculteur d\u00e9plac\u00e9 tentant de retourner r\u00e9colter des cultures pour nourrir sa famille.<\/p>\n<p>Il existe \u00e9galement des rapports troublants faisant \u00e9tat de femmes viol\u00e9es alors qu'elles tentaient de se procurer de la nourriture. Dans certains cas, des routes ont \u00e9t\u00e9 bloqu\u00e9es et des voyageurs sans m\u00e9fiance ont \u00e9t\u00e9 pris en embuscade et tu\u00e9s. Les autorit\u00e9s dioc\u00e9saines all\u00e8guent en outre que les cultures cultiv\u00e9es par les communaut\u00e9s d\u00e9plac\u00e9es sont d\u00e9sormais r\u00e9colt\u00e9es par les assaillants et utilis\u00e9es pour nourrir leur b\u00e9tail.<\/p>\n<p>Le dioc\u00e8se a averti que la crise ne menace pas seulement les communaut\u00e9s chr\u00e9tiennes locales, mais porte \u00e9galement un coup \u00e0 la libert\u00e9 religieuse et \u00e0 la stabilit\u00e9 r\u00e9gionale. Les r\u00e9sidences des pr\u00eatres et les b\u00e2timents des \u00e9glises ont \u00e9t\u00e9 sp\u00e9cifiquement cibl\u00e9s et d\u00e9truits dans certaines zones, renfor\u00e7ant les craintes que la violence ne soit pas seulement criminelle mais aussi motiv\u00e9e par la religion.<\/p>\n<p>\u00ab Le carnage continue de constituer une menace existentielle pour la vie et un d\u00e9fi s\u00e9rieux pour la croissance de la foi chr\u00e9tienne et le d\u00e9veloppement infrastructurel de la r\u00e9gion \u00bb, ont d\u00e9clar\u00e9 les responsables dioc\u00e9sains.<\/p>\n<p>Tout en exprimant son appr\u00e9ciation pour les r\u00e9centes interventions de s\u00e9curit\u00e9 du gouvernement de l'\u00c9tat de Taraba et des agences de s\u00e9curit\u00e9 dans d'autres points chauds tels que Karim Lamido, l'axe Sarkin Kudu et le corridor routier Rafin Kada\u2013Takum, le dioc\u00e8se a appel\u00e9 \u00e0 une extension urgente de ces efforts aux zones les plus touch\u00e9es de Chanchanji, Takum, Ussa et Donga.<\/p>\n<p>Les chefs religieux ont formul\u00e9 plusieurs appels urgents aux autorit\u00e9s :<\/p>\n<p>* D\u00e9ploiement imm\u00e9diat de personnel de s\u00e9curit\u00e9 ad\u00e9quat dans les zones rurales o\u00f9 les attaques se poursuivent sans rel\u00e2che.<\/p>\n<p>* Arrestation et poursuite rapides des auteurs et des complices de la violence, ind\u00e9pendamment de leur appartenance ethnique, politique ou religieuse.<\/p>\n<p>* Intervention humanitaire compl\u00e8te pour les personnes d\u00e9plac\u00e9es internes (PDI), incluant nourriture, soins m\u00e9dicaux, literie, fournitures sanitaires et abris temporaires pour \u00e9viter une catastrophe humanitaire plus vaste.<\/p>\n<p>* Dialogue authentique entre les chefs traditionnels, les chefs religieux, les agences de s\u00e9curit\u00e9 et les autorit\u00e9s politiques pour favoriser une paix durable dans le sud de Taraba.<\/p>\n<p>Le dioc\u00e8se a soulign\u00e9 que, bien qu'il reste attach\u00e9 \u00e0 la pri\u00e8re et \u00e0 la collaboration avec le gouvernement, il pourrait solliciter une aide internationale si l'\u00c9tat s'av\u00e9rait incapable de garantir la protection constitutionnelle des vies et des biens.<\/p>\n<p>La crise qui se d\u00e9roule dans le sud de Taraba refl\u00e8te un sch\u00e9ma plus large de violence \u00e0 travers la Middle Belt du Nigeria, o\u00f9 des communaut\u00e9s agricoles majoritairement chr\u00e9tiennes ont fait face \u00e0 des attaques r\u00e9p\u00e9t\u00e9es de groupes arm\u00e9s identifi\u00e9s par les dirigeants locaux comme des militants peuls. Les d\u00e9fenseurs des droits de l'homme ont longtemps averti que l'impunit\u00e9, la faiblesse de l'application de la loi et l'incapacit\u00e9 \u00e0 tenir les auteurs responsables ont enhardi les assaillants et aggrav\u00e9 l'ins\u00e9curit\u00e9 communautaire.<\/p>\n<p>Alors que des dizaines de milliers de personnes restent d\u00e9plac\u00e9es et craignent de retourner chez elles, le dioc\u00e8se catholique de Wukari exhorte les autorit\u00e9s nationales et la communaut\u00e9 internationale \u00e0 reconna\u00eetre la gravit\u00e9 de la situation. Sans action d\u00e9cisive, avertissent les chefs religieux, le sud de Taraba risque une d\u00e9stabilisation accrue, une aggravation des souffrances humanitaires et une \u00e9rosion continue de la libert\u00e9 religieuse pour les communaut\u00e9s chr\u00e9tiennes vuln\u00e9rables.<\/p>\n<p>Pour les fid\u00e8les du dioc\u00e8se de Wukari, cependant, l'espoir demeure. Malgr\u00e9 les \u00e9glises d\u00e9truites et les maisons en ruines, les responsables dioc\u00e9sains ont r\u00e9affirm\u00e9 leur engagement \u00e0 la pri\u00e8re soutenue et au plaidoyer pacifique, exprimant leur confiance dans le fait qu'une paix durable est encore possible si la justice et la s\u00e9curit\u00e9 sont poursuivies de mani\u00e8re significative.<\/p>\n<p><strong>Pour lire plus d'actualit\u00e9s, visitez le\u00a0<a href=\"https:\/\/www.persecution.org\/news\/\">Centre de presse de l'ICC<\/a>. Pour les interviews, veuillez envoyer un e-mail \u00e0<\/strong><strong>\u202f<\/strong><strong><a href=\"mailto:press@persecution.org\">press@persecution.org.<\/a>\u00a0Pour soutenir le travail de l'ICC dans le monde, veuillez faire un don \u00e0 notre\u00a0<a href=\"https:\/\/secure.qgiv.com\/for\/internationalchristianconcern?_gl=1*39c47j*_gcl_au*OTYxMTk5MTE2LjE3NTAwODQ5MzA.*_ga*MzI3MDk1MTMzLjE3MTA5NTYxMTQ.*_ga_0FDDQ3PH5L*czE3NTMyODYzNjAkbzEyMTkkZzEkdDE3NTMyODYzNjgkajUyJGwwJGgw\">Fonds pour les besoins les plus urgents<\/a>.<\/strong><\/p>\n<p>L'article <a href=\"https:\/\/persecution.org\/2026\/02\/13\/catholic-authorities-over-100-christians-killed-90000-displaced-in-nigeria\/\">Autorit\u00e9s catholiques : Plus de 100 chr\u00e9tiens tu\u00e9s, 90 000 d\u00e9plac\u00e9s au Nigeria<\/a> est apparu pour la premi\u00e8re fois sur <a href=\"https:\/\/persecution.org\">International Christian Concern<\/a>.<\/p>\n<p> <a href=\"https:\/\/persecution.org\/2026\/02\/13\/catholic-authorities-over-100-christians-killed-90000-displaced-in-nigeria\/\" rel=\"nofollow\">https:\/\/persecution.org\/2026\/02\/13\/catholic-authorities-over-100-christians-killed-90000-displaced-in-nigeria\/<\/a><\/p>","protected":false},"excerpt":{"rendered":"<p>The Catholic Diocese of Wukari has raised an urgent alarm over what it describes as relentless and systematic attacks by suspected Fulani militants across Southern Taraba State, leaving more than 100 people dead, thousands injured, and over 90,000 Catholics displaced since September 2025. In a press briefing held Thursday at the Catholic Secretariat in Jalingo, [\u2026]<\/p>","protected":false},"author":11,"featured_media":77901,"comment_status":"open","ping_status":"closed","sticky":false,"template":"","format":"standard","meta":{"_acf_changed":false,"_jetpack_memberships_contains_paid_content":false,"footnotes":"","jetpack_publicize_message":"","jetpack_publicize_feature_enabled":true,"jetpack_social_post_already_shared":true,"jetpack_social_options":{"image_generator_settings":{"template":"highway","default_image_id":0,"font":"","enabled":false},"version":2},"_wpas_customize_per_network":false},"categories":[100],"tags":[],"series":[],"class_list":["post-77902","post","type-post","status-publish","format-standard","has-post-thumbnail","hentry","category-christian-news"],"mb":[],"acf":[],"jetpack_publicize_connections":[],"jetpack_featured_media_url":"https:\/\/i0.wp.com\/christianpure.com\/wp-content\/uploads\/2026\/02\/ICC-Favicon-80px-13.png?fit=80%2C80&quality=69&ssl=1","jetpack-related-posts":[{"id":54166,"url":"https:\/\/christianpure.com\/fr\/learn\/we-are-not-allowed-to-farm-islamic-extremists-terrorize-catholic-farming-community\/","url_meta":{"origin":77902,"position":0},"title":"\u2018We Are Not Allowed to Farm\u2019: Islamic Extremists Terrorize Catholic Farming Community","author":"Christian Pure Team","date":"juillet 4, 2025","format":false,"excerpt":"7\/1\/2025 Nigeria (International Christian Concern) \u2014 St. Joseph\u2019s Parish in Layin Minista, in Malumfashi Local Government Area of Nigeria\u2019s Katsina state, has endured persistent attacks by armed Muslim Fulani extremists since 2020. The violence, often targeting Christian villagers in Gidan Namune and surrounding areas, has led to mass displacement, the\u2026","rel":"","context":"Dans &quot;Islam: Satan's Religion&quot;","block_context":{"text":"Islam: Satan's Religion","link":"https:\/\/christianpure.com\/fr\/learn\/category\/islam\/"},"img":{"alt_text":"","src":"","width":0,"height":0},"classes":[]},{"id":66356,"url":"https:\/\/christianpure.com\/fr\/learn\/father-kontehs-mission-healing-sierra-leones-wounds-through-faith-and-caritas\/","url_meta":{"origin":77902,"position":1},"title":"Father Konteh\u2019s mission: Healing Sierra Leone\u2019s wounds through faith and Caritas","author":"Christian Pure Team","date":"octobre 15, 2025","format":false,"excerpt":"Father Peter Konteh, a Catholic priest in Sierra Leone, is the subject of a new book called \u201cSent to Heal a Wounded Nation: The Story of Father Peter Konteh.\u201d \/ Credit: Photo courtesy of Father Peter Konteh CNA Staff, Oct 12, 2025 \/ 06:00 am (CNA). Sierra Leone is a\u2026","rel":"","context":"Dans &quot;Christian News&quot;","block_context":{"text":"Christian News","link":"https:\/\/christianpure.com\/fr\/learn\/category\/christian-news\/"},"img":{"alt_text":"Father Konteh\u2019s mission: Healing Sierra Leone\u2019s wounds through faith and Caritas","src":"https:\/\/i0.wp.com\/christianpure.com\/wp-content\/uploads\/2025\/10\/Father-Kontehs-mission-Healing-Sierra-Leones-wounds-through-faith-and-Caritas.webp?fit=800%2C600&quality=75&ssl=1&resize=350%2C200","width":350,"height":200,"srcset":"https:\/\/i0.wp.com\/christianpure.com\/wp-content\/uploads\/2025\/10\/Father-Kontehs-mission-Healing-Sierra-Leones-wounds-through-faith-and-Caritas.webp?fit=800%2C600&quality=75&ssl=1&resize=350%2C200 1x, https:\/\/i0.wp.com\/christianpure.com\/wp-content\/uploads\/2025\/10\/Father-Kontehs-mission-Healing-Sierra-Leones-wounds-through-faith-and-Caritas.webp?fit=800%2C600&quality=75&ssl=1&resize=525%2C300 1.5x, https:\/\/i0.wp.com\/christianpure.com\/wp-content\/uploads\/2025\/10\/Father-Kontehs-mission-Healing-Sierra-Leones-wounds-through-faith-and-Caritas.webp?fit=800%2C600&quality=75&ssl=1&resize=700%2C400 2x"},"classes":[]},{"id":55015,"url":"https:\/\/christianpure.com\/fr\/learn\/nigerian-bishop-displaced-families-in-need-of-spiritual-and-material-help\/","url_meta":{"origin":77902,"position":2},"title":"Nigerian bishop: Displaced families in need of spiritual and material help","author":"Christian Pure Team","date":"juillet 13, 2025","format":false,"excerpt":"Bishop Mark Maigida Nzukwein of Nigeria\u2019s Catholic Diocese of Wukari. \/ Credit: Courtesy of Diocese of Wukari, Nigeria Vatican City, Jul 5, 2025 \/ 06:00 am (CNA). Bishop Mark Maigida Nzukwein says displaced families and communities who daily face threats of violence in Nigeria are in great need of spiritual\u2026","rel":"","context":"Dans &quot;Christian News&quot;","block_context":{"text":"Christian News","link":"https:\/\/christianpure.com\/fr\/learn\/category\/christian-news\/"},"img":{"alt_text":"Nigerian bishop: Displaced families in need of spiritual and material help","src":"https:\/\/i0.wp.com\/christianpure.com\/wp-content\/uploads\/2025\/07\/Nigerian-bishop-Displaced-families-in-need-of-spiritual-and-material-help.webp?fit=667%2C445&quality=75&ssl=1&resize=350%2C200","width":350,"height":200,"srcset":"https:\/\/i0.wp.com\/christianpure.com\/wp-content\/uploads\/2025\/07\/Nigerian-bishop-Displaced-families-in-need-of-spiritual-and-material-help.webp?fit=667%2C445&quality=75&ssl=1&resize=350%2C200 1x, https:\/\/i0.wp.com\/christianpure.com\/wp-content\/uploads\/2025\/07\/Nigerian-bishop-Displaced-families-in-need-of-spiritual-and-material-help.webp?fit=667%2C445&quality=75&ssl=1&resize=525%2C300 1.5x"},"classes":[]},{"id":50318,"url":"https:\/\/christianpure.com\/fr\/learn\/china-recognizes-pope-leo-xivs-first-bishop-appointment\/","url_meta":{"origin":77902,"position":3},"title":"China recognizes Pope Leo XIV\u2019s first bishop appointment","author":"Christian Pure Team","date":"ao\u00fbt 5, 2025","format":false,"excerpt":"Credit: FreshStock\/Shutterstock Washington, D.C. Newsroom, Jun 13, 2025 \/ 07:00 am (CNA). Here\u2019s a roundup of Catholic world news from the past week that you might have missed: China recognizes Pope Leo XIV\u2019s first bishop appointment\u00a0 The People\u2019s Republic of China has officially recognized Pope Leo XIV\u2019s first bishop appointment,\u2026","rel":"","context":"Dans &quot;Christian News&quot;","block_context":{"text":"Christian News","link":"https:\/\/christianpure.com\/fr\/learn\/category\/christian-news\/"},"img":{"alt_text":"China recognizes Pope Leo XIV\u2019s first bishop appointment","src":"https:\/\/i0.wp.com\/christianpure.com\/wp-content\/uploads\/2025\/08\/China-recognizes-Pope-Leo-XIVs-first-bishop-appointment.webp?fit=800%2C533&quality=75&ssl=1&resize=350%2C200","width":350,"height":200,"srcset":"https:\/\/i0.wp.com\/christianpure.com\/wp-content\/uploads\/2025\/08\/China-recognizes-Pope-Leo-XIVs-first-bishop-appointment.webp?fit=800%2C533&quality=75&ssl=1&resize=350%2C200 1x, https:\/\/i0.wp.com\/christianpure.com\/wp-content\/uploads\/2025\/08\/China-recognizes-Pope-Leo-XIVs-first-bishop-appointment.webp?fit=800%2C533&quality=75&ssl=1&resize=525%2C300 1.5x, https:\/\/i0.wp.com\/christianpure.com\/wp-content\/uploads\/2025\/08\/China-recognizes-Pope-Leo-XIVs-first-bishop-appointment.webp?fit=800%2C533&quality=75&ssl=1&resize=700%2C400 2x"},"classes":[]},{"id":54396,"url":"https:\/\/christianpure.com\/fr\/learn\/un-delegation-makes-surprise-visit-to-catholic-parish-in-gaza\/","url_meta":{"origin":77902,"position":4},"title":"UN delegation makes surprise visit to Catholic parish in Gaza","author":"Christian Pure Team","date":"ao\u00fbt 25, 2025","format":false,"excerpt":"People gather at the Roman Catholic Church of the Holy Family on Palm Sunday in al-Zaitoun neighborhood of Gaza City on March 24, 2024, amid the ongoing conflict between Israel and the Palestinian Hamas movement. \/ Credit: AFP via Getty Images Stockholm, Sweden, Jul 2, 2025 \/ 18:17 pm (CNA).\u2026","rel":"","context":"Dans &quot;Christian News&quot;","block_context":{"text":"Christian News","link":"https:\/\/christianpure.com\/fr\/learn\/category\/christian-news\/"},"img":{"alt_text":"UN delegation makes surprise visit to Catholic parish in Gaza","src":"https:\/\/i0.wp.com\/christianpure.com\/wp-content\/uploads\/2025\/08\/UN-delegation-makes-surprise-visit-to-Catholic-parish-in-Gaza.webp?fit=800%2C534&quality=75&ssl=1&resize=350%2C200","width":350,"height":200,"srcset":"https:\/\/i0.wp.com\/christianpure.com\/wp-content\/uploads\/2025\/08\/UN-delegation-makes-surprise-visit-to-Catholic-parish-in-Gaza.webp?fit=800%2C534&quality=75&ssl=1&resize=350%2C200 1x, https:\/\/i0.wp.com\/christianpure.com\/wp-content\/uploads\/2025\/08\/UN-delegation-makes-surprise-visit-to-Catholic-parish-in-Gaza.webp?fit=800%2C534&quality=75&ssl=1&resize=525%2C300 1.5x, https:\/\/i0.wp.com\/christianpure.com\/wp-content\/uploads\/2025\/08\/UN-delegation-makes-surprise-visit-to-Catholic-parish-in-Gaza.webp?fit=800%2C534&quality=75&ssl=1&resize=700%2C400 2x"},"classes":[]},{"id":74705,"url":"https:\/\/christianpure.com\/fr\/learn\/come-back-to-the-holy-land-custos-calls-pilgrims-to-visit-land-of-jesus\/","url_meta":{"origin":77902,"position":5},"title":"\u2018Come back to the Holy Land\u2019: Custos calls pilgrims to visit land of Jesus","author":"Christian Pure Team","date":"f\u00e9vrier 26, 2026","format":false,"excerpt":"The interior of the Basilica of the Holy Sepulcher in Jerusalem. In the center, the Stone of Anointing, with Calvary in the background. | Credit: Marinella Bandini Jan 10, 2026 \/ 08:00 am (CNA). Here is a roundup of Catholic world news from the past week that you might have\u2026","rel":"","context":"Dans &quot;Christian News&quot;","block_context":{"text":"Christian News","link":"https:\/\/christianpure.com\/fr\/learn\/category\/christian-news\/"},"img":{"alt_text":"\u2018Come back to the Holy Land\u2019: Custos calls pilgrims to visit land of Jesus","src":"https:\/\/i0.wp.com\/christianpure.com\/wp-content\/uploads\/2026\/02\/%E2%80%98Come-back-to-the-Holy-Land-Custos-calls-pilgrims-to-visit-land-of-Jesus.jpg?fit=1200%2C800&quality=80&ssl=1&resize=350%2C200","width":350,"height":200,"srcset":"https:\/\/i0.wp.com\/christianpure.com\/wp-content\/uploads\/2026\/02\/%E2%80%98Come-back-to-the-Holy-Land-Custos-calls-pilgrims-to-visit-land-of-Jesus.jpg?fit=1200%2C800&quality=80&ssl=1&resize=350%2C200 1x, https:\/\/i0.wp.com\/christianpure.com\/wp-content\/uploads\/2026\/02\/%E2%80%98Come-back-to-the-Holy-Land-Custos-calls-pilgrims-to-visit-land-of-Jesus.jpg?fit=1200%2C800&quality=80&ssl=1&resize=525%2C300 1.5x, https:\/\/i0.wp.com\/christianpure.com\/wp-content\/uploads\/2026\/02\/%E2%80%98Come-back-to-the-Holy-Land-Custos-calls-pilgrims-to-visit-land-of-Jesus.jpg?fit=1200%2C800&quality=80&ssl=1&resize=700%2C400 2x, https:\/\/i0.wp.com\/christianpure.com\/wp-content\/uploads\/2026\/02\/%E2%80%98Come-back-to-the-Holy-Land-Custos-calls-pilgrims-to-visit-land-of-Jesus.jpg?fit=1200%2C800&quality=80&ssl=1&resize=1050%2C600 3x"},"classes":[]}],"jetpack_sharing_enabled":true,"mfb_rest_fields":["title","jetpack_publicize_connections","jetpack_featured_media_url","jetpack-related-posts","jetpack_sharing_enabled"],"_links":{"self":[{"href":"https:\/\/christianpure.com\/fr\/wp-json\/wp\/v2\/posts\/77902","targetHints":{"allow":["GET"]}}],"collection":[{"href":"https:\/\/christianpure.com\/fr\/wp-json\/wp\/v2\/posts"}],"about":[{"href":"https:\/\/christianpure.com\/fr\/wp-json\/wp\/v2\/types\/post"}],"author":[{"embeddable":true,"href":"https:\/\/christianpure.com\/fr\/wp-json\/wp\/v2\/users\/11"}],"replies":[{"embeddable":true,"href":"https:\/\/christianpure.com\/fr\/wp-json\/wp\/v2\/comments?post=77902"}],"version-history":[{"count":0,"href":"https:\/\/christianpure.com\/fr\/wp-json\/wp\/v2\/posts\/77902\/revisions"}],"wp:featuredmedia":[{"embeddable":true,"href":"https:\/\/christianpure.com\/fr\/wp-json\/wp\/v2\/media\/77901"}],"wp:attachment":[{"href":"https:\/\/christianpure.com\/fr\/wp-json\/wp\/v2\/media?parent=77902"}],"wp:term":[{"taxonomy":"category","embeddable":true,"href":"https:\/\/christianpure.com\/fr\/wp-json\/wp\/v2\/categories?post=77902"},{"taxonomy":"post_tag","embeddable":true,"href":"https:\/\/christianpure.com\/fr\/wp-json\/wp\/v2\/tags?post=77902"},{"taxonomy":"series","embeddable":true,"href":"https:\/\/christianpure.com\/fr\/wp-json\/wp\/v2\/series?post=77902"}],"curies":[{"name":"wp","href":"https:\/\/api.w.org\/{rel}","templated":true}]}}