{"id":78188,"date":"2026-03-23T03:25:27","date_gmt":"2026-03-23T03:25:27","guid":{"rendered":"https:\/\/christianpure.com\/?p=78188"},"modified":"2026-03-23T03:25:27","modified_gmt":"2026-03-23T03:25:27","slug":"pope-leo-xiv-tells-opus-dei-no-decision-yet-on-revised-statutes","status":"publish","type":"post","link":"https:\/\/christianpure.com\/fr\/learn\/pope-leo-xiv-tells-opus-dei-no-decision-yet-on-revised-statutes\/","title":{"rendered":"Le pape L\u00e9on XIV indique \u00e0 l'Opus Dei qu'aucune d\u00e9cision n'a encore \u00e9t\u00e9 prise concernant les statuts r\u00e9vis\u00e9s"},"content":{"rendered":"<div class=\"cppw-protected cppw-protected--overlay\"><div class=\"cppw-excerpt cppw-excerpt--overlay\"><p>Pope Leo XIV told the prelate of Opus Dei on Feb. 16 that \u201cthe process of updating Opus Dei\u2019s statutes continues in its study phase and that no publication date can yet be foreseen,\u201d according to a statement from the prelature.The pope received Opus Dei\u2019s prelate, Monsignor Fernando Oc\u00e1riz, in audience at the Vatican on Monday. Oc\u00e1riz was accompanied by his auxiliary vicar, Monsignor Mariano Fazio.The Holy See Press Office did not immediately respond to a request for comment.The Vatican\u2026<\/p>\n<\/div>\t\t<div class=\"cppw-paywall paywp-paywall\" data-required-level=\"25\">\n\t\t\t<span class=\"cppw-lock-mark\" aria-hidden=\"true\"><\/span>\n\t\t\t<h2>Continue reading with a subscription<\/h2>\n\t\t\t<p>Get unlimited access to all our premium content and exclusive features.<\/p>\n\t\t\t\t\t\t\t\t\t<div class=\"cppw-paywall__actions\">\n\t\t\t\t<a class=\"cppw-button\" href=\"https:\/\/christianpure.com\/fr\/become-a-member\/\">Subscribe Now<\/a>\n\t\t\t\t<a class=\"cppw-login-link\" href=\"https:\/\/christianpure.com\/fr\/login\/\">Already a subscriber? Sign in<\/a>\n\t\t\t<\/div>\n\t\t\t<p class=\"cppw-paywall__microcopy\">Enjoy unlimited access, cancel anytime.<\/p>\n\t\t<\/div>\n\t\t<\/div>","protected":false},"excerpt":{"rendered":"<p>Pope Leo XIV told the prelate of Opus Dei on Feb. 16 that \u201cthe process of updating Opus Dei\u2019s statutes continues in its study phase and that no publication date can yet be foreseen,\u201d according to a statement from the prelature.The pope received Opus Dei\u2019s prelate, Monsignor Fernando Oc\u00e1riz, in audience at the Vatican on Monday. Oc\u00e1riz was accompanied by his auxiliary vicar, Monsignor Mariano Fazio.The Holy See Press Office did not immediately respond to a request for comment.The Vatican\u2026<\/p>\n","protected":false},"author":11,"featured_media":0,"comment_status":"open","ping_status":"closed","sticky":false,"template":"","format":"standard","meta":[],"categories":[100],"tags":[],"series":[],"class_list":["post-78188","post","type-post","status-publish","format-standard","hentry","category-christian-news"],"mb":[],"acf":[],"jetpack_publicize_connections":[],"jetpack-related-posts":[{"id":50005,"url":"https:\/\/christianpure.com\/fr\/learn\/opus-dei-presents-proposal-for-new-statutes-to-the-holy-see\/","url_meta":{"origin":78188,"position":0},"title":"Opus Dei presents proposal for new statutes to the Holy See","author":"Christian Pure Team","date":"juin 26, 2025","format":false,"excerpt":"The prelate of Opus Dei with Pope Leo XIV. \/ Credit: Vatican Media Vatican City, Jun 11, 2025 \/ 16:41 pm (CNA). Opus Dei presented its proposed statutes to the Holy See on June 11 following the guidelines from the Vatican in the 2022 motu proprio Ad Charisma Tuendum as announced by the apostolate\u2019s prelate, Monsignor Fernando Oc\u00e1riz. \u201cI would like to inform you about the work of adapting the statutes. We had planned to complete this study at the\u2026","rel":"","context":"Dans &quot;Christian News&quot;","block_context":{"text":"Christian News","link":"https:\/\/christianpure.com\/fr\/learn\/category\/christian-news\/"},"img":{"alt_text":"Opus Dei presents proposal for new statutes to the Holy See","src":"https:\/\/i0.wp.com\/christianpure.com\/wp-content\/uploads\/2025\/06\/Opus-Dei-presents-proposal-for-new-statutes-to-the-Holy-See.webp?fit=669%2C406&ssl=1&resize=350%2C200","width":350,"height":200,"srcset":"https:\/\/i0.wp.com\/christianpure.com\/wp-content\/uploads\/2025\/06\/Opus-Dei-presents-proposal-for-new-statutes-to-the-Holy-See.webp?fit=669%2C406&ssl=1&resize=350%2C200 1x, https:\/\/i0.wp.com\/christianpure.com\/wp-content\/uploads\/2025\/06\/Opus-Dei-presents-proposal-for-new-statutes-to-the-Holy-See.webp?fit=669%2C406&ssl=1&resize=525%2C300 1.5x"},"classes":[]},{"id":55145,"url":"https:\/\/christianpure.com\/fr\/learn\/auxiliary-vicar-of-opus-dei-charged-with-human-trafficking-and-labor-exploitation\/","url_meta":{"origin":78188,"position":1},"title":"Auxiliary vicar of Opus Dei charged with human trafficking and labor exploitation","author":"Christian Pure Team","date":"ao\u00fbt 29, 2025","format":false,"excerpt":"Monsignor Mariano Fazio is auxiliary vicar of the Prelature of Opus Dei. \/ Credit: Opus Dei Buenos Aires, Argentina, Jul 6, 2025 \/ 07:00 am (CNA). The Argentine justice system has added the auxiliary vicar of Opus Dei, the organization\u2019s second in command, Monsignor Mariano Fazio, as a defendant in the case involving the alleged human trafficking and the reduction to servitude of 43 women in Argentina. The case, which was formally filed in 2024 but had been reported in\u2026","rel":"","context":"Dans &quot;Christian News&quot;","block_context":{"text":"Christian News","link":"https:\/\/christianpure.com\/fr\/learn\/category\/christian-news\/"},"img":{"alt_text":"Auxiliary vicar of Opus Dei charged with human trafficking and labor exploitation","src":"https:\/\/i0.wp.com\/christianpure.com\/wp-content\/uploads\/2025\/08\/Auxiliary-vicar-of-Opus-Dei-charged-with-human-trafficking-and-labor-exploitation.webp?fit=668%2C445&ssl=1&resize=350%2C200","width":350,"height":200,"srcset":"https:\/\/i0.wp.com\/christianpure.com\/wp-content\/uploads\/2025\/08\/Auxiliary-vicar-of-Opus-Dei-charged-with-human-trafficking-and-labor-exploitation.webp?fit=668%2C445&ssl=1&resize=350%2C200 1x, https:\/\/i0.wp.com\/christianpure.com\/wp-content\/uploads\/2025\/08\/Auxiliary-vicar-of-Opus-Dei-charged-with-human-trafficking-and-labor-exploitation.webp?fit=668%2C445&ssl=1&resize=525%2C300 1.5x"},"classes":[]},{"id":101013,"url":"https:\/\/christianpure.com\/fr\/learn\/san-francisco-archbishop-among-new-members-of-vaticans-highest-court\/","url_meta":{"origin":78188,"position":2},"title":"San Francisco archbishop among new members of Vatican\u2019s highest court","author":"Christian Pure Team","date":"juillet 28, 2026","format":false,"excerpt":"Pope Leo XIV has appointed San Francisco Archbishop Salvatore Cordileone and Kalamazoo, Michigan, Bishop Edward M. Lohse among seven new members of the Apostolic Signatura, the Catholic Church\u2019s highest court.Cordileone has led the Archdiocese of San Francisco since 2012. Previously an auxiliary bishop of San Diego and bishop of Oakland, California, he is known for his public defense of contested Catholic teachings, including the Church\u2019s teaching on marriage. In 2025, he was appointed to the advisory board of the U.S.\u2026","rel":"","context":"Dans &quot;Christian News&quot;","block_context":{"text":"Christian News","link":"https:\/\/christianpure.com\/fr\/learn\/category\/christian-news\/"},"img":{"alt_text":"","src":"","width":0,"height":0},"classes":[]},{"id":11466,"url":"https:\/\/christianpure.com\/fr\/learn\/conflict-between-opus-dei-and-spanish-diocese-to-be-mediated-by-papal-commissioner\/","url_meta":{"origin":78188,"position":3},"title":"Conflict between Opus Dei and Spanish diocese to be mediated by papal commissioner","author":"Christian Pure Team","date":"octobre 10, 2024","format":false,"excerpt":"[ad_1] Procession at the Sanctuary of Torreciudad in Spain. \/ Credit: Torreciudad Sanctuary Madrid, Spain, Oct 10, 2024 \/ 16:50 pm (CNA). Pope Francis has appointed the dean of the Roman Rota Tribunal, Archbishop Alejandro Arellano Cedillo, as pontifical commissioner to address the conflict between Opus Dei and the Diocese of Barbastro-Monz\u00c3\u00b3n over the \"Torreciudad complex\u201d in Spain.The Holy See Press Office announced the appointment on Oct. 9, after the bishop of Barbastro-Monz\u00c3\u00b3n, \u00c3\u0081ngel P\u00c3\u00a9rez Pueyo, indicated last month that\u2026","rel":"","context":"Dans &quot;Christian News&quot;","block_context":{"text":"Christian News","link":"https:\/\/christianpure.com\/fr\/learn\/category\/christian-news\/"},"img":{"alt_text":"","src":"https:\/\/i0.wp.com\/christianpure.com\/wp-content\/uploads\/2024\/10\/torreciudad-procesion-2309012.jpg?fit=670%2C447&ssl=1&resize=350%2C200","width":350,"height":200,"srcset":"https:\/\/i0.wp.com\/christianpure.com\/wp-content\/uploads\/2024\/10\/torreciudad-procesion-2309012.jpg?fit=670%2C447&ssl=1&resize=350%2C200 1x, https:\/\/i0.wp.com\/christianpure.com\/wp-content\/uploads\/2024\/10\/torreciudad-procesion-2309012.jpg?fit=670%2C447&ssl=1&resize=525%2C300 1.5x"},"classes":[]},{"id":77290,"url":"https:\/\/christianpure.com\/fr\/learn\/university-student-from-england-being-considered-for-canonization\/","url_meta":{"origin":78188,"position":4},"title":"University student from England being considered for canonization","author":"Christian Pure Team","date":"mars 2, 2026","format":false,"excerpt":"A young man from Manchester, England, who \u201ccommitted himself totally to God\u201d could one day be included among the ranks of Sts. Carlo Acutis and Pier Giorgio Frassati as calls continue for him to be named a saint.Pedro Ballester died on Jan. 13, 2018, at the age of 21 of bone cancer after a life of prayer, sacrifice, and virtue. Vatican representatives are now in the process of interviewing his family and friends to gauge whether a cause should be\u2026","rel":"","context":"Dans &quot;Christian News&quot;","block_context":{"text":"Christian News","link":"https:\/\/christianpure.com\/fr\/learn\/category\/christian-news\/"},"img":{"alt_text":"University student from England being considered for canonization","src":"https:\/\/i0.wp.com\/christianpure.com\/wp-content\/uploads\/2026\/03\/University-student-from-England-being-considered-for-canonization.jpg?fit=800%2C1200&ssl=1&resize=350%2C200","width":350,"height":200,"srcset":"https:\/\/i0.wp.com\/christianpure.com\/wp-content\/uploads\/2026\/03\/University-student-from-England-being-considered-for-canonization.jpg?fit=800%2C1200&ssl=1&resize=350%2C200 1x, https:\/\/i0.wp.com\/christianpure.com\/wp-content\/uploads\/2026\/03\/University-student-from-England-being-considered-for-canonization.jpg?fit=800%2C1200&ssl=1&resize=525%2C300 1.5x, https:\/\/i0.wp.com\/christianpure.com\/wp-content\/uploads\/2026\/03\/University-student-from-England-being-considered-for-canonization.jpg?fit=800%2C1200&ssl=1&resize=700%2C400 2x"},"classes":[]},{"id":102736,"url":"https:\/\/christianpure.com\/fr\/learn\/pope-leo-xiv-makes-best-dressed-list-heres-the-meaning-behind-his-papal-garments\/","url_meta":{"origin":78188,"position":5},"title":"Pope Leo XIV makes \u2018Best Dressed\u2019 list: Here\u2019s the meaning behind his papal garments","author":"Christian Pure Team","date":"ao\u00fbt 26, 2026","format":false,"excerpt":"For the second time during Pope Leo XIV\u2019s pontificate, the Holy Father has been included in a top fashion magazine\u2019s list for \u201cbest dressed.\u201d Vanity Fair released its annual Best Dressed list on Aug. 5 and included the pope in \u201cthe originals\u201d category.In December 2025, the pope was named one of Vogue magazine\u2019s 55 best dressed people of 2025. Style correspondent Jos\u00e9 Criales Unzueta told The New York Post: \u201cThe reality is that everyone has a personal style, and this\u2026","rel":"","context":"Dans &quot;Christian News&quot;","block_context":{"text":"Christian News","link":"https:\/\/christianpure.com\/fr\/learn\/category\/christian-news\/"},"img":{"alt_text":"Pope Leo XIV makes \u2018Best Dressed\u2019 list: Here\u2019s the meaning behind his papal garments","src":"https:\/\/i0.wp.com\/christianpure.com\/wp-content\/uploads\/2026\/08\/Pope-Leo-XIV-makes-%E2%80%98Best-Dressed-list-Heres-the-meaning-behind-his-papal-garments.jpg?fit=1200%2C801&ssl=1&resize=350%2C200","width":350,"height":200,"srcset":"https:\/\/i0.wp.com\/christianpure.com\/wp-content\/uploads\/2026\/08\/Pope-Leo-XIV-makes-%E2%80%98Best-Dressed-list-Heres-the-meaning-behind-his-papal-garments.jpg?fit=1200%2C801&ssl=1&resize=350%2C200 1x, https:\/\/i0.wp.com\/christianpure.com\/wp-content\/uploads\/2026\/08\/Pope-Leo-XIV-makes-%E2%80%98Best-Dressed-list-Heres-the-meaning-behind-his-papal-garments.jpg?fit=1200%2C801&ssl=1&resize=525%2C300 1.5x, https:\/\/i0.wp.com\/christianpure.com\/wp-content\/uploads\/2026\/08\/Pope-Leo-XIV-makes-%E2%80%98Best-Dressed-list-Heres-the-meaning-behind-his-papal-garments.jpg?fit=1200%2C801&ssl=1&resize=700%2C400 2x, https:\/\/i0.wp.com\/christianpure.com\/wp-content\/uploads\/2026\/08\/Pope-Leo-XIV-makes-%E2%80%98Best-Dressed-list-Heres-the-meaning-behind-his-papal-garments.jpg?fit=1200%2C801&ssl=1&resize=1050%2C600 3x"},"classes":[]}],"jetpack_sharing_enabled":true,"jetpack_featured_media_url":"","mfb_rest_fields":["title","jetpack_publicize_connections","jetpack-related-posts","jetpack_sharing_enabled","jetpack_featured_media_url"],"_links":{"self":[{"href":"https:\/\/christianpure.com\/fr\/wp-json\/wp\/v2\/posts\/78188","targetHints":{"allow":["GET"]}}],"collection":[{"href":"https:\/\/christianpure.com\/fr\/wp-json\/wp\/v2\/posts"}],"about":[{"href":"https:\/\/christianpure.com\/fr\/wp-json\/wp\/v2\/types\/post"}],"author":[{"embeddable":true,"href":"https:\/\/christianpure.com\/fr\/wp-json\/wp\/v2\/users\/11"}],"replies":[{"embeddable":true,"href":"https:\/\/christianpure.com\/fr\/wp-json\/wp\/v2\/comments?post=78188"}],"version-history":[{"count":0,"href":"https:\/\/christianpure.com\/fr\/wp-json\/wp\/v2\/posts\/78188\/revisions"}],"wp:attachment":[{"href":"https:\/\/christianpure.com\/fr\/wp-json\/wp\/v2\/media?parent=78188"}],"wp:term":[{"taxonomy":"category","embeddable":true,"href":"https:\/\/christianpure.com\/fr\/wp-json\/wp\/v2\/categories?post=78188"},{"taxonomy":"post_tag","embeddable":true,"href":"https:\/\/christianpure.com\/fr\/wp-json\/wp\/v2\/tags?post=78188"},{"taxonomy":"series","embeddable":true,"href":"https:\/\/christianpure.com\/fr\/wp-json\/wp\/v2\/series?post=78188"}],"curies":[{"name":"wp","href":"https:\/\/api.w.org\/{rel}","templated":true}]}}