{"id":9560,"date":"2024-08-26T23:30:08","date_gmt":"2024-08-26T23:30:08","guid":{"rendered":"https:\/\/christianpure.com\/learn\/5-interesting-facts-to-know-about-st-teresa-of-calcutta\/"},"modified":"2024-08-26T23:30:08","modified_gmt":"2024-08-26T23:30:08","slug":"5-interesting-facts-to-know-about-st-teresa-of-calcutta","status":"publish","type":"post","link":"https:\/\/christianpure.com\/fr\/learn\/5-interesting-facts-to-know-about-st-teresa-of-calcutta\/","title":{"rendered":"5 faits int\u00e9ressants \u00e0 conna\u00eetre sur sainte Teresa de Calcutta"},"content":{"rendered":"<div class=\"cppw-protected cppw-protected--overlay\"><div class=\"cppw-excerpt cppw-excerpt--overlay\"><p>[ad_1] Mother Teresa meets with U.S. President Ronald Reagan at the White House on Dec. 16, 1985. \/ Credit: Series: Reagan White House Photographs, 1\/20\/1981 - 1\/20\/1989 Collection: White House Photographic Collection, 1\/20\/1981 - 1\/20\/1989, Public domain, via Wikimedia Commons CNA Staff, Aug 26, 2024 \/ 16:50 pm (CNA). Born on Aug. 26, 1910, in North Macedonia, St. Teresa of Calcutta left a lasting impact on the world. The beloved saint founded the Missionaries of Charity, working tirelessly to serve\u2026<\/p>\n<\/div>\t\t<div class=\"cppw-paywall paywp-paywall\" data-required-level=\"25\">\n\t\t\t<span class=\"cppw-lock-mark\" aria-hidden=\"true\"><\/span>\n\t\t\t<h2>Continue reading with a subscription<\/h2>\n\t\t\t<p>Get unlimited access to all our premium content and exclusive features.<\/p>\n\t\t\t\t\t\t\t\t\t<div class=\"cppw-paywall__actions\">\n\t\t\t\t<a class=\"cppw-button\" href=\"https:\/\/christianpure.com\/fr\/become-a-member\/\">Subscribe Now<\/a>\n\t\t\t\t<a class=\"cppw-login-link\" href=\"https:\/\/christianpure.com\/fr\/login\/\">Already a subscriber? Sign in<\/a>\n\t\t\t<\/div>\n\t\t\t<p class=\"cppw-paywall__microcopy\">Enjoy unlimited access, cancel anytime.<\/p>\n\t\t<\/div>\n\t\t<\/div>","protected":false},"excerpt":{"rendered":"<p>[ad_1] Mother Teresa meets with U.S. President Ronald Reagan at the White House on Dec. 16, 1985. \/ Credit: Series: Reagan White House Photographs, 1\/20\/1981 - 1\/20\/1989 Collection: White House Photographic Collection, 1\/20\/1981 - 1\/20\/1989, Public domain, via Wikimedia Commons CNA Staff, Aug 26, 2024 \/ 16:50 pm (CNA). Born on Aug. 26, 1910, in North Macedonia, St. Teresa of Calcutta left a lasting impact on the world. The beloved saint founded the Missionaries of Charity, working tirelessly to serve\u2026<\/p>\n","protected":false},"author":1,"featured_media":9561,"comment_status":"open","ping_status":"closed","sticky":false,"template":"","format":"standard","meta":[],"categories":[100],"tags":[],"series":[],"class_list":["post-9560","post","type-post","status-publish","format-standard","has-post-thumbnail","hentry","category-christian-news"],"mb":[],"acf":[],"jetpack_publicize_connections":[],"jetpack-related-posts":[{"id":9622,"url":"https:\/\/christianpure.com\/fr\/learn\/st-teresa-of-avilas-body-remains-incorrupt-after-almost-5-centuries\/","url_meta":{"origin":9560,"position":0},"title":"St. Teresa of Avila\u2019s body remains incorrupt after almost 5 centuries","author":"Christian Pure Team","date":"ao\u00fbt 30, 2024","format":false,"excerpt":"[ad_1] Opening of the silver tomb of St. Teresa of \u00c3\u0081vila; portrait of St. Teresa of \u00c3\u0081vila \/ Credit: Order of Carmel ACI Prensa Staff, Aug 29, 2024 \/ 14:09 pm (CNA). The Diocese of \u00c3\u0081vila in Spain reported Aug. 28 that the body of St. Teresa of \u00c3\u0081vila, a doctor of the Church, remains incorrupt after her death on Oct. 4, 1582, almost five centuries ago.\"Today the tomb of St. Teresa was opened and we have verified that it\u2026","rel":"","context":"Dans &quot;Christian News&quot;","block_context":{"text":"Christian News","link":"https:\/\/christianpure.com\/fr\/learn\/category\/christian-news\/"},"img":{"alt_text":"","src":"https:\/\/i0.wp.com\/christianpure.com\/wp-content\/uploads\/2024\/08\/apertura-sepulcro-de-plata-de-santa-teresa-de-jesus-orden-del-carmelo-28082024.jpg?fit=672%2C448&ssl=1&resize=350%2C200","width":350,"height":200,"srcset":"https:\/\/i0.wp.com\/christianpure.com\/wp-content\/uploads\/2024\/08\/apertura-sepulcro-de-plata-de-santa-teresa-de-jesus-orden-del-carmelo-28082024.jpg?fit=672%2C448&ssl=1&resize=350%2C200 1x, https:\/\/i0.wp.com\/christianpure.com\/wp-content\/uploads\/2024\/08\/apertura-sepulcro-de-plata-de-santa-teresa-de-jesus-orden-del-carmelo-28082024.jpg?fit=672%2C448&ssl=1&resize=525%2C300 1.5x"},"classes":[]},{"id":59977,"url":"https:\/\/christianpure.com\/fr\/learn\/remembering-st-teresa-benedicta-of-the-cross-jewish-convert-and-martyr\/","url_meta":{"origin":9560,"position":1},"title":"Remembering St. Teresa Benedicta of the Cross, Jewish convert and martyr","author":"Christian Pure Team","date":"octobre 29, 2025","format":false,"excerpt":"St. Teresa Benedicta of the Cross. \/ Credit: Public domain Washington, D.C. Newsroom, Aug 9, 2025 \/ 04:00 am (CNA). On Aug. 9 the Catholic Church remembers St. Teresa Benedicta of the Cross, also known as Edith Stein. St. Teresa converted from Judaism to Catholicism in the course of her work as a philosopher and later entered the Carmelite order. She died in the Nazi concentration camp at Auschwitz in 1942. Stein was born on Oct. 12, 1891 \u2014 a\u2026","rel":"","context":"Dans &quot;Christian News&quot;","block_context":{"text":"Christian News","link":"https:\/\/christianpure.com\/fr\/learn\/category\/christian-news\/"},"img":{"alt_text":"","src":"","width":0,"height":0},"classes":[]},{"id":30792,"url":"https:\/\/christianpure.com\/fr\/learn\/what-st-teresa-of-avila-would-have-looked-like\/","url_meta":{"origin":9560,"position":2},"title":"What St. Teresa of \u00c3\u0081vila would have looked like","author":"Christian Pure Team","date":"avril 2, 2025","format":false,"excerpt":"[ad_1] Reconstruction of the face of St. Teresa of \u00c3\u0081vila as she would have appeared at approximately age 50. \/ Credit: Courtesy of the Order of Discalced Carmelites, Iberian Province Madrid, Spain, Apr 2, 2025 \/ 12:23 pm (CNA). A scientific reconstruction of what would have been the face of St. Teresa of \u00c3\u0081vila when she was 50 years old was presented recently in Alba de Tormes, the town in Salamanca province in Spain where the Carmelite nun died and\u2026","rel":"","context":"Dans &quot;Christian News&quot;","block_context":{"text":"Christian News","link":"https:\/\/christianpure.com\/fr\/learn\/category\/christian-news\/"},"img":{"alt_text":"","src":"https:\/\/i0.wp.com\/christianpure.com\/wp-content\/uploads\/2025\/04\/st.teresa.avila_.march_.2025.jpg?fit=669%2C444&ssl=1&resize=350%2C200","width":350,"height":200,"srcset":"https:\/\/i0.wp.com\/christianpure.com\/wp-content\/uploads\/2025\/04\/st.teresa.avila_.march_.2025.jpg?fit=669%2C444&ssl=1&resize=350%2C200 1x, https:\/\/i0.wp.com\/christianpure.com\/wp-content\/uploads\/2025\/04\/st.teresa.avila_.march_.2025.jpg?fit=669%2C444&ssl=1&resize=525%2C300 1.5x"},"classes":[]},{"id":8169,"url":"https:\/\/christianpure.com\/fr\/learn\/st-teresa-benedicta-of-the-cross-edith-stein\/","url_meta":{"origin":9560,"position":3},"title":"St. Teresa Benedicta of the Cross (Edith Stein)","author":"Christian Pure Team","date":"ao\u00fbt 9, 2024","format":false,"excerpt":"[ad_1] St. Teresa Benedicta of the Cross (Edith Stein) Feast date: Aug 09 On August 9 the Catholic Church remembers St. Teresa Benedicta of the Cross, also known as St. Edith Stein. St. Teresa converted from Judaism to Catholicism in the course of her work as a philosopher, and later entered the Carmelite Order. She died in the Nazi concentration camp at Auschwitz in 1942.Edith Stein was born on October 12, 1891 \u2013 a date that coincided with her family's\u2026","rel":"","context":"Dans &quot;Christian News&quot;","block_context":{"text":"Christian News","link":"https:\/\/christianpure.com\/fr\/learn\/category\/christian-news\/"},"img":{"alt_text":"","src":"https:\/\/i0.wp.com\/christianpure.com\/wp-content\/uploads\/2024\/08\/1723231384_Stein_9August.jpg?fit=900%2C500&ssl=1&resize=350%2C200","width":350,"height":200,"srcset":"https:\/\/i0.wp.com\/christianpure.com\/wp-content\/uploads\/2024\/08\/1723231384_Stein_9August.jpg?fit=900%2C500&ssl=1&resize=350%2C200 1x, https:\/\/i0.wp.com\/christianpure.com\/wp-content\/uploads\/2024\/08\/1723231384_Stein_9August.jpg?fit=900%2C500&ssl=1&resize=525%2C300 1.5x, https:\/\/i0.wp.com\/christianpure.com\/wp-content\/uploads\/2024\/08\/1723231384_Stein_9August.jpg?fit=900%2C500&ssl=1&resize=700%2C400 2x"},"classes":[]},{"id":12363,"url":"https:\/\/christianpure.com\/fr\/learn\/st-teresa-of-avila\/","url_meta":{"origin":9560,"position":4},"title":"St. Teresa of Avila","author":"Christian Pure Team","date":"octobre 15, 2024","format":false,"excerpt":"[ad_1] St. Teresa of Avila Feast date: Oct 15 On Oct. 15, Roman Catholics celebrate the Spanish Carmelite reformer and mystic St. Teresa of Avila, whose life of prayer enriched the Church during the 16th century counter-reformation. Teresa Sanchez Cepeda Davila y Ahumada was born in the Castilian city of Avila during the year 1515,\u00c2\u00a0 the third child in a family descended from Jewish merchants who had converted to Christianity during the reign of King Ferdinand and Queen Isabella. Her\u2026","rel":"","context":"Dans &quot;Christian News&quot;","block_context":{"text":"Christian News","link":"https:\/\/christianpure.com\/fr\/learn\/category\/christian-news\/"},"img":{"alt_text":"","src":"https:\/\/i0.wp.com\/christianpure.com\/wp-content\/uploads\/2024\/10\/1728995123_Avila_15October.jpg?fit=900%2C500&ssl=1&resize=350%2C200","width":350,"height":200,"srcset":"https:\/\/i0.wp.com\/christianpure.com\/wp-content\/uploads\/2024\/10\/1728995123_Avila_15October.jpg?fit=900%2C500&ssl=1&resize=350%2C200 1x, https:\/\/i0.wp.com\/christianpure.com\/wp-content\/uploads\/2024\/10\/1728995123_Avila_15October.jpg?fit=900%2C500&ssl=1&resize=525%2C300 1.5x, https:\/\/i0.wp.com\/christianpure.com\/wp-content\/uploads\/2024\/10\/1728995123_Avila_15October.jpg?fit=900%2C500&ssl=1&resize=700%2C400 2x"},"classes":[]},{"id":97237,"url":"https:\/\/christianpure.com\/fr\/learn\/ann-teresa-oneill-healed-in-seton-canonization-miracle-dies-at-78\/","url_meta":{"origin":9560,"position":5},"title":"Ann Teresa O\u2019Neill, healed in Seton canonization miracle, dies at 78","author":"Christian Pure Team","date":"juillet 24, 2026","format":false,"excerpt":"Ann Teresa O\u2019Neill, whose confirmed miracle led to the canonization of St. Elizabeth Ann Seton, died on July 17 at age 78.O\u2019Neill, of Easton, Maryland, had leukemia as a child, and her cure was accepted for Seton\u2019s path to sainthood in 1975.Archbishop William E. Lori of Baltimore will serve as the principal celebrant for O\u2019Neill\u2019s funeral Mass on July 25 at the Basilica of the National Shrine of St. Elizabeth Ann Seton in Emmitsburg, Maryland. Interment will follow on the\u2026","rel":"","context":"Dans &quot;Christian News&quot;","block_context":{"text":"Christian News","link":"https:\/\/christianpure.com\/fr\/learn\/category\/christian-news\/"},"img":{"alt_text":"","src":"","width":0,"height":0},"classes":[]}],"jetpack_sharing_enabled":true,"jetpack_featured_media_url":"https:\/\/i0.wp.com\/christianpure.com\/wp-content\/uploads\/2024\/08\/1724715010_mother.t.jpeg?fit=1980%2C1319&ssl=1","mfb_rest_fields":["title","jetpack_publicize_connections","jetpack-related-posts","jetpack_sharing_enabled","jetpack_featured_media_url"],"_links":{"self":[{"href":"https:\/\/christianpure.com\/fr\/wp-json\/wp\/v2\/posts\/9560","targetHints":{"allow":["GET"]}}],"collection":[{"href":"https:\/\/christianpure.com\/fr\/wp-json\/wp\/v2\/posts"}],"about":[{"href":"https:\/\/christianpure.com\/fr\/wp-json\/wp\/v2\/types\/post"}],"author":[{"embeddable":true,"href":"https:\/\/christianpure.com\/fr\/wp-json\/wp\/v2\/users\/1"}],"replies":[{"embeddable":true,"href":"https:\/\/christianpure.com\/fr\/wp-json\/wp\/v2\/comments?post=9560"}],"version-history":[{"count":0,"href":"https:\/\/christianpure.com\/fr\/wp-json\/wp\/v2\/posts\/9560\/revisions"}],"wp:featuredmedia":[{"embeddable":true,"href":"https:\/\/christianpure.com\/fr\/wp-json\/wp\/v2\/media\/9561"}],"wp:attachment":[{"href":"https:\/\/christianpure.com\/fr\/wp-json\/wp\/v2\/media?parent=9560"}],"wp:term":[{"taxonomy":"category","embeddable":true,"href":"https:\/\/christianpure.com\/fr\/wp-json\/wp\/v2\/categories?post=9560"},{"taxonomy":"post_tag","embeddable":true,"href":"https:\/\/christianpure.com\/fr\/wp-json\/wp\/v2\/tags?post=9560"},{"taxonomy":"series","embeddable":true,"href":"https:\/\/christianpure.com\/fr\/wp-json\/wp\/v2\/series?post=9560"}],"curies":[{"name":"wp","href":"https:\/\/api.w.org\/{rel}","templated":true}]}}