{"id":101456,"date":"2026-07-30T15:09:49","date_gmt":"2026-07-30T15:09:49","guid":{"rendered":"https:\/\/christianpure.com\/?p=101456"},"modified":"2026-07-30T15:09:49","modified_gmt":"2026-07-30T15:09:49","slug":"catholic-prison-ministry-brings-sacraments-mercy-and-community-to-those-behind-bars","status":"publish","type":"post","link":"https:\/\/christianpure.com\/it\/learn\/catholic-prison-ministry-brings-sacraments-mercy-and-community-to-those-behind-bars\/","title":{"rendered":"La pastorale carceraria cattolica porta sacramenti, misericordia e comunit\u00e0 a coloro che si trovano dietro le sbarre"},"content":{"rendered":"<div class=\"cppw-protected cppw-protected--overlay\"><div class=\"cppw-excerpt cppw-excerpt--overlay\"><p>For Catholics behind prison walls, incarceration does not mean separation from the Church. Catholic prison ministers and bishops say those in jail and prison remain members of the Catholic community, and they are in particular need of the sacraments, companionship, and God\u2019s mercy.Prison Ministry Awareness Sunday was observed July 26, highlighting the Church\u2019s call to remember those who are incarcerated.William Hall, coordinator of Prison Ministry for Catholic Charities of the Diocese of Arlington, Virginia, and a member of the Buckingham\u2026<\/p>\n<\/div>\t\t<div class=\"cppw-paywall paywp-paywall\" data-required-level=\"25\">\n\t\t\t<span class=\"cppw-lock-mark\" aria-hidden=\"true\"><\/span>\n\t\t\t<h2>Continue reading with a subscription<\/h2>\n\t\t\t<p>Get unlimited access to all our premium content and exclusive features.<\/p>\n\t\t\t\t\t\t\t\t\t<div class=\"cppw-paywall__actions\">\n\t\t\t\t<a class=\"cppw-button\" href=\"https:\/\/christianpure.com\/it\/become-a-member\/\">Subscribe Now<\/a>\n\t\t\t\t<a class=\"cppw-login-link\" href=\"https:\/\/christianpure.com\/it\/login\/\">Already a subscriber? Sign in<\/a>\n\t\t\t<\/div>\n\t\t\t<p class=\"cppw-paywall__microcopy\">Enjoy unlimited access, cancel anytime.<\/p>\n\t\t<\/div>\n\t\t<\/div>","protected":false},"excerpt":{"rendered":"<p>For Catholics behind prison walls, incarceration does not mean separation from the Church. Catholic prison ministers and bishops say those in jail and prison remain members of the Catholic community, and they are in particular need of the sacraments, companionship, and God\u2019s mercy.Prison Ministry Awareness Sunday was observed July 26, highlighting the Church\u2019s call to remember those who are incarcerated.William Hall, coordinator of Prison Ministry for Catholic Charities of the Diocese of Arlington, Virginia, and a member of the Buckingham\u2026<\/p>\n","protected":false},"author":11,"featured_media":0,"comment_status":"open","ping_status":"closed","sticky":false,"template":"","format":"standard","meta":[],"categories":[100],"tags":[],"series":[],"class_list":["post-101456","post","type-post","status-publish","format-standard","hentry","category-christian-news"],"mb":[],"acf":[],"jetpack_publicize_connections":[],"jetpack-related-posts":[{"id":101329,"url":"https:\/\/christianpure.com\/it\/learn\/catholic-priest-sentenced-to-31-years-in-prison-for-murder-attempted-murder-in-uganda\/","url_meta":{"origin":101456,"position":0},"title":"Catholic priest sentenced to 31 years in prison for murder, attempted murder, in Uganda","author":"Christian Pure Team","date":"Luglio 29, 2026","format":false,"excerpt":"KAMPALA, Uganda \u2014 A Catholic priest previously suspended in Uganda has been sentenced to 31 years in prison after pleading guilty to the murder of a Uganda Revenue Authority (URA) official and the attempted murder of a man who tried to help, bringing to a close a criminal case that has drawn widespread attention in the East African nation.Justice Flavia Nabakooza of the High Court in Entebbe handed down the sentences on July 23 after Father Dominic Alinga admitted to\u2026","rel":"","context":"In &quot;Christian News&quot;","block_context":{"text":"Christian News","link":"https:\/\/christianpure.com\/it\/learn\/category\/christian-news\/"},"img":{"alt_text":"","src":"","width":0,"height":0},"classes":[]},{"id":77939,"url":"https:\/\/christianpure.com\/it\/learn\/u-s-clergy-celebrate-masses-in-detention-centers-urging-humane-treatment\/","url_meta":{"origin":101456,"position":1},"title":"U.S. clergy celebrate Masses in detention centers, urging humane treatment","author":"Christian Pure Team","date":"Febbraio 20, 2026","format":false,"excerpt":"U.S. Catholic clergy are bringing the sacraments to the nation\u2019s immigrant detention centers, celebrating Masses and urging humane treatment for those held inside. As part of this effort, pastoral visits are aimed at ensuring detainees can access the Eucharist and receive spiritual support.In California, Bishop Joseph Brennan of the Diocese of Fresno is set to celebrate Mass on Feb.\u202f15 at the California City Detention Facility, the state\u2019s largest ICE center. While the diocese regularly provides sacraments in prisons and detention\u2026","rel":"","context":"In &quot;Christian News&quot;","block_context":{"text":"Christian News","link":"https:\/\/christianpure.com\/it\/learn\/category\/christian-news\/"},"img":{"alt_text":"U.S. clergy celebrate Masses in detention centers, urging humane treatment","src":"https:\/\/i0.wp.com\/christianpure.com\/wp-content\/uploads\/2026\/02\/U.S.-clergy-celebrate-Masses-in-detention-centers-urging-humane-treatment.jpg?fit=1059%2C607&ssl=1&resize=350%2C200","width":350,"height":200,"srcset":"https:\/\/i0.wp.com\/christianpure.com\/wp-content\/uploads\/2026\/02\/U.S.-clergy-celebrate-Masses-in-detention-centers-urging-humane-treatment.jpg?fit=1059%2C607&ssl=1&resize=350%2C200 1x, https:\/\/i0.wp.com\/christianpure.com\/wp-content\/uploads\/2026\/02\/U.S.-clergy-celebrate-Masses-in-detention-centers-urging-humane-treatment.jpg?fit=1059%2C607&ssl=1&resize=525%2C300 1.5x, https:\/\/i0.wp.com\/christianpure.com\/wp-content\/uploads\/2026\/02\/U.S.-clergy-celebrate-Masses-in-detention-centers-urging-humane-treatment.jpg?fit=1059%2C607&ssl=1&resize=700%2C400 2x, https:\/\/i0.wp.com\/christianpure.com\/wp-content\/uploads\/2026\/02\/U.S.-clergy-celebrate-Masses-in-detention-centers-urging-humane-treatment.jpg?fit=1059%2C607&ssl=1&resize=1050%2C600 3x"},"classes":[]},{"id":50039,"url":"https:\/\/christianpure.com\/it\/learn\/report-irish-church-abuse-allegations-jumped-50-in-1-year\/","url_meta":{"origin":101456,"position":2},"title":"Report: Irish Church abuse allegations jumped 50% in 1 year","author":"Christian Pure Team","date":"Luglio 9, 2025","format":false,"excerpt":"Blackrock College in Dublin, Ireland, where extensive abuse took place over decades, according to a documentary that led to the June 2025 report by the National Board for Safeguarding Children in the Catholic Church in Ireland. \/ Credit: Sarah777, Public domain, via Wikimedia Commons Washington, D.C. Newsroom, Jun 11, 2025 \/ 18:18 pm (CNA). Allegations of sexual abuse of minors within the Catholic Church in Ireland significantly spiked this past year, a newly published report has found. The total number\u2026","rel":"","context":"In &quot;Christian News&quot;","block_context":{"text":"Christian News","link":"https:\/\/christianpure.com\/it\/learn\/category\/christian-news\/"},"img":{"alt_text":"Report: Irish Church abuse allegations jumped 50% in 1 year","src":"https:\/\/i0.wp.com\/christianpure.com\/wp-content\/uploads\/2025\/07\/Report-Irish-Church-abuse-allegations-jumped-50-in-1-year.webp?fit=640%2C427&ssl=1&resize=350%2C200","width":350,"height":200,"srcset":"https:\/\/i0.wp.com\/christianpure.com\/wp-content\/uploads\/2025\/07\/Report-Irish-Church-abuse-allegations-jumped-50-in-1-year.webp?fit=640%2C427&ssl=1&resize=350%2C200 1x, https:\/\/i0.wp.com\/christianpure.com\/wp-content\/uploads\/2025\/07\/Report-Irish-Church-abuse-allegations-jumped-50-in-1-year.webp?fit=640%2C427&ssl=1&resize=525%2C300 1.5x"},"classes":[]},{"id":66202,"url":"https:\/\/christianpure.com\/it\/learn\/washington-state-drops-effort-to-make-priests-violate-seal-of-confession-in-reporting-law\/","url_meta":{"origin":101456,"position":3},"title":"Washington state drops effort to make priests violate seal of confession in reporting law","author":"Christian Pure Team","date":"Ottobre 16, 2025","format":false,"excerpt":"null \/ Credit: Brian A Jackson\/Shutterstock CNA Staff, Oct 10, 2025 \/ 14:37 pm (CNA). Officials in Washington state have agreed to back off a controversial effort to force priests there to violate the seal of confession as part of a mandatory abuse reporting law. A motion filed in federal district court on Oct. 10 affirmed that state and local governments would stop attempting to require priests to report child abuse learned during the sacrament of reconciliation.The state attorney general\u2019s\u2026","rel":"","context":"In &quot;Christian News&quot;","block_context":{"text":"Christian News","link":"https:\/\/christianpure.com\/it\/learn\/category\/christian-news\/"},"img":{"alt_text":"Washington state drops effort to make priests violate seal of confession in reporting law","src":"https:\/\/i0.wp.com\/christianpure.com\/wp-content\/uploads\/2025\/10\/Washington-state-drops-effort-to-make-priests-violate-seal-of-confession-in-reporting-law.webp?fit=800%2C444&ssl=1&resize=350%2C200","width":350,"height":200,"srcset":"https:\/\/i0.wp.com\/christianpure.com\/wp-content\/uploads\/2025\/10\/Washington-state-drops-effort-to-make-priests-violate-seal-of-confession-in-reporting-law.webp?fit=800%2C444&ssl=1&resize=350%2C200 1x, https:\/\/i0.wp.com\/christianpure.com\/wp-content\/uploads\/2025\/10\/Washington-state-drops-effort-to-make-priests-violate-seal-of-confession-in-reporting-law.webp?fit=800%2C444&ssl=1&resize=525%2C300 1.5x, https:\/\/i0.wp.com\/christianpure.com\/wp-content\/uploads\/2025\/10\/Washington-state-drops-effort-to-make-priests-violate-seal-of-confession-in-reporting-law.webp?fit=800%2C444&ssl=1&resize=700%2C400 2x"},"classes":[]},{"id":101296,"url":"https:\/\/christianpure.com\/it\/learn\/faith-under-fire-catholic-military-chaplains-through-americas-wars\/","url_meta":{"origin":101456,"position":4},"title":"Faith under fire: Catholic military chaplains through America\u2019s wars","author":"Christian Pure Team","date":"Luglio 29, 2026","format":false,"excerpt":"As the United States commemorates the 251st anniversary of the military chaplaincy, established on July 29, 1775, at George Washington\u02bcs request, the story of Catholic priests in uniform reveals a long tradition of faith, courage, and sacrifice.From the battlefields of the Civil War to the prison camps of Korea, generations of Catholic chaplains risked their lives to celebrate the sacraments, comfort the wounded, and strengthen the faith of those serving far from home.Early Catholic chaplains in the Revolutionary eraCatholic priests\u2026","rel":"","context":"In &quot;Christian News&quot;","block_context":{"text":"Christian News","link":"https:\/\/christianpure.com\/it\/learn\/category\/christian-news\/"},"img":{"alt_text":"Faith under fire: Catholic military chaplains through America\u2019s wars","src":"https:\/\/i0.wp.com\/christianpure.com\/wp-content\/uploads\/2026\/07\/Faith-under-fire-Catholic-military-chaplains-through-Americas-wars.jpg?fit=680%2C453&ssl=1&resize=350%2C200","width":350,"height":200,"srcset":"https:\/\/i0.wp.com\/christianpure.com\/wp-content\/uploads\/2026\/07\/Faith-under-fire-Catholic-military-chaplains-through-Americas-wars.jpg?fit=680%2C453&ssl=1&resize=350%2C200 1x, https:\/\/i0.wp.com\/christianpure.com\/wp-content\/uploads\/2026\/07\/Faith-under-fire-Catholic-military-chaplains-through-Americas-wars.jpg?fit=680%2C453&ssl=1&resize=525%2C300 1.5x"},"classes":[]},{"id":79397,"url":"https:\/\/christianpure.com\/it\/learn\/catholic-church-in-spain-creates-department-for-relations-with-islam\/","url_meta":{"origin":101456,"position":5},"title":"Catholic Church in Spain creates department for relations with Islam","author":"Christian Pure Team","date":"Marzo 15, 2026","format":false,"excerpt":"The standing committee of the Spanish Bishops\u2019 Conference (CEE, by its Spanish acronym) has approved the creation of a department for relations with Islam, intended to address the growth of the country\u2019s Muslim population.This new body is part of the Bishops\u2019 Subcommittee for Interconfessional Relations and Interreligious Dialogue, chaired by the auxiliary bishop of Seville, Ram\u00f3n Dar\u00edo Valdivia.The spokesperson for the CEE, Bishop Francisco C\u00e9sar Garc\u00eda Mag\u00e1n, stated to the media that the mission of the new department is \u201cto\u2026","rel":"","context":"In &quot;Christian News&quot;","block_context":{"text":"Christian News","link":"https:\/\/christianpure.com\/it\/learn\/category\/christian-news\/"},"img":{"alt_text":"","src":"","width":0,"height":0},"classes":[]}],"jetpack_sharing_enabled":true,"jetpack_featured_media_url":"","mfb_rest_fields":["title","jetpack_publicize_connections","jetpack-related-posts","jetpack_sharing_enabled","jetpack_featured_media_url"],"_links":{"self":[{"href":"https:\/\/christianpure.com\/it\/wp-json\/wp\/v2\/posts\/101456","targetHints":{"allow":["GET"]}}],"collection":[{"href":"https:\/\/christianpure.com\/it\/wp-json\/wp\/v2\/posts"}],"about":[{"href":"https:\/\/christianpure.com\/it\/wp-json\/wp\/v2\/types\/post"}],"author":[{"embeddable":true,"href":"https:\/\/christianpure.com\/it\/wp-json\/wp\/v2\/users\/11"}],"replies":[{"embeddable":true,"href":"https:\/\/christianpure.com\/it\/wp-json\/wp\/v2\/comments?post=101456"}],"version-history":[{"count":0,"href":"https:\/\/christianpure.com\/it\/wp-json\/wp\/v2\/posts\/101456\/revisions"}],"wp:attachment":[{"href":"https:\/\/christianpure.com\/it\/wp-json\/wp\/v2\/media?parent=101456"}],"wp:term":[{"taxonomy":"category","embeddable":true,"href":"https:\/\/christianpure.com\/it\/wp-json\/wp\/v2\/categories?post=101456"},{"taxonomy":"post_tag","embeddable":true,"href":"https:\/\/christianpure.com\/it\/wp-json\/wp\/v2\/tags?post=101456"},{"taxonomy":"series","embeddable":true,"href":"https:\/\/christianpure.com\/it\/wp-json\/wp\/v2\/series?post=101456"}],"curies":[{"name":"wp","href":"https:\/\/api.w.org\/{rel}","templated":true}]}}