{"id":33700,"date":"2025-04-18T08:23:27","date_gmt":"2025-04-18T08:23:27","guid":{"rendered":"https:\/\/christianpure.com\/learn\/iconic-holy-week-processions-in-seville-vividly-portray-the-passion\/"},"modified":"2025-04-18T08:23:27","modified_gmt":"2025-04-18T08:23:27","slug":"iconic-holy-week-processions-in-seville-vividly-portray-the-passion","status":"publish","type":"post","link":"https:\/\/christianpure.com\/ja\/learn\/iconic-holy-week-processions-in-seville-vividly-portray-the-passion\/","title":{"rendered":"\u30bb\u30d3\u30ea\u30a2\u306e\u8c61\u5fb4\u7684\u306a\u8056\u9031\u9593\u306e\u884c\u5217\u304c\u53d7\u96e3\u3092\u9bae\u3084\u304b\u306b\u63cf\u304d\u51fa\u3059"},"content":{"rendered":"<div class=\"cppw-protected cppw-protected--overlay\"><div class=\"cppw-excerpt cppw-excerpt--overlay\"><p>[ad_1] The Mystery of the Brotherhood of San Benito processes through the surroundings of the cathedral of Seville on Holy Tuesday, April 15, 2025. \/ Credit: Photo courtesy of Joaqu\u00c3\u00adn Carmona Seville, Spain, Apr 17, 2025 \/ 13:01 pm (CNA). The Holy Week processions in the Andalusian capital are one of Spain\u2019s most iconic traditions. Every year, members of the confraternities or brotherhoods prepare fervently to be part of this eagerly awaited event, a genuine manifestation of popular piety.Holy Week\u2026<\/p>\n<\/div>\t\t<div class=\"cppw-paywall paywp-paywall\" data-required-level=\"25\">\n\t\t\t<span class=\"cppw-lock-mark\" aria-hidden=\"true\"><\/span>\n\t\t\t<h2>Continue reading with a subscription<\/h2>\n\t\t\t<p>Get unlimited access to all our premium content and exclusive features.<\/p>\n\t\t\t\t\t\t\t\t\t<div class=\"cppw-paywall__actions\">\n\t\t\t\t<a class=\"cppw-button\" href=\"https:\/\/christianpure.com\/ja\/become-a-member\/\">Subscribe Now<\/a>\n\t\t\t\t<a class=\"cppw-login-link\" href=\"https:\/\/christianpure.com\/ja\/login\/\">Already a subscriber? Sign in<\/a>\n\t\t\t<\/div>\n\t\t\t<p class=\"cppw-paywall__microcopy\">Enjoy unlimited access, cancel anytime.<\/p>\n\t\t<\/div>\n\t\t<\/div>","protected":false},"excerpt":{"rendered":"<p>[ad_1] The Mystery of the Brotherhood of San Benito processes through the surroundings of the cathedral of Seville on Holy Tuesday, April 15, 2025. \/ Credit: Photo courtesy of Joaqu\u00c3\u00adn Carmona Seville, Spain, Apr 17, 2025 \/ 13:01 pm (CNA). The Holy Week processions in the Andalusian capital are one of Spain\u2019s most iconic traditions. Every year, members of the confraternities or brotherhoods prepare fervently to be part of this eagerly awaited event, a genuine manifestation of popular piety.Holy Week\u2026<\/p>\n","protected":false},"author":1,"featured_media":33702,"comment_status":"open","ping_status":"closed","sticky":false,"template":"","format":"standard","meta":[],"categories":[100],"tags":[],"series":[],"class_list":["post-33700","post","type-post","status-publish","format-standard","has-post-thumbnail","hentry","category-christian-news"],"mb":[],"acf":[],"jetpack_publicize_connections":[],"jetpack-related-posts":[{"id":52856,"url":"https:\/\/christianpure.com\/ja\/learn\/spanish-faithful-disconcerted-by-restoration-of-iconic-image-of-weeping-virgin\/","url_meta":{"origin":33700,"position":0},"title":"Spanish faithful disconcerted by restoration of iconic image of weeping Virgin","author":"Christian Pure Team","date":"7\u6708 3, 2025","format":false,"excerpt":"The original face of Our Lady of Hope of Macarena. \/ Credit: Emilio S\u00e1enz\/Macarena Brotherhood Madrid, Spain, Jun 25, 2025 \/ 10:54 am (CNA). The recent changes made to the expression on the face of the iconic image of Our Lady of Hope of Macarena, a popular Spanish devotion, has sparked a wave of reactions among those who consider her an essential part of their faith. The main focus of discontent has centered on the Virgin\u2019s expression, as the addition\u2026","rel":"","context":"Christian News","block_context":{"text":"Christian News","link":"https:\/\/christianpure.com\/ja\/learn\/category\/christian-news\/"},"img":{"alt_text":"Spanish faithful disconcerted by restoration of iconic image of weeping Virgin","src":"https:\/\/i0.wp.com\/christianpure.com\/wp-content\/uploads\/2025\/07\/Spanish-faithful-disconcerted-by-restoration-of-iconic-image-of-weeping-Virgin.webp?fit=672%2C448&ssl=1&resize=350%2C200","width":350,"height":200,"srcset":"https:\/\/i0.wp.com\/christianpure.com\/wp-content\/uploads\/2025\/07\/Spanish-faithful-disconcerted-by-restoration-of-iconic-image-of-weeping-Virgin.webp?fit=672%2C448&ssl=1&resize=350%2C200 1x, https:\/\/i0.wp.com\/christianpure.com\/wp-content\/uploads\/2025\/07\/Spanish-faithful-disconcerted-by-restoration-of-iconic-image-of-weeping-Virgin.webp?fit=672%2C448&ssl=1&resize=525%2C300 1.5x"},"classes":[]},{"id":79397,"url":"https:\/\/christianpure.com\/ja\/learn\/catholic-church-in-spain-creates-department-for-relations-with-islam\/","url_meta":{"origin":33700,"position":1},"title":"Catholic Church in Spain creates department for relations with Islam","author":"Christian Pure Team","date":"3\u6708 15, 2026","format":false,"excerpt":"The standing committee of the Spanish Bishops\u2019 Conference (CEE, by its Spanish acronym) has approved the creation of a department for relations with Islam, intended to address the growth of the country\u2019s Muslim population.This new body is part of the Bishops\u2019 Subcommittee for Interconfessional Relations and Interreligious Dialogue, chaired by the auxiliary bishop of Seville, Ram\u00f3n Dar\u00edo Valdivia.The spokesperson for the CEE, Bishop Francisco C\u00e9sar Garc\u00eda Mag\u00e1n, stated to the media that the mission of the new department is \u201cto\u2026","rel":"","context":"Christian News","block_context":{"text":"Christian News","link":"https:\/\/christianpure.com\/ja\/learn\/category\/christian-news\/"},"img":{"alt_text":"","src":"","width":0,"height":0},"classes":[]},{"id":2439,"url":"https:\/\/christianpure.com\/ja\/learn\/jesus-brother-father\/","url_meta":{"origin":33700,"position":2},"title":"Is Jesus Really Our Brother?","author":"Christian Pure Team","date":"4\u6708 7, 2025","format":false,"excerpt":"Discover the truth about Jesus being our brother! Unveil the mysteries hidden in the Bible.","rel":"","context":"Christian Education","block_context":{"text":"Christian Education","link":"https:\/\/christianpure.com\/ja\/learn\/category\/christian-education\/"},"img":{"alt_text":"","src":"https:\/\/i0.wp.com\/christianpure.com\/wp-content\/uploads\/2026\/09\/hf620-img_00615.webp?fit=900%2C679&ssl=1&resize=350%2C200","width":350,"height":200,"srcset":"https:\/\/i0.wp.com\/christianpure.com\/wp-content\/uploads\/2026\/09\/hf620-img_00615.webp?fit=900%2C679&ssl=1&resize=350%2C200 1x, https:\/\/i0.wp.com\/christianpure.com\/wp-content\/uploads\/2026\/09\/hf620-img_00615.webp?fit=900%2C679&ssl=1&resize=525%2C300 1.5x, https:\/\/i0.wp.com\/christianpure.com\/wp-content\/uploads\/2026\/09\/hf620-img_00615.webp?fit=900%2C679&ssl=1&resize=700%2C400 2x"},"classes":[]},{"id":101759,"url":"https:\/\/christianpure.com\/ja\/learn\/church-in-spain-grapples-with-sudden-illegal-arrival-of-50000-migrants\/","url_meta":{"origin":33700,"position":3},"title":"Church in Spain grapples with sudden illegal arrival of 50,000 migrants","author":"Christian Pure Team","date":"7\u6708 31, 2026","format":false,"excerpt":"The Catholic Church is responding to the illegal arrival within the span of just a few hours of nearly 50,000 migrants in the Spanish city of Ceuta, located on the North African coast, by mobilizing resources for the diocesan migrant ministry.The Diocese of C\u00e1diz and Ceuta, led by Apostolic Administrator Ram\u00f3n Valdivia (auxiliary bishop of Seville), expressed in a statement its \u201cdeep concern regarding the gravity of the events and the particular vulnerability of so many people affected by this\u2026","rel":"","context":"Christian News","block_context":{"text":"Christian News","link":"https:\/\/christianpure.com\/ja\/learn\/category\/christian-news\/"},"img":{"alt_text":"","src":"","width":0,"height":0},"classes":[]},{"id":46583,"url":"https:\/\/christianpure.com\/ja\/learn\/bible-verses-brotherhood\/","url_meta":{"origin":33700,"position":4},"title":"24 Best Bible Verses About Brotherhood","author":"Christian Pure Team","date":"4\u6708 1, 2026","format":false,"excerpt":"Discover uplifting Bible verses about brotherhood that inspire love, unity, and support among siblings and friends in faith.","rel":"","context":"Bible Verses","block_context":{"text":"Bible Verses","link":"https:\/\/christianpure.com\/ja\/learn\/category\/bible-verses\/"},"img":{"alt_text":"","src":"https:\/\/i0.wp.com\/christianpure.com\/wp-content\/uploads\/2026\/09\/hf620-img_00186.webp?fit=900%2C663&ssl=1&resize=350%2C200","width":350,"height":200,"srcset":"https:\/\/i0.wp.com\/christianpure.com\/wp-content\/uploads\/2026\/09\/hf620-img_00186.webp?fit=900%2C663&ssl=1&resize=350%2C200 1x, https:\/\/i0.wp.com\/christianpure.com\/wp-content\/uploads\/2026\/09\/hf620-img_00186.webp?fit=900%2C663&ssl=1&resize=525%2C300 1.5x, https:\/\/i0.wp.com\/christianpure.com\/wp-content\/uploads\/2026\/09\/hf620-img_00186.webp?fit=900%2C663&ssl=1&resize=700%2C400 2x"},"classes":[]},{"id":30792,"url":"https:\/\/christianpure.com\/ja\/learn\/what-st-teresa-of-avila-would-have-looked-like\/","url_meta":{"origin":33700,"position":5},"title":"What St. Teresa of \u00c3\u0081vila would have looked like","author":"Christian Pure Team","date":"4\u6708 2, 2025","format":false,"excerpt":"[ad_1] Reconstruction of the face of St. Teresa of \u00c3\u0081vila as she would have appeared at approximately age 50. \/ Credit: Courtesy of the Order of Discalced Carmelites, Iberian Province Madrid, Spain, Apr 2, 2025 \/ 12:23 pm (CNA). A scientific reconstruction of what would have been the face of St. Teresa of \u00c3\u0081vila when she was 50 years old was presented recently in Alba de Tormes, the town in Salamanca province in Spain where the Carmelite nun died and\u2026","rel":"","context":"Christian News","block_context":{"text":"Christian News","link":"https:\/\/christianpure.com\/ja\/learn\/category\/christian-news\/"},"img":{"alt_text":"","src":"https:\/\/i0.wp.com\/christianpure.com\/wp-content\/uploads\/2025\/04\/st.teresa.avila_.march_.2025.jpg?fit=669%2C444&ssl=1&resize=350%2C200","width":350,"height":200,"srcset":"https:\/\/i0.wp.com\/christianpure.com\/wp-content\/uploads\/2025\/04\/st.teresa.avila_.march_.2025.jpg?fit=669%2C444&ssl=1&resize=350%2C200 1x, https:\/\/i0.wp.com\/christianpure.com\/wp-content\/uploads\/2025\/04\/st.teresa.avila_.march_.2025.jpg?fit=669%2C444&ssl=1&resize=525%2C300 1.5x"},"classes":[]}],"jetpack_sharing_enabled":true,"jetpack_featured_media_url":"https:\/\/i0.wp.com\/christianpure.com\/wp-content\/uploads\/2025\/04\/sevilleeasterprocession1041725.jpeg?fit=672%2C448&ssl=1","mfb_rest_fields":["title","jetpack_publicize_connections","jetpack-related-posts","jetpack_sharing_enabled","jetpack_featured_media_url"],"_links":{"self":[{"href":"https:\/\/christianpure.com\/ja\/wp-json\/wp\/v2\/posts\/33700","targetHints":{"allow":["GET"]}}],"collection":[{"href":"https:\/\/christianpure.com\/ja\/wp-json\/wp\/v2\/posts"}],"about":[{"href":"https:\/\/christianpure.com\/ja\/wp-json\/wp\/v2\/types\/post"}],"author":[{"embeddable":true,"href":"https:\/\/christianpure.com\/ja\/wp-json\/wp\/v2\/users\/1"}],"replies":[{"embeddable":true,"href":"https:\/\/christianpure.com\/ja\/wp-json\/wp\/v2\/comments?post=33700"}],"version-history":[{"count":0,"href":"https:\/\/christianpure.com\/ja\/wp-json\/wp\/v2\/posts\/33700\/revisions"}],"wp:featuredmedia":[{"embeddable":true,"href":"https:\/\/christianpure.com\/ja\/wp-json\/wp\/v2\/media\/33702"}],"wp:attachment":[{"href":"https:\/\/christianpure.com\/ja\/wp-json\/wp\/v2\/media?parent=33700"}],"wp:term":[{"taxonomy":"category","embeddable":true,"href":"https:\/\/christianpure.com\/ja\/wp-json\/wp\/v2\/categories?post=33700"},{"taxonomy":"post_tag","embeddable":true,"href":"https:\/\/christianpure.com\/ja\/wp-json\/wp\/v2\/tags?post=33700"},{"taxonomy":"series","embeddable":true,"href":"https:\/\/christianpure.com\/ja\/wp-json\/wp\/v2\/series?post=33700"}],"curies":[{"name":"wp","href":"https:\/\/api.w.org\/{rel}","templated":true}]}}