{"id":11048,"date":"2024-10-03T01:51:31","date_gmt":"2024-10-03T01:51:31","guid":{"rendered":"https:\/\/christianpure.com\/learn\/how-the-catholic-faith-has-helped-east-timor-forgive\/"},"modified":"2024-10-03T01:51:31","modified_gmt":"2024-10-03T01:51:31","slug":"how-the-catholic-faith-has-helped-east-timor-forgive","status":"publish","type":"post","link":"https:\/\/christianpure.com\/nl\/learn\/how-the-catholic-faith-has-helped-east-timor-forgive\/","title":{"rendered":"Hoe het katholieke geloof Oost-Timor heeft geholpen bij het vergeven"},"content":{"rendered":"<div class=\"cppw-protected cppw-protected--overlay\"><div class=\"cppw-excerpt cppw-excerpt--overlay\"><p>[ad_1] East Timor\u2019s President Jos\u00c3\u00a9 Ramos-Horta and Cardinal Virg\u00c3\u00adlio do Carmo da Silva,speak to EWTN News in Depth in August 2024, ahead of the visit by Pope Francis. \/ Credit: EWTN News Rome Newsroom, Sep 6, 2024 \/ 07:00 am (CNA). Pope Francis will land in Dili, the capital city of East Timor, on Monday in the third stop on a Sept. 2\u201313 trip to four countries in Southeast Asia and Oceania.One of the world\u2019s newest nations \u2014 it became\u2026<\/p>\n<\/div>\t\t<div class=\"cppw-paywall paywp-paywall\" data-required-level=\"25\">\n\t\t\t<span class=\"cppw-lock-mark\" aria-hidden=\"true\"><\/span>\n\t\t\t<h2>Continue reading with a subscription<\/h2>\n\t\t\t<p>Get unlimited access to all our premium content and exclusive features.<\/p>\n\t\t\t\t\t\t\t\t\t<div class=\"cppw-paywall__actions\">\n\t\t\t\t<a class=\"cppw-button\" href=\"https:\/\/christianpure.com\/nl\/become-a-member\/\">Subscribe Now<\/a>\n\t\t\t\t<a class=\"cppw-login-link\" href=\"https:\/\/christianpure.com\/nl\/login\/\">Already a subscriber? Sign in<\/a>\n\t\t\t<\/div>\n\t\t\t<p class=\"cppw-paywall__microcopy\">Enjoy unlimited access, cancel anytime.<\/p>\n\t\t<\/div>\n\t\t<\/div>","protected":false},"excerpt":{"rendered":"<p>[ad_1] East Timor\u2019s President Jos\u00c3\u00a9 Ramos-Horta and Cardinal Virg\u00c3\u00adlio do Carmo da Silva,speak to EWTN News in Depth in August 2024, ahead of the visit by Pope Francis. \/ Credit: EWTN News Rome Newsroom, Sep 6, 2024 \/ 07:00 am (CNA). Pope Francis will land in Dili, the capital city of East Timor, on Monday in the third stop on a Sept. 2\u201313 trip to four countries in Southeast Asia and Oceania.One of the world\u2019s newest nations \u2014 it became\u2026<\/p>\n","protected":false},"author":1,"featured_media":11049,"comment_status":"open","ping_status":"closed","sticky":false,"template":"","format":"standard","meta":[],"categories":[100],"tags":[],"series":[],"class_list":["post-11048","post","type-post","status-publish","format-standard","has-post-thumbnail","hentry","category-christian-news"],"mb":[],"acf":[],"jetpack_publicize_connections":[],"jetpack-related-posts":[{"id":35744,"url":"https:\/\/christianpure.com\/nl\/learn\/how-pope-francis-shaped-the-college-of-cardinals\/","url_meta":{"origin":11048,"position":0},"title":"How Pope Francis shaped the College of Cardinals","author":"Christian Pure Team","date":"mei 4, 2025","format":false,"excerpt":"[ad_1] Cardinals participate in the fifth Novendiales Mass for Pope Francis on April 30, 2025, in St. Peter\u2019s Basilica at the Vatican. \/ Credit: Daniel Iba\u00c3\u00b1ez\/CNA Vatican City, May 4, 2025 \/ 09:00 am (CNA). On May 7, an expected 133 cardinal electors will enter the Sistine Chapel to elect the new Roman pontiff, the successor to Pope Francis, who shied away from giving red hats to the traditional archdioceses but opted to give the honor to far-flung places, many\u2026","rel":"","context":"In &quot;Christian News&quot;","block_context":{"text":"Christian News","link":"https:\/\/christianpure.com\/nl\/learn\/category\/christian-news\/"},"img":{"alt_text":"","src":"https:\/\/i0.wp.com\/christianpure.com\/wp-content\/uploads\/2025\/05\/1746398314_novendialescardinalsday52043025.jpg?fit=1200%2C800&ssl=1&resize=350%2C200","width":350,"height":200,"srcset":"https:\/\/i0.wp.com\/christianpure.com\/wp-content\/uploads\/2025\/05\/1746398314_novendialescardinalsday52043025.jpg?fit=1200%2C800&ssl=1&resize=350%2C200 1x, https:\/\/i0.wp.com\/christianpure.com\/wp-content\/uploads\/2025\/05\/1746398314_novendialescardinalsday52043025.jpg?fit=1200%2C800&ssl=1&resize=525%2C300 1.5x, https:\/\/i0.wp.com\/christianpure.com\/wp-content\/uploads\/2025\/05\/1746398314_novendialescardinalsday52043025.jpg?fit=1200%2C800&ssl=1&resize=700%2C400 2x, https:\/\/i0.wp.com\/christianpure.com\/wp-content\/uploads\/2025\/05\/1746398314_novendialescardinalsday52043025.jpg?fit=1200%2C800&ssl=1&resize=1050%2C600 3x"},"classes":[]},{"id":50808,"url":"https:\/\/christianpure.com\/nl\/learn\/vatican-diplomat-says-u-s-policy-in-ukraine-has-disappointed-baltic-allies\/","url_meta":{"origin":11048,"position":1},"title":"Vatican diplomat says U.S. policy in Ukraine has disappointed Baltic allies","author":"Christian Pure Team","date":"augustus 25, 2025","format":false,"excerpt":"Archbishop Georg G\u00e4nswein has been the Vatican\u2019s nuncio to the Baltic states since 2024. \/ Credit: Daniel Ib\u00e1\u00f1ez\/CNA Rome Newsroom, Jun 16, 2025 \/ 12:49 pm (CNA). Archbishop Georg G\u00e4nswein, the Vatican\u2019s nuncio to the Baltic states since 2024, said the region has been disappointed with the current U.S. administration\u2019s approach to the conflict in Ukraine. Speaking about the Russia-Ukraine war, Pope Benedict XVI\u2019s former secretary said: \u201cThe major powers play a major role here, and the Baltic states are\u2026","rel":"","context":"In &quot;Christian News&quot;","block_context":{"text":"Christian News","link":"https:\/\/christianpure.com\/nl\/learn\/category\/christian-news\/"},"img":{"alt_text":"Vatican diplomat says U.S. policy in Ukraine has disappointed Baltic allies","src":"https:\/\/i0.wp.com\/christianpure.com\/wp-content\/uploads\/2025\/08\/Vatican-diplomat-says-U.S.-policy-in-Ukraine-has-disappointed-Baltic-allies.webp?fit=800%2C533&ssl=1&resize=350%2C200","width":350,"height":200,"srcset":"https:\/\/i0.wp.com\/christianpure.com\/wp-content\/uploads\/2025\/08\/Vatican-diplomat-says-U.S.-policy-in-Ukraine-has-disappointed-Baltic-allies.webp?fit=800%2C533&ssl=1&resize=350%2C200 1x, https:\/\/i0.wp.com\/christianpure.com\/wp-content\/uploads\/2025\/08\/Vatican-diplomat-says-U.S.-policy-in-Ukraine-has-disappointed-Baltic-allies.webp?fit=800%2C533&ssl=1&resize=525%2C300 1.5x, https:\/\/i0.wp.com\/christianpure.com\/wp-content\/uploads\/2025\/08\/Vatican-diplomat-says-U.S.-policy-in-Ukraine-has-disappointed-Baltic-allies.webp?fit=800%2C533&ssl=1&resize=700%2C400 2x"},"classes":[]},{"id":28558,"url":"https:\/\/christianpure.com\/nl\/learn\/ewtn-news-documentary-chronicles-iraqs-christian-history-and-isis-impact\/","url_meta":{"origin":11048,"position":2},"title":"EWTN News documentary chronicles Iraq\u2019s Christian history and ISIS impact","author":"Christian Pure Team","date":"maart 2, 2025","format":false,"excerpt":"[ad_1] An unknown security guard stands at the entrance of a church destroyed during the fighting with ISIS in Mosul, Iraq. \/ Credit: CHRIS POOK\/Shutterstock ACI MENA, Mar 1, 2025 \/ 11:30 am (CNA). Marking 10 years since ISIS swept into Mosul and the towns of the Nineveh Plain, EWTN News, in collaboration with its sister agency covering the Middle East and North Africa, ACI MENA, has released a documentary delving into the roots of Christianity in Iraq, its history\u2026","rel":"","context":"In &quot;Christian News&quot;","block_context":{"text":"Christian News","link":"https:\/\/christianpure.com\/nl\/learn\/category\/christian-news\/"},"img":{"alt_text":"","src":"https:\/\/i0.wp.com\/christianpure.com\/wp-content\/uploads\/2025\/03\/shutterstock-2088391174-1718008176.737.jpg.webp.webp?fit=670%2C447&ssl=1&resize=350%2C200","width":350,"height":200,"srcset":"https:\/\/i0.wp.com\/christianpure.com\/wp-content\/uploads\/2025\/03\/shutterstock-2088391174-1718008176.737.jpg.webp.webp?fit=670%2C447&ssl=1&resize=350%2C200 1x, https:\/\/i0.wp.com\/christianpure.com\/wp-content\/uploads\/2025\/03\/shutterstock-2088391174-1718008176.737.jpg.webp.webp?fit=670%2C447&ssl=1&resize=525%2C300 1.5x"},"classes":[]},{"id":69199,"url":"https:\/\/christianpure.com\/nl\/learn\/pope-leo-xiv-receives-exiled-nicaraguan-bishop-rolando-alvarez\/","url_meta":{"origin":11048,"position":3},"title":"Pope Leo XIV receives exiled Nicaraguan Bishop Rolando \u00c1lvarez","author":"Christian Pure Team","date":"november 23, 2025","format":false,"excerpt":"Pope Leo XIV and Bishop Rolando \u00c1lvarez, bishop of Matagalpa and apostolic administrator of Estel\u00ed, Nicaragua. \/ Credit: Daniel Ib\u00e1\u00f1ez\/EWTN News ACI Prensa Staff, Nov 13, 2025 \/ 18:06 pm (CNA). Pope Leo XIV on Nov. 13 received Rolando \u00c1lvarez, the exiled bishop of Matagalpa and apostolic administrator of Estel\u00ed in Nicaragua.&nbsp;\u00c1lvarez is in forced exile after being deported by the dictatorship of President Daniel Ortega and his wife and vice president, Rosario Murillo, in January 2024.\u201cThe Holy Father received\u2026","rel":"","context":"In &quot;Christian News&quot;","block_context":{"text":"Christian News","link":"https:\/\/christianpure.com\/nl\/learn\/category\/christian-news\/"},"img":{"alt_text":"Pope Leo XIV receives exiled Nicaraguan Bishop Rolando \u00c1lvarez","src":"https:\/\/i0.wp.com\/christianpure.com\/wp-content\/uploads\/2025\/11\/Pope-Leo-XIV-receives-exiled-Nicaraguan-Bishop-Rolando-Alvarez.webp?fit=669%2C446&ssl=1&resize=350%2C200","width":350,"height":200,"srcset":"https:\/\/i0.wp.com\/christianpure.com\/wp-content\/uploads\/2025\/11\/Pope-Leo-XIV-receives-exiled-Nicaraguan-Bishop-Rolando-Alvarez.webp?fit=669%2C446&ssl=1&resize=350%2C200 1x, https:\/\/i0.wp.com\/christianpure.com\/wp-content\/uploads\/2025\/11\/Pope-Leo-XIV-receives-exiled-Nicaraguan-Bishop-Rolando-Alvarez.webp?fit=669%2C446&ssl=1&resize=525%2C300 1.5x"},"classes":[]},{"id":77850,"url":"https:\/\/christianpure.com\/nl\/learn\/exarch-of-historic-byzantine-abbey-near-rome-explains-richness-of-eastern-catholicism\/","url_meta":{"origin":11048,"position":4},"title":"Exarch of historic Byzantine abbey near Rome explains richness of Eastern Catholicism","author":"Christian Pure Team","date":"maart 30, 2026","format":false,"excerpt":"\u201cCatholics of the Byzantine tradition are one of the various Churches that exist in the Christian East,\u201d explained Bishop Manuel Nin G\u00fcell, who was recently appointed by Pope Leo XIV as the new apostolic exarch of Santa Maria di Grottaferrata Monastery.The Catholic Encyclopedia explains that \u201cin Eastern Christendom an exarch is a bishop who holds a place between that of patriarch and that of ordinary metropolitan.\u201dIn an interview with ACI Prensa, the Spanish-language sister service of EWTN News, the prelate\u2026","rel":"","context":"In &quot;Christian News&quot;","block_context":{"text":"Christian News","link":"https:\/\/christianpure.com\/nl\/learn\/category\/christian-news\/"},"img":{"alt_text":"","src":"","width":0,"height":0},"classes":[]},{"id":20055,"url":"https:\/\/christianpure.com\/nl\/learn\/how-st-john-paul-ii-helped-bring-down-the-berlin-wall-35-years-later\/","url_meta":{"origin":11048,"position":5},"title":"How St. John Paul II helped bring down the Berlin Wall: 35 years later","author":"Christian Pure Team","date":"november 9, 2024","format":false,"excerpt":"[ad_1] Pope John Paul II. \/ Credit: Gregorini Demetrio, CC BY-SA 3.0 via Wikimedia Commons Rome Newsroom, Nov 9, 2024 \/ 11:00 am (CNA). As Germany marks the 35th anniversary of the Berlin Wall\u2019s fall this year, key witnesses are highlighting the crucial role played by St. John Paul II in bringing about the peaceful revolution that transformed Europe.\"I am absolutely convinced that without Pope John Paul II, German reunification would not have been possible,\u201d Martin Rothweiler, director of EWTN\u2026","rel":"","context":"In &quot;Christian News&quot;","block_context":{"text":"Christian News","link":"https:\/\/christianpure.com\/nl\/learn\/category\/christian-news\/"},"img":{"alt_text":"","src":"https:\/\/i0.wp.com\/christianpure.com\/wp-content\/uploads\/2024\/11\/popejohnpaulii041024.jpg?fit=670%2C447&ssl=1&resize=350%2C200","width":350,"height":200,"srcset":"https:\/\/i0.wp.com\/christianpure.com\/wp-content\/uploads\/2024\/11\/popejohnpaulii041024.jpg?fit=670%2C447&ssl=1&resize=350%2C200 1x, https:\/\/i0.wp.com\/christianpure.com\/wp-content\/uploads\/2024\/11\/popejohnpaulii041024.jpg?fit=670%2C447&ssl=1&resize=525%2C300 1.5x"},"classes":[]}],"jetpack_sharing_enabled":true,"jetpack_featured_media_url":"https:\/\/i0.wp.com\/christianpure.com\/wp-content\/uploads\/2024\/10\/1727920293_screenshot-2024-09-06-at-12.39.53-am.jpg?fit=2048%2C1265&ssl=1","mfb_rest_fields":["title","jetpack_publicize_connections","jetpack-related-posts","jetpack_sharing_enabled","jetpack_featured_media_url"],"_links":{"self":[{"href":"https:\/\/christianpure.com\/nl\/wp-json\/wp\/v2\/posts\/11048","targetHints":{"allow":["GET"]}}],"collection":[{"href":"https:\/\/christianpure.com\/nl\/wp-json\/wp\/v2\/posts"}],"about":[{"href":"https:\/\/christianpure.com\/nl\/wp-json\/wp\/v2\/types\/post"}],"author":[{"embeddable":true,"href":"https:\/\/christianpure.com\/nl\/wp-json\/wp\/v2\/users\/1"}],"replies":[{"embeddable":true,"href":"https:\/\/christianpure.com\/nl\/wp-json\/wp\/v2\/comments?post=11048"}],"version-history":[{"count":0,"href":"https:\/\/christianpure.com\/nl\/wp-json\/wp\/v2\/posts\/11048\/revisions"}],"wp:featuredmedia":[{"embeddable":true,"href":"https:\/\/christianpure.com\/nl\/wp-json\/wp\/v2\/media\/11049"}],"wp:attachment":[{"href":"https:\/\/christianpure.com\/nl\/wp-json\/wp\/v2\/media?parent=11048"}],"wp:term":[{"taxonomy":"category","embeddable":true,"href":"https:\/\/christianpure.com\/nl\/wp-json\/wp\/v2\/categories?post=11048"},{"taxonomy":"post_tag","embeddable":true,"href":"https:\/\/christianpure.com\/nl\/wp-json\/wp\/v2\/tags?post=11048"},{"taxonomy":"series","embeddable":true,"href":"https:\/\/christianpure.com\/nl\/wp-json\/wp\/v2\/series?post=11048"}],"curies":[{"name":"wp","href":"https:\/\/api.w.org\/{rel}","templated":true}]}}