{"id":21783,"date":"2024-12-06T04:42:04","date_gmt":"2024-12-06T04:42:04","guid":{"rendered":"https:\/\/christianpure.com\/learn\/a-sign-of-renaissance-in-paris-notre-dame-cathedral-to-reopen-this-weekend\/"},"modified":"2024-12-06T04:42:04","modified_gmt":"2024-12-06T04:42:04","slug":"a-sign-of-renaissance-in-paris-notre-dame-cathedral-to-reopen-this-weekend","status":"publish","type":"post","link":"https:\/\/christianpure.com\/nl\/learn\/a-sign-of-renaissance-in-paris-notre-dame-cathedral-to-reopen-this-weekend\/","title":{"rendered":"Een teken van \u2018renaissance\u2019 in Parijs: Notre-Dame-kathedraal heropent dit weekend"},"content":{"rendered":"<p> [ad_1]<br \/>\n<\/p>\n<div style=\"width: 100%;margin-bottom: 25px\">\n  <img data-recalc-dims=\"1\" decoding=\"async\" src=\"https:\/\/i0.wp.com\/christianpure.com\/wp-content\/uploads\/2024\/12\/notredamecathedralparis120424.jpg?quality=80&#038;ssl=1\" style=\"display: block;margin: auto;max-width: 100%\" \/><br \/>\n  <span style=\"text-align: right;font-style: italic\">Het schip van de Notre-Dame de Paris-kathedraal op 29 november 2024. De kathedraal zal heropenen met een gepland weekend vol ceremonies op 7-8 december 2024, vijf jaar na de brand van 2019 die het werelderfgoed verwoestte en de toren deed instorten. \/ Credit: STEPHANE DE SAKUTIN\/POOL\/AFP via Getty Images<\/span>\n<\/div>\n<p>Rome Newsroom, 5 december 2024 \/ 06:00 uur (CNA).<\/p>\n<p>De heropening van de Notre-Dame-kathedraal in Parijs, vijf jaar na de brand die het dak en de torens verwoestte en het gebouw onbruikbaar maakte, is \u201ceen renaissance\u201d, vertelde de Parijse aartsbisschop Laurent Ulrich aan CNA.<\/p>\n<p>De kathedraal van Parijs heropent op 8 december, maar de vieringen voor de terugkeer van de kathedraal naar de eredienst zullen duren tot Pinksteren volgend jaar.&nbsp;<\/p>\n<p>De restauraties hebben een kathedraal opgeleverd met lichtere muren, maar intact in haar oorspronkelijke structuur. In de haan op de top van de toren zijn de relikwie\u00ebn van de heiligen van Parijs \u2014 de heilige Lodewijk, de heilige Genevi\u00e8ve en een stuk van de doornenkroon van Jezus \u2014 die op wonderbaarlijke wijze uit de brand zijn gered, tentoongesteld.&nbsp;<\/p>\n<p>Op 8 december zal de Notre-Dame nog niet volledig toegankelijk zijn. Maar de heropening is een teken dat Frankrijk weer tot leven komt. De afgelopen eeuw is de kathedraal een symbool van nationale eenheid geworden.&nbsp;<\/p>\n<p>Victor Hugo\u2019s roman \u201cNotre-Dame de Paris\u201d bracht de kathedraal in de 19e eeuw weer in het middelpunt van de belangstelling. De architect Viollet-le-Duc renoveerde het gebouw door de beroemde waterspuwers in de structuur aan te brengen. Daarna, beginnend bij Napoleon \u2014 die de Notre-Dame koos voor zijn kroning \u2014 is de kathedraal steeds meer een nationaal monument geworden.&nbsp;<\/p>\n<p>In gesprek met CNA benadrukte Ulrich dat de heropening van de Notre-Dame \u201ceen renaissance is, een herontdekking voor de priesters en gelovigen van Parijs die al vijf jaar op dit moment wachten.\u201d<\/p>\n<p>\u201cOngeveer 40 onlangs gewijde priesters hebben nooit de gelegenheid gehad om een viering in onze kathedraal bij te wonen of te leiden,\u201d legde Ulrich uit. \u201cDie dag zal zeker gedenkwaardig zijn. Het zal een dag van diepe vreugde zijn voor Parijs, Frankrijk en de wereld. De Notre-Dame is ook een referentiepunt voor degenen die door het aartsbisdom Parijs reizen. Iedereen kent de Notre-Dame; zelfs buitenlanders zijn er erg aan gehecht.\u201d<\/p>\n<p>Volgens de aartsbisschop heeft de kathedraal een \u201cgebalanceerde architectuur\u201d. Bovenal is het \u201ceen symbool van het christelijke Europa en het middeleeuwse Europa\u201d, dat \u201cde eeuwen heeft overleefd\u201d en in de afgelopen eeuw een nationale dimensie heeft gekregen, vooral na de viering in de Notre-Dame om te danken voor de bevrijding van Parijs in 1944 en voor het einde van de oorlog in mei 1945.&nbsp;<\/p>\n<p>Ulrich merkte de verschillen op tussen de wedergeboorte na de Tweede Wereldoorlog en de huidige heropening van de Notre-Dame, hoewel \u201chet nationale sentiment hetzelfde is\u201d. Maar \u201cin 1944-45 waren veel Fransen nog regelmatige kerkgangers die de mis bijwoonden. Vandaag de dag is dat niet meer zo. Voor velen is een bezoek aan de Notre-Dame een ontdekking, soms spiritueel, maar vooral cultureel.\u201d&nbsp;<\/p>\n<p>De aartsbisschop zei dat hij wenst \u201cdat mensen die naar de Notre-Dame komen niet alleen een nationaal monument ontdekken, maar een plek van christelijk gebed, en dat de rondleiding \u2014 die we voor deze heropening hebben herontworpen \u2014 iedereen iets laat weten over het christelijk geloof. Niet iedereen zal christen worden, maar iedereen heeft het recht om over het christelijk geloof te horen.\u201d&nbsp;<\/p>\n<p>Om deze reden is tijdens het wederopbouwproces de identiteit van de Notre-Dame krachtig verdedigd. Er werd gesproken over het veranderen van de kathedraal in een museum en het reguleren van de toegang via een ticket, maar de Kerk van Frankrijk verzette zich hier fel tegen. Hoewel de staat de \u201cconcessionaris\u201d van het gebouw is, kan president Emmanuel Macron op 7 december alleen buiten de kathedraal spreken wanneer hij de gerenoveerde kathedraal symbolisch overdraagt. Op 8 december zal hij de inauguratiemis bijwonen, maar de focus zal volledig liggen op de Kerk van Parijs en Frankrijk.&nbsp;<\/p>\n<p>Bij zijn intrede zal het grote orgel weer klinken en zal het officie van de Ma\u00eetrise de Notre-Dame worden gezongen door het koor onder leiding van Henry Chalet, culminerend in het Magnificat.&nbsp;<\/p>\n<p>De aartsbisschop zal vervolgens een laatste zegen geven en het Te Deum zal worden gezongen. 's Avonds schetst een cultureel programma met gigantische schermen en optredens een \u201cgroot mysterie van de Middeleeuwen\u201d.&nbsp;<\/p>\n<p>De inauguratiemis wordt gehouden op 8 december om 10:30 uur. Het nieuwe hoofdaltaar, ontworpen door Guillaume Badet, zal worden ingewijd. Bijna 170 bisschoppen uit Frankrijk en de rest van de wereld zullen aan de mis deelnemen, evenals een priester uit elk van de 106 parochies van het bisdom Parijs en een priester uit elk van de zeven oosterse katholieke kerken.&nbsp;<\/p>\n<p>De mis zal vol symboliek zijn: er zal wijwater over de mensen worden gesprenkeld, daarna over het altaar en de kansel als teken van zuivering van deze elementen die bestemd zijn voor heilig gebruik.&nbsp;<\/p>\n<p>De inwijdingsrituelen van het altaar zullen in vijf fasen plaatsvinden. De eerste is de neerlegging van de relikwie\u00ebn van de heiligen op het altaar. Vijf heiligen zijn verbonden met de Kerk van Parijs: de heilige Marie-Eug\u00e9nie Milleret, de heilige Madeleine-Sophie Barat, de heilige Catherine Labour\u00e9, de heilige Charles de Foucauld en de zalige Vladimir Ghika.&nbsp;<\/p>\n<p>De tweede fase is het gebed van toewijding van de zalving met olie. Daarna zal wierook worden geofferd en zal het altaar worden versierd en verlicht.&nbsp;<\/p>\n<p>Na de inauguratie volgt een speciale periode van acht dagen waarin elke dag een plechtige viering met een specifiek thema zal zijn. Dit betreft in het bijzonder degenen die de Notre-Dame hebben gesteund tijdens de wederopbouwperiode.&nbsp;<\/p>\n<p>[ad_2]<br \/>\n<br \/><a href=\"https:\/\/www.catholicnewsagency.com\/news\/260837\/a-sign-of-renaissance-in-paris-notre-dame-cathedral-to-reopen-dec-8\">Bronlink <\/a><\/p>","protected":false},"excerpt":{"rendered":"<p>[ad_1] The nave of Notre-Dame de Paris Cathedral on Nov. 29, 2024. The cathedral is set to reopen with a planned weekend of ceremonies on Dec. 7\u20138, 2024, five years after the 2019 fire that ravaged the world heritage landmark and toppled its spire. \/ Credit: STEPHANE DE SAKUTIN\/POOL\/AFP via Getty Images Rome Newsroom, Dec [\u2026]<\/p>","protected":false},"author":1,"featured_media":21784,"comment_status":"open","ping_status":"closed","sticky":false,"template":"","format":"standard","meta":{"_acf_changed":false,"_jetpack_memberships_contains_paid_content":false,"footnotes":"","jetpack_publicize_message":"","jetpack_publicize_feature_enabled":true,"jetpack_social_post_already_shared":true,"jetpack_social_options":{"image_generator_settings":{"template":"highway","default_image_id":0,"font":"","enabled":false},"version":2},"_wpas_customize_per_network":false},"categories":[100],"tags":[],"series":[],"class_list":["post-21783","post","type-post","status-publish","format-standard","has-post-thumbnail","hentry","category-christian-news"],"mb":[],"acf":[],"jetpack_publicize_connections":[],"jetpack_featured_media_url":"https:\/\/i0.wp.com\/christianpure.com\/wp-content\/uploads\/2024\/12\/1733460129_notredamecathedralparis120424.jpg?fit=1024%2C683&quality=80&ssl=1","jetpack-related-posts":[],"jetpack_sharing_enabled":true,"mfb_rest_fields":["title","jetpack_publicize_connections","jetpack_featured_media_url","jetpack-related-posts","jetpack_sharing_enabled"],"_links":{"self":[{"href":"https:\/\/christianpure.com\/nl\/wp-json\/wp\/v2\/posts\/21783","targetHints":{"allow":["GET"]}}],"collection":[{"href":"https:\/\/christianpure.com\/nl\/wp-json\/wp\/v2\/posts"}],"about":[{"href":"https:\/\/christianpure.com\/nl\/wp-json\/wp\/v2\/types\/post"}],"author":[{"embeddable":true,"href":"https:\/\/christianpure.com\/nl\/wp-json\/wp\/v2\/users\/1"}],"replies":[{"embeddable":true,"href":"https:\/\/christianpure.com\/nl\/wp-json\/wp\/v2\/comments?post=21783"}],"version-history":[{"count":0,"href":"https:\/\/christianpure.com\/nl\/wp-json\/wp\/v2\/posts\/21783\/revisions"}],"wp:featuredmedia":[{"embeddable":true,"href":"https:\/\/christianpure.com\/nl\/wp-json\/wp\/v2\/media\/21784"}],"wp:attachment":[{"href":"https:\/\/christianpure.com\/nl\/wp-json\/wp\/v2\/media?parent=21783"}],"wp:term":[{"taxonomy":"category","embeddable":true,"href":"https:\/\/christianpure.com\/nl\/wp-json\/wp\/v2\/categories?post=21783"},{"taxonomy":"post_tag","embeddable":true,"href":"https:\/\/christianpure.com\/nl\/wp-json\/wp\/v2\/tags?post=21783"},{"taxonomy":"series","embeddable":true,"href":"https:\/\/christianpure.com\/nl\/wp-json\/wp\/v2\/series?post=21783"}],"curies":[{"name":"wp","href":"https:\/\/api.w.org\/{rel}","templated":true}]}}