{"id":37654,"date":"2025-05-18T14:15:53","date_gmt":"2025-05-18T14:15:53","guid":{"rendered":"https:\/\/christianpure.com\/?p=37654"},"modified":"2025-05-18T14:15:53","modified_gmt":"2025-05-18T14:15:53","slug":"world-leaders-delegates-set-to-attend-pope-leo-xivs-inaugural-mass","status":"publish","type":"post","link":"https:\/\/christianpure.com\/nl\/learn\/world-leaders-delegates-set-to-attend-pope-leo-xivs-inaugural-mass\/","title":{"rendered":"Wereldleiders en afgevaardigden aanwezig bij de inauguratiemis van paus Leo XIV"},"content":{"rendered":"<div style=\"width: 100%; margin-bottom: 25px;\">\n  <img data-recalc-dims=\"1\" decoding=\"async\" src=\"https:\/\/i0.wp.com\/www.catholicnewsagency.com\/storage\/image\/screenshot-2025-04-19-at-13.14.58.png?ssl=1\" style=\"display: block; margin: auto; max-width: 100%\" \/><br \/>\n  <span style=\"text-align: right; font-style: italic;\">Vicepresident JD Vance deelt een lachmoment met kardinaal Pietro Parolin, staatssecretaris van het Vaticaan, tijdens hun ontmoeting in het Vaticaan op Stille Zaterdag, 19 april 2025. \/ Bron: Vatican Media\/screenshot<\/span>\n<\/div>\n<p>Vaticaanstad, 17 mei 2025 \/ 15:00 uur (CNA).<\/p>\n<p>De Amerikaanse vicepresident JD Vance en minister van Buitenlandse Zaken Marco Rubio behoren tot de vele internationale leiders en hoogwaardigheidsbekleders, die ongeveer 200 buitenlandse delegaties vertegenwoordigen, die de inauguratiemis van paus Leo XIV in het Vaticaan op zondag 18 mei zullen bijwonen.&nbsp;<\/p>\n<p>De wereldleiders en vertegenwoordigers die op zondag om 10.00 uur aanwezig zullen zijn op het Sint-Pietersplein voor de mis zijn onder meer:&nbsp;<\/p>\n<h2><strong>Amerika<\/strong><\/h2>\n<p>JD Vance, vicepresident van de Verenigde Staten<\/p>\n<p>Marco Rubio, minister van Buitenlandse Zaken van de Verenigde Staten<\/p>\n<p>Mark Carney, premier van Canada<\/p>\n<p>Rodney Williams, gouverneur-generaal van Antigua en Barbuda<\/p>\n<p>Teresa Susana Subieta Serrano, ambassadeur van Bolivia bij de Heilige Stoel<\/p>\n<p>Javier Milei, president van Argentini\u00eb<\/p>\n<p>Joseph Curry, ambassadeur van de Bahama's bij de Heilige Stoel<\/p>\n<p>Milton Inniss, ambassadeur van Barbados bij de Heilige Stoel<\/p>\n<p>Geraldo Alckmin, vicepresident van Brazili\u00eb&nbsp;<\/p>\n<p>Manuel Jos\u00e9 Ossand\u00f3n, voorzitter van de senaat van Chili<\/p>\n<p>Gustavo Petro, president van Colombia<\/p>\n<p>Arnoldo Andr\u00e9 Tinoco, minister van Buitenlandse Zaken en Eredienst van Costa Rica<\/p>\n<p>Salvador Vald\u00e9s Mesa, vicepresident van Cuba<\/p>\n<p>Raquel Pe\u00f1a Rodr\u00edguez, vicepresident van de Dominicaanse Republiek<\/p>\n<p>F\u00e9lix Ulloa, vicepresident van El Salvador<\/p>\n<p>Daniel Noboa, president van Ecuador<\/p>\n<p>Alrich Nicolas, vertegenwoordiger van Ha\u00efti<\/p>\n<p>Alfredo V\u00e1squez Rivera, ambassadeur van Guatemala bij de Heilige Stoel<\/p>\n<p>Rebeca R\u00e1quel Obando, voorzitter van het Hooggerechtshof van Honduras<\/p>\n<p>Rosa Icela Rodr\u00edguez Vel\u00e1zquez, minister van Binnenlandse Zaken van Mexico<\/p>\n<p>Maurizio Gelli, gelijktijdig ambassadeur van Nicaragua in het Verenigd Koninkrijk<\/p>\n<p>Javier Mart\u00ednez-Acha, minister van Buitenlandse Zaken van Panama<\/p>\n<p>Santiago Pe\u00f1a, president van Paraguay<\/p>\n<p>Dina Boluarte, president van Peru<\/p>\n<p>Matteo Forconi, ereconsul van Saint Kitts en Nevis in Florence<\/p>\n<p>Gilbert Chaguory, ambassadeur van Saint Lucia bij de Heilige Stoel<\/p>\n<p>Ruediger Ackermann, ereconsul van Saint Vincent en de Grenadines in Duitsland<\/p>\n<p>Colin Connelly, ambassadeur van Trinidad en Tobago in Belgi\u00eb en bij de Europese Unie&nbsp;&nbsp;<\/p>\n<p>Ricardo Duarte Vargas, zaakgelastigde van Uruguay bij de Heilige Stoel<\/p>\n<p>Carmen Mel\u00e9ndez Rivas, burgemeester van Caracas, Venezuela<\/p>\n<h2><strong>Europa<\/strong><\/h2>\n<p>Bajram Begaj, president van Albani\u00eb<\/p>\n<p>Patrice Faure, vertegenwoordiger van de co-prins van Andorra Emmanuel Macron&nbsp;<\/p>\n<p>Xavier Zamora, premier van Andorra<\/p>\n<p>Vahagn Khachaturyan, president van Albani\u00eb<\/p>\n<p>Christian Stocker, bondskanselier van Oostenrijk<\/p>\n<p>Sahiba Gafarova, parlementsvoorzitter van Azerbeidzjan<\/p>\n<p>Ihar Sierhiejenka, parlementsvoorzitter van Wit-Rusland<\/p>\n<p>Koning Filip en Koningin Mathilde van Belgi\u00eb<\/p>\n<p>Borjana Kri\u0161to, voorzitter van de ministerraad van Bosni\u00eb en Herzegovina<\/p>\n<p>Rosen Zhelyazkov, premier van Bulgarije<\/p>\n<p>Andrej Plenkovi\u0107, premier van Kroati\u00eb<\/p>\n<p>Constantinos Kombos, minister van Buitenlandse Zaken van Cyprus<\/p>\n<p>Marek V\u00fdborn\u00fd, minister van Landbouw van Tsjechi\u00eb<\/p>\n<p>Susanne Shine, ambassadeur van Denemarken in Belgi\u00eb, Luxemburg en Vaticaanstad&nbsp;<\/p>\n<p>Lauri Hussar, parlementsvoorzitter van Estland<\/p>\n<p>Anders Adlercreutz, minister van Onderwijs van Finland<\/p>\n<p>Fran\u00e7ois Bayrou, premier van Frankrijk<\/p>\n<p>Mikheil Kavelashvili, president van Georgi\u00eb<\/p>\n<p>Friedrich Merz, bondskanselier van Duitsland<\/p>\n<p>Julia Kl\u00f6ckner, voorzitter van de Bondsdag, Duitsland<\/p>\n<p>Sofia Zacharaki, minister van Onderwijs en Religieuze Zaken van Griekenland<\/p>\n<p>Tam\u00e1s Sulyok, president van Hongarije<\/p>\n<p>Einar Gunnarsson, ambassadeur en permanent vertegenwoordiger van IJsland in Gen\u00e8ve<\/p>\n<p>Michael Higgins, president van Ierland<\/p>\n<p>Vjosa Osmani, president van Kosovo&nbsp;<\/p>\n<p>Evika Sili\u0146a, premier van Letland<\/p>\n<p>Prins Alois van Liechtenstein&nbsp;<\/p>\n<p>Brigitte Haas, premier van Liechtenstein<\/p>\n<p>Gitanas Naus\u0117da, president van Litouwen<\/p>\n<p>Groothertog Henri en Groothertogin Maria Teresa van Luxemburg&nbsp;<\/p>\n<p>Luc Frieden, premier van Luxemburg<\/p>\n<p>Robert Abela, premier van Malta<\/p>\n<p>Prins Albert II van Monaco<\/p>\n<p>Milojko Spaji\u0107, premier van Montenegro<\/p>\n<p>Koningin M\u00e1xima der Nederlanden&nbsp;<\/p>\n<p>Dick Schoof, premier van Nederland<\/p>\n<p>Kjersti R\u00f8dsmoen, ambassadeur van Noorwegen bij de Heilige Stoel<\/p>\n<p>Andrzej Duda, president van Polen<\/p>\n<p>Marcelo Rebelo de Sousa, president van Portugal<\/p>\n<p>Mircea Abrudean, waarnemend voorzitter van de senaat van Roemeni\u00eb<\/p>\n<p>Olga Ljoebimova, minister van Cultuur van Rusland<\/p>\n<p>Denise Bronzetti, kapitein-regent van San Marino<\/p>\n<p>\u0110uro Macut, premier van Servi\u00eb<\/p>\n<p>Peter Pellegrini, president van Slowakije<\/p>\n<p>Robert Golob, premier van Sloveni\u00eb<\/p>\n<p>Koning Felipe VI en Koningin Letizia van Spanje<\/p>\n<p>Mar\u00eda Jes\u00fas Montero, vicepremier van Spanje&nbsp;<\/p>\n<p>Prinses Victoria van Zweden<\/p>\n<p>Jakob Forssmed, minister van Volksgezondheid en Sociale Zaken van Zweden<\/p>\n<p>Karin Keller-Sutter, president van Zwitserland<\/p>\n<p>Prins Edward, Hertog van Edinburgh, als vertegenwoordiger van Koning Charles van het Verenigd Koninkrijk<\/p>\n<p>Angela Rayner, vicepremier van het Verenigd Koninkrijk<\/p>\n<p>Volodymyr Zelensky, president van Oekra\u00efne<\/p>\n<p>Nuriddin Ismoilov, voorzitter van het parlement van Oezbekistan&nbsp;&nbsp;<\/p>\n<p>Ursula von der Leyen, voorzitter van de Europese Commissie<\/p>\n<h2><strong>Midden-Oosten en Noord-Afrika<\/strong><\/h2>\n<p>Salman bin Hamad Al Khalifa, premier van Bahrein<\/p>\n<p>Ahmed Fouad Hano, minister van Cultuur van Egypte<\/p>\n<p>Reza Salehi-Amiri, minister van Cultureel Erfgoed, Toerisme en Ambachten van Iran<\/p>\n<p>Saywan Barzani, ambassadeur van Irak in Itali\u00eb<\/p>\n<p>Isaac Herzog, president van Isra\u00ebl<\/p>\n<p>Prins Ghazi bin Muhammad van Jordani\u00eb<\/p>\n<p>Nasser Sanhat Alqahtani, ambassadeur van Koeweit in Itali\u00eb<\/p>\n<p>Joseph Aoun, president van Libanon<\/p>\n<p>Aziz Akhannouch, premier van Marokko<\/p>\n<p>Benvinda Levy, premier van Mozambique<\/p>\n<p>Sayyid Nazar Al Julanda Majid Alsaid, ambassadeur van Oman in Itali\u00eb&nbsp;&nbsp;<\/p>\n<p>Mahmood bin Hamad Al Hasani, ambassadeur van Oman bij de Heilige Stoel<\/p>\n<p>Ramzi Khoury, minister van Religieuze Zaken van Palestina<\/p>\n<p>Varsen Aghabekian, staatsminister voor Buitenlandse Zaken van Palestina<\/p>\n<p>Issa Kassissieh, ambassadeur van Palestina bij de Heilige Stoel<\/p>\n<p>Asma Naji Al-Amri, ambassadeur van Qatar bij de Heilige Stoel<\/p>\n<p>Prins Faisal bin Sattam bin Abdulaziz, ambassadeur van Saoedi-Arabi\u00eb in Itali\u00eb<\/p>\n<p>Adel al-Jubeir, staatsminister voor Buitenlandse Zaken van Saoedi-Arabi\u00eb<\/p>\n<p>Louay Fallouh, ambassadeur van Syri\u00eb bij de Heilige Stoel<\/p>\n<p>Mehmet Nuri Ersoy, minister van Cultuur en Toerisme van Turkije<\/p>\n<p>Sjeik Saud bin Saqr Al Qasimi, Verenigde Arabische Emiraten<\/p>\n<h2><strong>Afrika<\/strong><\/h2>\n<p>Barth\u00e9l\u00e9my K\u00e9r\u00e9, voorzitter van de constitutionele raad van Burkina Faso&nbsp;<\/p>\n<p>Prosper Bazombanza, vicepresident van Burundi&nbsp;<\/p>\n<p>Paul Atanga Nji, minister van Territoriaal Bestuur van Kameroen<\/p>\n<p>Janine L\u00e9lis, minister van Defensie van Kaapverdi\u00eb<\/p>\n<p>Ahmad Makaila, ambassadeur van Tsjaad bij de Heilige Stoel<\/p>\n<p>Rrigobert Itoua, ambassadeur van Congo bij de Heilige Stoel<\/p>\n<p>Patrick J\u00e9r\u00f4me Achi, staatsminister van Ivoorkust<\/p>\n<p>Joaqu\u00edn Mbana Nchama, ambassadeur van Equatoriaal-Guinea bij de Heilige Stoel<\/p>\n<p>Russell Dlamini, premier van Eswatini<\/p>\n<p>Brice Oligui Nguema, president van Gabon<\/p>\n<p>Samuel Okudzeto Ablakwa, parlementslid van Ghana<\/p>\n<p>Yvette Sylla, ambassadeur van Madagaskar bij de Organisatie van de Verenigde Naties voor Onderwijs, Wetenschap en Cultuur<\/p>\n<p>Patrick Gervais Assirvaden, minister van Energie en Openbare Nutsbedrijven van Mauritius&nbsp;<\/p>\n<p>Betty Cherwon, ambassadeur van Kenia in Frankrijk, Portugal, Servi\u00eb, de Heilige Stoel en Monaco<\/p>\n<p>Lucia Witbooi, vicepresident van Namibi\u00eb<\/p>\n<p>Bola Tinubu, president van Nigeria<\/p>\n<p>Jean-Baptiste Tine, minister van Binnenlandse Zaken van Senegal<\/p>\n<p>Sylvestre Radegonde, minister van Buitenlandse Zaken van de Seychellen<\/p>\n<p>Nosipho Nausca-Jean Jezile, ambassadeur van Zuid-Afrika in Itali\u00eb<\/p>\n<p>Monday Semaya Kumba, minister van Buitenlandse Zaken en Internationale Samenwerking van Zuid-Soedan<\/p>\n<p>Salah Mohamed Ishag Rahama, zaakgelastigde van Soedan bij de Heilige Stoel<\/p>\n<p>Hassani Iddi Mwamweta, ambassadeur van Tanzania bij de Heilige Stoel<\/p>\n<p>Faure Gnassingb\u00e9, voorzitter van de ministerraad van Togo<\/p>\n<p>Thomas Tayebwa, vicevoorzitter van het parlement van Oeganda<\/p>\n<p>Macenje Mazoka, ambassadeur van Zambia bij de Heilige Stoel<\/p>\n<p>Simon Muzenda, vicepresident van Zimbabwe<\/p>\n<h2><strong>Azi\u00eb-Pacific&nbsp;<\/strong><\/h2>\n<p>Anthony Albanese, premier van Australi\u00eb&nbsp;<\/p>\n<p>Tareq Md Ariful Islam, ambassadeur van Bangladesh bij de Verenigde Naties<\/p>\n<p>Harivansh Narayan Singh, vicevoorzitter van het hogerhuis van het parlement van India<\/p>\n<p>Muhaimin Iskandar, minister van Maatschappelijke Empowerment van Indonesi\u00eb<\/p>\n<p>Tar\u014d As\u014d, lid van het Huis van Afgevaardigden van Japan<\/p>\n<p>Hendy Anak Assan, ambassadeur van Maleisi\u00eb bij de Heilige Stoel<\/p>\n<p>Gerelmaa Davaasuren, ambassadeur van Mongoli\u00eb bij de Heilige Stoel<\/p>\n<p>Hmway Hmway Khyne, ambassadeur van Myanmar in Itali\u00eb<\/p>\n<p>Tara Morton, ambassadeur van Nieuw-Zeeland in Andorra, Malta, Marokko en bij de Heilige Stoel<\/p>\n<p>Yusuf Raza Gilani, voorzitter van de senaat van Pakistan<\/p>\n<p>Myla Grace Ragenia Macahilig, ambassadeur van de Filipijnen bij de Heilige Stoel<\/p>\n<p>Edwin Tong, minister van Cultuur, Gemeenschap en Jeugd van Singapore<\/p>\n<p>Yoo In-chon, minister van Cultuur, Sport en Toerisme van Zuid-Korea<\/p>\n<p>Oh Hyun-joo, ambassadeur van Zuid-Korea bij de Heilige Stoel&nbsp;<\/p>\n<p>Chen Chien-jen, voormalig vicepresident en ex-premier van Taiwan, als vertegenwoordiger van president Lai Ching-te van Taiwan (China)<\/p>\n<p>Theerarat Samrejvanich, viceminister van Binnenlandse Zaken van Thailand<\/p>\n<p>Maria Fernanda Lay, lid van het nationale parlement van Oost-Timor<\/p>\n<p>Bernard Leclerc, ambassadeur van Vanuatu in Isra\u00ebl en Rusland<\/p>\n<p>Duong Hai Hung, ambassadeur van Vietnam in Itali\u00eb<\/p>","protected":false},"excerpt":{"rendered":"<p>Vicepresident JD Vance deelt een lachmoment met kardinaal Pietro Parolin, staatssecretaris van het Vaticaan, tijdens hun ontmoeting in het Vaticaan op Stille Zaterdag, 19 april 2025. \/ Bron: Vatican Media\/screenshot Vaticaanstad, 17 mei 2025 \/ 15:00 uur (CNA). De Amerikaanse vicepresident JD Vance en minister van Buitenlandse Zaken Marco Rubio behoren tot [\u2026]<\/p>","protected":false},"author":11,"featured_media":37740,"comment_status":"open","ping_status":"closed","sticky":false,"template":"","format":"standard","meta":{"_acf_changed":false,"_jetpack_memberships_contains_paid_content":false,"footnotes":"","jetpack_publicize_message":"","jetpack_publicize_feature_enabled":true,"jetpack_social_post_already_shared":true,"jetpack_social_options":{"image_generator_settings":{"template":"highway","default_image_id":0,"font":"","enabled":false},"version":2},"_wpas_customize_per_network":false},"categories":[100],"tags":[],"series":[],"class_list":["post-37654","post","type-post","status-publish","format-standard","has-post-thumbnail","hentry","category-christian-news"],"mb":[],"acf":[],"jetpack_publicize_connections":[],"jetpack_featured_media_url":"https:\/\/i0.wp.com\/christianpure.com\/wp-content\/uploads\/2025\/05\/World-leaders-delegates-set-to-attend-Pope-Leo-XIVs-inaugural-Mass.webp?fit=800%2C500&quality=75&ssl=1","jetpack-related-posts":[{"id":37849,"url":"https:\/\/christianpure.com\/nl\/learn\/pope-leo-xiv-meets-u-s-vice-president-jd-vance-secretary-of-state-marco-rubio\/","url_meta":{"origin":37654,"position":0},"title":"Pope Leo XIV meets U.S. Vice President JD Vance, Secretary of State Marco Rubio","author":"Christian Pure Team","date":"mei 21, 2025","format":false,"excerpt":"U.S. Vice President JD Vance and Secretary of State Marco Rubio, seated in places of honor usually reserved for heads of state, meet with Pope Leo XIV in the papal library on May 19, 2025. \/ Credit: Vatican Media Vatican City, May 19, 2025 \/ 06:52 am (CNA). Pope Leo\u2026","rel":"","context":"In &quot;Christian News&quot;","block_context":{"text":"Christian News","link":"https:\/\/christianpure.com\/nl\/learn\/category\/christian-news\/"},"img":{"alt_text":"Pope Leo XIV meets U.S. Vice President JD Vance, Secretary of State Marco Rubio","src":"https:\/\/i0.wp.com\/christianpure.com\/wp-content\/uploads\/2025\/05\/Pope-Leo-XIV-meets-U.S.-Vice-President-JD-Vance-Secretary-of-State-Marco-Rubio.webp?fit=800%2C533&quality=75&ssl=1&resize=350%2C200","width":350,"height":200,"srcset":"https:\/\/i0.wp.com\/christianpure.com\/wp-content\/uploads\/2025\/05\/Pope-Leo-XIV-meets-U.S.-Vice-President-JD-Vance-Secretary-of-State-Marco-Rubio.webp?fit=800%2C533&quality=75&ssl=1&resize=350%2C200 1x, https:\/\/i0.wp.com\/christianpure.com\/wp-content\/uploads\/2025\/05\/Pope-Leo-XIV-meets-U.S.-Vice-President-JD-Vance-Secretary-of-State-Marco-Rubio.webp?fit=800%2C533&quality=75&ssl=1&resize=525%2C300 1.5x, https:\/\/i0.wp.com\/christianpure.com\/wp-content\/uploads\/2025\/05\/Pope-Leo-XIV-meets-U.S.-Vice-President-JD-Vance-Secretary-of-State-Marco-Rubio.webp?fit=800%2C533&quality=75&ssl=1&resize=700%2C400 2x"},"classes":[]},{"id":38392,"url":"https:\/\/christianpure.com\/nl\/learn\/in-new-interview-jd-vance-explains-how-his-catholic-faith-informs-his-political-views\/","url_meta":{"origin":37654,"position":1},"title":"In new interview, JD Vance explains how his Catholic faith informs his political views","author":"Christian Pure Team","date":"mei 22, 2025","format":false,"excerpt":"Pope Leo XIV shakes hands with U.S. President JD Vance in the papal library. The two had a private encounter before they were joined by U.S. Secretary of State Marco Rubio on May 19, 2025. \/ Credit: Vatican Media Washington, D.C. Newsroom, May 21, 2025 \/ 17:02 pm (CNA). In\u2026","rel":"","context":"In &quot;Christian News&quot;","block_context":{"text":"Christian News","link":"https:\/\/christianpure.com\/nl\/learn\/category\/christian-news\/"},"img":{"alt_text":"In new interview, JD Vance explains how his Catholic faith informs his political views","src":"https:\/\/i0.wp.com\/christianpure.com\/wp-content\/uploads\/2025\/05\/In-new-interview-JD-Vance-explains-how-his-Catholic-faith-informs-his-political-views.webp?fit=800%2C533&quality=75&ssl=1&resize=350%2C200","width":350,"height":200,"srcset":"https:\/\/i0.wp.com\/christianpure.com\/wp-content\/uploads\/2025\/05\/In-new-interview-JD-Vance-explains-how-his-Catholic-faith-informs-his-political-views.webp?fit=800%2C533&quality=75&ssl=1&resize=350%2C200 1x, https:\/\/i0.wp.com\/christianpure.com\/wp-content\/uploads\/2025\/05\/In-new-interview-JD-Vance-explains-how-his-Catholic-faith-informs-his-political-views.webp?fit=800%2C533&quality=75&ssl=1&resize=525%2C300 1.5x, https:\/\/i0.wp.com\/christianpure.com\/wp-content\/uploads\/2025\/05\/In-new-interview-JD-Vance-explains-how-his-Catholic-faith-informs-his-political-views.webp?fit=800%2C533&quality=75&ssl=1&resize=700%2C400 2x"},"classes":[]},{"id":37892,"url":"https:\/\/christianpure.com\/nl\/learn\/pope-leo-xiv-vows-to-work-for-unity-so-catholic-church-becomes-a-symbol-of-peace-in-the-world\/","url_meta":{"origin":37654,"position":2},"title":"Pope Leo XIV vows to work for unity so Catholic Church becomes a symbol of peace in the world","author":"Christian Pure Team","date":"mei 25, 2025","format":false,"excerpt":"VATICAN CITY (AP) \u2014 Pope Leo XIV, history\u2019s first American pope, vowed Sunday to work for unity so that the Catholic Church becomes a symbol of peace in the world, offering a message of communion during an inaugural Mass in St. Peter\u2019s Square before an estimated 200,000 pilgrims, presidents, patriarchs\u2026","rel":"","context":"In &quot;Christian News&quot;","block_context":{"text":"Christian News","link":"https:\/\/christianpure.com\/nl\/learn\/category\/christian-news\/"},"img":{"alt_text":"","src":"","width":0,"height":0},"classes":[]},{"id":38222,"url":"https:\/\/christianpure.com\/nl\/learn\/president-trump-extols-pope-leo-xiv-brother-louis-prevost\/","url_meta":{"origin":37654,"position":3},"title":"President Trump extols Pope Leo XIV, brother Louis Prevost","author":"Christian Pure Team","date":"juni 1, 2025","format":false,"excerpt":"With Speaker of the House Mike Johnson by his side, President Donald Trump speaks to the press following a House Republican meeting at the U.S. Capitol on May 20, 2025, in Washington, D.C. \/ Credit: Tasos Katopodis\/Getty Images Washington, D.C. Newsroom, May 20, 2025 \/ 18:28 pm (CNA). While speaking\u2026","rel":"","context":"In &quot;Christian News&quot;","block_context":{"text":"Christian News","link":"https:\/\/christianpure.com\/nl\/learn\/category\/christian-news\/"},"img":{"alt_text":"President Trump extols Pope Leo XIV, brother Louis Prevost","src":"https:\/\/i0.wp.com\/christianpure.com\/wp-content\/uploads\/2025\/06\/President-Trump-extols-Pope-Leo-XIV-brother-Louis-Prevost.webp?fit=800%2C533&quality=75&ssl=1&resize=350%2C200","width":350,"height":200,"srcset":"https:\/\/i0.wp.com\/christianpure.com\/wp-content\/uploads\/2025\/06\/President-Trump-extols-Pope-Leo-XIV-brother-Louis-Prevost.webp?fit=800%2C533&quality=75&ssl=1&resize=350%2C200 1x, https:\/\/i0.wp.com\/christianpure.com\/wp-content\/uploads\/2025\/06\/President-Trump-extols-Pope-Leo-XIV-brother-Louis-Prevost.webp?fit=800%2C533&quality=75&ssl=1&resize=525%2C300 1.5x, https:\/\/i0.wp.com\/christianpure.com\/wp-content\/uploads\/2025\/06\/President-Trump-extols-Pope-Leo-XIV-brother-Louis-Prevost.webp?fit=800%2C533&quality=75&ssl=1&resize=700%2C400 2x"},"classes":[]},{"id":37712,"url":"https:\/\/christianpure.com\/nl\/learn\/a-papacy-begins-pope-leo-xiv-calls-for-united-church-at-inaugural-mass\/","url_meta":{"origin":37654,"position":4},"title":"A papacy begins: Pope Leo XIV calls for united Church at inaugural Mass","author":"Christian Pure Team","date":"mei 19, 2025","format":false,"excerpt":"Pope Leo XIV formally began his ministry as head of the 1.4 billion members of the universal Catholic Church with a Mass in St. Peter's Square on May 18, 2025. \/ Credit: Daniel Ibanez\/CNA Vatican City, May 18, 2025 \/ 06:58 am (CNA). Pope Leo XIV on Sunday formally began\u2026","rel":"","context":"In &quot;Christian News&quot;","block_context":{"text":"Christian News","link":"https:\/\/christianpure.com\/nl\/learn\/category\/christian-news\/"},"img":{"alt_text":"A papacy begins: Pope Leo XIV calls for united Church at inaugural Mass","src":"https:\/\/i0.wp.com\/christianpure.com\/wp-content\/uploads\/2025\/05\/A-papacy-begins-Pope-Leo-XIV-calls-for-united-Church-at-inaugural-Mass.webp?fit=800%2C533&quality=75&ssl=1&resize=350%2C200","width":350,"height":200,"srcset":"https:\/\/i0.wp.com\/christianpure.com\/wp-content\/uploads\/2025\/05\/A-papacy-begins-Pope-Leo-XIV-calls-for-united-Church-at-inaugural-Mass.webp?fit=800%2C533&quality=75&ssl=1&resize=350%2C200 1x, https:\/\/i0.wp.com\/christianpure.com\/wp-content\/uploads\/2025\/05\/A-papacy-begins-Pope-Leo-XIV-calls-for-united-Church-at-inaugural-Mass.webp?fit=800%2C533&quality=75&ssl=1&resize=525%2C300 1.5x, https:\/\/i0.wp.com\/christianpure.com\/wp-content\/uploads\/2025\/05\/A-papacy-begins-Pope-Leo-XIV-calls-for-united-Church-at-inaugural-Mass.webp?fit=800%2C533&quality=75&ssl=1&resize=700%2C400 2x"},"classes":[]},{"id":59951,"url":"https:\/\/christianpure.com\/nl\/learn\/rubio-welcomes-new-american-dynamic-in-papal-relationship-lauds-vatican-diplomacy\/","url_meta":{"origin":37654,"position":5},"title":"Rubio welcomes new \u2018American\u2019 dynamic in papal relationship, lauds Vatican diplomacy","author":"Christian Pure Team","date":"januari 7, 2026","format":false,"excerpt":"U.S. Secretary of State Marco Rubio speaks with EWTN News anchor Raymond Arroyo on \u201cThe World Over with Raymond Arroyo\u201d on Aug. 7, 2025. \/ Credit: \u201cThe World Over with Raymond Arroyo\u201d\/Screenshot Washington, D.C. Newsroom, Aug 8, 2025 \/ 14:08 pm (CNA). As the 100th day of Pope Leo XIV\u2019s\u2026","rel":"","context":"In &quot;Christian News&quot;","block_context":{"text":"Christian News","link":"https:\/\/christianpure.com\/nl\/learn\/category\/christian-news\/"},"img":{"alt_text":"Rubio welcomes new \u2018American\u2019 dynamic in papal relationship, lauds Vatican diplomacy","src":"https:\/\/i0.wp.com\/christianpure.com\/wp-content\/uploads\/2026\/01\/Rubio-welcomes-new-%E2%80%98American-dynamic-in-papal-relationship-lauds-Vatican-diplomacy.webp?fit=800%2C522&quality=75&ssl=1&resize=350%2C200","width":350,"height":200,"srcset":"https:\/\/i0.wp.com\/christianpure.com\/wp-content\/uploads\/2026\/01\/Rubio-welcomes-new-%E2%80%98American-dynamic-in-papal-relationship-lauds-Vatican-diplomacy.webp?fit=800%2C522&quality=75&ssl=1&resize=350%2C200 1x, https:\/\/i0.wp.com\/christianpure.com\/wp-content\/uploads\/2026\/01\/Rubio-welcomes-new-%E2%80%98American-dynamic-in-papal-relationship-lauds-Vatican-diplomacy.webp?fit=800%2C522&quality=75&ssl=1&resize=525%2C300 1.5x, https:\/\/i0.wp.com\/christianpure.com\/wp-content\/uploads\/2026\/01\/Rubio-welcomes-new-%E2%80%98American-dynamic-in-papal-relationship-lauds-Vatican-diplomacy.webp?fit=800%2C522&quality=75&ssl=1&resize=700%2C400 2x"},"classes":[]}],"jetpack_sharing_enabled":true,"mfb_rest_fields":["title","jetpack_publicize_connections","jetpack_featured_media_url","jetpack-related-posts","jetpack_sharing_enabled"],"_links":{"self":[{"href":"https:\/\/christianpure.com\/nl\/wp-json\/wp\/v2\/posts\/37654","targetHints":{"allow":["GET"]}}],"collection":[{"href":"https:\/\/christianpure.com\/nl\/wp-json\/wp\/v2\/posts"}],"about":[{"href":"https:\/\/christianpure.com\/nl\/wp-json\/wp\/v2\/types\/post"}],"author":[{"embeddable":true,"href":"https:\/\/christianpure.com\/nl\/wp-json\/wp\/v2\/users\/11"}],"replies":[{"embeddable":true,"href":"https:\/\/christianpure.com\/nl\/wp-json\/wp\/v2\/comments?post=37654"}],"version-history":[{"count":0,"href":"https:\/\/christianpure.com\/nl\/wp-json\/wp\/v2\/posts\/37654\/revisions"}],"wp:featuredmedia":[{"embeddable":true,"href":"https:\/\/christianpure.com\/nl\/wp-json\/wp\/v2\/media\/37740"}],"wp:attachment":[{"href":"https:\/\/christianpure.com\/nl\/wp-json\/wp\/v2\/media?parent=37654"}],"wp:term":[{"taxonomy":"category","embeddable":true,"href":"https:\/\/christianpure.com\/nl\/wp-json\/wp\/v2\/categories?post=37654"},{"taxonomy":"post_tag","embeddable":true,"href":"https:\/\/christianpure.com\/nl\/wp-json\/wp\/v2\/tags?post=37654"},{"taxonomy":"series","embeddable":true,"href":"https:\/\/christianpure.com\/nl\/wp-json\/wp\/v2\/series?post=37654"}],"curies":[{"name":"wp","href":"https:\/\/api.w.org\/{rel}","templated":true}]}}