{"id":10102,"date":"2024-09-23T19:29:55","date_gmt":"2024-09-23T19:29:55","guid":{"rendered":"https:\/\/christianpure.com\/learn\/st-pio-of-pietrelcina\/"},"modified":"2024-09-23T19:29:55","modified_gmt":"2024-09-23T19:29:55","slug":"st-pio-of-pietrelcina","status":"publish","type":"post","link":"https:\/\/christianpure.com\/pt\/learn\/st-pio-of-pietrelcina\/","title":{"rendered":"S\u00e3o Pio de Pietrelcina"},"content":{"rendered":"<p> [ad_1]<br \/>\n<\/p>\n<div style=\"width: 100%;margin-bottom: 25px\">\n                  <img data-recalc-dims=\"1\" decoding=\"async\" src=\"https:\/\/i0.wp.com\/christianpure.com\/wp-content\/uploads\/2024\/09\/pio_23September.jpg?quality=80&#038;ssl=1\" style=\"display: block;margin: auto;max-width: 100%\" \/><br \/>\n                  <span style=\"text-align: right;font-style: italic\">S\u00e3o Pio de Pietrelcina<\/span>\n              <\/div>\n<p>Feast date: Sep 23<\/p>\n<p>          <p>On Sept. 23, the Catholic Church remembers the Italian Franciscan priest St. Pio of Petrelcina, better known as \u201cPadre Pio\u201d and known for his suffering, humility and miracles.<\/p><p>The man later known by these names was originally named Francesco Forgione, born to his parents Grazio and Maria in 1887. His parents had seven children, two of whom died in infancy. They taught the five surviving children to live their faith through daily Mass, family prayer of the rosary, and regular acts of penance. <\/p><p>Francesco had already decided at a young age to dedicate his entire life to God. At age 10, he felt inspired by the example of a young Capuchin Franciscan, and told his parents: \u201cI want to be a friar \u2013 with a beard.\u201d Francesco\u2019s father spent time in America, working to finance his son\u2019s education so he could enter the religious life. <\/p><p>On Jan. 22, 1903, Francesco donned the Franciscan habit for the first time. He took the new name Pio, a modernized Italian form of \u201cPius,\u201d in honor of Pope St. Pius V. He made his solemn vows four years later, and received priestly ordination in the summer of 1910. Shortly after, he first received the Stigmata \u2013 Christ\u2019s wounds, present in his own flesh.<\/p><p>Along with these mystical but real wounds, Padre Pio also suffered health problems that forced him to live apart from his Franciscan community for the first six years of his priesthood. By 1916 he managed to re-enter community life at the Friary of San Giovanni Rotondo, where he lived until his death. He handled many duties as a spiritual director and teacher, covering for brothers drafted into World War I.<\/p><p>During 1917 and 1918, Padre Pio himself briefly served in a medical unit of the Italian army. He later offered himself as a spiritual \u201cvictim\u201d for an end to the war, accepting suffering as a form of prayer for peace. Once again, he received the wounds of Christ on his body. They would remain with him for 50 years, through a succession of global conflicts. <\/p><p>Against his own wishes, the friar\u2019s reputation for holiness, and attending miracles, began to attract huge crowds. Some Church officials, however, denounced the priest and had him banned from public ministry in 1931. Pope Pius XI ended the ban two years later, and his successor Pius XII encouraged pilgrimages to Padre Pio\u2019s friary.<\/p><p>Known for patient suffering, fervent prayer, and compassionate spiritual guidance, Padre Pio also lent his efforts to the establishment of a major hospital, the \u201cHome to Relieve Suffering.\u201d <\/p><p>Padre Pio died in 1968, and was declared a saint in 2002. Three years after his death, Pope Paul VI marveled at his simple and holy life in an address to the Capuchin Order.<\/p><p>\u201cA worldwide following gathered around him \u2026 because he said Mass humbly, heard confessions from dawn to dusk and was \u2013 it is not easy to say it \u2013 one who bore the wounds of our Lord,\u201d Pope Paul explained. \u201cHe was a man of prayer and suffering.\u201d<br><\/p><br \/>\n<br \/>[ad_2]<br \/>\n<br \/><a href=\"https:\/\/www.catholicnewsagency.com\/saint\/st-pio-of-pietrelcina-603\">Link da fonte <\/a><\/p>","protected":false},"excerpt":{"rendered":"<p>[ad_1] Data da festa de S\u00e3o Pio de Pietrelcina: 23 de set. A 23 de setembro, a Igreja Cat\u00f3lica recorda o sacerdote franciscano italiano S\u00e3o Pio de Pietrelcina, mais conhecido como \u201cPadre Pio\u201d e famoso pelo seu sofrimento, humildade e milagres. O homem mais tarde conhecido por estes nomes chamava-se originalmente Francesco Forgione, filho de Grazio e Maria [\u2026]<\/p>","protected":false},"author":1,"featured_media":10103,"comment_status":"open","ping_status":"closed","sticky":false,"template":"","format":"standard","meta":{"_acf_changed":false,"_jetpack_memberships_contains_paid_content":false,"footnotes":"","jetpack_publicize_message":"","jetpack_publicize_feature_enabled":true,"jetpack_social_post_already_shared":true,"jetpack_social_options":{"image_generator_settings":{"template":"highway","default_image_id":0,"font":"","enabled":false},"version":2},"_wpas_customize_per_network":false},"categories":[100],"tags":[],"series":[],"class_list":["post-10102","post","type-post","status-publish","format-standard","has-post-thumbnail","hentry","category-christian-news"],"mb":[],"acf":[],"jetpack_publicize_connections":[],"jetpack_featured_media_url":"https:\/\/i0.wp.com\/christianpure.com\/wp-content\/uploads\/2024\/09\/1727119797_pio_23September.jpg?fit=900%2C500&quality=80&ssl=1","jetpack-related-posts":[{"id":64560,"url":"https:\/\/christianpure.com\/pt\/learn\/padre-pio-13-facts-about-st-pio-of-pietrelcina-to-know-and-share\/","url_meta":{"origin":10102,"position":0},"title":"Padre Pio: 13 facts about St. Pio of Pietrelcina to know and share","author":"Christian Pure Team","date":"Setembro 30, 2025","format":false,"excerpt":"St. Pio of Pietrelcina, better known as Padre Pio, at the Basilica of San Lorenzo in Rome, Italy on Feb. 3, 2016. \/ Credit: Alexey Gotovskiy\/CNA National Catholic Register, Sep 23, 2025 \/ 04:00 am (CNA). One of the most popular Catholic saints of the 20th century, St. Pio of\u2026","rel":"","context":"In &quot;Christian News&quot;","block_context":{"text":"Christian News","link":"https:\/\/christianpure.com\/pt\/learn\/category\/christian-news\/"},"img":{"alt_text":"","src":"https:\/\/i0.wp.com\/christianpure.com\/wp-content\/uploads\/2025\/09\/CNA_LOGOredblk-188.png?fit=1200%2C335&quality=69&ssl=1&resize=350%2C200","width":350,"height":200,"srcset":"https:\/\/i0.wp.com\/christianpure.com\/wp-content\/uploads\/2025\/09\/CNA_LOGOredblk-188.png?fit=1200%2C335&quality=69&ssl=1&resize=350%2C200 1x, https:\/\/i0.wp.com\/christianpure.com\/wp-content\/uploads\/2025\/09\/CNA_LOGOredblk-188.png?fit=1200%2C335&quality=69&ssl=1&resize=525%2C300 1.5x, https:\/\/i0.wp.com\/christianpure.com\/wp-content\/uploads\/2025\/09\/CNA_LOGOredblk-188.png?fit=1200%2C335&quality=69&ssl=1&resize=700%2C400 2x, https:\/\/i0.wp.com\/christianpure.com\/wp-content\/uploads\/2025\/09\/CNA_LOGOredblk-188.png?fit=1200%2C335&quality=69&ssl=1&resize=1050%2C600 3x"},"classes":[]},{"id":19636,"url":"https:\/\/christianpure.com\/pt\/learn\/padre-pio-13-facts-about-the-saint-to-know-and-share\/","url_meta":{"origin":10102,"position":1},"title":"Padre Pio: 13 facts about the saint to know and share","author":"Christian Pure Team","date":"Novembro 1, 2024","format":false,"excerpt":"[ad_1] Worshippers gather to pray in front of the exhumed body of mystic-saint Padre Pio in the Catholic Church of San Lorenzo fuori le Mura (St. Lawrence Outside the Walls) in Rome on Feb. 4, 2016. \/ Credit: Filippo Monteforte\/AFP\/Getty National Catholic Register, Sep 23, 2024 \/ 11:15 am (CNA).\u2026","rel":"","context":"In &quot;Christian News&quot;","block_context":{"text":"Christian News","link":"https:\/\/christianpure.com\/pt\/learn\/category\/christian-news\/"},"img":{"alt_text":"","src":"https:\/\/i0.wp.com\/christianpure.com\/wp-content\/uploads\/2024\/11\/2023060114064-dbeef13c422931f428fcabe930cc6796732f03bc147b89211b8272490622e07b.webp?fit=760%2C507&quality=75&ssl=1&resize=350%2C200","width":350,"height":200,"srcset":"https:\/\/i0.wp.com\/christianpure.com\/wp-content\/uploads\/2024\/11\/2023060114064-dbeef13c422931f428fcabe930cc6796732f03bc147b89211b8272490622e07b.webp?fit=760%2C507&quality=75&ssl=1&resize=350%2C200 1x, https:\/\/i0.wp.com\/christianpure.com\/wp-content\/uploads\/2024\/11\/2023060114064-dbeef13c422931f428fcabe930cc6796732f03bc147b89211b8272490622e07b.webp?fit=760%2C507&quality=75&ssl=1&resize=525%2C300 1.5x, https:\/\/i0.wp.com\/christianpure.com\/wp-content\/uploads\/2024\/11\/2023060114064-dbeef13c422931f428fcabe930cc6796732f03bc147b89211b8272490622e07b.webp?fit=760%2C507&quality=75&ssl=1&resize=700%2C400 2x"},"classes":[]},{"id":65728,"url":"https:\/\/christianpure.com\/pt\/learn\/for-first-time-in-u-s-catholics-will-be-able-to-venerate-the-habit-of-padre-pio\/","url_meta":{"origin":10102,"position":2},"title":"For first time in U.S., Catholics will be able to venerate the habit of Padre Pio","author":"Christian Pure Team","date":"Janeiro 31, 2026","format":false,"excerpt":"St. Pio of Pietrelcina, better known as Padre Pio. \/ Credit: After Elia Stelluto, Public domain, via Wikimedia Commons CNA Staff, Oct 5, 2025 \/ 06:00 am (CNA). For the first time in the United States, Catholics will have the opportunity to venerate the full-size habit worn by St. Pio\u2026","rel":"","context":"In &quot;Christian News&quot;","block_context":{"text":"Christian News","link":"https:\/\/christianpure.com\/pt\/learn\/category\/christian-news\/"},"img":{"alt_text":"For first time in U.S., Catholics will be able to venerate the habit of Padre Pio","src":"https:\/\/i0.wp.com\/christianpure.com\/wp-content\/uploads\/2026\/01\/For-first-time-in-U.S.-Catholics-will-be-able-to-venerate-the-habit-of-Padre-Pio.png?fit=1200%2C335&quality=69&ssl=1&resize=350%2C200","width":350,"height":200,"srcset":"https:\/\/i0.wp.com\/christianpure.com\/wp-content\/uploads\/2026\/01\/For-first-time-in-U.S.-Catholics-will-be-able-to-venerate-the-habit-of-Padre-Pio.png?fit=1200%2C335&quality=69&ssl=1&resize=350%2C200 1x, https:\/\/i0.wp.com\/christianpure.com\/wp-content\/uploads\/2026\/01\/For-first-time-in-U.S.-Catholics-will-be-able-to-venerate-the-habit-of-Padre-Pio.png?fit=1200%2C335&quality=69&ssl=1&resize=525%2C300 1.5x, https:\/\/i0.wp.com\/christianpure.com\/wp-content\/uploads\/2026\/01\/For-first-time-in-U.S.-Catholics-will-be-able-to-venerate-the-habit-of-Padre-Pio.png?fit=1200%2C335&quality=69&ssl=1&resize=700%2C400 2x, https:\/\/i0.wp.com\/christianpure.com\/wp-content\/uploads\/2026\/01\/For-first-time-in-U.S.-Catholics-will-be-able-to-venerate-the-habit-of-Padre-Pio.png?fit=1200%2C335&quality=69&ssl=1&resize=1050%2C600 3x"},"classes":[]},{"id":27468,"url":"https:\/\/christianpure.com\/pt\/learn\/visionary-laywoman-who-was-friend-of-padre-pio-declared-venerable\/","url_meta":{"origin":10102,"position":3},"title":"Visionary laywoman who was friend of Padre Pio declared venerable","author":"Christian Pure Team","date":"Janeiro 29, 2025","format":false,"excerpt":"[ad_1] Luigina Siniapi\u2019s numerous supernatural gifts, including bilocation and precognition of events and situations, were recognized by the Dicastery for the Causes of Saints. \/ Credit: Public domain ACI Prensa Staff, Jan 29, 2025 \/ 07:00 am (CNA). The Vatican has issued a decree recognizing the heroic virtues of the\u2026","rel":"","context":"In &quot;Christian News&quot;","block_context":{"text":"Christian News","link":"https:\/\/christianpure.com\/pt\/learn\/category\/christian-news\/"},"img":{"alt_text":"","src":"https:\/\/i0.wp.com\/christianpure.com\/wp-content\/uploads\/2025\/01\/sinapi.jpg?fit=668%2C446&quality=80&ssl=1&resize=350%2C200","width":350,"height":200,"srcset":"https:\/\/i0.wp.com\/christianpure.com\/wp-content\/uploads\/2025\/01\/sinapi.jpg?fit=668%2C446&quality=80&ssl=1&resize=350%2C200 1x, https:\/\/i0.wp.com\/christianpure.com\/wp-content\/uploads\/2025\/01\/sinapi.jpg?fit=668%2C446&quality=80&ssl=1&resize=525%2C300 1.5x"},"classes":[]},{"id":58696,"url":"https:\/\/christianpure.com\/pt\/learn\/first-ever-catholic-music-awards-celebrates-talented-artists-at-the-vatican\/","url_meta":{"origin":10102,"position":4},"title":"First-ever Catholic Music Awards celebrates talented artists at the Vatican","author":"Christian Pure Team","date":"Agosto 2, 2025","format":false,"excerpt":"A performer during the Catholic Music Awards in Rome on July 27, 2025. \/ Credit: Screenshot \u201cEWTN News Nightly\u201d CNA Staff, Jul 29, 2025 \/ 07:00 am (CNA). Musicians from around the world came together for the first-ever Catholic Music Awards on July 27 at the Auditorium Conciliazione in Rome.\u2026","rel":"","context":"In &quot;Christian News&quot;","block_context":{"text":"Christian News","link":"https:\/\/christianpure.com\/pt\/learn\/category\/christian-news\/"},"img":{"alt_text":"First-ever Catholic Music Awards celebrates talented artists at the Vatican","src":"https:\/\/i0.wp.com\/christianpure.com\/wp-content\/uploads\/2025\/08\/First-ever-Catholic-Music-Awards-celebrates-talented-artists-at-the-Vatican.webp?fit=800%2C488&quality=75&ssl=1&resize=350%2C200","width":350,"height":200,"srcset":"https:\/\/i0.wp.com\/christianpure.com\/wp-content\/uploads\/2025\/08\/First-ever-Catholic-Music-Awards-celebrates-talented-artists-at-the-Vatican.webp?fit=800%2C488&quality=75&ssl=1&resize=350%2C200 1x, https:\/\/i0.wp.com\/christianpure.com\/wp-content\/uploads\/2025\/08\/First-ever-Catholic-Music-Awards-celebrates-talented-artists-at-the-Vatican.webp?fit=800%2C488&quality=75&ssl=1&resize=525%2C300 1.5x, https:\/\/i0.wp.com\/christianpure.com\/wp-content\/uploads\/2025\/08\/First-ever-Catholic-Music-Awards-celebrates-talented-artists-at-the-Vatican.webp?fit=800%2C488&quality=75&ssl=1&resize=700%2C400 2x"},"classes":[]},{"id":66980,"url":"https:\/\/christianpure.com\/pt\/learn\/children-from-african-countries-pray-rosary-for-the-first-time-in-global-campaign\/","url_meta":{"origin":10102,"position":5},"title":"Children from African countries pray rosary \u2018for the first time\u2019 in global campaign","author":"Christian Pure Team","date":"Janeiro 1, 2026","format":false,"excerpt":"Children from the Diocese of Jalingo in Nigeria gathered on the feast of the Holy Rosary on Oct. 7, 2025, to join in the prayer campaign \u201cOne Million Children Praying the Rosary,\u201d which was celebrated in parishes, chaplaincies, and pastoral areas across the diocese. \/ Credit: Aid to the Church\u2026","rel":"","context":"In &quot;Christian News&quot;","block_context":{"text":"Christian News","link":"https:\/\/christianpure.com\/pt\/learn\/category\/christian-news\/"},"img":{"alt_text":"Children from African countries pray rosary \u2018for the first time\u2019 in global campaign","src":"https:\/\/i0.wp.com\/christianpure.com\/wp-content\/uploads\/2026\/01\/Children-from-African-countries-pray-rosary-%E2%80%98for-the-first-time-in-global-campaign.webp?fit=800%2C500&quality=75&ssl=1&resize=350%2C200","width":350,"height":200,"srcset":"https:\/\/i0.wp.com\/christianpure.com\/wp-content\/uploads\/2026\/01\/Children-from-African-countries-pray-rosary-%E2%80%98for-the-first-time-in-global-campaign.webp?fit=800%2C500&quality=75&ssl=1&resize=350%2C200 1x, https:\/\/i0.wp.com\/christianpure.com\/wp-content\/uploads\/2026\/01\/Children-from-African-countries-pray-rosary-%E2%80%98for-the-first-time-in-global-campaign.webp?fit=800%2C500&quality=75&ssl=1&resize=525%2C300 1.5x, https:\/\/i0.wp.com\/christianpure.com\/wp-content\/uploads\/2026\/01\/Children-from-African-countries-pray-rosary-%E2%80%98for-the-first-time-in-global-campaign.webp?fit=800%2C500&quality=75&ssl=1&resize=700%2C400 2x"},"classes":[]}],"jetpack_sharing_enabled":true,"mfb_rest_fields":["title","jetpack_publicize_connections","jetpack_featured_media_url","jetpack-related-posts","jetpack_sharing_enabled"],"_links":{"self":[{"href":"https:\/\/christianpure.com\/pt\/wp-json\/wp\/v2\/posts\/10102","targetHints":{"allow":["GET"]}}],"collection":[{"href":"https:\/\/christianpure.com\/pt\/wp-json\/wp\/v2\/posts"}],"about":[{"href":"https:\/\/christianpure.com\/pt\/wp-json\/wp\/v2\/types\/post"}],"author":[{"embeddable":true,"href":"https:\/\/christianpure.com\/pt\/wp-json\/wp\/v2\/users\/1"}],"replies":[{"embeddable":true,"href":"https:\/\/christianpure.com\/pt\/wp-json\/wp\/v2\/comments?post=10102"}],"version-history":[{"count":0,"href":"https:\/\/christianpure.com\/pt\/wp-json\/wp\/v2\/posts\/10102\/revisions"}],"wp:featuredmedia":[{"embeddable":true,"href":"https:\/\/christianpure.com\/pt\/wp-json\/wp\/v2\/media\/10103"}],"wp:attachment":[{"href":"https:\/\/christianpure.com\/pt\/wp-json\/wp\/v2\/media?parent=10102"}],"wp:term":[{"taxonomy":"category","embeddable":true,"href":"https:\/\/christianpure.com\/pt\/wp-json\/wp\/v2\/categories?post=10102"},{"taxonomy":"post_tag","embeddable":true,"href":"https:\/\/christianpure.com\/pt\/wp-json\/wp\/v2\/tags?post=10102"},{"taxonomy":"series","embeddable":true,"href":"https:\/\/christianpure.com\/pt\/wp-json\/wp\/v2\/series?post=10102"}],"curies":[{"name":"wp","href":"https:\/\/api.w.org\/{rel}","templated":true}]}}