{"id":104024,"date":"2026-08-30T14:25:50","date_gmt":"2026-08-30T14:25:50","guid":{"rendered":"https:\/\/christianpure.com\/?p=104024"},"modified":"2026-08-30T14:25:50","modified_gmt":"2026-08-30T14:25:50","slug":"spanish-regional-government-spotlights-sainthood-cause-of-queen-isabella","status":"publish","type":"post","link":"https:\/\/christianpure.com\/pt\/learn\/spanish-regional-government-spotlights-sainthood-cause-of-queen-isabella\/","title":{"rendered":"Governo regional espanhol destaca causa de canoniza\u00e7\u00e3o da Rainha Isabel"},"content":{"rendered":"<div class=\"cppw-protected cppw-protected--overlay\"><div class=\"cppw-excerpt cppw-excerpt--overlay\"><p>The regional government of Castile and Le\u00f3n in Spain highlighted the beatification cause of Queen Isabella during a meeting with the archbishop of Valladolid and president of the Spanish Bishops\u2019 Conference, Luis Arg\u00fcello.During a meeting between Arg\u00fcello and the minister of culture, tourism, and sport, Alberto D\u00edaz Pico, the regional government expressed its \u201cinterest in promoting the commemoration of the 500th anniversary of the birth of Philip II (in 2027), as well as highlighting the beatification cause of Isabella, the\u2026<\/p>\n<\/div>\t\t<div class=\"cppw-paywall paywp-paywall\" data-required-level=\"25\">\n\t\t\t<span class=\"cppw-lock-mark\" aria-hidden=\"true\"><\/span>\n\t\t\t<h2>Continue reading with a subscription<\/h2>\n\t\t\t<p>Get unlimited access to all our premium content and exclusive features.<\/p>\n\t\t\t\t\t\t\t\t\t<div class=\"cppw-paywall__actions\">\n\t\t\t\t<a class=\"cppw-button\" href=\"https:\/\/christianpure.com\/pt\/become-a-member\/\">Subscribe Now<\/a>\n\t\t\t\t<a class=\"cppw-login-link\" href=\"https:\/\/christianpure.com\/pt\/login\/\">Already a subscriber? Sign in<\/a>\n\t\t\t<\/div>\n\t\t\t<p class=\"cppw-paywall__microcopy\">Enjoy unlimited access, cancel anytime.<\/p>\n\t\t<\/div>\n\t\t<\/div>","protected":false},"excerpt":{"rendered":"<p>The regional government of Castile and Le\u00f3n in Spain highlighted the beatification cause of Queen Isabella during a meeting with the archbishop of Valladolid and president of the Spanish Bishops\u2019 Conference, Luis Arg\u00fcello.During a meeting between Arg\u00fcello and the minister of culture, tourism, and sport, Alberto D\u00edaz Pico, the regional government expressed its \u201cinterest in promoting the commemoration of the 500th anniversary of the birth of Philip II (in 2027), as well as highlighting the beatification cause of Isabella, the\u2026<\/p>\n","protected":false},"author":11,"featured_media":0,"comment_status":"open","ping_status":"closed","sticky":false,"template":"","format":"standard","meta":[],"categories":[100],"tags":[],"series":[],"class_list":["post-104024","post","type-post","status-publish","format-standard","hentry","category-christian-news"],"mb":[],"acf":[],"jetpack_publicize_connections":[],"jetpack-related-posts":[{"id":101022,"url":"https:\/\/christianpure.com\/pt\/learn\/lebanon-celebrates-historic-beatification-of-maronite-patriarch-elias-hoyek\/","url_meta":{"origin":104024,"position":0},"title":"Lebanon celebrates historic beatification of Maronite Patriarch Elias Hoyek","author":"Christian Pure Team","date":"Julho 27, 2026","format":false,"excerpt":"The Maronite Catholic Church gathered on the evening of July 25 at the Maronite patriarchate\u2019s summer residence in Dimane, northern Lebanon, to celebrate the beatification of Patriarch Elias Hoyek, marking an extraordinary moment for both the Church and the Lebanese nation.Cardinal Bechara Boutros Rai, the Maronite patriarch, presided over the official liturgical celebration. Cardinal Marcello Semeraro, prefect of the Vatican\u2019s Dicastery for the Causes of Saints, attended as the representative of Pope Leo XIV alongside patriarchs, bishops, and Lebanese officials,\u2026","rel":"","context":"In &quot;Christian News&quot;","block_context":{"text":"Christian News","link":"https:\/\/christianpure.com\/pt\/learn\/category\/christian-news\/"},"img":{"alt_text":"Lebanon celebrates historic beatification of Maronite Patriarch Elias Hoyek","src":"https:\/\/i0.wp.com\/christianpure.com\/wp-content\/uploads\/2026\/07\/Lebanon-celebrates-historic-beatification-of-Maronite-Patriarch-Elias-Hoyek.jpg?fit=1200%2C800&ssl=1&resize=350%2C200","width":350,"height":200,"srcset":"https:\/\/i0.wp.com\/christianpure.com\/wp-content\/uploads\/2026\/07\/Lebanon-celebrates-historic-beatification-of-Maronite-Patriarch-Elias-Hoyek.jpg?fit=1200%2C800&ssl=1&resize=350%2C200 1x, https:\/\/i0.wp.com\/christianpure.com\/wp-content\/uploads\/2026\/07\/Lebanon-celebrates-historic-beatification-of-Maronite-Patriarch-Elias-Hoyek.jpg?fit=1200%2C800&ssl=1&resize=525%2C300 1.5x, https:\/\/i0.wp.com\/christianpure.com\/wp-content\/uploads\/2026\/07\/Lebanon-celebrates-historic-beatification-of-Maronite-Patriarch-Elias-Hoyek.jpg?fit=1200%2C800&ssl=1&resize=700%2C400 2x, https:\/\/i0.wp.com\/christianpure.com\/wp-content\/uploads\/2026\/07\/Lebanon-celebrates-historic-beatification-of-Maronite-Patriarch-Elias-Hoyek.jpg?fit=1200%2C800&ssl=1&resize=1050%2C600 3x"},"classes":[]},{"id":12298,"url":"https:\/\/christianpure.com\/pt\/learn\/who-is-king-baudouin-meet-the-king-of-the-belgians-whom-pope-francis-wants-to-canonize\/","url_meta":{"origin":104024,"position":1},"title":"Who is King Baudouin? Meet the king of the Belgians whom Pope Francis wants to canonize","author":"Christian Pure Team","date":"Outubro 14, 2024","format":false,"excerpt":"[ad_1] Photos of King Baudouin and Queen Fabiola. When abortion was first legalized in Belgium in 1990, King Baudouin chose to abdicate from his duties as king of the Belgians from April 3 to 5 in order not to sign the bill into law. When Baudouin died at the age of 63 in 1993, he had reigned continuously for 42 years except for those three days. \/ Credit: Anefo, CC0, via Wikimedia Commons Washington, D.C. Newsroom, Oct 4, 2024 \/\u2026","rel":"","context":"In &quot;Christian News&quot;","block_context":{"text":"Christian News","link":"https:\/\/christianpure.com\/pt\/learn\/category\/christian-news\/"},"img":{"alt_text":"","src":"https:\/\/i0.wp.com\/christianpure.com\/wp-content\/uploads\/2024\/10\/6ec5e246-267b-4b4e-8433-da2446c095fe.jpg?fit=800%2C617&ssl=1&resize=350%2C200","width":350,"height":200,"srcset":"https:\/\/i0.wp.com\/christianpure.com\/wp-content\/uploads\/2024\/10\/6ec5e246-267b-4b4e-8433-da2446c095fe.jpg?fit=800%2C617&ssl=1&resize=350%2C200 1x, https:\/\/i0.wp.com\/christianpure.com\/wp-content\/uploads\/2024\/10\/6ec5e246-267b-4b4e-8433-da2446c095fe.jpg?fit=800%2C617&ssl=1&resize=525%2C300 1.5x, https:\/\/i0.wp.com\/christianpure.com\/wp-content\/uploads\/2024\/10\/6ec5e246-267b-4b4e-8433-da2446c095fe.jpg?fit=800%2C617&ssl=1&resize=700%2C400 2x"},"classes":[]},{"id":20394,"url":"https:\/\/christianpure.com\/pt\/learn\/diocesan-phase-completed-for-canonization-of-father-pedro-arrupe\/","url_meta":{"origin":104024,"position":2},"title":"Diocesan phase completed for canonization of Father Pedro Arrupe","author":"Christian Pure Team","date":"Abril 5, 2025","format":false,"excerpt":"[ad_1] Image of Father Pedro Arrupe, SJ, beside sealed boxes of documents compiled during the diocesan phase of his canonization cause. \/ Cr\u00c3\u00a9dito: Daniel Ib\u00c3\u00a1\u00c3\u00b1ez\/EWTN News Rome Newsroom, Nov 15, 2024 \/ 17:30 pm (CNA). Nov. 14 marked the closing of the diocesan phase of the cause for the beatification of Father Pedro Arrupe, the 28th superior general of the Society of Jesus.After more than five years of exhaustive research into the life, virtues, and reputation for holiness of the\u2026","rel":"","context":"In &quot;Christian News&quot;","block_context":{"text":"Christian News","link":"https:\/\/christianpure.com\/pt\/learn\/category\/christian-news\/"},"img":{"alt_text":"","src":"https:\/\/i0.wp.com\/christianpure.com\/wp-content\/uploads\/2024\/11\/arrupe.case_.jpeg?fit=1200%2C800&ssl=1&resize=350%2C200","width":350,"height":200,"srcset":"https:\/\/i0.wp.com\/christianpure.com\/wp-content\/uploads\/2024\/11\/arrupe.case_.jpeg?fit=1200%2C800&ssl=1&resize=350%2C200 1x, https:\/\/i0.wp.com\/christianpure.com\/wp-content\/uploads\/2024\/11\/arrupe.case_.jpeg?fit=1200%2C800&ssl=1&resize=525%2C300 1.5x, https:\/\/i0.wp.com\/christianpure.com\/wp-content\/uploads\/2024\/11\/arrupe.case_.jpeg?fit=1200%2C800&ssl=1&resize=700%2C400 2x, https:\/\/i0.wp.com\/christianpure.com\/wp-content\/uploads\/2024\/11\/arrupe.case_.jpeg?fit=1200%2C800&ssl=1&resize=1050%2C600 3x"},"classes":[]},{"id":65893,"url":"https:\/\/christianpure.com\/pt\/learn\/vatican-approves-beatification-cause-of-priest-who-pioneered-monastic-life-in-korea\/","url_meta":{"origin":104024,"position":3},"title":"Vatican approves beatification cause of priest who pioneered monastic life in Korea","author":"Christian Pure Team","date":"Janeiro 10, 2026","format":false,"excerpt":"St. Peter\u2019s Basilica in Vatican City. \/ Credit: Xosema (CC BY-SA 4.0) ACI Prensa Staff, Oct 7, 2025 \/ 07:00 am (CNA). The Archdiocese of Seoul announced that it has received authorization from the Vatican, or \u201cnihil obstat,\u201d to initiate the beatification cause of the priest who pioneered monastic life in Korea.According to the Vatican news agency Fides, Father Leo Bang Yu-ryong (1900\u20131986) will be recognized as a servant of God. With this permission, the archdiocese will be able to\u2026","rel":"","context":"In &quot;Christian News&quot;","block_context":{"text":"Christian News","link":"https:\/\/christianpure.com\/pt\/learn\/category\/christian-news\/"},"img":{"alt_text":"Vatican approves beatification cause of priest who pioneered monastic life in Korea","src":"https:\/\/i0.wp.com\/christianpure.com\/wp-content\/uploads\/2026\/01\/Vatican-approves-beatification-cause-of-priest-who-pioneered-monastic-life-in-Korea.webp?fit=672%2C448&ssl=1&resize=350%2C200","width":350,"height":200,"srcset":"https:\/\/i0.wp.com\/christianpure.com\/wp-content\/uploads\/2026\/01\/Vatican-approves-beatification-cause-of-priest-who-pioneered-monastic-life-in-Korea.webp?fit=672%2C448&ssl=1&resize=350%2C200 1x, https:\/\/i0.wp.com\/christianpure.com\/wp-content\/uploads\/2026\/01\/Vatican-approves-beatification-cause-of-priest-who-pioneered-monastic-life-in-Korea.webp?fit=672%2C448&ssl=1&resize=525%2C300 1.5x"},"classes":[]},{"id":52389,"url":"https:\/\/christianpure.com\/pt\/learn\/argentine-businessman-enrique-shaw-one-step-closer-to-beatification\/","url_meta":{"origin":104024,"position":4},"title":"Argentine businessman Enrique Shaw one step closer to beatification","author":"Christian Pure Team","date":"Agosto 11, 2025","format":false,"excerpt":"Venerable Enrique Shaw. \/ Credit: Acdeano, Public domain, via Wikimedia Commons Buenos Aires, Argentina, Jun 21, 2025 \/ 09:00 am (CNA). The cause for canonization of Venerable Enrique Shaw, an Argentine husband, father, and businessman remembered for his vocation of service and his close ties to the working class, took another step forward at the Vatican this week. In January, the miracle attributed to his intercession passed a medical review of its authenticity, and on June 17 the commission of\u2026","rel":"","context":"In &quot;Christian News&quot;","block_context":{"text":"Christian News","link":"https:\/\/christianpure.com\/pt\/learn\/category\/christian-news\/"},"img":{"alt_text":"Argentine businessman Enrique Shaw one step closer to beatification","src":"https:\/\/i0.wp.com\/christianpure.com\/wp-content\/uploads\/2025\/08\/Argentine-businessman-Enrique-Shaw-one-step-closer-to-beatification.webp?fit=800%2C457&ssl=1&resize=350%2C200","width":350,"height":200,"srcset":"https:\/\/i0.wp.com\/christianpure.com\/wp-content\/uploads\/2025\/08\/Argentine-businessman-Enrique-Shaw-one-step-closer-to-beatification.webp?fit=800%2C457&ssl=1&resize=350%2C200 1x, https:\/\/i0.wp.com\/christianpure.com\/wp-content\/uploads\/2025\/08\/Argentine-businessman-Enrique-Shaw-one-step-closer-to-beatification.webp?fit=800%2C457&ssl=1&resize=525%2C300 1.5x, https:\/\/i0.wp.com\/christianpure.com\/wp-content\/uploads\/2025\/08\/Argentine-businessman-Enrique-Shaw-one-step-closer-to-beatification.webp?fit=800%2C457&ssl=1&resize=700%2C400 2x"},"classes":[]},{"id":101033,"url":"https:\/\/christianpure.com\/pt\/learn\/macron-commemorates-french-priest-killed-by-islamic-extremists-10-years-ago\/","url_meta":{"origin":104024,"position":5},"title":"Macron commemorates French priest killed by Islamic extremists 10 years ago","author":"Christian Pure Team","date":"Julho 27, 2026","format":false,"excerpt":"French President Emmanuel Macron commemorated Father Jacques Hamel, an elderly priest murdered 10 years ago in his church during Mass by two Islamist terrorists on July 26, 2016, and whose cause for beatification is currently underway.\u201cWe have not forgotten Father Jacques Hamel. Ten years ago today, he was cowardly murdered by two Islamist terrorists \u2014 targeted because he embodied the rejection of hatred, as well as fraternity and hope,\u201d the French leader wrote on his X account on July 26.Tweet\u201cTo\u2026","rel":"","context":"In &quot;Christian News&quot;","block_context":{"text":"Christian News","link":"https:\/\/christianpure.com\/pt\/learn\/category\/christian-news\/"},"img":{"alt_text":"","src":"","width":0,"height":0},"classes":[]}],"jetpack_sharing_enabled":true,"jetpack_featured_media_url":"","mfb_rest_fields":["title","jetpack_publicize_connections","jetpack-related-posts","jetpack_sharing_enabled","jetpack_featured_media_url"],"_links":{"self":[{"href":"https:\/\/christianpure.com\/pt\/wp-json\/wp\/v2\/posts\/104024","targetHints":{"allow":["GET"]}}],"collection":[{"href":"https:\/\/christianpure.com\/pt\/wp-json\/wp\/v2\/posts"}],"about":[{"href":"https:\/\/christianpure.com\/pt\/wp-json\/wp\/v2\/types\/post"}],"author":[{"embeddable":true,"href":"https:\/\/christianpure.com\/pt\/wp-json\/wp\/v2\/users\/11"}],"replies":[{"embeddable":true,"href":"https:\/\/christianpure.com\/pt\/wp-json\/wp\/v2\/comments?post=104024"}],"version-history":[{"count":0,"href":"https:\/\/christianpure.com\/pt\/wp-json\/wp\/v2\/posts\/104024\/revisions"}],"wp:attachment":[{"href":"https:\/\/christianpure.com\/pt\/wp-json\/wp\/v2\/media?parent=104024"}],"wp:term":[{"taxonomy":"category","embeddable":true,"href":"https:\/\/christianpure.com\/pt\/wp-json\/wp\/v2\/categories?post=104024"},{"taxonomy":"post_tag","embeddable":true,"href":"https:\/\/christianpure.com\/pt\/wp-json\/wp\/v2\/tags?post=104024"},{"taxonomy":"series","embeddable":true,"href":"https:\/\/christianpure.com\/pt\/wp-json\/wp\/v2\/series?post=104024"}],"curies":[{"name":"wp","href":"https:\/\/api.w.org\/{rel}","templated":true}]}}