{"id":12451,"date":"2025-03-14T13:05:01","date_gmt":"2025-03-14T13:05:01","guid":{"rendered":"https:\/\/christianpure.com\/learn\/st-ignatius-of-antioch\/"},"modified":"2025-03-14T13:05:01","modified_gmt":"2025-03-14T13:05:01","slug":"st-ignatius-of-antioch","status":"publish","type":"post","link":"https:\/\/christianpure.com\/pt\/learn\/st-ignatius-of-antioch\/","title":{"rendered":"Santo In\u00e1cio de Antioquia"},"content":{"rendered":"<p> [ad_1]<br \/>\n<\/p>\n<div style=\"width: 100%;margin-bottom: 25px\">\n                  <img data-recalc-dims=\"1\" decoding=\"async\" src=\"https:\/\/i0.wp.com\/christianpure.com\/wp-content\/uploads\/2024\/10\/Antioch_17October.jpg?quality=80&#038;ssl=1\" style=\"display: block;margin: auto;max-width: 100%\" \/><br \/>\n                  <span style=\"text-align: right;font-style: italic\">Santo In\u00e1cio de Antioquia<\/span>\n              <\/div>\n<p>Data da festa: 17 de outubro<\/p>\n<p>A 17 de outubro, a Igreja Cat\u00f3lica Romana recorda o Padre da Igreja primitiva, bispo e m\u00e1rtir Santo In\u00e1cio de Antioquia, cujos escritos atestam a natureza sacramental e hier\u00e1rquica da Igreja desde os seus primeiros dias. Os cat\u00f3licos orientais e os crist\u00e3os ortodoxos orientais celebram a sua mem\u00f3ria a 20 de dezembro.<\/p>\n<p>\tNuma audi\u00eancia geral de 2007 sobre Santo In\u00e1cio de Antioquia, o Papa Bento XVI observou que \u201cnenhum Padre da Igreja expressou o desejo de uni\u00e3o com Cristo e de vida nele com a intensidade de In\u00e1cio\u201d. Nas suas cartas, disse o Papa, \u201csente-se a frescura da f\u00e9 da gera\u00e7\u00e3o que ainda tinha conhecido os Ap\u00f3stolos. Nestas cartas, pode sentir-se tamb\u00e9m o amor ardente de um santo\u201d.<\/p>\n<p>\tNascido na S\u00edria em meados do s\u00e9culo I d.C., diz-se que In\u00e1cio foi pessoalmente instru\u00eddo \u2013 juntamente com outro futuro m\u00e1rtir, S\u00e3o Policarpo \u2013 pelo Ap\u00f3stolo S\u00e3o Jo\u00e3o. Quando In\u00e1cio se tornou Bispo de Antioquia por volta do ano 70, assumiu a lideran\u00e7a de uma igreja local que, segundo a tradi\u00e7\u00e3o, foi primeiro liderada por S\u00e3o Pedro antes da sua mudan\u00e7a para Roma.<\/p>\n<p>\tEmbora S\u00e3o Pedro tenha transmitido o seu primado papal aos bispos de Roma e n\u00e3o de Antioquia, a cidade desempenhou um papel importante na vida da Igreja primitiva. Localizada na atual Turquia, era uma cidade principal do Imp\u00e9rio Romano e foi tamb\u00e9m o local onde os crentes nos ensinamentos de Jesus e na sua ressurrei\u00e7\u00e3o foram chamados pela primeira vez de \u201ccrist\u00e3os\u201d.<\/p>\n<p>\tIn\u00e1cio liderou os crist\u00e3os de Antioquia durante o reinado do imperador romano Domiciano, o primeiro dos imperadores a proclamar a sua divindade ao adotar o t\u00edtulo de \u201cSenhor e Deus\u201d. Os s\u00fabditos que n\u00e3o prestassem culto ao imperador sob este t\u00edtulo podiam ser punidos com a morte. Como l\u00edder de uma importante diocese cat\u00f3lica durante este per\u00edodo, In\u00e1cio mostrou coragem e trabalhou para inspir\u00e1-la nos outros.<\/p>\n<p>\tAp\u00f3s o assassinato de Domiciano no ano 96, o seu sucessor Nerva reinou apenas brevemente, sendo logo seguido pelo imperador Trajano. Sob o seu governo, os crist\u00e3os voltaram a estar sujeitos \u00e0 morte por negarem a religi\u00e3o pag\u00e3 do Estado e se recusarem a participar nos seus ritos. Foi durante o seu reinado que In\u00e1cio foi condenado pelo seu testemunho crist\u00e3o e enviado da S\u00edria para Roma para ser executado.<\/p>\n<p>\tEscoltado por uma equipa de guardas militares, In\u00e1cio conseguiu, no entanto, compor sete cartas: seis para v\u00e1rias igrejas locais por todo o imp\u00e9rio (incluindo a Igreja de Roma) e uma para o seu colega bispo Policarpo, que daria a sua pr\u00f3pria vida por Cristo v\u00e1rias d\u00e9cadas mais tarde.<\/p>\n<p>\tAs cartas de In\u00e1cio enfatizavam apaixonadamente a import\u00e2ncia da unidade da Igreja, os perigos da heresia e a import\u00e2ncia suprema da Eucaristia como o \u201crem\u00e9dio da imortalidade\u201d. Estes escritos cont\u00eam a primeira descri\u00e7\u00e3o escrita sobrevivente da Igreja como \u201cCat\u00f3lica\u201d, da palavra grega que indica tanto universalidade como plenitude.<\/p>\n<p>\tUma das caracter\u00edsticas mais marcantes das cartas de In\u00e1cio \u00e9 a sua ades\u00e3o entusi\u00e1stica ao mart\u00edrio como meio de uni\u00e3o com Deus e com a vida eterna. \u201cTodos os prazeres do mundo, e todos os reinos desta terra, de nada me aproveitar\u00e3o\u201d, escreveu ele \u00e0 Igreja de Roma. \u201c\u00c9 melhor para mim morrer em nome de Jesus Cristo do que reinar sobre todos os confins da terra.\u201d<\/p>\n<p>\t\u201cAgora come\u00e7o a ser disc\u00edpulo\u201d, declarou o bispo. \u201cQue venham o fogo e a cruz; que venham as multid\u00f5es de feras; que venham os rasg\u00f5es, as quebras e as desloca\u00e7\u00f5es de ossos; que venham os cortes de membros; que venham os estilha\u00e7amentos de todo o corpo; e que venham sobre mim todos os terr\u00edveis tormentos do diabo: que eu apenas alcance Jesus Cristo.\u201d<\/p>\n<p>\tSanto In\u00e1cio de Antioquia testemunhou Cristo publicamente pela \u00faltima vez no Anfiteatro Flaviano de Roma, onde foi morto por le\u00f5es. \u201cSou o trigo do Senhor\u201d, declarara ele, antes de os enfrentar. \u201cDevo ser mo\u00eddo pelos dentes destas feras para ser feito o p\u00e3o puro de Cristo.\u201d A sua mem\u00f3ria foi honrada, e os seus ossos venerados, pouco depois da sua morte por volta do ano 107.<\/p>\n<p>[ad_2]<br \/>\n<br \/><a href=\"https:\/\/www.catholicnewsagency.com\/saint\/st-ignatius-of-antioch-396\">Link da fonte <\/a><\/p>","protected":false},"excerpt":{"rendered":"<p>[ad_1] St. Ignatius of Antioch Feast date: Oct 17 On Oct. 17, the Roman Catholic Church remembers the early Church Father, bishop, and martyr Saint Ignatius of Antioch, whose writings attest to the sacramental and hierarchical nature of the Church from its earliest days. Eastern Catholics and Eastern Orthodox Christians celebrate his memory on Dec. [\u2026]<\/p>","protected":false},"author":1,"featured_media":12452,"comment_status":"open","ping_status":"closed","sticky":false,"template":"","format":"standard","meta":{"_acf_changed":false,"_jetpack_memberships_contains_paid_content":false,"footnotes":"","jetpack_publicize_message":"","jetpack_publicize_feature_enabled":true,"jetpack_social_post_already_shared":true,"jetpack_social_options":{"image_generator_settings":{"template":"highway","default_image_id":0,"font":"","enabled":false},"version":2},"_wpas_customize_per_network":false},"categories":[100],"tags":[],"series":[],"class_list":["post-12451","post","type-post","status-publish","format-standard","has-post-thumbnail","hentry","category-christian-news"],"mb":[],"acf":[],"jetpack_publicize_connections":[],"jetpack_featured_media_url":"https:\/\/i0.wp.com\/christianpure.com\/wp-content\/uploads\/2024\/10\/1729139945_Antioch_17October.jpg?fit=900%2C500&quality=80&ssl=1","jetpack-related-posts":[{"id":12520,"url":"https:\/\/christianpure.com\/pt\/learn\/st-ignatius-of-antioch-the-early-church-father-who-longed-for-union-with-christ\/","url_meta":{"origin":12451,"position":0},"title":"St. Ignatius of Antioch: the early Church Father who longed for union with Christ","author":"Christian Pure Team","date":"Outubro 18, 2024","format":false,"excerpt":"[ad_1] St. Ignatius of Antioch with the child Jesus. \/ Credit: Lorenzo Lotto, Public domain, via Wikimedia Commons CNA Staff, Oct 17, 2024 \/ 04:00 am (CNA). On Oct. 17, the Roman Catholic Church remembers the early Church Father, bishop, and martyr St. Ignatius of Antioch, whose writings attest to\u2026","rel":"","context":"In &quot;Christian News&quot;","block_context":{"text":"Christian News","link":"https:\/\/christianpure.com\/pt\/learn\/category\/christian-news\/"},"img":{"alt_text":"","src":"","width":0,"height":0},"classes":[]},{"id":37358,"url":"https:\/\/christianpure.com\/pt\/learn\/all-the-saints-and-church-fathers-pope-leo-xiv-quoted-in-his-first-week\/","url_meta":{"origin":12451,"position":1},"title":"All the saints and Church Fathers Pope Leo XIV quoted in his first week","author":"Christian Pure Team","date":"Maio 16, 2025","format":false,"excerpt":"Pope Leo XIV gives a blessing during a meeting with participants in the Jubilee of Eastern Churches on May 14, 2025, in the Paul VI Audience Hall at the Vatican. \/ Credit: Vatican Media Vatican City, May 15, 2025 \/ 15:33 pm (CNA). In the first week of Pope Leo\u2026","rel":"","context":"In &quot;Christian News&quot;","block_context":{"text":"Christian News","link":"https:\/\/christianpure.com\/pt\/learn\/category\/christian-news\/"},"img":{"alt_text":"","src":"https:\/\/i0.wp.com\/christianpure.com\/wp-content\/uploads\/2025\/05\/CNA_LOGOredblk-20.png?fit=1200%2C335&quality=69&ssl=1&resize=350%2C200","width":350,"height":200,"srcset":"https:\/\/i0.wp.com\/christianpure.com\/wp-content\/uploads\/2025\/05\/CNA_LOGOredblk-20.png?fit=1200%2C335&quality=69&ssl=1&resize=350%2C200 1x, https:\/\/i0.wp.com\/christianpure.com\/wp-content\/uploads\/2025\/05\/CNA_LOGOredblk-20.png?fit=1200%2C335&quality=69&ssl=1&resize=525%2C300 1.5x, https:\/\/i0.wp.com\/christianpure.com\/wp-content\/uploads\/2025\/05\/CNA_LOGOredblk-20.png?fit=1200%2C335&quality=69&ssl=1&resize=700%2C400 2x, https:\/\/i0.wp.com\/christianpure.com\/wp-content\/uploads\/2025\/05\/CNA_LOGOredblk-20.png?fit=1200%2C335&quality=69&ssl=1&resize=1050%2C600 3x"},"classes":[]},{"id":19120,"url":"https:\/\/christianpure.com\/pt\/learn\/st-evaristus-pope\/","url_meta":{"origin":12451,"position":2},"title":"St. Evaristus, Pope","author":"Christian Pure Team","date":"Outubro 26, 2024","format":false,"excerpt":"[ad_1] St. Evaristus, Pope Feast date: Oct 26 St. Evaristus was the son of a Greek Jew, originally from Bethlehem, and\u00c2\u00a0was the sixth Pope of the Catholic Church. He is traditionally considered a martyr, but there is no documentation of the event. He is buried in the\u00c2\u00a0Vatican,\u00c2\u00a0near Saint Peter.Saint Evaristus\u2026","rel":"","context":"In &quot;Christian News&quot;","block_context":{"text":"Christian News","link":"https:\/\/christianpure.com\/pt\/learn\/category\/christian-news\/"},"img":{"alt_text":"","src":"https:\/\/i0.wp.com\/christianpure.com\/wp-content\/uploads\/2024\/10\/1729971053_Evaristus_26October.jpg?fit=900%2C500&quality=80&ssl=1&resize=350%2C200","width":350,"height":200,"srcset":"https:\/\/i0.wp.com\/christianpure.com\/wp-content\/uploads\/2024\/10\/1729971053_Evaristus_26October.jpg?fit=900%2C500&quality=80&ssl=1&resize=350%2C200 1x, https:\/\/i0.wp.com\/christianpure.com\/wp-content\/uploads\/2024\/10\/1729971053_Evaristus_26October.jpg?fit=900%2C500&quality=80&ssl=1&resize=525%2C300 1.5x, https:\/\/i0.wp.com\/christianpure.com\/wp-content\/uploads\/2024\/10\/1729971053_Evaristus_26October.jpg?fit=900%2C500&quality=80&ssl=1&resize=700%2C400 2x"},"classes":[]},{"id":21436,"url":"https:\/\/christianpure.com\/pt\/learn\/st-francis-xavier\/","url_meta":{"origin":12451,"position":3},"title":"St. Francis Xavier","author":"Christian Pure Team","date":"Dezembro 3, 2024","format":false,"excerpt":"[ad_1] St. Francis Xavier Feast date: Dec 03 On Dec. 3, the Roman Catholic Church honors St. Francis Xavier, one of the first Jesuits who went on to evangelize vast portions of Asia. Francis Xavier was born during 1506 in the Kingdom of Navarre, a region now divided between Spain\u2026","rel":"","context":"In &quot;Christian News&quot;","block_context":{"text":"Christian News","link":"https:\/\/christianpure.com\/pt\/learn\/category\/christian-news\/"},"img":{"alt_text":"","src":"https:\/\/i0.wp.com\/christianpure.com\/wp-content\/uploads\/2024\/12\/1733257295_st-francis-xavier-406.jpg?fit=900%2C500&quality=80&ssl=1&resize=350%2C200","width":350,"height":200,"srcset":"https:\/\/i0.wp.com\/christianpure.com\/wp-content\/uploads\/2024\/12\/1733257295_st-francis-xavier-406.jpg?fit=900%2C500&quality=80&ssl=1&resize=350%2C200 1x, https:\/\/i0.wp.com\/christianpure.com\/wp-content\/uploads\/2024\/12\/1733257295_st-francis-xavier-406.jpg?fit=900%2C500&quality=80&ssl=1&resize=525%2C300 1.5x, https:\/\/i0.wp.com\/christianpure.com\/wp-content\/uploads\/2024\/12\/1733257295_st-francis-xavier-406.jpg?fit=900%2C500&quality=80&ssl=1&resize=700%2C400 2x"},"classes":[]},{"id":11592,"url":"https:\/\/christianpure.com\/pt\/learn\/roman-catholic-vs-catholic\/","url_meta":{"origin":12451,"position":4},"title":"&#8216;Roman Catholic&#8217; Vs. &#8216;Catholic&#8217;: What&#8217;s The Difference?","author":"Christian Pure Team","date":"Novembro 1, 2024","format":false,"excerpt":"Explore the differences between \"Roman Catholic\" and \"Catholic\" to clarify their meanings and implications for Christian unity today.","rel":"","context":"In &quot;Christian Education&quot;","block_context":{"text":"Christian Education","link":"https:\/\/christianpure.com\/pt\/learn\/category\/christian-education\/"},"img":{"alt_text":"","src":"https:\/\/i0.wp.com\/christianpure.com\/wp-content\/uploads\/2024\/11\/whats-the-difference-between-roman-catholic-and-catholic.webp?fit=1200%2C675&quality=75&ssl=1&resize=350%2C200","width":350,"height":200,"srcset":"https:\/\/i0.wp.com\/christianpure.com\/wp-content\/uploads\/2024\/11\/whats-the-difference-between-roman-catholic-and-catholic.webp?fit=1200%2C675&quality=75&ssl=1&resize=350%2C200 1x, https:\/\/i0.wp.com\/christianpure.com\/wp-content\/uploads\/2024\/11\/whats-the-difference-between-roman-catholic-and-catholic.webp?fit=1200%2C675&quality=75&ssl=1&resize=525%2C300 1.5x, https:\/\/i0.wp.com\/christianpure.com\/wp-content\/uploads\/2024\/11\/whats-the-difference-between-roman-catholic-and-catholic.webp?fit=1200%2C675&quality=75&ssl=1&resize=700%2C400 2x, https:\/\/i0.wp.com\/christianpure.com\/wp-content\/uploads\/2024\/11\/whats-the-difference-between-roman-catholic-and-catholic.webp?fit=1200%2C675&quality=75&ssl=1&resize=1050%2C600 3x"},"classes":[]},{"id":66640,"url":"https:\/\/christianpure.com\/pt\/learn\/vatican-approves-auxiliary-bishop-for-shanghai\/","url_meta":{"origin":12451,"position":5},"title":"Vatican approves auxiliary bishop for Shanghai","author":"Christian Pure Team","date":"Outubro 28, 2025","format":false,"excerpt":"Pope Leo gives an address in St. Peter's Basilica. 2025. \/ Credit: Vatican Media EWTN News, Oct 15, 2025 \/ 09:45 am (CNA). The Vatican announced Wednesday that Pope Leo XIV appointed Father Ignatius Wu Jianlin as auxiliary bishop of Shanghai on Aug. 11, with his episcopal ordination taking place\u2026","rel":"","context":"In &quot;Christian News&quot;","block_context":{"text":"Christian News","link":"https:\/\/christianpure.com\/pt\/learn\/category\/christian-news\/"},"img":{"alt_text":"Vatican approves auxiliary bishop for Shanghai","src":"https:\/\/i0.wp.com\/christianpure.com\/wp-content\/uploads\/2025\/10\/Vatican-approves-auxiliary-bishop-for-Shanghai.webp?fit=800%2C533&quality=75&ssl=1&resize=350%2C200","width":350,"height":200,"srcset":"https:\/\/i0.wp.com\/christianpure.com\/wp-content\/uploads\/2025\/10\/Vatican-approves-auxiliary-bishop-for-Shanghai.webp?fit=800%2C533&quality=75&ssl=1&resize=350%2C200 1x, https:\/\/i0.wp.com\/christianpure.com\/wp-content\/uploads\/2025\/10\/Vatican-approves-auxiliary-bishop-for-Shanghai.webp?fit=800%2C533&quality=75&ssl=1&resize=525%2C300 1.5x, https:\/\/i0.wp.com\/christianpure.com\/wp-content\/uploads\/2025\/10\/Vatican-approves-auxiliary-bishop-for-Shanghai.webp?fit=800%2C533&quality=75&ssl=1&resize=700%2C400 2x"},"classes":[]}],"jetpack_sharing_enabled":true,"mfb_rest_fields":["title","jetpack_publicize_connections","jetpack_featured_media_url","jetpack-related-posts","jetpack_sharing_enabled"],"_links":{"self":[{"href":"https:\/\/christianpure.com\/pt\/wp-json\/wp\/v2\/posts\/12451","targetHints":{"allow":["GET"]}}],"collection":[{"href":"https:\/\/christianpure.com\/pt\/wp-json\/wp\/v2\/posts"}],"about":[{"href":"https:\/\/christianpure.com\/pt\/wp-json\/wp\/v2\/types\/post"}],"author":[{"embeddable":true,"href":"https:\/\/christianpure.com\/pt\/wp-json\/wp\/v2\/users\/1"}],"replies":[{"embeddable":true,"href":"https:\/\/christianpure.com\/pt\/wp-json\/wp\/v2\/comments?post=12451"}],"version-history":[{"count":0,"href":"https:\/\/christianpure.com\/pt\/wp-json\/wp\/v2\/posts\/12451\/revisions"}],"wp:featuredmedia":[{"embeddable":true,"href":"https:\/\/christianpure.com\/pt\/wp-json\/wp\/v2\/media\/12452"}],"wp:attachment":[{"href":"https:\/\/christianpure.com\/pt\/wp-json\/wp\/v2\/media?parent=12451"}],"wp:term":[{"taxonomy":"category","embeddable":true,"href":"https:\/\/christianpure.com\/pt\/wp-json\/wp\/v2\/categories?post=12451"},{"taxonomy":"post_tag","embeddable":true,"href":"https:\/\/christianpure.com\/pt\/wp-json\/wp\/v2\/tags?post=12451"},{"taxonomy":"series","embeddable":true,"href":"https:\/\/christianpure.com\/pt\/wp-json\/wp\/v2\/series?post=12451"}],"curies":[{"name":"wp","href":"https:\/\/api.w.org\/{rel}","templated":true}]}}