{"id":3138,"date":"2024-05-24T19:08:57","date_gmt":"2024-05-24T19:08:57","guid":{"rendered":"https:\/\/christianpure.com\/adam-eve-mysterious-death\/"},"modified":"2024-12-21T18:58:23","modified_gmt":"2024-12-21T18:58:23","slug":"adam-eve-mysterious-death","status":"publish","type":"post","link":"https:\/\/christianpure.com\/pt\/learn\/adam-eve-mysterious-death\/","title":{"rendered":"Mist\u00e9rios da B\u00edblia: Como morreram Ad\u00e3o e Eva?"},"content":{"rendered":"<div class=\"pps-series-post-details pps-series-post-details-variant-classic pps-series-post-details-67899\" data-series-id=\"80\"><div class=\"pps-series-meta-content\"><div class=\"pps-series-meta-text\">Esta entrada \u00e9 a parte 15 de 38 da s\u00e9rie <a href=\"https:\/\/christianpure.com\/pt\/learn\/series\/adam-and-eve\/\">Ad\u00e3o e Eva<\/a><\/div><\/div><\/div>\n<h2 class=\"wp-block-heading\">O que diz a B\u00edblia realmente sobre como Ad\u00e3o e Eva morreram?<\/h2>\n\n\n\n<p>Quando recorremos \u00e0 Sagrada Escritura para compreender as mortes dos nossos primeiros pais, Ad\u00e3o e Eva, descobrimos que a B\u00edblia \u00e9 surpreendentemente silenciosa sobre os detalhes espec\u00edficos do seu falecimento. Este sil\u00eancio convida-nos a refletir mais profundamente sobre o significado das suas vidas e as consequ\u00eancias do pecado, em vez de nos concentrarmos nos pormenores das suas mortes.<\/p>\n\n\n\n<p>No livro do G\u00e9nesis, ap\u00f3s a desobedi\u00eancia de Ad\u00e3o e Eva no Jardim do \u00c9den, Deus pronuncia o julgamento sobre eles. A Ad\u00e3o, Ele diz: \u201cCom o suor do teu rosto comer\u00e1s o p\u00e3o, at\u00e9 que tornes \u00e0 terra, pois dela foste tomado; porque tu \u00e9s p\u00f3 e ao p\u00f3 tornar\u00e1s\u201d (G\u00e9nesis 3:19). Este vers\u00edculo estabelece a realidade da morte f\u00edsica como consequ\u00eancia do pecado, mas n\u00e3o descreve o momento real da morte de Ad\u00e3o.<\/p>\n\n\n\n<p>Mais adiante no G\u00e9nesis, encontramos uma breve men\u00e7\u00e3o \u00e0 morte de Ad\u00e3o: \u201cForam, pois, todos os dias que Ad\u00e3o viveu novecentos e trinta anos; e morreu\u201d (G\u00e9nesis 5:5). Esta simples declara\u00e7\u00e3o confirma que Ad\u00e3o sofreu a morte f\u00edsica, como Deus tinha previsto. Mas n\u00e3o fornece detalhes sobre as circunst\u00e2ncias ou a natureza do seu falecimento.<\/p>\n\n\n\n<p>Relativamente a Eva, a B\u00edblia \u00e9 ainda mais silenciosa. N\u00e3o h\u00e1 qualquer men\u00e7\u00e3o espec\u00edfica \u00e0 sua morte nas Escrituras. Esta aus\u00eancia levou a muita especula\u00e7\u00e3o e reflex\u00e3o ao longo dos s\u00e9culos sobre o significado do papel de Eva e o seu destino final.<\/p>\n\n\n\n<p>A falta de detalhes sobre as mortes de Ad\u00e3o e Eva na B\u00edblia lembra-nos que o objetivo principal da Escritura n\u00e3o \u00e9 satisfazer a nossa curiosidade sobre detalhes hist\u00f3ricos, mas revelar o plano de salva\u00e7\u00e3o de Deus. O foco n\u00e3o est\u00e1 em como morreram, mas em como as suas a\u00e7\u00f5es afetaram a rela\u00e7\u00e3o da humanidade com Deus e a promessa de reden\u00e7\u00e3o que se seguiu.<\/p>\n\n\n\n<h2 class=\"wp-block-heading\">Existem tradi\u00e7\u00f5es ou lendas extrab\u00edblicas sobre as suas mortes?<\/h2>\n\n\n\n<p>Embora a pr\u00f3pria B\u00edblia seja silenciosa sobre os detalhes espec\u00edficos das mortes de Ad\u00e3o e Eva, a imagina\u00e7\u00e3o humana, guiada pela f\u00e9 e pela tradi\u00e7\u00e3o, n\u00e3o permaneceu em sil\u00eancio. Ao longo dos s\u00e9culos, surgiram v\u00e1rias tradi\u00e7\u00f5es e lendas extrab\u00edblicas para preencher as lacunas deixadas pelas Escrituras. Estas hist\u00f3rias, embora n\u00e3o fa\u00e7am parte da nossa doutrina oficial, podem por vezes oferecer reflex\u00f5es e conhecimentos espirituais sobre o significado das vidas e mortes dos nossos primeiros pais.<\/p>\n\n\n\n<p>Um dos relatos extrab\u00edblicos mais proeminentes prov\u00e9m de um texto judaico conhecido como \u201cA Vida de Ad\u00e3o e Eva\u201d, que remonta ao primeiro s\u00e9culo d.C. (Graves, 2012, p. 152). Esta obra ap\u00f3crifa fornece uma narrativa elaborada das vidas de Ad\u00e3o e Eva ap\u00f3s a sua expuls\u00e3o do \u00c9den, incluindo detalhes sobre as suas mortes. De acordo com esta tradi\u00e7\u00e3o, Ad\u00e3o adoece e envia Eva e o seu filho Seth numa busca aos port\u00f5es do Para\u00edso para obter o \u00f3leo da miseric\u00f3rdia para a cura. Embora n\u00e3o tenham sucesso nesta miss\u00e3o, o arcanjo Miguel aparece para os informar da morte iminente de Ad\u00e3o.<\/p>\n\n\n\n<p>Em algumas vers\u00f5es desta lenda, diz-se que o corpo de Ad\u00e3o foi enterrado no centro da terra, que mais tarde se tornou o local da crucifica\u00e7\u00e3o de Cristo \u2013 uma liga\u00e7\u00e3o po\u00e9tica do primeiro Ad\u00e3o com o \u201cNovo Ad\u00e3o\u201d, Jesus Cristo (Graves, 2012, p. 152). Esta tradi\u00e7\u00e3o ilustra belamente como os primeiros crist\u00e3os procuraram ligar a hist\u00f3ria da queda da humanidade com a hist\u00f3ria da nossa reden\u00e7\u00e3o.<\/p>\n\n\n\n<p>Outras tradi\u00e7\u00f5es falam da morte de Eva, embora estas sejam ainda mais variadas e menos difundidas. Alguns relatos sugerem que Eva morreu pouco depois de Ad\u00e3o, dominada pela dor. Outros prop\u00f5em que ela continuou a viver para guiar os seus filhos e netos, transmitindo a sabedoria adquirida com as suas experi\u00eancias no \u00c9den.<\/p>\n\n\n\n<p>Na tradi\u00e7\u00e3o isl\u00e2mica, existem tamb\u00e9m hist\u00f3rias sobre as vidas e mortes posteriores de Ad\u00e3o e Eva. Alguns destes relatos falam de Ad\u00e3o e Eva serem reunidos ap\u00f3s uma longa separa\u00e7\u00e3o e viverem os seus dias em paz, procurando o perd\u00e3o pelo seu pecado (Iavoschi, 2008). Outros acreditam que foram separados em vida e assim permaneceram na morte, com o corpo de Ad\u00e3o enterrado na cidade de Meca e o corpo de Eva enterrado na cidade de Jeddah. Estas hist\u00f3rias servem como um lembrete da import\u00e2ncia de procurar o perd\u00e3o e a reconcilia\u00e7\u00e3o. De uma <a href=\"https:\/\/christianpure.com\/pt\/learn\/did-adam-and-eve-go-to-heaven\/\">perspetiva b\u00edblica sobre a vida ap\u00f3s a morte<\/a>, a escolha de procurar o perd\u00e3o e reconciliar-se com Deus \u00e9 crucial para o destino final dos indiv\u00edduos.<\/p>\n\n\n\n<p>\u00c9 importante lembrar que, embora estas tradi\u00e7\u00f5es extrab\u00edblicas possam ser espiritualmente enriquecedoras, n\u00e3o fazem parte da nossa Escritura revelada. Elas lembram-nos do impacto poderoso que a hist\u00f3ria de Ad\u00e3o e Eva teve na imagina\u00e7\u00e3o humana e na reflex\u00e3o espiritual ao longo da hist\u00f3ria.<\/p>\n\n\n\n<p>Estas lendas servem frequentemente para humanizar Ad\u00e3o e Eva, apresentando-os n\u00e3o apenas como figuras b\u00edblicas distantes, mas como pessoas reais que lutaram com as consequ\u00eancias das suas a\u00e7\u00f5es, procuraram a reconcilia\u00e7\u00e3o com Deus e enfrentaram a morte como todos n\u00f3s devemos enfrentar. Desta forma, podem ajudar-nos a ver as nossas pr\u00f3prias lutas e mortalidade refletidas na sua hist\u00f3ria.<\/p>\n\n\n\n<h2 class=\"wp-block-heading\">Quanto tempo viveram Ad\u00e3o e Eva de acordo com a cronologia b\u00edblica?<\/h2>\n\n\n\n<p>Quando consideramos os tempos de vida de Ad\u00e3o e Eva tal como apresentados na narrativa b\u00edblica, deparamo-nos com n\u00fameros que podem parecer surpreendentes para a nossa compreens\u00e3o moderna. No entanto, estes n\u00fameros convidam-nos a refletir mais profundamente sobre a natureza do tempo, da vida e dos prop\u00f3sitos de Deus na hist\u00f3ria inicial da humanidade.<\/p>\n\n\n\n<p>De acordo com a cronologia apresentada no livro do G\u00e9nesis, Ad\u00e3o viveu durante um tempo extraordinariamente longo. Lemos em G\u00e9nesis 5:5: \u201cForam, pois, todos os dias que Ad\u00e3o viveu novecentos e trinta anos; e morreu\u201d (Kelly, 2014, pp. 13\u201328). Esta declara\u00e7\u00e3o fornece-nos um n\u00famero claro para o tempo de vida de Ad\u00e3o, embora possa desafiar as nossas expectativas contempor\u00e2neas de longevidade humana.<\/p>\n\n\n\n<p>Relativamente a Eva, a B\u00edblia n\u00e3o fornece um n\u00famero espec\u00edfico para os seus anos. Este sil\u00eancio levou a v\u00e1rias interpreta\u00e7\u00f5es e especula\u00e7\u00f5es ao longo da hist\u00f3ria. Algumas tradi\u00e7\u00f5es assumem que Eva viveu um tempo de vida semelhante ao de Ad\u00e3o, enquanto outras sugerem que ela pode ter morrido mais cedo ou at\u00e9 mesmo sobrevivido a ele. A falta de informa\u00e7\u00f5es espec\u00edficas sobre o tempo de vida de Eva nas Escrituras lembra-nos de sermos cautelosos ao fazer afirma\u00e7\u00f5es definitivas onde a pr\u00f3pria B\u00edblia \u00e9 silenciosa.<\/p>\n\n\n\n<p>\u00c9 importante compreender que estes longos tempos de vida s\u00e3o uma caracter\u00edstica das genealogias nos primeiros cap\u00edtulos do G\u00e9nesis. Outros patriarcas pr\u00e9-diluvianos s\u00e3o tamb\u00e9m descritos como vivendo durante s\u00e9culos \u2013 Matusal\u00e9m, por exemplo, \u00e9 registado como tendo vivido 969 anos (G\u00e9nesis 5:27), o tempo de vida mais longo mencionado na B\u00edblia.<\/p>\n\n\n\n<p>Como devemos compreender estas idades extraordin\u00e1rias? Alguns interpretam-nas literalmente, vendo-as como um reflexo de condi\u00e7\u00f5es diferentes no mundo pr\u00e9-diluviano. Outros veem-nas simbolicamente, compreendendo-as como formas de expressar a import\u00e2ncia e a influ\u00eancia destas figuras iniciais na hist\u00f3ria humana. Outros ainda veem-nas como parte do estilo liter\u00e1rio das genealogias do antigo Pr\u00f3ximo Oriente, que frequentemente atribu\u00edam grandes idades aos principais antepassados.<\/p>\n\n\n\n<p>Qualquer que seja a abordagem que adotemos a estes n\u00fameros, devemos lembrar-nos de que o objetivo principal da Escritura n\u00e3o \u00e9 fornecer-nos dados hist\u00f3ricos ou cient\u00edficos precisos, mas transmitir verdades espirituais sobre a rela\u00e7\u00e3o de Deus com a humanidade. Os longos tempos de vida de Ad\u00e3o e dos primeiros patriarcas podem ser vistos como enfatizando a trag\u00e9dia da morte que entrou no mundo atrav\u00e9s do pecado \u2013 mesmo aqueles que viveram durante s\u00e9culos acabaram por sucumbir \u00e0 mortalidade.<\/p>\n\n\n\n<p>Estes tempos de vida prolongados podem lembrar-nos da vida eterna para a qual fomos originalmente criados e para a qual somos chamados em Cristo. Como refletiu Santo Agostinho, os nossos cora\u00e7\u00f5es est\u00e3o inquietos at\u00e9 que descansem em Deus, e talvez estas vidas longas apontem para esse profundo desejo de eternidade plantado dentro de n\u00f3s.<\/p>\n\n\n\n<h2 class=\"wp-block-heading\">Ad\u00e3o e Eva sofreram a morte f\u00edsica como resultado do seu pecado no \u00c9den?<\/h2>\n\n\n\n<p>Esta quest\u00e3o toca num dos mist\u00e9rios mais poderosos da nossa f\u00e9 \u2013 a rela\u00e7\u00e3o entre o pecado e a morte. Para a responder, devemos considerar cuidadosamente o que a Escritura nos diz e como a Igreja compreendeu este ensinamento ao longo dos s\u00e9culos.<\/p>\n\n\n\n<p>Quando olhamos para a narrativa no G\u00e9nesis, vemos que Deus avisa Ad\u00e3o sobre as consequ\u00eancias de comer da \u00e1rvore do conhecimento do bem e do mal: \u201cporque no dia em que dela comeres, certamente morrer\u00e1s\u201d (G\u00e9nesis 2:17). Ap\u00f3s a desobedi\u00eancia de Ad\u00e3o e Eva, Deus pronuncia o julgamento, dizendo a Ad\u00e3o: \u201ctu \u00e9s p\u00f3 e ao p\u00f3 tornar\u00e1s\u201d (G\u00e9nesis 3:19). Estas passagens sugerem fortemente uma liga\u00e7\u00e3o entre o pecado e a morte f\u00edsica (Schwertley, 2013).<\/p>\n\n\n\n<p>O Novo Testamento refor\u00e7a ainda mais esta compreens\u00e3o. S\u00e3o Paulo, na sua carta aos Romanos, escreve: \u201cPortanto, como por um homem entrou o pecado no mundo, e pelo pecado a morte, assim tamb\u00e9m a morte passou a todos os homens, por isso que todos pecaram\u201d (Romanos 5:12). Esta passagem tem sido fundamental na compreens\u00e3o da Igreja sobre o pecado original e as suas consequ\u00eancias.<\/p>\n\n\n\n<p>Mas devemos ter cuidado para n\u00e3o simplificar excessivamente este mist\u00e9rio poderoso. O efeito imediato do pecado de Ad\u00e3o e Eva n\u00e3o foi a morte f\u00edsica instant\u00e2nea, mas sim uma mudan\u00e7a na sua rela\u00e7\u00e3o com Deus e com a cria\u00e7\u00e3o. Eles sofreram a morte espiritual \u2013 uma separa\u00e7\u00e3o de Deus \u2013 imediatamente, mas continuaram a viver fisicamente durante muitos anos depois (Kelly, 2014, pp. 13\u201328).<\/p>\n\n\n\n<p>Alguns te\u00f3logos e estudiosos b\u00edblicos sugeriram que Ad\u00e3o e Eva foram criados com o potencial para a imortalidade, que foi perdido atrav\u00e9s do pecado. Nesta vis\u00e3o, a morte f\u00edsica tornou-se uma inevitabilidade, em vez de uma consequ\u00eancia imediata. Esta interpreta\u00e7\u00e3o alinha-se com o relato b\u00edblico de Ad\u00e3o viver 930 anos antes de morrer (G\u00e9nesis 5:5).<\/p>\n\n\n\n<p>\u00c9 tamb\u00e9m importante notar que nem todas as tradi\u00e7\u00f5es crist\u00e3s interpretam estas passagens da mesma forma. Algumas veem a \u201cmorte\u201d mencionada em G\u00e9nesis 2:17 como principalmente espiritual, enquanto outras entendem-na como abrangendo dimens\u00f5es tanto espirituais como f\u00edsicas (Schwertley, 2013).<\/p>\n\n\n\n<p>O que podemos dizer com certeza \u00e9 que, de acordo com a Escritura e o ensinamento da Igreja, o pecado de Ad\u00e3o e Eva teve consequ\u00eancias poderosas para toda a humanidade, incluindo a realidade da morte f\u00edsica. Como afirma o Catecismo da Igreja Cat\u00f3lica: \u201cO ensinamento da Igreja sobre a transmiss\u00e3o do pecado original foi articulado com mais precis\u00e3o no s\u00e9culo V, especialmente sob o impulso das reflex\u00f5es de Santo Agostinho contra o pelagianismo, e no s\u00e9culo XVI, em oposi\u00e7\u00e3o \u00e0 Reforma Protestante. Pel\u00e1gio sustentava que o homem poderia, pelo poder natural do livre arb\u00edtrio e sem a ajuda necess\u00e1ria da gra\u00e7a de Deus, levar uma vida moralmente boa; ele reduziu assim a influ\u00eancia da falta de Ad\u00e3o a um mau exemplo\u201d (CIC 406).<\/p>\n\n\n\n<p>No entanto, n\u00e3o nos esque\u00e7amos de que este n\u00e3o \u00e9 o fim da hist\u00f3ria. Atrav\u00e9s de Cristo, o \u201cnovo Ad\u00e3o\u201d, temos a esperan\u00e7a de superar tanto o pecado como a morte. Como S\u00e3o Paulo nos lembra: \u201cPorque, assim como todos morrem em Ad\u00e3o, assim tamb\u00e9m todos ser\u00e3o vivificados em Cristo\u201d (1 Cor\u00edntios 15:22). Sob esta luz, vemos que a hist\u00f3ria de Ad\u00e3o e Eva \u00e9, em \u00faltima an\u00e1lise, uma hist\u00f3ria de esperan\u00e7a \u2013 uma esperan\u00e7a cumprida na ressurrei\u00e7\u00e3o de Cristo e prometida a todos os que n\u2019Ele creem.<\/p>\n\n\n\n<h2 class=\"wp-block-heading\">Que significado teol\u00f3gico tem a morte de Ad\u00e3o e Eva?<\/h2>\n\n\n\n<p>A morte de Ad\u00e3o e Eva, os nossos primeiros pais, det\u00e9m um significado teol\u00f3gico poderoso que toca o pr\u00f3prio cora\u00e7\u00e3o da nossa f\u00e9 e a nossa compreens\u00e3o do plano de Deus para a humanidade. A sua morte n\u00e3o \u00e9 meramente um evento hist\u00f3rico, mas uma realidade teol\u00f3gica que molda a nossa compreens\u00e3o do pecado, da reden\u00e7\u00e3o e da condi\u00e7\u00e3o humana.<\/p>\n\n\n\n<p>A morte de Ad\u00e3o e Eva serve como um lembrete pungente das consequ\u00eancias do pecado. A sua desobedi\u00eancia no Jardim do \u00c9den trouxe a morte ao mundo, n\u00e3o apenas para eles pr\u00f3prios, mas para toda a humanidade. Como escreve S\u00e3o Paulo: \u201cPortanto, como por um homem entrou o pecado no mundo, e pelo pecado a morte, assim tamb\u00e9m a morte passou a todos os homens, por isso que todos pecaram\u201d (Romanos 5:12). Esta compreens\u00e3o forma a base da doutrina do pecado original, que nos ensina sobre a universalidade do pecado e a nossa necessidade de salva\u00e7\u00e3o (Kelly, 2014, pp. 13\u201328).<\/p>\n\n\n\n<p>Mas n\u00e3o devemos ver isto apenas como uma hist\u00f3ria de condena\u00e7\u00e3o. A morte de Ad\u00e3o e Eva tamb\u00e9m nos aponta para a miseric\u00f3rdia de Deus e o Seu plano de reden\u00e7\u00e3o. Mesmo quando Deus pronuncia o julgamento em G\u00e9nesis 3, Ele fornece o primeiro vislumbre de esperan\u00e7a \u2013 o protoevangelho ou \u201cprimeiro evangelho\u201d \u2013 prometendo que a descend\u00eancia da mulher esmagar\u00e1 a cabe\u00e7a da serpente (G\u00e9nesis 3:15). Isto prefigura a vit\u00f3ria de Cristo sobre o pecado e a morte, mostrando que o plano de salva\u00e7\u00e3o de Deus foi posto em movimento desde o pr\u00f3prio momento da queda da humanidade.<\/p>\n\n\n\n<p>As mortes de Ad\u00e3o e Eva destacam tamb\u00e9m a realidade da mortalidade humana e a nossa depend\u00eancia de Deus. A sua hist\u00f3ria lembra-nos que somos criaturas, formadas do p\u00f3 da terra, e que as nossas vidas s\u00e3o um presente de Deus. Como lemos no Eclesiastes: \u201cLembra-te do teu Criador... antes que o p\u00f3 volte \u00e0 terra, como o era, e o esp\u00edrito volte a Deus, que o deu\u201d (Eclesiastes 12:1,7). Esta consci\u00eancia da nossa mortalidade pode levar-nos a uma aprecia\u00e7\u00e3o mais profunda da vida e a uma maior confian\u00e7a na gra\u00e7a de Deus.<\/p>\n\n\n\n<p>O significado teol\u00f3gico da morte de Ad\u00e3o e Eva estende-se \u00e0 nossa compreens\u00e3o do papel de Cristo na hist\u00f3ria da salva\u00e7\u00e3o. S\u00e3o Paulo tra\u00e7a um paralelo entre Ad\u00e3o e Cristo, chamando a Cristo o \u201c\u00faltimo Ad\u00e3o\u201d (1 Cor\u00edntios 15:45). Onde o primeiro Ad\u00e3o trouxe a morte atrav\u00e9s da desobedi\u00eancia, Cristo traz a vida atrav\u00e9s da Sua obedi\u00eancia. Esta tipologia ajuda-nos a compreender o significado c\u00f3smico da encarna\u00e7\u00e3o, morte e ressurrei\u00e7\u00e3o de Cristo (Kelly, 2014, pp. 13\u201328).<\/p>\n\n\n\n<p>A morte de Ad\u00e3o e Eva sublinha tamb\u00e9m a import\u00e2ncia do livre arb\u00edtrio e da responsabilidade moral. A sua escolha de desobedecer a Deus teve consequ\u00eancias de longo alcance, lembrando-nos do peso das nossas pr\u00f3prias escolhas morais. No entanto, aponta tamb\u00e9m para a dignidade que Deus nos conferiu como seres capazes de escolher amar e obedecer-Lhe.<\/p>\n\n\n\n<p>Finalmente, lembremo-nos de que a hist\u00f3ria de Ad\u00e3o e Eva, incluindo a sua morte, \u00e9, em \u00faltima an\u00e1lise, uma hist\u00f3ria de esperan\u00e7a. Revela um Deus que n\u00e3o abandona a Sua cria\u00e7\u00e3o mesmo quando esta se afasta d\u2019Ele. Em vez disso, Ele inicia um grande plano de reden\u00e7\u00e3o que culmina no envio do Seu pr\u00f3prio Filho. Como Santo Ireneu expressou belamente: \u201cO neg\u00f3cio do crist\u00e3o n\u00e3o \u00e9 outra coisa sen\u00e3o estar sempre a preparar-se para a morte.\u201d<\/p>\n\n\n\n<p>Que o significado teol\u00f3gico da morte de Ad\u00e3o e Eva nos inspire a viver em gratid\u00e3o pela miseric\u00f3rdia de Deus, na consci\u00eancia da nossa necessidade de salva\u00e7\u00e3o e na esperan\u00e7a da vida eterna prometida a n\u00f3s em Cristo. Esforcemo-nos por ser mordomos fi\u00e9is da vida que Deus nos deu, lembrando-nos sempre de que em Cristo, a morte perdeu o seu aguilh\u00e3o, e temos a promessa da ressurrei\u00e7\u00e3o e da vida eterna.<\/p>\n\n\n\n<h2 class=\"wp-block-heading\">Como \u00e9 que as diferentes denomina\u00e7\u00f5es crist\u00e3s interpretam as mortes de Ad\u00e3o e Eva?<\/h2>\n\n\n\n<p>A interpreta\u00e7\u00e3o das mortes de Ad\u00e3o e Eva varia entre as denomina\u00e7\u00f5es crist\u00e3s, refletindo a vasta rede das nossas tradi\u00e7\u00f5es de f\u00e9. No entanto, nesta diversidade, encontramos um fio condutor \u2013 o reconhecimento da morte como uma consequ\u00eancia poderosa da separa\u00e7\u00e3o da humanidade de Deus.<\/p>\n\n\n\n<p>Na tradi\u00e7\u00e3o cat\u00f3lica, com a qual estou mais familiarizado, entendemos a morte de Ad\u00e3o e Eva como sendo tanto f\u00edsica como espiritual. O Catecismo da Igreja Cat\u00f3lica ensina que, atrav\u00e9s do pecado original, a natureza humana foi ferida, sujeita \u00e0 ignor\u00e2ncia, ao sofrimento e ao dom\u00ednio da morte (Wajda, 2021). Esta morte \u00e9 vista n\u00e3o meramente como o fim da vida terrena, mas como uma separa\u00e7\u00e3o da plenitude da vida em Deus.<\/p>\n\n\n\n<p>Os nossos irm\u00e3os e irm\u00e3s ortodoxos veem a quest\u00e3o atrav\u00e9s de uma lente ligeiramente diferente. Tendem a enfatizar que a heran\u00e7a de Ad\u00e3o n\u00e3o \u00e9 tanto a culpa, mas sim a heran\u00e7a da morte (Spangenberg, 2013, pp. 1\u20138). Nesta vis\u00e3o, a morte \u00e9 vista como uma realidade c\u00f3smica que afeta toda a cria\u00e7\u00e3o, n\u00e3o apenas a humanidade.<\/p>\n\n\n\n<p>Many Protestant denominations, particularly those in the Reformed tradition, interpret Adam and Eve&#8217;s death as the fulfillment of God&#8217;s warning in Genesis 2:17, &#8220;for in the day that you eat of it you shall surely die.&#8221; They often see this death as immediate spiritual death (separation from God) followed by eventual physical death(Stump &amp; Meister, 2021).<\/p>\n\n\n\n<p>Algumas denomina\u00e7\u00f5es e te\u00f3logos protestantes mais liberais reinterpretaram a hist\u00f3ria de Ad\u00e3o e Eva como um relato metaf\u00f3rico em vez de um evento hist\u00f3rico. Sob esta \u00f3tica, a \u201cmorte\u201d de Ad\u00e3o e Eva pode ser entendida como uma representa\u00e7\u00e3o simb\u00f3lica da consci\u00eancia existencial da humanidade sobre a mortalidade e a finitude (Haight, 2021). Esta perspectiva permite uma compreens\u00e3o mais matizada da narrativa b\u00edblica, abrindo discuss\u00f5es sobre a natureza do pecado, da inoc\u00eancia e da condi\u00e7\u00e3o humana. Tamb\u00e9m se cruza com debates teol\u00f3gicos em curso sobre o conceito de ressurrei\u00e7\u00e3o e a vida ap\u00f3s a morte. A <a href=\"https:\/\/christianpure.com\/pt\/learn\/bible-resurrection-of-adam-eve\/\">O debate sobre a ressurrei\u00e7\u00e3o de Ad\u00e3o e Eva<\/a>, em particular, levanta quest\u00f5es sobre o papel reconciliador de Cristo e o conceito de renascimento espiritual dentro do Cristianismo.<\/p>\n\n\n\n<p>Evangelical Christians often maintain a more literal interpretation, seeing Adam and Eve&#8217;s death as both spiritual and physical, with far-reaching consequences for all of humanity. They typically emphasize that this death brought about the need for salvation through Christ(Stump &amp; Meister, 2021).<\/p>\n\n\n\n<p>Atrav\u00e9s destas interpreta\u00e7\u00f5es variadas, vemos um reconhecimento comum do poderoso impacto do pecado na condi\u00e7\u00e3o humana. Quer sejam entendidas literal ou metaforicamente, as mortes de Ad\u00e3o e Eva lembram-nos da nossa necessidade da gra\u00e7a de Deus e da esperan\u00e7a de reden\u00e7\u00e3o oferecida atrav\u00e9s de Cristo.<\/p>\n\n\n\n<p>Como seguidores de Cristo, independentemente das nossas diferen\u00e7as denominacionais, somos chamados a refletir sobre esta hist\u00f3ria fundamental n\u00e3o para nos dividir, mas para nos unir na nossa necessidade partilhada da miseric\u00f3rdia e do amor de Deus. Abordemos estas diferentes interpreta\u00e7\u00f5es com humildade e abertura, reconhecendo que, na nossa diversidade, todos procuramos compreender as profundezas do amor de Deus e o mist\u00e9rio da nossa condi\u00e7\u00e3o humana.<\/p>\n\n\n\n<h2 class=\"wp-block-heading\">Que evid\u00eancias cient\u00edficas ou hist\u00f3ricas, se existirem, se relacionam com as mortes dos primeiros seres humanos?<\/h2>\n\n\n\n<p>De uma perspectiva cient\u00edfica, o conceito de \u201cprimeiros humanos\u201d \u00e9 complexo. A biologia evolutiva sugere que a nossa esp\u00e9cie, Homo sapiens, surgiu gradualmente ao longo do tempo em vez de aparecer subitamente. Isto torna dif\u00edcil identificar \u201cprimeiros humanos\u201d espec\u00edficos num contexto cient\u00edfico (Ouassou et al., 2020).<\/p>\n\n\n\n<p>A paleoantropologia, o estudo da evolu\u00e7\u00e3o humana atrav\u00e9s de evid\u00eancias f\u00f3sseis, fornece conhecimentos sobre a mortalidade dos primeiros humanos. Os registos f\u00f3sseis mostram que a morte tem sido uma companheira constante da vida desde as suas formas mais primitivas. Os nossos antigos ancestrais humanos, como todos os seres vivos, estavam sujeitos \u00e0 morte por v\u00e1rias causas, incluindo doen\u00e7as, preda\u00e7\u00e3o, acidentes e fatores relacionados com a idade (Corpa, 2006, pp. 631\u2013640).<\/p>\n\n\n\n<p>Estudos gen\u00e9ticos revelaram informa\u00e7\u00f5es interessantes sobre a mortalidade humana. Por exemplo, a investiga\u00e7\u00e3o sobre o ADN mitocondrial levou ao conceito de \u201cEva Mitocondrial\u201d, uma ancestral feminina te\u00f3rica de quem todos os humanos vivos herdam o seu ADN mitocondrial. Mas este indiv\u00edduo n\u00e3o era a \u00fanica mulher viva no seu tempo, nem o \u201cprimeiro humano\u201d num sentido b\u00edblico (Nomura, 2006, pp. B83-97).<\/p>\n\n\n\n<p>Evid\u00eancias hist\u00f3ricas, no sentido de registos escritos ou artefactos diretamente relacionados com os b\u00edblicos Ad\u00e3o e Eva, s\u00e3o inexistentes. A hist\u00f3ria de Ad\u00e3o e Eva chega at\u00e9 n\u00f3s atrav\u00e9s de textos e tradi\u00e7\u00f5es religiosas, n\u00e3o atrav\u00e9s de descobertas arqueol\u00f3gicas (Wajda, 2021).<\/p>\n\n\n\n<p>Mas as evid\u00eancias hist\u00f3ricas e arqueol\u00f3gicas fornecem conhecimentos sobre a compreens\u00e3o humana primitiva da morte. As pr\u00e1ticas funer\u00e1rias antigas, encontradas em v\u00e1rias culturas, demonstram que os primeiros humanos lidavam com a realidade da morte e acreditavam frequentemente em alguma forma de vida ap\u00f3s a morte (Lorimer, 2006, pp. 497\u2013518).<\/p>\n\n\n\n<p>Embora a ci\u00eancia possa informar a nossa compreens\u00e3o das origens e da mortalidade humanas, ela opera dentro do dom\u00ednio de fen\u00f3menos observ\u00e1veis e test\u00e1veis. O relato b\u00edblico de Ad\u00e3o e Eva, por outro lado, aborda quest\u00f5es de significado \u00faltimo, prop\u00f3sito e a rela\u00e7\u00e3o da humanidade com Deus \u2013 \u00e1reas que est\u00e3o para al\u00e9m do \u00e2mbito da investiga\u00e7\u00e3o cient\u00edfica.<\/p>\n\n\n\n<p>Eu encorajaria-nos a ver as descobertas cient\u00edficas n\u00e3o como uma amea\u00e7a \u00e0 f\u00e9, mas como um convite para aprofundar a nossa compreens\u00e3o da cria\u00e7\u00e3o de Deus. Na Laudato Si\u2019, escrevi: \u201cAs narrativas b\u00edblicas da cria\u00e7\u00e3o convidam-nos a ver cada ser humano como um sujeito que nunca pode ser reduzido ao estatuto de objeto\u201d. Esta perspectiva permite-nos apreciar os conhecimentos cient\u00edficos enquanto mantemos a poderosa dignidade e o significado espiritual de cada vida humana.<\/p>\n\n\n\n<p>Abordemos estas descobertas cient\u00edficas com admira\u00e7\u00e3o e humildade, reconhecendo que elas revelam a incr\u00edvel complexidade e beleza da cria\u00e7\u00e3o de Deus. Ao mesmo tempo, n\u00e3o percamos de vista as verdades espirituais transmitidas na hist\u00f3ria de Ad\u00e3o e Eva \u2013 verdades sobre a nossa rela\u00e7\u00e3o com Deus, a nossa capacidade tanto para o bem como para o mal, e a nossa necessidade da gra\u00e7a divina.<\/p>\n\n\n\n<p>No final, embora a ci\u00eancia nos possa dizer muito sobre como os humanos vivem e morrem, \u00e9 a nossa f\u00e9 que d\u00e1 o significado \u00faltimo \u00e0 nossa exist\u00eancia e oferece esperan\u00e7a face \u00e0 morte. Como crist\u00e3os, somos chamados a envolver-nos com o conhecimento cient\u00edfico de forma ponderada e cr\u00edtica, sempre \u00e0 luz da nossa f\u00e9 num Criador amoroso que deseja o nosso bem supremo.<\/p>\n\n\n\n<h2 class=\"wp-block-heading\">Como \u00e9 que a morte de Ad\u00e3o e Eva se liga \u00e0 doutrina crist\u00e3 do pecado original?<\/h2>\n\n\n\n<p>A liga\u00e7\u00e3o entre a morte de Ad\u00e3o e Eva e a doutrina do pecado original \u00e9 um aspeto poderoso e complexo da nossa f\u00e9 crist\u00e3. Toca no pr\u00f3prio cora\u00e7\u00e3o da nossa compreens\u00e3o da condi\u00e7\u00e3o humana e da nossa necessidade do amor redentor de Deus.<\/p>\n\n\n\n<p>A doutrina do pecado original, tal como se desenvolveu na teologia crist\u00e3, est\u00e1 intimamente ligada ao relato da desobedi\u00eancia de Ad\u00e3o e Eva e da sua subsequente morte, conforme descrito no livro do G\u00e9nesis. Esta doutrina ensina-nos que, atrav\u00e9s do primeiro pecado dos nossos pais primordiais, a harmonia da cria\u00e7\u00e3o foi perturbada e a morte entrou no mundo (Wajda, 2021).<\/p>\n\n\n\n<p>Na tradi\u00e7\u00e3o cat\u00f3lica, o Catecismo explica que \u201cAd\u00e3o e Eva transmitiram aos seus descendentes a natureza humana ferida pelo seu primeiro pecado e, portanto, privada da santidade e justi\u00e7a originais; esta priva\u00e7\u00e3o \u00e9 chamada de \u2018pecado original\u2019\u201d (CCC 417). Esta ferida na natureza humana inclui a sujei\u00e7\u00e3o \u00e0 ignor\u00e2ncia, ao sofrimento e ao dom\u00ednio da morte (Wajda, 2021).<\/p>\n\n\n\n<p>O Ap\u00f3stolo Paulo, na sua carta aos Romanos, estabelece uma liga\u00e7\u00e3o direta entre o pecado, a morte e Ad\u00e3o: \u201cPortanto, assim como por um s\u00f3 homem entrou o pecado no mundo, e pelo pecado a morte, assim tamb\u00e9m a morte passou a todos os homens, porque todos pecaram\u201d (Romanos 5,12). Esta passagem tem sido fundamental na forma\u00e7\u00e3o da compreens\u00e3o crist\u00e3 do pecado original e das suas consequ\u00eancias (Spangenberg, 2013, pp. 1\u20138).<\/p>\n\n\n\n<p>Mas as interpreta\u00e7\u00f5es desta doutrina variam entre as tradi\u00e7\u00f5es crist\u00e3s. O Cristianismo Ortodoxo Oriental, por exemplo, tende a enfatizar a heran\u00e7a da morte em vez da culpa de Ad\u00e3o. Eles veem as consequ\u00eancias do pecado de Ad\u00e3o mais em termos de uma corrup\u00e7\u00e3o da natureza humana e da introdu\u00e7\u00e3o da morte no mundo, do que na transmiss\u00e3o de culpa pessoal (Spangenberg, 2013, pp. 1\u20138).<\/p>\n\n\n\n<p>Alguns te\u00f3logos contempor\u00e2neos procuraram reinterpretar a doutrina do pecado original \u00e0 luz da compreens\u00e3o cient\u00edfica moderna. Eles sugerem que, em vez de uma queda hist\u00f3rica de um estado original de perfei\u00e7\u00e3o, o pecado original poderia ser entendido como uma descri\u00e7\u00e3o da tend\u00eancia humana universal para o ego\u00edsmo e a separa\u00e7\u00e3o de Deus (Haight, 2021).<\/p>\n\n\n\n<p>Apesar destas interpreta\u00e7\u00f5es variadas, a vis\u00e3o central da doutrina permanece: a humanidade encontra-se num estado de aliena\u00e7\u00e3o de Deus, propensa ao pecado e sujeita \u00e0 morte. A morte de Ad\u00e3o e Eva, quer seja entendida literal ou simbolicamente, representa esta rutura fundamental na rela\u00e7\u00e3o humano-divina.<\/p>\n\n\n\n<p>No entanto, nunca devemos esquecer que a mensagem crist\u00e3 n\u00e3o termina com a queda e a morte de Ad\u00e3o. A nossa f\u00e9 ensina-nos que onde o pecado abundou, a gra\u00e7a superabundou (Romanos 5,20). A hist\u00f3ria da queda de Ad\u00e3o \u00e9, em \u00faltima an\u00e1lise, o pano de fundo para a hist\u00f3ria ainda maior do amor redentor de Deus em Cristo.<\/p>\n\n\n\n<p>Como disse muitas vezes, Deus nunca se cansa de nos perdoar; n\u00f3s \u00e9 que nos cansamos de procurar a sua miseric\u00f3rdia. A doutrina do pecado original, ligada \u00e0 morte de Ad\u00e3o e Eva, lembra-nos da nossa poderosa necessidade desta miseric\u00f3rdia divina. Ajuda-nos a compreender porque lutamos contra o pecado e a morte, mas, mais importante, aponta-nos para o imenso amor de Deus que n\u00e3o nos abandonou no nosso estado ca\u00eddo.<\/p>\n\n\n\n<h2 class=\"wp-block-heading\">Que conhecimentos oferecem os primeiros Padres da Igreja sobre as mortes de Ad\u00e3o e Eva?<\/h2>\n\n\n\n<p>Os primeiros Padres da Igreja, aqueles vener\u00e1veis mestres e defensores da nossa f\u00e9 nos primeiros s\u00e9culos ap\u00f3s Cristo, oferecem-nos conhecimentos poderosos sobre as mortes de Ad\u00e3o e Eva. As suas reflex\u00f5es, enraizadas nas Escrituras e iluminadas pela luz de Cristo, continuam a enriquecer a nossa compreens\u00e3o deste momento crucial na hist\u00f3ria da salva\u00e7\u00e3o.<\/p>\n\n\n\n<p>Muitos dos Padres da Igreja viram na morte de Ad\u00e3o e Eva n\u00e3o apenas um fim f\u00edsico, mas uma morte espiritual \u2013 uma separa\u00e7\u00e3o de Deus, que \u00e9 a fonte de toda a vida. Santo Agostinho, cujos pensamentos influenciaram grandemente o Cristianismo ocidental, escreveu extensivamente sobre este t\u00f3pico. Ele entendeu que a morte amea\u00e7ada por Deus no \u00c9den era tanto espiritual como f\u00edsica. Na sua vis\u00e3o, o pecado de Ad\u00e3o resultou numa morte espiritual imediata (separa\u00e7\u00e3o de Deus) e introduziu a morte f\u00edsica no mundo (Spangenberg, 2013, pp. 1\u20138).<\/p>\n\n\n\n<p>St. Irenaeus of Lyon offered a perspective that emphasizes God&#8217;s pedagogy. He suggested that Adam and Eve&#8217;s expulsion from Eden and subjection to death was not merely a punishment, but a merciful act of God. In his view, death prevented sin from becoming eternal, giving humanity the opportunity for repentance and growth. This insight reminds us of God&#8217;s wisdom and love even in moments of apparent tragedy(Stump &amp; Meister, 2021).<\/p>\n\n\n\n<p>Os grandes Padres Capad\u00f3cios \u2013 S\u00e3o Bas\u00edlio Magno, S\u00e3o Greg\u00f3rio de Nissa e S\u00e3o Greg\u00f3rio de Nazianzo \u2013 tamb\u00e9m contribu\u00edram com reflex\u00f5es importantes. Eles enfatizaram frequentemente as dimens\u00f5es c\u00f3smicas da queda e morte de Ad\u00e3o, vendo-as como um evento que afetou n\u00e3o apenas a humanidade, mas toda a cria\u00e7\u00e3o. Esta perspectiva alarga a nossa compreens\u00e3o do impacto do pecado e do alcance da obra redentora de Deus (Spangenberg, 2013, pp. 1\u20138).<\/p>\n\n\n\n<p>St. John Chrysostom, known for his eloquent preaching, often spoke of Adam and Eve&#8217;s death in the context of God&#8217;s mercy. He emphasized that even in pronouncing the sentence of death, God provided hope through the promise of the Savior. This reminds us that the story of the fall is always to be read in light of God&#8217;s plan for redemption(Stump &amp; Meister, 2021).<\/p>\n\n\n\n<p>Na tradi\u00e7\u00e3o oriental, S\u00e3o M\u00e1ximo, o Confessor, ofereceu conhecimentos poderosos. Ele viu o pecado e a morte de Ad\u00e3o n\u00e3o como a causa da nossa condi\u00e7\u00e3o ca\u00edda, mas como a primeira manifesta\u00e7\u00e3o de uma natureza humana j\u00e1 enfraquecida pela possibilidade do pecado. Esta vis\u00e3o matizada ajuda-nos a compreender a complexidade da liberdade humana e a natureza subtil da tenta\u00e7\u00e3o (Spangenberg, 2013, pp. 1\u20138).<\/p>\n\n\n\n<p>\u00c9 importante notar que, embora os Padres da Igreja ofere\u00e7am conhecimentos valiosos, eles eram homens do seu tempo, interpretando as Escrituras com as ferramentas e o conhecimento dispon\u00edveis para eles. A sua compreens\u00e3o de Ad\u00e3o e Eva era geralmente literal, vendo-os como figuras hist\u00f3ricas. Hoje, somos chamados a envolver-nos com estes conhecimentos patr\u00edsticos, estando tamb\u00e9m abertos \u00e0 luz que a erudi\u00e7\u00e3o b\u00edblica moderna e a ci\u00eancia podem lan\u00e7ar sobre as nossas origens (Haight, 2021). Ao <a href=\"https:\/\/christianpure.com\/pt\/learn\/adam-eve-family-tree\/\">tra\u00e7ar a jornada evolutiva da humanidade<\/a> e explorar o contexto cultural e liter\u00e1rio das narrativas b\u00edblicas, podemos obter uma compreens\u00e3o mais profunda das nossas origens, mantendo a rever\u00eancia pelas verdades contidas nos textos sagrados. Esta abordagem din\u00e2mica permite uma compreens\u00e3o mais abrangente e matizada de Ad\u00e3o e Eva, equilibrando a sabedoria da tradi\u00e7\u00e3o com os avan\u00e7os do conhecimento contempor\u00e2neo. Ao faz\u00ea-lo, podemos continuar a crescer na nossa f\u00e9 e compreens\u00e3o, honrando tamb\u00e9m a complexidade e a riqueza da nossa hist\u00f3ria humana partilhada. Desta forma, devemos estar dispostos a lidar com quest\u00f5es sobre a historicidade de Ad\u00e3o e Eva, considerando tamb\u00e9m a natureza simb\u00f3lica e metaf\u00f3rica da sua hist\u00f3ria. Al\u00e9m disso, \u00e0 medida que procuramos compreender as nossas origens, podemos tamb\u00e9m explorar o <a href=\"https:\/\/christianpure.com\/pt\/learn\/bible-mysteries-what-language-did-adam-and-eve-speak\/\">l\u00edngua falada por Ad\u00e3o e Eva<\/a>, e como isso pode oferecer mais conhecimentos sobre a sua hist\u00f3ria e o seu significado para n\u00f3s hoje. Em \u00faltima an\u00e1lise, ao integrar uma variedade de perspectivas, podemos aprofundar a nossa compreens\u00e3o desta narrativa fundamental de uma forma que seja fiel \u00e0 tradi\u00e7\u00e3o e, ao mesmo tempo, aberta aos conhecimentos da era atual. \u00c0 medida que navegamos pelas complexidades da interpreta\u00e7\u00e3o b\u00edblica, devemos tamb\u00e9m reconhecer a presen\u00e7a de <a href=\"https:\/\/christianpure.com\/pt\/learn\/how-moses-obtained-creation-info\/\">Mist\u00e9rios B\u00edblicos<\/a> que podem n\u00e3o ter respostas claras. A hist\u00f3ria de Ad\u00e3o e Eva, com o seu significado teol\u00f3gico e simb\u00f3lico, pode exigir que mantenhamos m\u00faltiplas interpreta\u00e7\u00f5es em tens\u00e3o. Isto permite-nos abordar as Escrituras com humildade, reconhecendo que a nossa compreens\u00e3o \u00e9 limitada e procurando a orienta\u00e7\u00e3o do Esp\u00edrito Santo enquanto lidamos com estes mist\u00e9rios b\u00edblicos. Isto inclui explorar o simbolismo de Ad\u00e3o e Eva dentro do contexto mais amplo dos antigos mitos do Pr\u00f3ximo Oriente e do meio cultural da \u00e9poca. Ao aprofundar as camadas de significado por tr\u00e1s da hist\u00f3ria de Ad\u00e3o e Eva, podemos obter uma compreens\u00e3o mais profunda dos temas universais que ela transmite e como ela fala \u00e0 experi\u00eancia humana. Podemos apreciar as verdades espirituais e morais contidas na narrativa, reconhecendo tamb\u00e9m as suas dimens\u00f5es simb\u00f3licas e aleg\u00f3ricas. Explorar o <a href=\"https:\/\/christianpure.com\/pt\/learn\/adam-eve-creation-story\/\">o simbolismo de Ad\u00e3o e Eva<\/a> permite-nos apreciar a riqueza e a complexidade do texto b\u00edblico e a sua relev\u00e2ncia duradoura para a vida contempor\u00e2nea. Ao considerarmos a hist\u00f3ria de Ad\u00e3o e Eva, \u00e9 importante reconhecer o significado das suas a\u00e7\u00f5es no \u00c9den e as consequ\u00eancias que se seguiram. Embora os Padres da Igreja tenham enfatizado a desobedi\u00eancia e a queda da humanidade, as interpreta\u00e7\u00f5es modernas podem oferecer uma compreens\u00e3o mais matizada desta hist\u00f3ria fundamental. Ao examinar o contexto cultural, hist\u00f3rico e liter\u00e1rio do G\u00e9nesis, podemos aprofundar a nossa compreens\u00e3o das implica\u00e7\u00f5es teol\u00f3gicas de <a href=\"https:\/\/christianpure.com\/pt\/learn\/adam-eve-creation\/\">a\u00e7\u00f5es de Ad\u00e3o e Eva no \u00c9den<\/a> e a sua relev\u00e2ncia para as nossas vidas hoje.<\/p>\n\n\n\n<p>O que transparece nos escritos dos Padres da Igreja \u00e9 a sua convic\u00e7\u00e3o de que as mortes de Ad\u00e3o e Eva representam uma rutura tr\u00e1gica na rela\u00e7\u00e3o da humanidade com Deus, mas n\u00e3o a \u00faltima palavra. Eles apontam-nos consistentemente para Cristo, o Novo Ad\u00e3o, que entra na nossa morte para nos trazer uma vida nova.<\/p>\n\n\n\n<h2 class=\"wp-block-heading\">Como \u00e9 que a compreens\u00e3o da morte de Ad\u00e3o e Eva afeta a vis\u00e3o de um crist\u00e3o sobre a mortalidade?<\/h2>\n\n\n\n<p>A nossa compreens\u00e3o da morte de Ad\u00e3o e Eva molda profundamente a nossa perspectiva crist\u00e3 sobre a mortalidade. Convida-nos a contemplar o mist\u00e9rio da vida e da morte \u00e0 luz do amor de Deus e da promessa da ressurrei\u00e7\u00e3o.<\/p>\n\n\n\n<p>A hist\u00f3ria de Ad\u00e3o e Eva lembra-nos que a morte n\u00e3o fazia parte do plano original de Deus para a humanidade. Como nos diz o livro da Sabedoria: \u201cDeus n\u00e3o criou a morte, nem se alegra com a destrui\u00e7\u00e3o dos vivos\u201d (Sabedoria 1,13). A entrada da morte no mundo est\u00e1 intimamente ligada \u00e0 realidade do pecado \u2013 n\u00e3o como um castigo de um Deus vingativo, mas como uma consequ\u00eancia da nossa separa\u00e7\u00e3o da fonte de toda a vida (Wajda, 2021).<\/p>\n\n\n\n<p>Esta compreens\u00e3o ajuda-nos a abordar a mortalidade n\u00e3o com medo ou desespero, mas com uma consci\u00eancia s\u00f3bria da nossa condi\u00e7\u00e3o humana. Reconhecemos a nossa fragilidade e limita\u00e7\u00f5es, mas fazemo-lo no contexto do amor e da miseric\u00f3rdia infinitos de Deus. Como disse muitas vezes, a miseric\u00f3rdia de Deus prevalece sempre sobre o julgamento. Mesmo perante a morte, somos chamados a confiar nesta miseric\u00f3rdia.<\/p>\n\n\n\n<p>The Christian view of Adam and Eve&#8217;s death points us towards the redemptive work of Christ. As St. Paul beautifully expresses, &#8220;For as in Adam all die, so in Christ all will be made alive&#8221; (1 Corinthians 15:22). Our mortality, seen through this lens, becomes not an end but a passage &#8211; a doorway through which Christ has gone before us(Stump &amp; Meister, 2021).<\/p>\n\n\n\n<p>Esta perspectiva sobre a mortalidade deve inspirar em n\u00f3s uma poderosa aprecia\u00e7\u00e3o pelo dom da vida. Cada dia torna-se precioso, uma oportunidade para crescer no amor e no servi\u00e7o. \u00c0 medida que enfrentamos a nossa pr\u00f3pria mortalidade, somos desafiados a viver mais plenamente, a amar mais profundamente e a trabalhar para a vinda do reino de Deus com maior urg\u00eancia.<\/p>\n\n\n\n<p>Ao mesmo tempo, a nossa compreens\u00e3o da morte de Ad\u00e3o e Eva deve fomentar em n\u00f3s uma profunda compaix\u00e3o por todos os que sofrem e morrem. Somos chamados a ser um povo de esperan\u00e7a, trazendo conforto e solidariedade \u00e0queles que enfrentam a morte, apontando sempre para a promessa da ressurrei\u00e7\u00e3o (Haight, 2021).<\/p>\n\n\n\n<p>A nossa compreens\u00e3o cient\u00edfica das origens humanas e da morte evoluiu desde o tempo da Igreja primitiva. Embora possamos j\u00e1 n\u00e3o ver Ad\u00e3o e Eva como figuras hist\u00f3ricas literais, as verdades espirituais transmitidas pela sua hist\u00f3ria permanecem poderosas. A morte \u00e9 uma experi\u00eancia humana universal, que levanta quest\u00f5es de significado e prop\u00f3sito que a ci\u00eancia, por si s\u00f3, n\u00e3o pode responder (Spangenberg, 2013, pp. 1\u20138).<\/p>\n\n\n\n<p>Como crist\u00e3os, somos convidados a manter unidos tanto o nosso conhecimento cient\u00edfico como a nossa f\u00e9. Reconhecemos a realidade biol\u00f3gica da morte como parte do ciclo da vida na Terra, ao mesmo tempo que afirmamos a nossa cren\u00e7a na vida eterna atrav\u00e9s de Cristo. Esta tens\u00e3o pode ser criativa, levando-nos a uma compreens\u00e3o mais rica e matizada da nossa exist\u00eancia.<\/p>\n\n\n\n<p>Finalmente, compreender a morte de Ad\u00e3o e Eva \u00e0 luz de Cristo deve encher-nos de esperan\u00e7a. Como escrevi na Lumen Fidei: \u201cA f\u00e9 n\u00e3o \u00e9 uma luz que dissipa todas as nossas trevas, mas uma l\u00e2mpada que guia os nossos passos na noite e \u00e9 suficiente para o caminho\u201d. Ao enfrentarmos a nossa mortalidade, n\u00e3o caminhamos na escurid\u00e3o, mas na luz da ressurrei\u00e7\u00e3o de Cristo.<\/p>\n\n\n\n<p>Abordemos, portanto, a morte n\u00e3o com medo, mas com a confian\u00e7a daqueles que sabem que s\u00e3o amados imensamente. Vivamos cada dia plenamente, servindo a Deus e ao pr\u00f3ximo com alegria. E mantenhamos sempre os nossos olhos fixos em Cristo, que venceu a morte e nos prometeu uma parte na sua vida eterna.<\/p>","protected":false},"excerpt":{"rendered":"<div class=\"pps-series-post-details pps-series-post-details-variant-classic pps-series-post-details-67899 pps-series-meta-excerpt\" data-series-id=\"80\"><div class=\"pps-series-meta-content\"><div class=\"pps-series-meta-text\">Esta entrada \u00e9 a parte 15 de 38 da s\u00e9rie <a href=\"https:\/\/christianpure.com\/pt\/learn\/series\/adam-and-eve\/\">Ad\u00e3o e Eva<\/a><\/div><\/div><\/div><p>Desvende o destino misterioso de Ad\u00e3o e Eva. Descubra o que a B\u00edblia revela sobre o seu fim \u00faltimo.<\/p>","protected":false},"author":1,"featured_media":3139,"comment_status":"open","ping_status":"open","sticky":false,"template":"","format":"standard","meta":{"_acf_changed":false,"_jetpack_memberships_contains_paid_content":false,"footnotes":"","jetpack_publicize_message":"","jetpack_publicize_feature_enabled":true,"jetpack_social_post_already_shared":false,"jetpack_social_options":{"image_generator_settings":{"template":"highway","enabled":false},"version":2},"_wpas_customize_per_network":false},"categories":[38],"tags":[],"series":[80],"class_list":["post-3138","post","type-post","status-publish","format-standard","has-post-thumbnail","hentry","category-bible-mysteries","series-adam-and-eve"],"mb":[],"acf":[],"jetpack_publicize_connections":[],"jetpack_featured_media_url":"https:\/\/i0.wp.com\/christianpure.com\/wp-content\/uploads\/2024\/05\/6533c86ea6bd434c127ab698_The-Mysterious-Deaths-of-Adam-and-Eve-What-Really-Happened-1920.jpeg?fit=1920%2C1080&quality=80&ssl=1","jetpack-related-posts":[{"id":3935,"url":"https:\/\/christianpure.com\/pt\/learn\/locating-adam-and-eve-bible-locations\/","url_meta":{"origin":3138,"position":0},"title":"Locating Adam and Eve: Where in the Bible Should You Look?","author":"Christian Pure Team","date":"Maio 25, 2024","format":false,"excerpt":"Discover the biblical whereabouts of Adam and Eve! Unearth their story in the Bible - find out which chapter holds the secrets of our first ancestors.","rel":"","context":"In &quot;Christian Education&quot;","block_context":{"text":"Christian Education","link":"https:\/\/christianpure.com\/pt\/learn\/category\/christian-education\/"},"img":{"alt_text":"","src":"https:\/\/i0.wp.com\/christianpure.com\/wp-content\/uploads\/2024\/05\/65898f808d75bb60acce90a5_Locating-Adam-and-Eve-Where-in-the-Bible-Should-You-Look-1920.webp?fit=1200%2C675&quality=75&ssl=1&resize=350%2C200","width":350,"height":200,"srcset":"https:\/\/i0.wp.com\/christianpure.com\/wp-content\/uploads\/2024\/05\/65898f808d75bb60acce90a5_Locating-Adam-and-Eve-Where-in-the-Bible-Should-You-Look-1920.webp?fit=1200%2C675&quality=75&ssl=1&resize=350%2C200 1x, https:\/\/i0.wp.com\/christianpure.com\/wp-content\/uploads\/2024\/05\/65898f808d75bb60acce90a5_Locating-Adam-and-Eve-Where-in-the-Bible-Should-You-Look-1920.webp?fit=1200%2C675&quality=75&ssl=1&resize=525%2C300 1.5x, https:\/\/i0.wp.com\/christianpure.com\/wp-content\/uploads\/2024\/05\/65898f808d75bb60acce90a5_Locating-Adam-and-Eve-Where-in-the-Bible-Should-You-Look-1920.webp?fit=1200%2C675&quality=75&ssl=1&resize=700%2C400 2x, https:\/\/i0.wp.com\/christianpure.com\/wp-content\/uploads\/2024\/05\/65898f808d75bb60acce90a5_Locating-Adam-and-Eve-Where-in-the-Bible-Should-You-Look-1920.webp?fit=1200%2C675&quality=75&ssl=1&resize=1050%2C600 3x"},"classes":[]},{"id":2177,"url":"https:\/\/christianpure.com\/pt\/learn\/adam-eve-lifelines\/","url_meta":{"origin":3138,"position":1},"title":"Bible Mysteries: What Happened to Adam and Eve?","author":"Christian Pure Team","date":"Maio 24, 2024","format":false,"excerpt":"Unravel the complex narratives surrounding their lives and deaths, and scrutinize the enduring mystery of any surviving descendants.","rel":"","context":"In &quot;Christian Education&quot;","block_context":{"text":"Christian Education","link":"https:\/\/christianpure.com\/pt\/learn\/category\/christian-education\/"},"img":{"alt_text":"","src":"https:\/\/i0.wp.com\/christianpure.com\/wp-content\/uploads\/2024\/05\/66196c38c41492649fd74cb3_What-Happened-to-Adam-and-Eve-An-In-depth-Exploration-of-their-Lifelines-1920.jpeg?fit=1200%2C675&quality=80&ssl=1&resize=350%2C200","width":350,"height":200,"srcset":"https:\/\/i0.wp.com\/christianpure.com\/wp-content\/uploads\/2024\/05\/66196c38c41492649fd74cb3_What-Happened-to-Adam-and-Eve-An-In-depth-Exploration-of-their-Lifelines-1920.jpeg?fit=1200%2C675&quality=80&ssl=1&resize=350%2C200 1x, https:\/\/i0.wp.com\/christianpure.com\/wp-content\/uploads\/2024\/05\/66196c38c41492649fd74cb3_What-Happened-to-Adam-and-Eve-An-In-depth-Exploration-of-their-Lifelines-1920.jpeg?fit=1200%2C675&quality=80&ssl=1&resize=525%2C300 1.5x, https:\/\/i0.wp.com\/christianpure.com\/wp-content\/uploads\/2024\/05\/66196c38c41492649fd74cb3_What-Happened-to-Adam-and-Eve-An-In-depth-Exploration-of-their-Lifelines-1920.jpeg?fit=1200%2C675&quality=80&ssl=1&resize=700%2C400 2x, https:\/\/i0.wp.com\/christianpure.com\/wp-content\/uploads\/2024\/05\/66196c38c41492649fd74cb3_What-Happened-to-Adam-and-Eve-An-In-depth-Exploration-of-their-Lifelines-1920.jpeg?fit=1200%2C675&quality=80&ssl=1&resize=1050%2C600 3x"},"classes":[]},{"id":3141,"url":"https:\/\/christianpure.com\/pt\/learn\/adam-eve-grandchildren\/","url_meta":{"origin":3138,"position":2},"title":"Bible Mysteries: Who were Adam and Eve&#8217;s Grandchildren?","author":"Christian Pure Team","date":"Maio 24, 2024","format":false,"excerpt":"Discover the Bible's best-kept secret: the grandson of Adam and Eve revealed!","rel":"","context":"In &quot;Bible Mysteries&quot;","block_context":{"text":"Bible Mysteries","link":"https:\/\/christianpure.com\/pt\/learn\/category\/bible-mysteries\/"},"img":{"alt_text":"","src":"https:\/\/i0.wp.com\/christianpure.com\/wp-content\/uploads\/2024\/05\/65b01bd45fde21bea0aff50d_Adam-and-Eves-Grandchildren-Who-Were-They-1920.jpeg?fit=1200%2C675&quality=80&ssl=1&resize=350%2C200","width":350,"height":200,"srcset":"https:\/\/i0.wp.com\/christianpure.com\/wp-content\/uploads\/2024\/05\/65b01bd45fde21bea0aff50d_Adam-and-Eves-Grandchildren-Who-Were-They-1920.jpeg?fit=1200%2C675&quality=80&ssl=1&resize=350%2C200 1x, https:\/\/i0.wp.com\/christianpure.com\/wp-content\/uploads\/2024\/05\/65b01bd45fde21bea0aff50d_Adam-and-Eves-Grandchildren-Who-Were-They-1920.jpeg?fit=1200%2C675&quality=80&ssl=1&resize=525%2C300 1.5x, https:\/\/i0.wp.com\/christianpure.com\/wp-content\/uploads\/2024\/05\/65b01bd45fde21bea0aff50d_Adam-and-Eves-Grandchildren-Who-Were-They-1920.jpeg?fit=1200%2C675&quality=80&ssl=1&resize=700%2C400 2x, https:\/\/i0.wp.com\/christianpure.com\/wp-content\/uploads\/2024\/05\/65b01bd45fde21bea0aff50d_Adam-and-Eves-Grandchildren-Who-Were-They-1920.jpeg?fit=1200%2C675&quality=80&ssl=1&resize=1050%2C600 3x"},"classes":[]},{"id":3526,"url":"https:\/\/christianpure.com\/pt\/learn\/did-adam-and-eve-go-to-heaven\/","url_meta":{"origin":3138,"position":3},"title":"Did Adam and Eve go to heaven?","author":"Christian Pure Team","date":"Maio 24, 2024","format":false,"excerpt":"Explore the destiny of Adam and Eve in Christian belief, focusing on their creation, fall, and hope for salvation through God's grace.","rel":"","context":"In &quot;Bible Mysteries&quot;","block_context":{"text":"Bible Mysteries","link":"https:\/\/christianpure.com\/pt\/learn\/category\/bible-mysteries\/"},"img":{"alt_text":"","src":"https:\/\/i0.wp.com\/christianpure.com\/wp-content\/uploads\/2024\/05\/65898f7e40ebc9c400291a27_Main_Image-adamevsheaven.webp?fit=1200%2C675&quality=75&ssl=1&resize=350%2C200","width":350,"height":200,"srcset":"https:\/\/i0.wp.com\/christianpure.com\/wp-content\/uploads\/2024\/05\/65898f7e40ebc9c400291a27_Main_Image-adamevsheaven.webp?fit=1200%2C675&quality=75&ssl=1&resize=350%2C200 1x, https:\/\/i0.wp.com\/christianpure.com\/wp-content\/uploads\/2024\/05\/65898f7e40ebc9c400291a27_Main_Image-adamevsheaven.webp?fit=1200%2C675&quality=75&ssl=1&resize=525%2C300 1.5x, https:\/\/i0.wp.com\/christianpure.com\/wp-content\/uploads\/2024\/05\/65898f7e40ebc9c400291a27_Main_Image-adamevsheaven.webp?fit=1200%2C675&quality=75&ssl=1&resize=700%2C400 2x, https:\/\/i0.wp.com\/christianpure.com\/wp-content\/uploads\/2024\/05\/65898f7e40ebc9c400291a27_Main_Image-adamevsheaven.webp?fit=1200%2C675&quality=75&ssl=1&resize=1050%2C600 3x"},"classes":[]},{"id":54756,"url":"https:\/\/christianpure.com\/pt\/learn\/facts-statistics-eve-bible\/","url_meta":{"origin":3138,"position":4},"title":"Facts &#038; Statistics about Eve in the bible","author":"Christian Pure Team","date":"Fevereiro 19, 2026","format":false,"excerpt":"Discover key facts and statistics about Eve in the Bible, exploring her role, significance, and impact on biblical narratives.","rel":"","context":"In &quot;Christian Facts &amp; Stats&quot;","block_context":{"text":"Christian Facts &amp; Stats","link":"https:\/\/christianpure.com\/pt\/learn\/category\/facts-stats\/"},"img":{"alt_text":"","src":"","width":0,"height":0},"classes":[]},{"id":1712,"url":"https:\/\/christianpure.com\/pt\/learn\/adam-eve-garden-stay\/","url_meta":{"origin":3138,"position":5},"title":"Garden of Eden: How Long Did Adam and Eve Really Stay?","author":"Christian Pure Team","date":"Maio 24, 2024","format":false,"excerpt":"Unravel the enigma of Adam and Eve's stay in Eden. How long did they live in paradise before sinning? Dive into biblical interpretations and theories with us.","rel":"","context":"In &quot;Christian Education&quot;","block_context":{"text":"Christian Education","link":"https:\/\/christianpure.com\/pt\/learn\/category\/christian-education\/"},"img":{"alt_text":"","src":"https:\/\/i0.wp.com\/christianpure.com\/wp-content\/uploads\/2024\/05\/663a11d9de8c8507b5eab182_Garden-of-Eden-How-Long-Did-Adam-and-Eve-Really-Stay-1920.jpeg?fit=1200%2C675&quality=80&ssl=1&resize=350%2C200","width":350,"height":200,"srcset":"https:\/\/i0.wp.com\/christianpure.com\/wp-content\/uploads\/2024\/05\/663a11d9de8c8507b5eab182_Garden-of-Eden-How-Long-Did-Adam-and-Eve-Really-Stay-1920.jpeg?fit=1200%2C675&quality=80&ssl=1&resize=350%2C200 1x, https:\/\/i0.wp.com\/christianpure.com\/wp-content\/uploads\/2024\/05\/663a11d9de8c8507b5eab182_Garden-of-Eden-How-Long-Did-Adam-and-Eve-Really-Stay-1920.jpeg?fit=1200%2C675&quality=80&ssl=1&resize=525%2C300 1.5x, https:\/\/i0.wp.com\/christianpure.com\/wp-content\/uploads\/2024\/05\/663a11d9de8c8507b5eab182_Garden-of-Eden-How-Long-Did-Adam-and-Eve-Really-Stay-1920.jpeg?fit=1200%2C675&quality=80&ssl=1&resize=700%2C400 2x, https:\/\/i0.wp.com\/christianpure.com\/wp-content\/uploads\/2024\/05\/663a11d9de8c8507b5eab182_Garden-of-Eden-How-Long-Did-Adam-and-Eve-Really-Stay-1920.jpeg?fit=1200%2C675&quality=80&ssl=1&resize=1050%2C600 3x"},"classes":[]}],"jetpack_sharing_enabled":true,"mfb_rest_fields":["title","jetpack_publicize_connections","jetpack_featured_media_url","jetpack-related-posts","jetpack_sharing_enabled"],"_links":{"self":[{"href":"https:\/\/christianpure.com\/pt\/wp-json\/wp\/v2\/posts\/3138","targetHints":{"allow":["GET"]}}],"collection":[{"href":"https:\/\/christianpure.com\/pt\/wp-json\/wp\/v2\/posts"}],"about":[{"href":"https:\/\/christianpure.com\/pt\/wp-json\/wp\/v2\/types\/post"}],"author":[{"embeddable":true,"href":"https:\/\/christianpure.com\/pt\/wp-json\/wp\/v2\/users\/1"}],"replies":[{"embeddable":true,"href":"https:\/\/christianpure.com\/pt\/wp-json\/wp\/v2\/comments?post=3138"}],"version-history":[{"count":0,"href":"https:\/\/christianpure.com\/pt\/wp-json\/wp\/v2\/posts\/3138\/revisions"}],"wp:featuredmedia":[{"embeddable":true,"href":"https:\/\/christianpure.com\/pt\/wp-json\/wp\/v2\/media\/3139"}],"wp:attachment":[{"href":"https:\/\/christianpure.com\/pt\/wp-json\/wp\/v2\/media?parent=3138"}],"wp:term":[{"taxonomy":"category","embeddable":true,"href":"https:\/\/christianpure.com\/pt\/wp-json\/wp\/v2\/categories?post=3138"},{"taxonomy":"post_tag","embeddable":true,"href":"https:\/\/christianpure.com\/pt\/wp-json\/wp\/v2\/tags?post=3138"},{"taxonomy":"series","embeddable":true,"href":"https:\/\/christianpure.com\/pt\/wp-json\/wp\/v2\/series?post=3138"}],"curies":[{"name":"wp","href":"https:\/\/api.w.org\/{rel}","templated":true}]}}