{"id":37593,"date":"2025-05-31T13:47:37","date_gmt":"2025-05-31T13:47:37","guid":{"rendered":"https:\/\/christianpure.com\/?p=37593"},"modified":"2025-05-31T13:47:37","modified_gmt":"2025-05-31T13:47:37","slug":"the-meaning-of-pope-leo-xivs-inauguration-mass-and-taking-possession-of-st-john-lateran","status":"publish","type":"post","link":"https:\/\/christianpure.com\/pt\/learn\/the-meaning-of-pope-leo-xivs-inauguration-mass-and-taking-possession-of-st-john-lateran\/","title":{"rendered":"O significado da Missa de inaugura\u00e7\u00e3o do Papa Le\u00e3o XIV e a tomada de posse de S\u00e3o Jo\u00e3o de Latr\u00e3o"},"content":{"rendered":"<div style=\"width: 100%; margin-bottom: 25px;\">\n  <img data-recalc-dims=\"1\" decoding=\"async\" src=\"https:\/\/i0.wp.com\/www.catholicnewsagency.com\/storage\/image\/whatsapp-image-2025-05-11-at-12.27.12.jpeg?ssl=1\" style=\"display: block; margin: auto; max-width: 100%\" \/><br \/>\n  <span style=\"text-align: right; font-style: italic;\">O Papa Le\u00e3o XIV sorri enquanto uma multid\u00e3o jubilosa se une em ora\u00e7\u00e3o no domingo, 11 de maio de 2025. \/ Cr\u00e9dito: Daniel Ib\u00e1\u00f1ez\/CNA<\/span>\n<\/div>\n<p>Cidade do Vaticano, 17 de maio de 2025 \/ 07:00 (CNA).<\/p>\n<p>A Missa de inaugura\u00e7\u00e3o do pontificado do Papa Le\u00e3o XIV ser\u00e1 celebrada no domingo, 18 de maio, \u00e0s 10h, hor\u00e1rio de Roma, na Pra\u00e7a de S\u00e3o Pedro. A liturgia marcar\u00e1 o in\u00edcio oficial do seu minist\u00e9rio como sucessor de Pedro e bispo de Roma. No dia 25 de maio, ele tomar\u00e1 posse can\u00f3nica da Bas\u00edlica de S\u00e3o Jo\u00e3o de Latr\u00e3o, a catedral do bispo de Roma.<\/p>\n<p>A Missa de 18 de maio ser\u00e1 celebrada conforme estabelecido no \u201cOrdo dos Ritos do In\u00edcio do Minist\u00e9rio Petrino como Bispo de Roma\u201d, um livro lit\u00fargico aprovado por Bento XVI em 2005 e reformado por ele em 2013.<\/p>\n<p>\u201cO in\u00edcio do minist\u00e9rio petrino \u00e9 o que costumava ser a celebra\u00e7\u00e3o da coroa\u00e7\u00e3o do papa. Agora, os papas j\u00e1 n\u00e3o s\u00e3o coroados com a tiara de tr\u00eas n\u00edveis, usada at\u00e9 Paulo VI, mas iniciam o seu minist\u00e9rio como sucessor de Pedro\u201d, explicou o Padre Juan Jos\u00e9 Silvestre \u00e0 ACI Prensa, parceira de not\u00edcias em espanhol da CNA. Silvestre \u00e9 professor de liturgia no departamento de teologia da Universidade de Navarra.<\/p>\n<p>Al\u00e9m disso, durante esta cerim\u00f3nia, Le\u00e3o XIV receber\u00e1 o p\u00e1lio e o anel do pescador, dois elementos com profundo significado teol\u00f3gico e pastoral que marcam o in\u00edcio do seu pontificado.<\/p>\n<p>O in\u00edcio do pontificado inclui tamb\u00e9m a tomada de posse can\u00f3nica das outras tr\u00eas bas\u00edlicas papais, incluindo a Bas\u00edlica de S\u00e3o Jo\u00e3o de Latr\u00e3o, a catedral de Roma e, portanto, do papa.<\/p>\n<p>A tomada de posse da Bas\u00edlica de S\u00e3o Jo\u00e3o de Latr\u00e3o ocorrer\u00e1 no dia 25 de maio e tem um car\u00e1ter distintivo. \u201cDefine o Santo Padre como tal, ou melhor, \u00e9 um lembrete de que ele \u00e9 o bispo de Roma\u201d, observou Silvestre.<\/p>\n<p>\u201cAssim como um bispo, uma vez nomeado, tem um per\u00edodo de dois meses para tomar posse da sua catedral, a sua sede, tamb\u00e9m o papa, como bispo, ser\u00e1 recebido pelo cabido da catedral e, uma vez sentado na sua c\u00e1tedra [trono ou cadeira do bispo] em S\u00e3o Jo\u00e3o de Latr\u00e3o, na Diocese de Roma, receber\u00e1 a express\u00e3o de obedi\u00eancia e respeito de um grupo representativo da Diocese de Roma\u201d, notou.<\/p>\n<h2>Missa de inaugura\u00e7\u00e3o do pontificado<\/h2>\n<p>De acordo com o programa, a cerim\u00f3nia solene de 18 de maio come\u00e7ar\u00e1 dentro da Bas\u00edlica de S\u00e3o Pedro, diante do Altar da Confiss\u00e3o. \u201cO Papa Le\u00e3o XIV ir\u00e1 diante do t\u00famulo do Ap\u00f3stolo Pedro para rezar ali em sil\u00eancio, momentos antes da Missa solene de inicia\u00e7\u00e3o do seu minist\u00e9rio petrino como bispo de Roma\u201d, explicou Silvestre.<\/p>\n<p>Os patriarcas das Igrejas Cat\u00f3licas Orientais em comunh\u00e3o com Roma tamb\u00e9m participar\u00e3o neste momento de recolhimento e ora\u00e7\u00e3o. Depois, come\u00e7ar\u00e1 a prociss\u00e3o lit\u00fargica para a Pra\u00e7a de S\u00e3o Pedro, liderada pelo papa desde o interior da bas\u00edlica at\u00e9 ao altar ao ar livre onde a Missa ser\u00e1 celebrada.<\/p>\n<p>Durante a prociss\u00e3o, entoa-se o \u201cLaudes Regiae\u201d (\u201cLouvores Reais\u201d), uma ladainha solene dos santos apropriada para esta ocasi\u00e3o. \u201c\u00c9 uma forma particular da Ladainha dos Santos na qual se busca a intercess\u00e3o dos santos, agrupados em grupos distintos, para rezar pela santidade do papa\u201d, disse o especialista em liturgia.<\/p>\n<p>Este antigo canto lit\u00fargico acompanhou as vit\u00f3rias imperiais romanas num passado distante. Foi revivido pelo Imperador Carlos Magno no dia de Natal do ano 800 durante a sua coroa\u00e7\u00e3o como imperador e tornou-se, desde ent\u00e3o, um hino solene para ritos mon\u00e1rquicos.<\/p>\n<p>Tamb\u00e9m cantado para os reis de Fran\u00e7a e os soberanos de Inglaterra at\u00e9 \u00e0 Reforma, o \u201cLaudes Regiae\u201d evoca uma verdade teol\u00f3gica central: todo o poder terreno vem de Deus e deve ser exercido com humildade e responsabilidade.<\/p>\n<h2>O p\u00e1lio e o anel do pescador<\/h2>\n<p>Um dos momentos centrais do rito \u00e9 a apresenta\u00e7\u00e3o dos sinais do minist\u00e9rio petrino, \u201cos dois elementos que marcam o in\u00edcio do pontificado. Anteriormente, a tiara era colocada no papa, mas agora os elementos importantes s\u00e3o o p\u00e1lio papal e o anel do pescador\u201d, relatou Silvestre.<\/p>\n<p>Ambos os elementos t\u00eam profundo significado teol\u00f3gico e pastoral. \u201cO p\u00e1lio, que \u00e9 uma esp\u00e9cie de estola ou cachecol, \u00e9 feito de l\u00e3 de ovelha e representa o papa como um pastor que carrega o rebanho, isto \u00e9, a Igreja, sobre os seus ombros\u201d, explicou o especialista em liturgia.<\/p>\n<p>Sobre o anel do pescador, o sacerdote disse que \u201c\u00e9 uma esp\u00e9cie de anel de ouro no qual est\u00e1 gravada uma representa\u00e7\u00e3o de S\u00e3o Pedro no seu barco e o nome do papa\u201d. Este anel tamb\u00e9m tem uma fun\u00e7\u00e3o pr\u00e1tica porque \u201c\u00e9 usado para selar documentos\u201d.&nbsp;<\/p>\n<p>At\u00e9 \u00e0 Missa deste domingo, o pont\u00edfice tem usado o seu anel episcopal habitual. Ap\u00f3s o rito de apresenta\u00e7\u00e3o de ambos os elementos, ocorrer\u00e1 o ato de fidelidade do Col\u00e9gio de Cardeais ao novo papa.<\/p>\n<p>\u201cVeremos uma representa\u00e7\u00e3o dos cardeais \u2014 em nome de todo o col\u00e9gio \u2014 aproximar-se do Santo Padre para expressar a sua rever\u00eancia, obedi\u00eancia e comunh\u00e3o eclesial\u201d, disse Silvestre.<\/p>\n<h2>Proclama\u00e7\u00e3o do Evangelho em grego e latim<\/h2>\n<p>Outra das principais caracter\u00edsticas desta Missa que marca a inaugura\u00e7\u00e3o do pontificado \u00e9 a proclama\u00e7\u00e3o do Evangelho em grego e latim, porque \u201co sucessor de Pedro \u00e9 o papa dos cat\u00f3licos orientais e dos cat\u00f3licos latinos\u201d.<\/p>\n<p>Ap\u00f3s a Missa inaugural em S\u00e3o Pedro, Le\u00e3o XIV tomar\u00e1 posse das outras tr\u00eas bas\u00edlicas papais. Na ter\u00e7a-feira, 20 de maio, tomar\u00e1 posse da Bas\u00edlica de S\u00e3o Paulo Fora dos Muros. No domingo, 25 de maio, ser\u00e1 celebrado o seu segundo Regina Caeli, e nesse mesmo dia tomar\u00e1 posse das bas\u00edlicas de S\u00e3o Jo\u00e3o de Latr\u00e3o e Santa Maria Maior.<\/p>\n<p>A visita \u00e0 Bas\u00edlica de S\u00e3o Paulo Fora dos Muros no dia 20 de maio centrar-se-\u00e1 na venera\u00e7\u00e3o do t\u00famulo do ap\u00f3stolo dos gentios: \u201cVeremos o papa rezar no t\u00famulo de S\u00e3o Paulo\u201d.<\/p>\n<p>Finalmente, a visita \u00e0 Bas\u00edlica de Santa Maria Maior \u2014 onde o Papa Francisco costumava ir e onde est\u00e1 sepultado \u2014 incluir\u00e1 a devo\u00e7\u00e3o mariana. \u201cDurante a sua visita a Santa Maria Maior, o Papa Le\u00e3o XIV venerar\u00e1 o \u00edcone mais famoso da cidade de Roma, a \u2018Salus Populi Romani\u2019 [\u2018Prote\u00e7\u00e3o do Povo Romano\u2019]\u201d, acrescentou Silvestre.<\/p>\n<h2>Dimens\u00e3o universal e diplom\u00e1tica<\/h2>\n<p>Em qualquer caso, Silvestre enfatizou que a Missa de inaugura\u00e7\u00e3o do pontificado ter\u00e1 um car\u00e1ter claramente universal porque \u201cenfatiza o Santo Padre como o pastor da Igreja universal\u201d.<\/p>\n<p>Portanto, al\u00e9m de milhares de fi\u00e9is, chefes de estado e representantes diplom\u00e1ticos de v\u00e1rios pa\u00edses estar\u00e3o presentes. \u201cA Santa S\u00e9 tem rela\u00e7\u00f5es diplom\u00e1ticas com mais de 180 pa\u00edses\u201d, observou o especialista em liturgia.<\/p>\n<p><em>Esta hist\u00f3ria <\/em><a href=\"https:\/\/www.aciprensa.com\/noticias\/113353\/que-significan-la-misa-de-inicio-de-pontificado-de-leon-xiv-y-la-toma-de-posesion-en-san-juan-de-letran\" target=\"null\" class=\"null\" rel=\"noopener noreferrer nofollow\"><em>foi publicada pela primeira vez <\/em><\/a><em>por ACI Prensa, parceiro de not\u00edcias em espanhol da CNA. Foi traduzido e adaptado pela CNA.<\/em><\/p>","protected":false},"excerpt":{"rendered":"<p>Pope Leo XIV smiles as a jubilant crowd joins in prayer on Sunday, May 11, 2025. \/ Credit: Daniel Ib\u00e1\u00f1ez\/CNA Vatican City, May 17, 2025 \/ 07:00 am (CNA). The Mass for the inauguration of Pope Leo XIV\u2019s pontificate will be celebrated on Sunday, May 18, at 10 a.m. Rome time in St. Peter\u2019s Square. [\u2026]<\/p>","protected":false},"author":11,"featured_media":41105,"comment_status":"open","ping_status":"closed","sticky":false,"template":"","format":"standard","meta":{"_acf_changed":false,"_jetpack_memberships_contains_paid_content":false,"footnotes":"","jetpack_publicize_message":"","jetpack_publicize_feature_enabled":true,"jetpack_social_post_already_shared":true,"jetpack_social_options":{"image_generator_settings":{"template":"highway","default_image_id":0,"font":"","enabled":false},"version":2},"_wpas_customize_per_network":false},"categories":[100],"tags":[],"series":[],"class_list":["post-37593","post","type-post","status-publish","format-standard","has-post-thumbnail","hentry","category-christian-news"],"mb":[],"acf":[],"jetpack_publicize_connections":[],"jetpack_featured_media_url":"https:\/\/i0.wp.com\/christianpure.com\/wp-content\/uploads\/2025\/05\/The-meaning-of-Pope-Leo-XIVs-inauguration-Mass-and-taking-possession-of-St.-John-Lateran.webp?fit=800%2C533&quality=75&ssl=1","jetpack-related-posts":[{"id":37613,"url":"https:\/\/christianpure.com\/pt\/learn\/what-to-watch-for-key-moments-taking-place-in-pope-leo-xivs-inaugural-mass\/","url_meta":{"origin":37593,"position":0},"title":"What to watch for: Key moments taking place in Pope Leo XIV\u2019s inaugural Mass","author":"Christian Pure Team","date":"Maio 24, 2025","format":false,"excerpt":"A view of the baldacchino underneath the central dome of St. Peter\u2019s Basilica. \/ Credit: Daniel Iba\u00f1ez\/CNA Vatican City, May 17, 2025 \/ 09:00 am (CNA). The Mass for the inauguration of Pope Leo XIV\u2019s pontificate will be celebrated on Sunday, May 18, at 10 a.m. Rome time in St.\u2026","rel":"","context":"In &quot;Christian News&quot;","block_context":{"text":"Christian News","link":"https:\/\/christianpure.com\/pt\/learn\/category\/christian-news\/"},"img":{"alt_text":"What to watch for: Key moments taking place in Pope Leo XIV\u2019s inaugural Mass","src":"https:\/\/i0.wp.com\/christianpure.com\/wp-content\/uploads\/2025\/05\/What-to-watch-for-Key-moments-taking-place-in-Pope-Leo-XIVs-inaugural-Mass.webp?fit=800%2C533&quality=75&ssl=1&resize=350%2C200","width":350,"height":200,"srcset":"https:\/\/i0.wp.com\/christianpure.com\/wp-content\/uploads\/2025\/05\/What-to-watch-for-Key-moments-taking-place-in-Pope-Leo-XIVs-inaugural-Mass.webp?fit=800%2C533&quality=75&ssl=1&resize=350%2C200 1x, https:\/\/i0.wp.com\/christianpure.com\/wp-content\/uploads\/2025\/05\/What-to-watch-for-Key-moments-taking-place-in-Pope-Leo-XIVs-inaugural-Mass.webp?fit=800%2C533&quality=75&ssl=1&resize=525%2C300 1.5x, https:\/\/i0.wp.com\/christianpure.com\/wp-content\/uploads\/2025\/05\/What-to-watch-for-Key-moments-taking-place-in-Pope-Leo-XIVs-inaugural-Mass.webp?fit=800%2C533&quality=75&ssl=1&resize=700%2C400 2x"},"classes":[]},{"id":37712,"url":"https:\/\/christianpure.com\/pt\/learn\/a-papacy-begins-pope-leo-xiv-calls-for-united-church-at-inaugural-mass\/","url_meta":{"origin":37593,"position":1},"title":"A papacy begins: Pope Leo XIV calls for united Church at inaugural Mass","author":"Christian Pure Team","date":"Maio 19, 2025","format":false,"excerpt":"Pope Leo XIV formally began his ministry as head of the 1.4 billion members of the universal Catholic Church with a Mass in St. Peter's Square on May 18, 2025. \/ Credit: Daniel Ibanez\/CNA Vatican City, May 18, 2025 \/ 06:58 am (CNA). Pope Leo XIV on Sunday formally began\u2026","rel":"","context":"In &quot;Christian News&quot;","block_context":{"text":"Christian News","link":"https:\/\/christianpure.com\/pt\/learn\/category\/christian-news\/"},"img":{"alt_text":"A papacy begins: Pope Leo XIV calls for united Church at inaugural Mass","src":"https:\/\/i0.wp.com\/christianpure.com\/wp-content\/uploads\/2025\/05\/A-papacy-begins-Pope-Leo-XIV-calls-for-united-Church-at-inaugural-Mass.webp?fit=800%2C533&quality=75&ssl=1&resize=350%2C200","width":350,"height":200,"srcset":"https:\/\/i0.wp.com\/christianpure.com\/wp-content\/uploads\/2025\/05\/A-papacy-begins-Pope-Leo-XIV-calls-for-united-Church-at-inaugural-Mass.webp?fit=800%2C533&quality=75&ssl=1&resize=350%2C200 1x, https:\/\/i0.wp.com\/christianpure.com\/wp-content\/uploads\/2025\/05\/A-papacy-begins-Pope-Leo-XIV-calls-for-united-Church-at-inaugural-Mass.webp?fit=800%2C533&quality=75&ssl=1&resize=525%2C300 1.5x, https:\/\/i0.wp.com\/christianpure.com\/wp-content\/uploads\/2025\/05\/A-papacy-begins-Pope-Leo-XIV-calls-for-united-Church-at-inaugural-Mass.webp?fit=800%2C533&quality=75&ssl=1&resize=700%2C400 2x"},"classes":[]},{"id":37747,"url":"https:\/\/christianpure.com\/pt\/learn\/full-text-pope-leo-xivs-homily-at-inaugural-mass-beginning-his-petrine-ministry\/","url_meta":{"origin":37593,"position":2},"title":"FULL TEXT: Pope Leo XIV&#039;s homily at inaugural Mass beginning his Petrine ministry","author":"Christian Pure Team","date":"Junho 8, 2025","format":false,"excerpt":"Pope Leo XIV acknowledged divisions among the faithful with a call for fraternal communion and unity in the homily at his inaugural Mass in St. Peter's Square on May 18, 2025. \/ Credit: Daniel Ibanez\/CNA Rome Newsroom, May 18, 2025 \/ 10:00 am (CNA). Pope Leo XIV delivered this homily\u2026","rel":"","context":"In &quot;Christian News&quot;","block_context":{"text":"Christian News","link":"https:\/\/christianpure.com\/pt\/learn\/category\/christian-news\/"},"img":{"alt_text":"FULL TEXT: Pope Leo XIV&#039;s homily at inaugural Mass beginning his Petrine ministry","src":"https:\/\/i0.wp.com\/christianpure.com\/wp-content\/uploads\/2025\/06\/FULL-TEXT-Pope-Leo-XIV039s-homily-at-inaugural-Mass-beginning-his-Petrine-ministry.webp?fit=800%2C534&quality=75&ssl=1&resize=350%2C200","width":350,"height":200,"srcset":"https:\/\/i0.wp.com\/christianpure.com\/wp-content\/uploads\/2025\/06\/FULL-TEXT-Pope-Leo-XIV039s-homily-at-inaugural-Mass-beginning-his-Petrine-ministry.webp?fit=800%2C534&quality=75&ssl=1&resize=350%2C200 1x, https:\/\/i0.wp.com\/christianpure.com\/wp-content\/uploads\/2025\/06\/FULL-TEXT-Pope-Leo-XIV039s-homily-at-inaugural-Mass-beginning-his-Petrine-ministry.webp?fit=800%2C534&quality=75&ssl=1&resize=525%2C300 1.5x, https:\/\/i0.wp.com\/christianpure.com\/wp-content\/uploads\/2025\/06\/FULL-TEXT-Pope-Leo-XIV039s-homily-at-inaugural-Mass-beginning-his-Petrine-ministry.webp?fit=800%2C534&quality=75&ssl=1&resize=700%2C400 2x"},"classes":[]},{"id":52600,"url":"https:\/\/christianpure.com\/pt\/learn\/jubilee-of-seminarians-bishops-and-priests-gets-underway-in-rome\/","url_meta":{"origin":37593,"position":3},"title":"Jubilee of Seminarians, Bishops, and Priests gets underway in Rome","author":"Christian Pure Team","date":"Julho 27, 2025","format":false,"excerpt":"Pope Leo XIV waves from the popemobile at the crowds gathered in St. Peter's Square for Mass on Pentecost Sunday on June 8, 2025. \/ Credit: Daniel Ibanez\/CNA Vatican City, Jun 23, 2025 \/ 16:43 pm (CNA). More than 6,000 seminarians, bishops, and priests from five continents are in Rome\u2026","rel":"","context":"In &quot;Christian News&quot;","block_context":{"text":"Christian News","link":"https:\/\/christianpure.com\/pt\/learn\/category\/christian-news\/"},"img":{"alt_text":"Jubilee of Seminarians, Bishops, and Priests gets underway in Rome","src":"https:\/\/i0.wp.com\/christianpure.com\/wp-content\/uploads\/2025\/07\/Jubilee-of-Seminarians-Bishops-and-Priests-gets-underway-in-Rome.webp?fit=800%2C533&quality=75&ssl=1&resize=350%2C200","width":350,"height":200,"srcset":"https:\/\/i0.wp.com\/christianpure.com\/wp-content\/uploads\/2025\/07\/Jubilee-of-Seminarians-Bishops-and-Priests-gets-underway-in-Rome.webp?fit=800%2C533&quality=75&ssl=1&resize=350%2C200 1x, https:\/\/i0.wp.com\/christianpure.com\/wp-content\/uploads\/2025\/07\/Jubilee-of-Seminarians-Bishops-and-Priests-gets-underway-in-Rome.webp?fit=800%2C533&quality=75&ssl=1&resize=525%2C300 1.5x, https:\/\/i0.wp.com\/christianpure.com\/wp-content\/uploads\/2025\/07\/Jubilee-of-Seminarians-Bishops-and-Priests-gets-underway-in-Rome.webp?fit=800%2C533&quality=75&ssl=1&resize=700%2C400 2x"},"classes":[]},{"id":68253,"url":"https:\/\/christianpure.com\/pt\/learn\/pope-leo-xiv-celebrates-mass-in-suffrage-for-deceased-prelates\/","url_meta":{"origin":37593,"position":4},"title":"Pope Leo XIV celebrates Mass in suffrage for deceased prelates","author":"Christian Pure Team","date":"Novembro 27, 2025","format":false,"excerpt":"Pope Leo XIV leads the Church\u2019s commemoration for his papal predecessor and 142 other bishops who died in the past year on Nov. 3, 2025, in St. Peter\u2019s Basilica at the Vatican. \/ Credit: Vatican Media Vatican City, Nov 3, 2025 \/ 11:04 am (CNA). Pope Leo XIV on Monday\u2026","rel":"","context":"In &quot;Christian News&quot;","block_context":{"text":"Christian News","link":"https:\/\/christianpure.com\/pt\/learn\/category\/christian-news\/"},"img":{"alt_text":"Pope Leo XIV celebrates Mass in suffrage for deceased prelates","src":"https:\/\/i0.wp.com\/christianpure.com\/wp-content\/uploads\/2025\/11\/Pope-Leo-XIV-celebrates-Mass-in-suffrage-for-deceased-prelates.webp?fit=800%2C533&quality=75&ssl=1&resize=350%2C200","width":350,"height":200,"srcset":"https:\/\/i0.wp.com\/christianpure.com\/wp-content\/uploads\/2025\/11\/Pope-Leo-XIV-celebrates-Mass-in-suffrage-for-deceased-prelates.webp?fit=800%2C533&quality=75&ssl=1&resize=350%2C200 1x, https:\/\/i0.wp.com\/christianpure.com\/wp-content\/uploads\/2025\/11\/Pope-Leo-XIV-celebrates-Mass-in-suffrage-for-deceased-prelates.webp?fit=800%2C533&quality=75&ssl=1&resize=525%2C300 1.5x, https:\/\/i0.wp.com\/christianpure.com\/wp-content\/uploads\/2025\/11\/Pope-Leo-XIV-celebrates-Mass-in-suffrage-for-deceased-prelates.webp?fit=800%2C533&quality=75&ssl=1&resize=700%2C400 2x"},"classes":[]},{"id":37358,"url":"https:\/\/christianpure.com\/pt\/learn\/all-the-saints-and-church-fathers-pope-leo-xiv-quoted-in-his-first-week\/","url_meta":{"origin":37593,"position":5},"title":"All the saints and Church Fathers Pope Leo XIV quoted in his first week","author":"Christian Pure Team","date":"Maio 16, 2025","format":false,"excerpt":"Pope Leo XIV gives a blessing during a meeting with participants in the Jubilee of Eastern Churches on May 14, 2025, in the Paul VI Audience Hall at the Vatican. \/ Credit: Vatican Media Vatican City, May 15, 2025 \/ 15:33 pm (CNA). In the first week of Pope Leo\u2026","rel":"","context":"In &quot;Christian News&quot;","block_context":{"text":"Christian News","link":"https:\/\/christianpure.com\/pt\/learn\/category\/christian-news\/"},"img":{"alt_text":"","src":"https:\/\/i0.wp.com\/christianpure.com\/wp-content\/uploads\/2025\/05\/CNA_LOGOredblk-20.png?fit=1200%2C335&quality=69&ssl=1&resize=350%2C200","width":350,"height":200,"srcset":"https:\/\/i0.wp.com\/christianpure.com\/wp-content\/uploads\/2025\/05\/CNA_LOGOredblk-20.png?fit=1200%2C335&quality=69&ssl=1&resize=350%2C200 1x, https:\/\/i0.wp.com\/christianpure.com\/wp-content\/uploads\/2025\/05\/CNA_LOGOredblk-20.png?fit=1200%2C335&quality=69&ssl=1&resize=525%2C300 1.5x, https:\/\/i0.wp.com\/christianpure.com\/wp-content\/uploads\/2025\/05\/CNA_LOGOredblk-20.png?fit=1200%2C335&quality=69&ssl=1&resize=700%2C400 2x, https:\/\/i0.wp.com\/christianpure.com\/wp-content\/uploads\/2025\/05\/CNA_LOGOredblk-20.png?fit=1200%2C335&quality=69&ssl=1&resize=1050%2C600 3x"},"classes":[]}],"jetpack_sharing_enabled":true,"mfb_rest_fields":["title","jetpack_publicize_connections","jetpack_featured_media_url","jetpack-related-posts","jetpack_sharing_enabled"],"_links":{"self":[{"href":"https:\/\/christianpure.com\/pt\/wp-json\/wp\/v2\/posts\/37593","targetHints":{"allow":["GET"]}}],"collection":[{"href":"https:\/\/christianpure.com\/pt\/wp-json\/wp\/v2\/posts"}],"about":[{"href":"https:\/\/christianpure.com\/pt\/wp-json\/wp\/v2\/types\/post"}],"author":[{"embeddable":true,"href":"https:\/\/christianpure.com\/pt\/wp-json\/wp\/v2\/users\/11"}],"replies":[{"embeddable":true,"href":"https:\/\/christianpure.com\/pt\/wp-json\/wp\/v2\/comments?post=37593"}],"version-history":[{"count":0,"href":"https:\/\/christianpure.com\/pt\/wp-json\/wp\/v2\/posts\/37593\/revisions"}],"wp:featuredmedia":[{"embeddable":true,"href":"https:\/\/christianpure.com\/pt\/wp-json\/wp\/v2\/media\/41105"}],"wp:attachment":[{"href":"https:\/\/christianpure.com\/pt\/wp-json\/wp\/v2\/media?parent=37593"}],"wp:term":[{"taxonomy":"category","embeddable":true,"href":"https:\/\/christianpure.com\/pt\/wp-json\/wp\/v2\/categories?post=37593"},{"taxonomy":"post_tag","embeddable":true,"href":"https:\/\/christianpure.com\/pt\/wp-json\/wp\/v2\/tags?post=37593"},{"taxonomy":"series","embeddable":true,"href":"https:\/\/christianpure.com\/pt\/wp-json\/wp\/v2\/series?post=37593"}],"curies":[{"name":"wp","href":"https:\/\/api.w.org\/{rel}","templated":true}]}}