{"id":52856,"date":"2025-07-03T21:57:48","date_gmt":"2025-07-03T21:57:48","guid":{"rendered":"https:\/\/christianpure.com\/?p=52856"},"modified":"2025-07-03T21:57:48","modified_gmt":"2025-07-03T21:57:48","slug":"spanish-faithful-disconcerted-by-restoration-of-iconic-image-of-weeping-virgin","status":"publish","type":"post","link":"https:\/\/christianpure.com\/pt\/learn\/spanish-faithful-disconcerted-by-restoration-of-iconic-image-of-weeping-virgin\/","title":{"rendered":"Fi\u00e9is espanh\u00f3is desconcertados com o restauro de imagem ic\u00f3nica de Virgem chorosa"},"content":{"rendered":"<div style=\"width: 100%; margin-bottom: 25px;\">\n  <img data-recalc-dims=\"1\" decoding=\"async\" src=\"https:\/\/i0.wp.com\/www.catholicnewsagency.com\/images\/ourladyofmacarena062525.jpg?ssl=1\" style=\"display: block; margin: auto; max-width: 100%\" \/><br \/>\n  <span style=\"text-align: right; font-style: italic;\">The original face of Our Lady of Hope of Macarena. \/ Credit: Emilio S\u00e1enz\/Macarena Brotherhood<\/span>\n<\/div>\n<p>Madrid, Spain, Jun 25, 2025 \/ 10:54 am (CNA).<\/p>\n<p>The recent changes made to the expression on the face of the iconic image of Our Lady of Hope of Macarena, a popular Spanish devotion, has sparked a wave of reactions among those who consider her an essential part of their faith.<\/p>\n<p>The main focus of discontent has centered on the Virgin\u2019s expression, as the addition of false eyelashes and other changes during recent conservation work visibly altered her expression, causing a negative reaction from numerous devotees who said they no longer recognized \u201ctheir Virgin.\u201d<\/p>\n<p>\u201cThat is not my Virgin, it\u2019s not the image we have venerated for generations,\u201d is how many of the faithful have expressed their bewilderment in recent days at Our Lady of Hope of Macarena Basilica in Seville Spain, where the image known as the \u201cVirgin of Macarena\u201d is kept.<\/p>\n<p>The statue was removed from public veneration for five days to undergo the conservation work and was returned to public view on June 21. The first change to the eyes was followed by another touch-up that same afternoon, and a third that evening, when the eyelashes were reduced, the eyebrows were retouched, and the complexion was darkened.<\/p>\n<p>These modifications to one of the most emblematic images of Holy Week in Seville has led to a torrent of reactions, many of them expressing criticism and surprise \u2014 some with tears \u2014 flooding social media, and there have even been protests at the basilica.<\/p>\n<p>\u201cThe Virgin remains sad; she seems tired, her eyes speak for themselves,\u201d <a href=\"http:\/\/pic.twitter.com\/HjGUR08MLH\" target=\"null\" class=\"null\" rel=\"noopener noreferrer nofollow\">said one post on X<\/a>. Something has happened, and her expression has changed. Sad to see what has happened. Her children and Seville are demanding an explanation. It will come.\u201d<\/p>\n<p>Another post compared photos of the image from 2016, 2022, and on June 23:<\/p>\n<div class=\"twitter-wrapper\">\n<blockquote class=\"twitter-tweet\">\n<p lang=\"es\" dir=\"ltr\">Fotograf\u00eda de la Virgen de la Esperanza Macarena de 2016, fotograf\u00eda del a\u00f1o 2022 y fotograf\u00eda de la Virgen en el d\u00eda de ayer, valoren ustedes.<a href=\"https:\/\/twitter.com\/hashtag\/Macarena?src=hash&amp;ref_src=twsrc%5Etfw\">#Macarena<\/a>  <a href=\"https:\/\/twitter.com\/hashtag\/Esperanza?src=hash&amp;ref_src=twsrc%5Etfw\">#Esperanza<\/a> <a href=\"https:\/\/twitter.com\/hashtag\/TDSCofrade?src=hash&amp;ref_src=twsrc%5Etfw\">#TDSCofrade<\/a> <a href=\"https:\/\/twitter.com\/hashtag\/esperanzamacarena?src=hash&amp;ref_src=twsrc%5Etfw\">#esperanzamacarena<\/a> <a href=\"https:\/\/t.co\/2BgvIkGn7X\">pic.twitter.com\/2BgvIkGn7X<\/a><\/p>\n<p>\u2014 Objetivo Cofrade (@objcofrade) <a href=\"https:\/\/twitter.com\/objcofrade\/status\/1937187620431319479?ref_src=twsrc%5Etfw\">June 23, 2025<\/a><\/p><\/blockquote>\n<p><script src=\"https:\/\/platform.twitter.com\/widgets.js\" charset=\"utf-8\"><\/script><\/p>\n<div class=\"drag-handle\" data-drag-handle=\"true\"> <\/div>\n<\/div>\n<h2>Confusion and outrage among devotees<\/h2>\n<p>The restoration of the image has sparked a heated controversy among the\u00a0Andalusian faithful and devotees.<\/p>\n<p>\u201cA very noticeable change for the worse in the characteristic expression of Our Lady of Hope,\u201d another social media post stated. \u201cI hope I\u2019m mistaken, but knowing the repercussions of making changes to the image of the Macarena, it falls far short of what one would expect.\u201d&nbsp;<\/p>\n<div class=\"twitter-wrapper\">\n<blockquote class=\"twitter-tweet\">\n<p lang=\"es\" dir=\"ltr\">Antes \/\/ Despu\u00e9s <br \/>Cambio muy notable para mal en la expresi\u00f3n tan caracter\u00edstica de la Virgen de la Esperanza. <br \/>Espero estar equivoc\u00e1ndome, pero sabiendo la repercusi\u00f3n que tiene una intervenci\u00f3n a la imagen de la Macarena, queda muy por debajo del nivel que cabr\u00eda esperar. <a href=\"https:\/\/t.co\/OrOpSrkidz\">pic.twitter.com\/OrOpSrkidz<\/a><\/p>\n<p>\u2014 FerNavarro_ (@fernavarro_1) <a href=\"https:\/\/twitter.com\/fernavarro_1\/status\/1936328030621737361?ref_src=twsrc%5Etfw\">June 21, 2025<\/a><\/p><\/blockquote>\n<p><script src=\"https:\/\/platform.twitter.com\/widgets.js\" charset=\"utf-8\"><\/script><\/p>\n<div class=\"drag-handle\" data-drag-handle=\"true\"> <\/div>\n<\/div>\n<p>Another poster <a href=\"https:\/\/x.com\/CalleGanivet_\/status\/1936762005962297458\" target=\"null\" class=\"null\" rel=\"noopener noreferrer nofollow\">compared the Virgin of Hope Macarena of Seville image<\/a> from one day to the next, asking: \u201cDid the confraternity need this?\u201d<\/p>\n<p>Hundreds of faithful gathered the afternoon of June 23 around the basilica, which gives its name to the Macarena neighborhood, to protest the changes made to the statue.<\/p>\n<p>The archbishop of Seville, Jos\u00e9 \u00c1ngel Saiz Meneses, spoke out regarding the incident. Early on the morning of June 24, <a href=\"https:\/\/x.com\/ArzobispoSaiz\/status\/1937329555133337966\" target=\"null\" class=\"null\" rel=\"noopener noreferrer nofollow\">he stated on X<\/a> that \u201cto err is human, to forgive is divine, to rectify is wise.\u201d<\/p>\n<p>\u201cOur Lady of Hope Macarena wants us to be united, as brothers and sisters, as her children, looking to the future, walking in truth and goodness,\u201d the prelate said.<\/p>\n<h2>Apology for \u2018moral and devotional damage\u2019<\/h2>\n<p>The controversy has led two top officials of the governing board of the Brotherhood of the Macarena to resign. In Spain, brotherhoods, also known as confraternities, are organizations that care for as well as carry in procession sacred images during Holy Week.<\/p>\n<p>Following an emergency meeting, the Brotherhood of the Macarena issued an official statement on June 24 in which it apologized to \u201call members of the brotherhood and devotees for any moral and devotional damage that may have been caused by the decisions taken following the conservation and maintenance work carried out\u201d on the Virgin of Macarena.<\/p>\n<p>The organization noted that the conservation work was entrusted to Francisco Arquillo Torres, who has been doing this work since 1978. They also explained that the eyelashes were applied \u201cmoments before dressing her,\u201d so \u201cit\u2019s possible that they shifted, closing part of her eyes because the adhesive was not completely dry.\u201d<\/p>\n<figure class=\"mx-auto\" style=\"width:100%\"><img data-recalc-dims=\"1\" decoding=\"async\" src=\"https:\/\/i0.wp.com\/admin.catholicnewsagency.com\/images\/ourladyofmacarena2062525.jpeg?quality=80&#038;ssl=1\" class=\"img-fluid\" style=\"null\" alt=\"Procession of the Virgin of the Macarena during Holy Week 2024. Credit: Emilio S\u00e1enz\/Macarena Brotherhood\"><figcaption class=\"caption text-muted\">Procession of the Virgin of the Macarena during Holy Week 2024. Credit: Emilio S\u00e1enz\/Macarena Brotherhood<\/figcaption><\/figure>\n<p>Given the confusion of the devotees and \u201cthe persistence of this unwanted aesthetic effect,\u201d the statement said that Arquillo himself came to the basilica on June 21 with other experts to \u201canalyze a possible solution,\u201d making changes again that same afternoon and later that evening.<\/p>\n<p>In order to restore the aesthetic appearance of the Virgin of Hope, the brotherhood has announced its decision to consult with other \u201crenowned\u201d specialists to analyze the situation and \u201cact accordingly.\u201d<\/p>\n<p>The governing board has also approved the Andalusian Institute of Historical Heritage to carry out the technical supervision of the revision.<\/p>\n<p>Once the entire process is completed, an extraordinary general council will be convened to determine any measures to be adopted based on the results.<\/p>\n<p><em>Esta hist\u00f3ria <\/em><a href=\"https:\/\/www.aciprensa.com\/noticias\/114617\/polemica-por-la-restauracion-de-la-virgen-de-la-macarena-en-espana\" target=\"null\" class=\"null\" rel=\"noopener noreferrer nofollow\"><em>foi publicada pela primeira vez<\/em><\/a><em> por ACI Prensa, parceiro de not\u00edcias em espanhol da CNA. Foi traduzido e adaptado pela CNA.<\/em><\/p>\n<p><a href=\"https:\/\/www.catholicnewsagency.com\/news\/264987\/spanish-faithful-disconcerted-by-restoration-of-iconic-image-of-weeping-virgin\" rel=\"nofollow\">https:\/\/www.catholicnewsagency.com\/news\/264987\/spanish-faithful-disconcerted-by-restoration-of-iconic-image-of-weeping-virgin<\/a><\/p>","protected":false},"excerpt":{"rendered":"<p>The original face of Our Lady of Hope of Macarena. \/ Credit: Emilio S\u00e1enz\/Macarena Brotherhood Madrid, Spain, Jun 25, 2025 \/ 10:54 am (CNA). The recent changes made to the expression on the face of the iconic image of Our Lady of Hope of Macarena, a popular Spanish devotion, has sparked a wave of reactions [\u2026]<\/p>","protected":false},"author":11,"featured_media":54643,"comment_status":"open","ping_status":"closed","sticky":false,"template":"","format":"standard","meta":{"_acf_changed":false,"_jetpack_memberships_contains_paid_content":false,"footnotes":"","jetpack_publicize_message":"","jetpack_publicize_feature_enabled":true,"jetpack_social_post_already_shared":true,"jetpack_social_options":{"image_generator_settings":{"template":"highway","default_image_id":0,"font":"","enabled":false},"version":2},"_wpas_customize_per_network":false},"categories":[100],"tags":[1051,1052,1053],"series":[],"class_list":["post-52856","post","type-post","status-publish","format-standard","has-post-thumbnail","hentry","category-christian-news","tag-esperanza","tag-tdscofrade","tag-esperanzamacarena"],"mb":[],"acf":[],"jetpack_publicize_connections":[],"jetpack_featured_media_url":"https:\/\/i0.wp.com\/christianpure.com\/wp-content\/uploads\/2025\/07\/Spanish-faithful-disconcerted-by-restoration-of-iconic-image-of-weeping-Virgin.webp?fit=672%2C448&quality=75&ssl=1","jetpack-related-posts":[],"jetpack_sharing_enabled":true,"mfb_rest_fields":["title","jetpack_publicize_connections","jetpack_featured_media_url","jetpack-related-posts","jetpack_sharing_enabled"],"_links":{"self":[{"href":"https:\/\/christianpure.com\/pt\/wp-json\/wp\/v2\/posts\/52856","targetHints":{"allow":["GET"]}}],"collection":[{"href":"https:\/\/christianpure.com\/pt\/wp-json\/wp\/v2\/posts"}],"about":[{"href":"https:\/\/christianpure.com\/pt\/wp-json\/wp\/v2\/types\/post"}],"author":[{"embeddable":true,"href":"https:\/\/christianpure.com\/pt\/wp-json\/wp\/v2\/users\/11"}],"replies":[{"embeddable":true,"href":"https:\/\/christianpure.com\/pt\/wp-json\/wp\/v2\/comments?post=52856"}],"version-history":[{"count":0,"href":"https:\/\/christianpure.com\/pt\/wp-json\/wp\/v2\/posts\/52856\/revisions"}],"wp:featuredmedia":[{"embeddable":true,"href":"https:\/\/christianpure.com\/pt\/wp-json\/wp\/v2\/media\/54643"}],"wp:attachment":[{"href":"https:\/\/christianpure.com\/pt\/wp-json\/wp\/v2\/media?parent=52856"}],"wp:term":[{"taxonomy":"category","embeddable":true,"href":"https:\/\/christianpure.com\/pt\/wp-json\/wp\/v2\/categories?post=52856"},{"taxonomy":"post_tag","embeddable":true,"href":"https:\/\/christianpure.com\/pt\/wp-json\/wp\/v2\/tags?post=52856"},{"taxonomy":"series","embeddable":true,"href":"https:\/\/christianpure.com\/pt\/wp-json\/wp\/v2\/series?post=52856"}],"curies":[{"name":"wp","href":"https:\/\/api.w.org\/{rel}","templated":true}]}}