{"id":5298,"date":"2024-06-20T23:46:25","date_gmt":"2024-06-20T23:46:25","guid":{"rendered":"https:\/\/christianpure.com\/learn\/pope-francis-to-lutherans-jesus-christ-is-the-heart-of-ecumenism\/"},"modified":"2025-06-30T13:11:24","modified_gmt":"2025-06-30T13:11:24","slug":"pope-francis-to-lutherans-jesus-christ-is-the-heart-of-ecumenism","status":"publish","type":"post","link":"https:\/\/christianpure.com\/pt\/learn\/pope-francis-to-lutherans-jesus-christ-is-the-heart-of-ecumenism\/","title":{"rendered":"Papa Francisco aos luteranos: \u201cJesus Cristo \u00e9 o cora\u00e7\u00e3o do ecumenismo\u201d"},"content":{"rendered":"<p> [ad_1]<br \/>\n<br \/><a href=\"https:\/\/www.catholicnewsagency.com\/news\/258060\/pope-francis-to-lutherans-jesus-christ-is-the-heart-of-ecumenism\">Fonte <\/a><br \/>\n<\/p>\n<div style=\"width: 100%;margin-bottom: 25px\">\n  <img data-recalc-dims=\"1\" decoding=\"async\" src=\"https:\/\/i0.wp.com\/christianpure.com\/wp-content\/uploads\/2024\/06\/popefrancislutherans062024.jpg?quality=80&#038;ssl=1\" style=\"display: block;margin: auto;max-width: 100%\" \/><br \/>\n  <span style=\"text-align: right;font-style: italic\">O Papa Francisco re\u00fane-se com uma delega\u00e7\u00e3o da Federa\u00e7\u00e3o Luterana Mundial a 20 de junho de 2024, no Pal\u00e1cio Apost\u00f3lico no Vaticano. \/ Cr\u00e9dito: Vatican Media<\/span>\n<\/div>\n<p>Equipa da ACI Prensa, 20 de junho de 2024 \/ 17:15 (CNA).<\/p>\n<p>O Papa Francisco recebeu esta manh\u00e3 uma delega\u00e7\u00e3o da Federa\u00e7\u00e3o Luterana Mundial no Vaticano e sublinhou que \u201cJesus Cristo \u00e9 o cora\u00e7\u00e3o do ecumenismo\u201d.<\/p>\n<p>No seu discurso proferido durante a audi\u00eancia realizada no Pal\u00e1cio Apost\u00f3lico no Vaticano, o Santo Padre chamou a este encontro \u201cum gesto importante de fraternidade ecum\u00e9nica\u201d.<\/p>\n<p>O pont\u00edfice recordou a visita desta delega\u00e7\u00e3o a Roma h\u00e1 tr\u00eas anos, ocasi\u00e3o em que refletiram sobre o pr\u00f3ximo 1700.\u00ba anivers\u00e1rio do Primeiro Conc\u00edlio de Niceia em 2025 como um evento ecum\u00e9nico.<\/p>\n<p>Neste contexto, observou que \u00e9 \u201cum belo sinal de esperan\u00e7a que tem um lugar especial na hist\u00f3ria da reconcilia\u00e7\u00e3o entre cat\u00f3licos e luteranos.<\/p>\n<p>\u201cJesus Cristo \u00e9 o cora\u00e7\u00e3o do ecumenismo\u201d, destacou o Papa Francisco, observando ao mesmo tempo que \u201cele \u00e9 a miseric\u00f3rdia divina encarnada, e a nossa miss\u00e3o ecum\u00e9nica \u00e9 dar testemunho disto\u201d.<\/p>\n<p>O Santo Padre recordou tamb\u00e9m a \u201cDeclara\u00e7\u00e3o Conjunta sobre a Doutrina da Justifica\u00e7\u00e3o\u201d, <a href=\"http:\/\/www.christianunity.va\/content\/unitacristiani\/en\/dialoghi\/sezione-occidentale\/luterani\/dialogo\/documenti-di-dialogo\/1999-dichiarazione-congiunta-sulla-dottrina-della-giustificazion\/en3.html\" rel=\"noopener noreferrer nofollow\">assinada h\u00e1 25 anos<\/a>, como \u201coutro sinal de esperan\u00e7a na nossa hist\u00f3ria de reconcilia\u00e7\u00e3o\u201d.<em> <\/em>Assim, o pont\u00edfice encorajou os seus ouvintes a mant\u00ea-la \u201cna nossa mem\u00f3ria como algo sempre vivo\u201d e a celebrar este anivers\u00e1rio \u201ccomo uma festa de esperan\u00e7a\u201d.<\/p>\n<p>\u201cQue o Deus da esperan\u00e7a esteja connosco e continue a acompanhar o nosso di\u00e1logo de verdade e caridade com a sua b\u00ean\u00e7\u00e3o\u201d, disse o Papa Francisco.<\/p>\n<p>Finalmente, o Santo Padre recordou \u201calgo de belo\u201d do bispo ortodoxo Zizioulas, um pioneiro do ecumenismo, que \u201ccostumava dizer que sabia a data da uni\u00e3o crist\u00e3: o dia do ju\u00edzo final!\u201d<\/p>\n<p>\u201cMas, entretanto, dizia ele, devemos caminhar juntos: caminhar juntos, rezar juntos e fazer obras de caridade juntos, a caminho desse dia \u2018hiper-ecum\u00e9nico\u2019 que ser\u00e1 o ju\u00edzo final\u201d, concluiu o Santo Padre, acrescentando que \u201cZizioulas tinha um bom sentido de humor!\u201d<\/p>\n<p><em>Esta hist\u00f3ria <\/em><a href=\"https:\/\/www.aciprensa.com\/noticias\/104986\/papa-francisco-jesucristo-es-el-corazon-del-ecumenismo\" rel=\"noopener noreferrer nofollow\"><em>foi publicada pela primeira vez<\/em><\/a><em> por ACI Prensa, parceiro de not\u00edcias em espanhol da CNA. Foi traduzido e adaptado pela CNA.<\/em><\/p>\n<p>[ad_2]<\/p>","protected":false},"excerpt":{"rendered":"<p>[ad_1] Source Pope Francis meets with a delegation from the Lutheran World Federation on June 20, 2024, in the Apostolic Palace at the Vatican. \/ Credit: Vatican Media ACI Prensa Staff, Jun 20, 2024 \/ 17:15 pm (CNA). Pope Francis this morning received a delegation from the Lutheran World Federation at the Vatican and stressed [\u2026]<\/p>","protected":false},"author":1,"featured_media":5299,"comment_status":"open","ping_status":"open","sticky":false,"template":"","format":"standard","meta":{"_acf_changed":false,"_jetpack_memberships_contains_paid_content":false,"footnotes":"","jetpack_publicize_message":"","jetpack_publicize_feature_enabled":true,"jetpack_social_post_already_shared":true,"jetpack_social_options":{"image_generator_settings":{"template":"highway","default_image_id":0,"font":"","enabled":false},"version":2},"_wpas_customize_per_network":false},"categories":[100],"tags":[],"series":[],"class_list":["post-5298","post","type-post","status-publish","format-standard","has-post-thumbnail","hentry","category-christian-news"],"mb":[],"acf":[],"jetpack_publicize_connections":[],"jetpack_featured_media_url":"https:\/\/i0.wp.com\/christianpure.com\/wp-content\/uploads\/2024\/06\/1718927189_popefrancislutherans062024.jpg?fit=1980%2C1320&quality=80&ssl=1","jetpack-related-posts":[],"jetpack_sharing_enabled":true,"mfb_rest_fields":["title","jetpack_publicize_connections","jetpack_featured_media_url","jetpack-related-posts","jetpack_sharing_enabled"],"_links":{"self":[{"href":"https:\/\/christianpure.com\/pt\/wp-json\/wp\/v2\/posts\/5298","targetHints":{"allow":["GET"]}}],"collection":[{"href":"https:\/\/christianpure.com\/pt\/wp-json\/wp\/v2\/posts"}],"about":[{"href":"https:\/\/christianpure.com\/pt\/wp-json\/wp\/v2\/types\/post"}],"author":[{"embeddable":true,"href":"https:\/\/christianpure.com\/pt\/wp-json\/wp\/v2\/users\/1"}],"replies":[{"embeddable":true,"href":"https:\/\/christianpure.com\/pt\/wp-json\/wp\/v2\/comments?post=5298"}],"version-history":[{"count":0,"href":"https:\/\/christianpure.com\/pt\/wp-json\/wp\/v2\/posts\/5298\/revisions"}],"wp:featuredmedia":[{"embeddable":true,"href":"https:\/\/christianpure.com\/pt\/wp-json\/wp\/v2\/media\/5299"}],"wp:attachment":[{"href":"https:\/\/christianpure.com\/pt\/wp-json\/wp\/v2\/media?parent=5298"}],"wp:term":[{"taxonomy":"category","embeddable":true,"href":"https:\/\/christianpure.com\/pt\/wp-json\/wp\/v2\/categories?post=5298"},{"taxonomy":"post_tag","embeddable":true,"href":"https:\/\/christianpure.com\/pt\/wp-json\/wp\/v2\/tags?post=5298"},{"taxonomy":"series","embeddable":true,"href":"https:\/\/christianpure.com\/pt\/wp-json\/wp\/v2\/series?post=5298"}],"curies":[{"name":"wp","href":"https:\/\/api.w.org\/{rel}","templated":true}]}}