{"id":56554,"date":"2025-11-16T01:01:12","date_gmt":"2025-11-16T01:01:12","guid":{"rendered":"https:\/\/christianpure.com\/?p=56554"},"modified":"2025-11-16T01:01:12","modified_gmt":"2025-11-16T01:01:12","slug":"athlete-convert-to-catholicism-and-future-priest-the-story-of-josh-brooks","status":"publish","type":"post","link":"https:\/\/christianpure.com\/pt\/learn\/athlete-convert-to-catholicism-and-future-priest-the-story-of-josh-brooks\/","title":{"rendered":"Atleta, convertido ao catolicismo e futuro padre: A hist\u00f3ria de Josh Brooks"},"content":{"rendered":"<div style=\"width: 100%; margin-bottom: 25px;\">\n  <img data-recalc-dims=\"1\" decoding=\"async\" src=\"https:\/\/i0.wp.com\/www.catholicnewsagency.com\/images\/josh.brooks.jpg?ssl=1\" style=\"display: block; margin: auto; max-width: 100%\" \/><br \/>\n  <span style=\"text-align: right; font-style: italic;\">Seminarista Josh Brooks. \/ Cr\u00e9dito: Cortesia do Catholic Philly, jornal oficial da Arquidiocese de Filad\u00e9lfia<\/span>\n<\/div>\n<p>Equipa da ACI Prensa, 13 de julho de 2025 \/ 14:55 (CNA).<\/p>\n<p>Josh Brooks, natural do Condado de Delaware, na regi\u00e3o metropolitana de Filad\u00e9lfia, sonhava em seguir os passos do seu \u00eddolo LeBron James e tornar-se jogador profissional de basquetebol. No entanto, Deus tinha outros planos para ele.<\/p>\n<p>Hoje, Brooks est\u00e1 no terceiro ano dos seus estudos universit\u00e1rios no Semin\u00e1rio St. Charles Borromeo, na Arquidiocese de Filad\u00e9lfia, e prepara-se para o sacerd\u00f3cio.<\/p>\n<p>\u201cN\u00e3o quero viver apenas para mim, quero levar a alegria que Deus me deu a outras pessoas\u201d, disse Brooks numa entrevista recente ao <a href=\"https:\/\/www.youtube.com\/watch?v=nwE_YfteKHA\" rel=\"noopener noreferrer nofollow\">Catholic Philly<\/a>, o jornal oficial da Arquidiocese de Filad\u00e9lfia.<\/p>\n<p>Criado na f\u00e9 batista, Brooks teve o seu primeiro contacto com o catolicismo quando os seus pais o matricularam na Escola Prim\u00e1ria St. Ignatius Loyola, em West Philadelphia. Mais tarde, na Monsignor Bonner &amp; Archbishop Prendergast High School, o seu interesse pela f\u00e9 cat\u00f3lica cresceu.<\/p>\n<p>\u201cE, muito lentamente, a minha aten\u00e7\u00e3o come\u00e7ou a gravitar para as minhas aulas de teologia cat\u00f3lica, onde aprendi sobre a identidade do padre. O que realmente me atraiu foi aprender como a Igreja Cat\u00f3lica \u00e9 uma fam\u00edlia universal, porque eu n\u00e3o tive a melhor fam\u00edlia enquanto crescia, por isso isso fez-me sentir chamado a fazer parte de algo especial\u201d, partilhou Brooks.<\/p>\n<p>Embora durante a sua adolesc\u00eancia tenha passado muito tempo a treinar para entrar na equipa de basquetebol da escola secund\u00e1ria, acabou por n\u00e3o conseguir realizar esse sonho. \u201cIsso deixou-me com a quest\u00e3o do que faria da minha vida se o basquetebol, que era o meu grande sonho, j\u00e1 n\u00e3o fosse uma op\u00e7\u00e3o\u201d, recordou.<\/p>\n<p>Na sua busca por sentido, tentou preencher o vazio com uma rela\u00e7\u00e3o amorosa, mas percebeu que o seu cora\u00e7\u00e3o ansiava por algo mais profundo. Inseguro sobre a sua voca\u00e7\u00e3o, perguntou \u00e0 jovem: \u2018Serias capaz de esperar por mim?\u2019 Ela respondeu: \u2018N\u00e3o vou esperar por ti.\u2019 Ent\u00e3o olhei para o crucifixo e disse ao Senhor: \u2018Se ela n\u00e3o espera por mim, ent\u00e3o quem esperar\u00e1?\u2019 E ent\u00e3o percebi que, durante todo o tempo, Ele estava \u00e0 minha espera, para que eu aceitasse o Seu amor. Ele disse: \u2018Seu idiota, eu tenho o melhor amor para te dar.\u2019\u201d<\/p>\n<p>Esse momento marcou um ponto de viragem. \u201cAcho que reagi sem pensar. E vejam o que isso me trouxe. Trouxe-me tanta alegria, este fogo intenso de querer apenas ser para Deus e ser para os outros\u201d, refletiu Brooks.<\/p>\n<p>No Semin\u00e1rio St. Charles Borromeo, encontrou n\u00e3o apenas uma voca\u00e7\u00e3o, mas tamb\u00e9m irm\u00e3os. \u201cNunca tive irm\u00e3os, por isso n\u00e3o sabia como seria ter um. Quando entrei no semin\u00e1rio, encontrei rapazes diferentes com interesses diferentes, personalidades diferentes. No centro de tudo, estes rapazes tentam construir uns com os outros\u201d, disse.<\/p>\n<p>O colega seminarista Sean Barker destacou o esp\u00edrito fraternal de Josh. Num retiro \u201cVem e V\u00ea\u201d, \u201centrei e a primeira pessoa que vi foi o Josh sentado com a sua batina\u201d, recordou. \u201cAo falar com ele, ao conhec\u00ea-lo, senti-me mais \u00e0 vontade. Ele preocupa-se e tem um grande respeito e admira\u00e7\u00e3o pela profunda espiritualidade hist\u00f3rica da Igreja.\u201d<\/p>\n<p>\u201cEle quer que eu seja melhor, quer que eu passe mais tempo na capela, que leve a vida de ora\u00e7\u00e3o mais a s\u00e9rio, que leve os estudos mais a s\u00e9rio... Acho que \u00e9 o facto de ele ser um modelo que mais me inspira\u201d, acrescentou Barker.<\/p>\n<p>Na entrevista, Josh destacou a \u201crica tradi\u00e7\u00e3o e hist\u00f3ria\u201d da Igreja Cat\u00f3lica, mas tamb\u00e9m que \u00e9 \u201cuma grande fam\u00edlia\u201d. Ele tamb\u00e9m convidou outros que tentam redescobrir a sua f\u00e9 a aproximarem-se: \u201cSomos um povo imperfeito, mas somos governados por um Deus que transcende todas as coisas e nos conhece melhor do que n\u00f3s pr\u00f3prios\u201d, disse.<\/p>\n<p>O que mais define este jovem seminarista \u00e9 a sua profunda vida de ora\u00e7\u00e3o e o seu desejo de se tornar padre. Embora os seus pais n\u00e3o sejam cat\u00f3licos, apoiam a sua voca\u00e7\u00e3o, e ele reza todos os dias pela convers\u00e3o deles.<\/p>\n<p>\u201cNo centro da nossa busca pela forma mais elevada de amor, encontr\u00e1-la-emos aqui, onde nos reunimos no altar de Deus e poderemos fazer a nossa morada n\u2019Ele\u201d, resumiu o jovem seminarista.<\/p>\n<p><em>Esta hist\u00f3ria<\/em><a href=\"https:\/\/www.aciprensa.com\/noticias\/115153\/deportista-converso-al-catolicismo-y-futuro-sacerdote-la-historia-de-josh-brooks\" rel=\"noopener noreferrer nofollow\"><em> foi publicada pela primeira vez<\/em><\/a><em> por ACI Prensa, parceiro de not\u00edcias em espanhol da CNA. Foi traduzido e adaptado pela CNA.<\/em><\/p>\n<p><a href=\"https:\/\/www.catholicnewsagency.com\/news\/265327\/athlete-convert-to-catholicism-and-future-priest-the-story-of-josh-brooks\" rel=\"nofollow\">https:\/\/www.catholicnewsagency.com\/news\/265327\/athlete-convert-to-catholicism-and-future-priest-the-story-of-josh-brooks<\/a><\/p>","protected":false},"excerpt":{"rendered":"<p>Seminarian Josh Brooks. \/ Credit: Courtesy of Catholic Philly, official newspaper of the Archdiocese of Philadelphia ACI Prensa Staff, Jul 13, 2025 \/ 14:55 pm (CNA). Josh Brooks, a native of Delaware County in metro Philadelphia, dreamed of following in the footsteps of his idol LeBron James and becoming a professional basketball player. However, God [\u2026]<\/p>","protected":false},"author":11,"featured_media":69338,"comment_status":"open","ping_status":"closed","sticky":false,"template":"","format":"standard","meta":{"_acf_changed":false,"_jetpack_memberships_contains_paid_content":false,"footnotes":"","jetpack_publicize_message":"","jetpack_publicize_feature_enabled":true,"jetpack_social_post_already_shared":true,"jetpack_social_options":{"image_generator_settings":{"template":"highway","default_image_id":0,"font":"","enabled":false},"version":2},"_wpas_customize_per_network":false},"categories":[100],"tags":[],"series":[],"class_list":["post-56554","post","type-post","status-publish","format-standard","has-post-thumbnail","hentry","category-christian-news"],"mb":[],"acf":[],"jetpack_publicize_connections":[],"jetpack_featured_media_url":"https:\/\/i0.wp.com\/christianpure.com\/wp-content\/uploads\/2025\/11\/Athlete-convert-to-Catholicism-and-future-priest-The-story-of-Josh-Brooks.webp?fit=800%2C529&quality=75&ssl=1","jetpack-related-posts":[{"id":71300,"url":"https:\/\/christianpure.com\/pt\/learn\/philadelphia-archdiocese-prays-st-andrew-novena-for-fallen-away-catholics\/","url_meta":{"origin":56554,"position":0},"title":"Philadelphia Archdiocese prays St. Andrew novena for fallen away Catholics","author":"Christian Pure Team","date":"Janeiro 2, 2026","format":false,"excerpt":"The Cathedral Basilica of Sts. Peter and Paul in Philadelphia. \/ Credit: Mehdi Kasumov\/Shutterstock CNA Staff, Dec 6, 2025 \/ 14:30 pm (CNA). The Archdiocese of Philadelphia is mobilizing Catholics this Advent to pray the St. Andrew Christmas Novena prayer 15 times daily for a single intention: the reconciliation of\u2026","rel":"","context":"In &quot;Christian News&quot;","block_context":{"text":"Christian News","link":"https:\/\/christianpure.com\/pt\/learn\/category\/christian-news\/"},"img":{"alt_text":"Philadelphia Archdiocese prays St. Andrew novena for fallen away Catholics","src":"https:\/\/i0.wp.com\/christianpure.com\/wp-content\/uploads\/2026\/01\/Philadelphia-Archdiocese-prays-St.-Andrew-novena-for-fallen-away-Catholics.webp?fit=800%2C534&quality=75&ssl=1&resize=350%2C200","width":350,"height":200,"srcset":"https:\/\/i0.wp.com\/christianpure.com\/wp-content\/uploads\/2026\/01\/Philadelphia-Archdiocese-prays-St.-Andrew-novena-for-fallen-away-Catholics.webp?fit=800%2C534&quality=75&ssl=1&resize=350%2C200 1x, https:\/\/i0.wp.com\/christianpure.com\/wp-content\/uploads\/2026\/01\/Philadelphia-Archdiocese-prays-St.-Andrew-novena-for-fallen-away-Catholics.webp?fit=800%2C534&quality=75&ssl=1&resize=525%2C300 1.5x, https:\/\/i0.wp.com\/christianpure.com\/wp-content\/uploads\/2026\/01\/Philadelphia-Archdiocese-prays-St.-Andrew-novena-for-fallen-away-Catholics.webp?fit=800%2C534&quality=75&ssl=1&resize=700%2C400 2x"},"classes":[]},{"id":26761,"url":"https:\/\/christianpure.com\/pt\/learn\/philadelphia-archbishop-launches-missionary-hubs-to-reach-the-missing-83\/","url_meta":{"origin":56554,"position":1},"title":"Philadelphia archbishop launches \u00e2\u20ac\u02dcmissionary hubs\u2019 to reach the \u00e2\u20ac\u02dcmissing 83%\u2019","author":"Christian Pure Team","date":"Janeiro 17, 2025","format":false,"excerpt":"[ad_1] Archbishop Nelson P\u00c3\u00a9rez at his installation Mass on Feb. 18, 2020, at the Cathedral Basilica of Sts. Peter and Paul in Philadelphia. \/ Credit: Sarah Webb\/Archdiocese of Philadelphia CNA Staff, Jan 17, 2025 \/ 06:00 am (CNA). After the Archdiocese of Philadelphia found that 83% of baptized Catholics are\u2026","rel":"","context":"In &quot;Christian News&quot;","block_context":{"text":"Christian News","link":"https:\/\/christianpure.com\/pt\/learn\/category\/christian-news\/"},"img":{"alt_text":"","src":"https:\/\/i0.wp.com\/christianpure.com\/wp-content\/uploads\/2025\/01\/archphili.jpg?fit=800%2C533&quality=80&ssl=1&resize=350%2C200","width":350,"height":200,"srcset":"https:\/\/i0.wp.com\/christianpure.com\/wp-content\/uploads\/2025\/01\/archphili.jpg?fit=800%2C533&quality=80&ssl=1&resize=350%2C200 1x, https:\/\/i0.wp.com\/christianpure.com\/wp-content\/uploads\/2025\/01\/archphili.jpg?fit=800%2C533&quality=80&ssl=1&resize=525%2C300 1.5x, https:\/\/i0.wp.com\/christianpure.com\/wp-content\/uploads\/2025\/01\/archphili.jpg?fit=800%2C533&quality=80&ssl=1&resize=700%2C400 2x"},"classes":[]},{"id":56239,"url":"https:\/\/christianpure.com\/pt\/learn\/arthur-brooks-lets-emulate-pope-leo-by-speaking-truth-in-a-spirit-of-love\/","url_meta":{"origin":56554,"position":2},"title":"Arthur Brooks: Let\u2019s emulate Pope Leo by speaking truth in a spirit of love","author":"Christian Pure Team","date":"Agosto 19, 2025","format":false,"excerpt":"Arthur Brooks speaks with Catherine Hadro on \"EWTN News in Depth,\" Friday, June 20, 2025 \/ Credit: EWTN News Washington, D.C. Newsroom, Jul 11, 2025 \/ 09:40 am (CNA). Best-selling author, Harvard professor and renowned social scientist Arthur Brooks says the missionary character and approach of Pope Leo XIV is\u2026","rel":"","context":"In &quot;Christian News&quot;","block_context":{"text":"Christian News","link":"https:\/\/christianpure.com\/pt\/learn\/category\/christian-news\/"},"img":{"alt_text":"Arthur Brooks: Let\u2019s emulate Pope Leo by speaking truth in a spirit of love","src":"https:\/\/i0.wp.com\/christianpure.com\/wp-content\/uploads\/2025\/08\/Arthur-Brooks-Lets-emulate-Pope-Leo-by-speaking-truth-in-a-spirit-of-love.webp?fit=800%2C570&quality=75&ssl=1&resize=350%2C200","width":350,"height":200,"srcset":"https:\/\/i0.wp.com\/christianpure.com\/wp-content\/uploads\/2025\/08\/Arthur-Brooks-Lets-emulate-Pope-Leo-by-speaking-truth-in-a-spirit-of-love.webp?fit=800%2C570&quality=75&ssl=1&resize=350%2C200 1x, https:\/\/i0.wp.com\/christianpure.com\/wp-content\/uploads\/2025\/08\/Arthur-Brooks-Lets-emulate-Pope-Leo-by-speaking-truth-in-a-spirit-of-love.webp?fit=800%2C570&quality=75&ssl=1&resize=525%2C300 1.5x, https:\/\/i0.wp.com\/christianpure.com\/wp-content\/uploads\/2025\/08\/Arthur-Brooks-Lets-emulate-Pope-Leo-by-speaking-truth-in-a-spirit-of-love.webp?fit=800%2C570&quality=75&ssl=1&resize=700%2C400 2x"},"classes":[]},{"id":58190,"url":"https:\/\/christianpure.com\/pt\/learn\/philadelphia-archbishop-in-pastoral-letter-tells-immigrants-you-are-not-alone\/","url_meta":{"origin":56554,"position":3},"title":"Philadelphia archbishop in pastoral letter tells immigrants: \u2018You are not alone\u2019","author":"Christian Pure Team","date":"Agosto 4, 2025","format":false,"excerpt":"Archbishop Nelson P\u00e9rez of Philadelphia (pictured at his installation Mass in 2020) issued a pastoral letter in support of immigrants on July 23, 2025. \/ Credit: Sarah Webb\/Archdiocese of Philadelphia Washington, D.C. Newsroom, Jul 24, 2025 \/ 14:05 pm (CNA). Archbishop Nelson Perez of Philadelphia has expressed \u201csorrow\u201d for and\u2026","rel":"","context":"In &quot;Christian News&quot;","block_context":{"text":"Christian News","link":"https:\/\/christianpure.com\/pt\/learn\/category\/christian-news\/"},"img":{"alt_text":"Philadelphia archbishop in pastoral letter tells immigrants: \u2018You are not alone\u2019","src":"https:\/\/i0.wp.com\/christianpure.com\/wp-content\/uploads\/2025\/08\/Philadelphia-archbishop-in-pastoral-letter-tells-immigrants-%E2%80%98You-are-not-alone.webp?fit=800%2C533&quality=75&ssl=1&resize=350%2C200","width":350,"height":200,"srcset":"https:\/\/i0.wp.com\/christianpure.com\/wp-content\/uploads\/2025\/08\/Philadelphia-archbishop-in-pastoral-letter-tells-immigrants-%E2%80%98You-are-not-alone.webp?fit=800%2C533&quality=75&ssl=1&resize=350%2C200 1x, https:\/\/i0.wp.com\/christianpure.com\/wp-content\/uploads\/2025\/08\/Philadelphia-archbishop-in-pastoral-letter-tells-immigrants-%E2%80%98You-are-not-alone.webp?fit=800%2C533&quality=75&ssl=1&resize=525%2C300 1.5x, https:\/\/i0.wp.com\/christianpure.com\/wp-content\/uploads\/2025\/08\/Philadelphia-archbishop-in-pastoral-letter-tells-immigrants-%E2%80%98You-are-not-alone.webp?fit=800%2C533&quality=75&ssl=1&resize=700%2C400 2x"},"classes":[]},{"id":36359,"url":"https:\/\/christianpure.com\/pt\/learn\/americans-in-st-peters-square-celebrate-historic-election-of-pope-leo-xiv\/","url_meta":{"origin":56554,"position":4},"title":"Americans in St. Peter&#8217;s Square celebrate historic election of Pope Leo XIV","author":"Christian Pure Team","date":"Maio 10, 2025","format":false,"excerpt":"[ad_1] Americans gather in St. Peter\u2019s Square on May 8, 2025, to celebrate the election of Pope Leo XIV, the first pontiff from the United States. \/ Credit: Courtney Mares\/CNA Vatican City, May 9, 2025 \/ 18:28 pm (CNA). Americans gathered in St. Peter\u2019s Square on May 8 to celebrate\u2026","rel":"","context":"In &quot;Christian News&quot;","block_context":{"text":"Christian News","link":"https:\/\/christianpure.com\/pt\/learn\/category\/christian-news\/"},"img":{"alt_text":"","src":"https:\/\/i0.wp.com\/christianpure.com\/wp-content\/uploads\/2025\/05\/08cfd7e8-adc1-4af3-8894-08d76f470736.jpg?fit=800%2C600&quality=80&ssl=1&resize=350%2C200","width":350,"height":200,"srcset":"https:\/\/i0.wp.com\/christianpure.com\/wp-content\/uploads\/2025\/05\/08cfd7e8-adc1-4af3-8894-08d76f470736.jpg?fit=800%2C600&quality=80&ssl=1&resize=350%2C200 1x, https:\/\/i0.wp.com\/christianpure.com\/wp-content\/uploads\/2025\/05\/08cfd7e8-adc1-4af3-8894-08d76f470736.jpg?fit=800%2C600&quality=80&ssl=1&resize=525%2C300 1.5x, https:\/\/i0.wp.com\/christianpure.com\/wp-content\/uploads\/2025\/05\/08cfd7e8-adc1-4af3-8894-08d76f470736.jpg?fit=800%2C600&quality=80&ssl=1&resize=700%2C400 2x"},"classes":[]},{"id":11597,"url":"https:\/\/christianpure.com\/pt\/learn\/meaning-brooke-bible\/","url_meta":{"origin":56554,"position":5},"title":"Is the Name Brooke Connected to Biblical Waters?","author":"Christian Pure Team","date":"Fevereiro 5, 2025","format":false,"excerpt":"Brooke isn\u00e2\u20ac\u2122t in the Bible, but its meaning as a stream offers spiritual significance through biblical imagery of water and renewal.","rel":"","context":"In &quot;Christian Education&quot;","block_context":{"text":"Christian Education","link":"https:\/\/christianpure.com\/pt\/learn\/category\/christian-education\/"},"img":{"alt_text":"","src":"https:\/\/i0.wp.com\/christianpure.com\/wp-content\/uploads\/2024\/10\/is-the-name-brooke-connected-to-biblical-waters.webp?fit=1200%2C675&quality=75&ssl=1&resize=350%2C200","width":350,"height":200,"srcset":"https:\/\/i0.wp.com\/christianpure.com\/wp-content\/uploads\/2024\/10\/is-the-name-brooke-connected-to-biblical-waters.webp?fit=1200%2C675&quality=75&ssl=1&resize=350%2C200 1x, https:\/\/i0.wp.com\/christianpure.com\/wp-content\/uploads\/2024\/10\/is-the-name-brooke-connected-to-biblical-waters.webp?fit=1200%2C675&quality=75&ssl=1&resize=525%2C300 1.5x, https:\/\/i0.wp.com\/christianpure.com\/wp-content\/uploads\/2024\/10\/is-the-name-brooke-connected-to-biblical-waters.webp?fit=1200%2C675&quality=75&ssl=1&resize=700%2C400 2x, https:\/\/i0.wp.com\/christianpure.com\/wp-content\/uploads\/2024\/10\/is-the-name-brooke-connected-to-biblical-waters.webp?fit=1200%2C675&quality=75&ssl=1&resize=1050%2C600 3x"},"classes":[]}],"jetpack_sharing_enabled":true,"mfb_rest_fields":["title","jetpack_publicize_connections","jetpack_featured_media_url","jetpack-related-posts","jetpack_sharing_enabled"],"_links":{"self":[{"href":"https:\/\/christianpure.com\/pt\/wp-json\/wp\/v2\/posts\/56554","targetHints":{"allow":["GET"]}}],"collection":[{"href":"https:\/\/christianpure.com\/pt\/wp-json\/wp\/v2\/posts"}],"about":[{"href":"https:\/\/christianpure.com\/pt\/wp-json\/wp\/v2\/types\/post"}],"author":[{"embeddable":true,"href":"https:\/\/christianpure.com\/pt\/wp-json\/wp\/v2\/users\/11"}],"replies":[{"embeddable":true,"href":"https:\/\/christianpure.com\/pt\/wp-json\/wp\/v2\/comments?post=56554"}],"version-history":[{"count":0,"href":"https:\/\/christianpure.com\/pt\/wp-json\/wp\/v2\/posts\/56554\/revisions"}],"wp:featuredmedia":[{"embeddable":true,"href":"https:\/\/christianpure.com\/pt\/wp-json\/wp\/v2\/media\/69338"}],"wp:attachment":[{"href":"https:\/\/christianpure.com\/pt\/wp-json\/wp\/v2\/media?parent=56554"}],"wp:term":[{"taxonomy":"category","embeddable":true,"href":"https:\/\/christianpure.com\/pt\/wp-json\/wp\/v2\/categories?post=56554"},{"taxonomy":"post_tag","embeddable":true,"href":"https:\/\/christianpure.com\/pt\/wp-json\/wp\/v2\/tags?post=56554"},{"taxonomy":"series","embeddable":true,"href":"https:\/\/christianpure.com\/pt\/wp-json\/wp\/v2\/series?post=56554"}],"curies":[{"name":"wp","href":"https:\/\/api.w.org\/{rel}","templated":true}]}}