{"id":59807,"date":"2025-10-08T09:54:28","date_gmt":"2025-10-08T09:54:28","guid":{"rendered":"https:\/\/christianpure.com\/?p=59807"},"modified":"2025-10-08T09:54:28","modified_gmt":"2025-10-08T09:54:28","slug":"pope-leo-xiv-the-family-is-the-first-place-we-receive-support-to-overcome-lifes-trials","status":"publish","type":"post","link":"https:\/\/christianpure.com\/pt\/learn\/pope-leo-xiv-the-family-is-the-first-place-we-receive-support-to-overcome-lifes-trials\/","title":{"rendered":"Papa Le\u00e3o XIV: A fam\u00edlia \u00e9 o primeiro lugar onde recebemos apoio para superar as prova\u00e7\u00f5es da vida"},"content":{"rendered":"<div style=\"width: 100%; margin-bottom: 25px;\">\n  <img data-recalc-dims=\"1\" decoding=\"async\" src=\"https:\/\/i0.wp.com\/www.catholicnewsagency.com\/images\/stevenspope2.jpeg?ssl=1\" style=\"display: block; margin: auto; max-width: 100%\" \/><br \/>\n  <span style=\"text-align: right; font-style: italic;\">Os rec\u00e9m-casados Anna e Cole Stevens encontram-se com o Papa Le\u00e3o XIV na audi\u00eancia geral em Roma, na quarta-feira, 11 de junho de 2025. \/ Cr\u00e9dito: Cortesia de Anna e Cole Stevens<\/span>\n<\/div>\n<p>Cidade do Vaticano, 7 de agosto de 2025 \/ 13:54 (CNA).<\/p>\n<p>Numa <a href=\"https:\/\/youtu.be\/l2onx7JRVWE\" target=\"null\" class=\"null\" rel=\"noopener noreferrer nofollow\">mensagem de v\u00eddeo<\/a> aos participantes do terceiro congresso da Rede Pan-Africana Cat\u00f3lica para a Teologia e Pastoral, o Papa Le\u00e3o XIV recordou o papel fundamental da fam\u00edlia, \u201co primeiro lugar onde recebemos o amor e o apoio de que precisamos\u201d.<\/p>\n<p>O evento, intitulado \u201cCaminhando Juntos na Esperan\u00e7a como Igreja-Fam\u00edlia de Deus em \u00c1frica\u201d, decorre de 5 a 10 de agosto na Universidade Cat\u00f3lica da \u00c1frica Ocidental em Abidjan, Costa do Marfim.<\/p>\n<p>O principal objetivo do encontro \u00e9 promover a comunica\u00e7\u00e3o no sul global, reunindo te\u00f3logos, l\u00edderes pastorais, leigos e religiosos para refletir, partilhar experi\u00eancias e desenvolver a pastoral a partir de uma perspetiva africana.<\/p>\n<p>No in\u00edcio da <a href=\"https:\/\/www.vatican.va\/content\/leo-xiv\/en\/messages\/pont-messages\/2025\/documents\/20250806-videomessaggio-rete-cattolica-panafricana.html\" target=\"null\" class=\"null\" rel=\"noopener noreferrer nofollow\">sua mensagem<\/a>, divulgada a 6 de agosto, o Santo Padre expressou particularmente a sua gratid\u00e3o pelo trabalho dos organizadores do encontro e assegurou-lhes as suas ora\u00e7\u00f5es pelos participantes, que durante estes dias refletem sobre o futuro da Igreja em \u00c1frica.<\/p>\n<p>No contexto do Jubileu da Esperan\u00e7a, o Papa Le\u00e3o XIV enfatizou o papel vital que a esperan\u00e7a desempenha na nossa peregrina\u00e7\u00e3o terrena. \u201cA f\u00e9 e a teologia fornecem a base para conhecer a Deus, enquanto a caridade \u00e9 a vida de amor que desfrutamos com Ele\u201d, observou.<\/p>\n<p>No entanto, explicou que \u201c\u00e9 pela virtude da esperan\u00e7a que desejamos alcan\u00e7ar a plenitude desta felicidade no c\u00e9u. Assim, ela inspira-nos e sustenta-nos a aproximarmo-nos de Deus mesmo quando confrontados pelas dificuldades da vida\u201d, acrescentou.<\/p>\n<div style=\"width:100%\" class=\"mx-auto embed-responsive embed-responsive-16by9\"><iframe src=\"https:\/\/www.youtube.com\/embed\/l2onx7JRVWE?feature=oembed&amp;start=\" class=\"embed-responsive-item null\" frameborder=\"0\" allowfullscreen=\"null\" allow=\"accelerometer; autoplay; clipboard-write; encrypted-media; gyroscope; picture-in-picture; web-share\"><\/iframe><\/div>\n<p>O Santo Padre exortou a Igreja a ser \u201cum farol de esperan\u00e7a para as na\u00e7\u00f5es\u201d que enfrentam v\u00e1rias dificuldades em \u00c1frica, apelando simultaneamente \u00e0 fraternidade e \u00e0 responsabilidade de \u201ccuidar uns dos outros\u201d.<\/p>\n<p>\u201cUma fam\u00edlia \u00e9 geralmente o primeiro lugar onde recebemos o amor e o apoio de que precisamos para seguir em frente e superar as prova\u00e7\u00f5es que enfrentamos na vida\u201d, salientou.<\/p>\n<p>Neste contexto, encorajou a continua\u00e7\u00e3o da constru\u00e7\u00e3o da \u201cfam\u00edlia das Igrejas locais\u201d nos pa\u00edses africanos \u201cpara que existam redes de apoio dispon\u00edveis para todos os nossos irm\u00e3os e irm\u00e3s em Cristo, e tamb\u00e9m para a sociedade em geral, especialmente para aqueles que est\u00e3o nas periferias\u201d.<\/p>\n<p>No final da sua mensagem, o Papa Le\u00e3o XIV enfatizou a import\u00e2ncia de \u201creconhecer a unidade entre a teologia e o trabalho pastoral\u201d.<\/p>\n<p>Salientou que \u201ctemos de viver o que acreditamos. Cristo disse-nos que n\u00e3o veio simplesmente para nos dar a vida, mas para a dar em plenitude. Por isso, \u00e9 vossa tarefa trabalhar em conjunto para implementar programas pastorais que demonstrem como os ensinamentos da Igreja ajudam a abrir os cora\u00e7\u00f5es e as mentes das pessoas \u00e0 verdade e ao amor de Deus\u201d.<\/p>\n<p><em>Esta hist\u00f3ria <\/em><a href=\"https:\/\/www.aciprensa.com\/noticias\/116023\/leon-xiv-la-familia-es-el-primer-lugar-donde-recibimos-amor-y-apoyo-que-necesitamos\" target=\"null\" class=\"null\" rel=\"noopener noreferrer nofollow\"><em>foi publicada pela primeira vez<\/em><\/a><em> por ACI Prensa, parceiro de not\u00edcias em espanhol da CNA. Foi traduzido e adaptado pela CNA.<\/em><\/p>\n<p><a href=\"https:\/\/www.catholicnewsagency.com\/news\/265841\/leo-xiv-the-family-is-the-first-place-we-receive-support-to-overcome-lifes-trials\" rel=\"nofollow\">https:\/\/www.catholicnewsagency.com\/news\/265841\/leo-xiv-the-family-is-the-first-place-we-receive-support-to-overcome-lifes-trials<\/a><\/p>","protected":false},"excerpt":{"rendered":"<p>Os rec\u00e9m-casados Anna e Cole Stevens encontram o Papa Le\u00e3o XIV na audi\u00eancia geral em Roma na quarta-feira, 11 de junho de 2025. \/ Cr\u00e9dito: Cortesia de Anna e Cole Stevens Cidade do Vaticano, 7 de agosto de 2025 \/ 13:54 (CNA). Numa mensagem de v\u00eddeo aos participantes do terceiro congresso da Rede Cat\u00f3lica Pan-Africana de Teologia [\u2026]<\/p>","protected":false},"author":11,"featured_media":65986,"comment_status":"open","ping_status":"closed","sticky":false,"template":"","format":"standard","meta":{"_acf_changed":false,"_jetpack_memberships_contains_paid_content":false,"footnotes":"","jetpack_publicize_message":"","jetpack_publicize_feature_enabled":true,"jetpack_social_post_already_shared":true,"jetpack_social_options":{"image_generator_settings":{"template":"highway","default_image_id":0,"font":"","enabled":false},"version":2},"_wpas_customize_per_network":false},"categories":[100],"tags":[],"series":[],"class_list":["post-59807","post","type-post","status-publish","format-standard","has-post-thumbnail","hentry","category-christian-news"],"mb":[],"acf":[],"jetpack_publicize_connections":[],"jetpack_featured_media_url":"https:\/\/i0.wp.com\/christianpure.com\/wp-content\/uploads\/2025\/10\/Pope-Leo-XIV-The-family-is-the-first-place-we-receive-support-to-overcome-lifes-trials.webp?fit=800%2C533&quality=75&ssl=1","jetpack-related-posts":[{"id":54334,"url":"https:\/\/christianpure.com\/pt\/learn\/pope-leo-xivs-marriage-advice-keep-calm-and-pray-the-rosary\/","url_meta":{"origin":59807,"position":0},"title":"Pope Leo XIV\u2019s marriage advice? Keep calm and pray the rosary","author":"Christian Pure Team","date":"Janeiro 11, 2026","format":false,"excerpt":"Newlyweds Anna and Cole Stevens meet Pope Leo XIV at the general audience in Rome on Wednesday, June 11, 2025. \/ Credit: Courtesy of Anna and Cole Stevens Vatican City, Jul 2, 2025 \/ 10:00 am (CNA). Pope Leo XIV recently offered marriage advice to a young American couple days\u2026","rel":"","context":"In &quot;Christian News&quot;","block_context":{"text":"Christian News","link":"https:\/\/christianpure.com\/pt\/learn\/category\/christian-news\/"},"img":{"alt_text":"Pope Leo XIV\u2019s marriage advice? Keep calm and pray the rosary","src":"https:\/\/i0.wp.com\/christianpure.com\/wp-content\/uploads\/2026\/01\/Pope-Leo-XIVs-marriage-advice-Keep-calm-and-pray-the-rosary.webp?fit=800%2C533&quality=75&ssl=1&resize=350%2C200","width":350,"height":200,"srcset":"https:\/\/i0.wp.com\/christianpure.com\/wp-content\/uploads\/2026\/01\/Pope-Leo-XIVs-marriage-advice-Keep-calm-and-pray-the-rosary.webp?fit=800%2C533&quality=75&ssl=1&resize=350%2C200 1x, https:\/\/i0.wp.com\/christianpure.com\/wp-content\/uploads\/2026\/01\/Pope-Leo-XIVs-marriage-advice-Keep-calm-and-pray-the-rosary.webp?fit=800%2C533&quality=75&ssl=1&resize=525%2C300 1.5x, https:\/\/i0.wp.com\/christianpure.com\/wp-content\/uploads\/2026\/01\/Pope-Leo-XIVs-marriage-advice-Keep-calm-and-pray-the-rosary.webp?fit=800%2C533&quality=75&ssl=1&resize=700%2C400 2x"},"classes":[]},{"id":72824,"url":"https:\/\/christianpure.com\/pt\/learn\/photos-pope-leo-meets-the-tiniest-members-of-the-flock-babies\/","url_meta":{"origin":59807,"position":1},"title":"PHOTOS: Pope Leo meets the tiniest members of the flock \u2014 babies","author":"Christian Pure Team","date":"Fevereiro 16, 2026","format":false,"excerpt":"Pope Leo XIV blesses a baby on All Saints Day\u2019 2025. \/ Credit: Vatican Media Vatican City, Dec 25, 2025 \/ 07:00 am (CNA). Pope Leo XIV has welcomed and greeted a plethora of babies at the Vatican since his election on May 8. As Christians everywhere celebrate the birth\u2026","rel":"","context":"In &quot;Christian News&quot;","block_context":{"text":"Christian News","link":"https:\/\/christianpure.com\/pt\/learn\/category\/christian-news\/"},"img":{"alt_text":"PHOTOS: Pope Leo meets the tiniest members of the flock \u2014 babies","src":"https:\/\/i0.wp.com\/christianpure.com\/wp-content\/uploads\/2026\/02\/PHOTOS-Pope-Leo-meets-the-tiniest-members-of-the-flock-%E2%80%94-babies.png?fit=1200%2C335&quality=69&ssl=1&resize=350%2C200","width":350,"height":200,"srcset":"https:\/\/i0.wp.com\/christianpure.com\/wp-content\/uploads\/2026\/02\/PHOTOS-Pope-Leo-meets-the-tiniest-members-of-the-flock-%E2%80%94-babies.png?fit=1200%2C335&quality=69&ssl=1&resize=350%2C200 1x, https:\/\/i0.wp.com\/christianpure.com\/wp-content\/uploads\/2026\/02\/PHOTOS-Pope-Leo-meets-the-tiniest-members-of-the-flock-%E2%80%94-babies.png?fit=1200%2C335&quality=69&ssl=1&resize=525%2C300 1.5x, https:\/\/i0.wp.com\/christianpure.com\/wp-content\/uploads\/2026\/02\/PHOTOS-Pope-Leo-meets-the-tiniest-members-of-the-flock-%E2%80%94-babies.png?fit=1200%2C335&quality=69&ssl=1&resize=700%2C400 2x, https:\/\/i0.wp.com\/christianpure.com\/wp-content\/uploads\/2026\/02\/PHOTOS-Pope-Leo-meets-the-tiniest-members-of-the-flock-%E2%80%94-babies.png?fit=1200%2C335&quality=69&ssl=1&resize=1050%2C600 3x"},"classes":[]},{"id":73398,"url":"https:\/\/christianpure.com\/pt\/learn\/cnas-top-catholic-moments-of-2025\/","url_meta":{"origin":59807,"position":2},"title":"CNA\u2019s top Catholic moments of 2025","author":"Christian Pure Team","date":"Janeiro 29, 2026","format":false,"excerpt":"Pope Leo XIV greets a girl in a wheelchair during an audience with members of Italian Catholic Action on Dec. 19, 2025 at the Vatican. Credit: Vatican Media Dec 31, 2025 \/ 08:00 am (CNA). 2025 was filled with impactful moments \u2014 from the death of Pope Francis to the\u2026","rel":"","context":"In &quot;Christian News&quot;","block_context":{"text":"Christian News","link":"https:\/\/christianpure.com\/pt\/learn\/category\/christian-news\/"},"img":{"alt_text":"CNA\u2019s top Catholic moments of 2025","src":"https:\/\/i0.wp.com\/christianpure.com\/wp-content\/uploads\/2026\/01\/CNAs-top-Catholic-moments-of-2025.jpg?fit=1200%2C719&quality=80&ssl=1&resize=350%2C200","width":350,"height":200,"srcset":"https:\/\/i0.wp.com\/christianpure.com\/wp-content\/uploads\/2026\/01\/CNAs-top-Catholic-moments-of-2025.jpg?fit=1200%2C719&quality=80&ssl=1&resize=350%2C200 1x, https:\/\/i0.wp.com\/christianpure.com\/wp-content\/uploads\/2026\/01\/CNAs-top-Catholic-moments-of-2025.jpg?fit=1200%2C719&quality=80&ssl=1&resize=525%2C300 1.5x, https:\/\/i0.wp.com\/christianpure.com\/wp-content\/uploads\/2026\/01\/CNAs-top-Catholic-moments-of-2025.jpg?fit=1200%2C719&quality=80&ssl=1&resize=700%2C400 2x, https:\/\/i0.wp.com\/christianpure.com\/wp-content\/uploads\/2026\/01\/CNAs-top-Catholic-moments-of-2025.jpg?fit=1200%2C719&quality=80&ssl=1&resize=1050%2C600 3x"},"classes":[]},{"id":59619,"url":"https:\/\/christianpure.com\/pt\/learn\/pope-leo-xiv-commends-work-of-knights-of-columbus-in-message-to-supreme-convention\/","url_meta":{"origin":59807,"position":3},"title":"Pope Leo XIV commends work of Knights of Columbus in message to Supreme Convention","author":"Christian Pure Team","date":"Setembro 9, 2025","format":false,"excerpt":"Pope Leo\u2019s message was received with a standing ovation. \/ Credit: Knights of Columbus\/Screenshot Washington D.C., Aug 5, 2025 \/ 19:37 pm (CNA). Pope Leo XIV extolled the work of the Knights of Columbus in a prerecorded message for the Catholic fraternal organization\u2019s 143rd Supreme Convention, which is being held\u2026","rel":"","context":"In &quot;Christian News&quot;","block_context":{"text":"Christian News","link":"https:\/\/christianpure.com\/pt\/learn\/category\/christian-news\/"},"img":{"alt_text":"Pope Leo XIV commends work of Knights of Columbus in message to Supreme Convention","src":"https:\/\/i0.wp.com\/christianpure.com\/wp-content\/uploads\/2025\/09\/Pope-Leo-XIV-commends-work-of-Knights-of-Columbus-in-message-to-Supreme-Convention.webp?fit=800%2C600&quality=75&ssl=1&resize=350%2C200","width":350,"height":200,"srcset":"https:\/\/i0.wp.com\/christianpure.com\/wp-content\/uploads\/2025\/09\/Pope-Leo-XIV-commends-work-of-Knights-of-Columbus-in-message-to-Supreme-Convention.webp?fit=800%2C600&quality=75&ssl=1&resize=350%2C200 1x, https:\/\/i0.wp.com\/christianpure.com\/wp-content\/uploads\/2025\/09\/Pope-Leo-XIV-commends-work-of-Knights-of-Columbus-in-message-to-Supreme-Convention.webp?fit=800%2C600&quality=75&ssl=1&resize=525%2C300 1.5x, https:\/\/i0.wp.com\/christianpure.com\/wp-content\/uploads\/2025\/09\/Pope-Leo-XIV-commends-work-of-Knights-of-Columbus-in-message-to-Supreme-Convention.webp?fit=800%2C600&quality=75&ssl=1&resize=700%2C400 2x"},"classes":[]},{"id":59232,"url":"https:\/\/christianpure.com\/pt\/learn\/pope-leo-xiv-prays-for-egyptian-jubilee-of-youth-pilgrim-who-died-in-rome\/","url_meta":{"origin":59807,"position":4},"title":"Pope Leo XIV prays for Egyptian Jubilee of Youth pilgrim who died in Rome","author":"Christian Pure Team","date":"Agosto 31, 2025","format":false,"excerpt":"Pope Leo XIV addresses the crowd following his unexpected ride around St. Peter\u2019s Square at the Vatican following the Jubilee of Youth welcome Mass \u2014 which was celebrated by Archbishop Rino Fisichella (right) \u2014 on July 29, 2025. \/ Credit: Daniel Iba\u00f1ez\/CNA Vatican City, Aug 2, 2025 \/ 10:00 am\u2026","rel":"","context":"In &quot;Christian News&quot;","block_context":{"text":"Christian News","link":"https:\/\/christianpure.com\/pt\/learn\/category\/christian-news\/"},"img":{"alt_text":"Pope Leo XIV prays for Egyptian Jubilee of Youth pilgrim who died in Rome","src":"https:\/\/i0.wp.com\/christianpure.com\/wp-content\/uploads\/2025\/08\/Pope-Leo-XIV-prays-for-Egyptian-Jubilee-of-Youth-pilgrim-who-died-in-Rome.webp?fit=800%2C533&quality=75&ssl=1&resize=350%2C200","width":350,"height":200,"srcset":"https:\/\/i0.wp.com\/christianpure.com\/wp-content\/uploads\/2025\/08\/Pope-Leo-XIV-prays-for-Egyptian-Jubilee-of-Youth-pilgrim-who-died-in-Rome.webp?fit=800%2C533&quality=75&ssl=1&resize=350%2C200 1x, https:\/\/i0.wp.com\/christianpure.com\/wp-content\/uploads\/2025\/08\/Pope-Leo-XIV-prays-for-Egyptian-Jubilee-of-Youth-pilgrim-who-died-in-Rome.webp?fit=800%2C533&quality=75&ssl=1&resize=525%2C300 1.5x, https:\/\/i0.wp.com\/christianpure.com\/wp-content\/uploads\/2025\/08\/Pope-Leo-XIV-prays-for-Egyptian-Jubilee-of-Youth-pilgrim-who-died-in-Rome.webp?fit=800%2C533&quality=75&ssl=1&resize=700%2C400 2x"},"classes":[]},{"id":65636,"url":"https:\/\/christianpure.com\/pt\/learn\/pope-leo-xiv-receives-detailed-report-on-attacks-against-the-catholic-church-in-nicaragua\/","url_meta":{"origin":59807,"position":5},"title":"Pope Leo XIV receives detailed report on attacks against the Catholic Church in Nicaragua","author":"Christian Pure Team","date":"Novembro 13, 2025","format":false,"excerpt":"Pope Leo XIV receives the latest edition of the report \u201cNicaragua: A Persecuted Church,\u201d by Martha Patricia Molina, on Oct. 2, 2025. \/ Credit: Courtesy of Muriel Saenz ACI Prensa Staff, Oct 4, 2025 \/ 09:00 am (CNA). Pope Leo XIV this week received the report \u201cNicaragua: A Persecuted Church\u201d\u2026","rel":"","context":"In &quot;Christian News&quot;","block_context":{"text":"Christian News","link":"https:\/\/christianpure.com\/pt\/learn\/category\/christian-news\/"},"img":{"alt_text":"Pope Leo XIV receives detailed report on attacks against the Catholic Church in Nicaragua","src":"https:\/\/i0.wp.com\/christianpure.com\/wp-content\/uploads\/2025\/11\/Pope-Leo-XIV-receives-detailed-report-on-attacks-against-the-Catholic-Church-in-Nicaragua.webp?fit=672%2C448&quality=75&ssl=1&resize=350%2C200","width":350,"height":200,"srcset":"https:\/\/i0.wp.com\/christianpure.com\/wp-content\/uploads\/2025\/11\/Pope-Leo-XIV-receives-detailed-report-on-attacks-against-the-Catholic-Church-in-Nicaragua.webp?fit=672%2C448&quality=75&ssl=1&resize=350%2C200 1x, https:\/\/i0.wp.com\/christianpure.com\/wp-content\/uploads\/2025\/11\/Pope-Leo-XIV-receives-detailed-report-on-attacks-against-the-Catholic-Church-in-Nicaragua.webp?fit=672%2C448&quality=75&ssl=1&resize=525%2C300 1.5x"},"classes":[]}],"jetpack_sharing_enabled":true,"mfb_rest_fields":["title","jetpack_publicize_connections","jetpack_featured_media_url","jetpack-related-posts","jetpack_sharing_enabled"],"_links":{"self":[{"href":"https:\/\/christianpure.com\/pt\/wp-json\/wp\/v2\/posts\/59807","targetHints":{"allow":["GET"]}}],"collection":[{"href":"https:\/\/christianpure.com\/pt\/wp-json\/wp\/v2\/posts"}],"about":[{"href":"https:\/\/christianpure.com\/pt\/wp-json\/wp\/v2\/types\/post"}],"author":[{"embeddable":true,"href":"https:\/\/christianpure.com\/pt\/wp-json\/wp\/v2\/users\/11"}],"replies":[{"embeddable":true,"href":"https:\/\/christianpure.com\/pt\/wp-json\/wp\/v2\/comments?post=59807"}],"version-history":[{"count":0,"href":"https:\/\/christianpure.com\/pt\/wp-json\/wp\/v2\/posts\/59807\/revisions"}],"wp:featuredmedia":[{"embeddable":true,"href":"https:\/\/christianpure.com\/pt\/wp-json\/wp\/v2\/media\/65986"}],"wp:attachment":[{"href":"https:\/\/christianpure.com\/pt\/wp-json\/wp\/v2\/media?parent=59807"}],"wp:term":[{"taxonomy":"category","embeddable":true,"href":"https:\/\/christianpure.com\/pt\/wp-json\/wp\/v2\/categories?post=59807"},{"taxonomy":"post_tag","embeddable":true,"href":"https:\/\/christianpure.com\/pt\/wp-json\/wp\/v2\/tags?post=59807"},{"taxonomy":"series","embeddable":true,"href":"https:\/\/christianpure.com\/pt\/wp-json\/wp\/v2\/series?post=59807"}],"curies":[{"name":"wp","href":"https:\/\/api.w.org\/{rel}","templated":true}]}}