{"id":60516,"date":"2025-09-09T03:19:53","date_gmt":"2025-09-09T03:19:53","guid":{"rendered":"https:\/\/christianpure.com\/?p=60516"},"modified":"2025-09-09T03:19:53","modified_gmt":"2025-09-09T03:19:53","slug":"ewtn-to-carry-pope-leo-xivs-first-ever-digital-visit-with-americas-catholic-youth","status":"publish","type":"post","link":"https:\/\/christianpure.com\/pt\/learn\/ewtn-to-carry-pope-leo-xivs-first-ever-digital-visit-with-americas-catholic-youth\/","title":{"rendered":"EWTN transmitir\u00e1 a primeira visita digital de sempre do Papa Le\u00e3o XIV aos jovens cat\u00f3licos da Am\u00e9rica"},"content":{"rendered":"<div style=\"width: 100%; margin-bottom: 25px;\">\n  <img data-recalc-dims=\"1\" decoding=\"async\" src=\"https:\/\/i0.wp.com\/www.catholicnewsagency.com\/images\/leo.youth.encounter.jpeg?ssl=1\" style=\"display: block; margin: auto; max-width: 100%\" \/><br \/>\n  <span style=\"text-align: right; font-style: italic;\">The encounter in Indianapolis will feature opening remarks by Pope Leo XIV, youth representatives, and a live Q&amp;A. \/ Credit: EWTN News<\/span>\n<\/div>\n<p>Washington, D.C. Newsroom, Aug 15, 2025 \/ 06:35 am (CNA).<\/p>\n<p>EWTN Global Catholic Network announced it will serve as the exclusive media partner providing news coverage, broadcast, and digital streaming of Pope Leo XIV\u2019s first-ever digital visit with American Catholic youth during the <a href=\"https:\/\/ncyc.us\/\" target=\"null\" class=\"null\" rel=\"noopener noreferrer nofollow\">2025 National Catholic Youth Conference<\/a> (NCYC) hosted by the <a href=\"https:\/\/nfcym.org\/\" target=\"null\" class=\"null\" rel=\"noopener noreferrer nofollow\">National Federation for Catholic Youth Ministry<\/a> (NFCYM) on Nov. 21.&nbsp;<\/p>\n<p>The historic encounter will connect the Holy Father live from the Vatican with thousands of young people gathered in Lucas Oil Stadium in Indianapolis and many more watching online around the world.&nbsp;<\/p>\n<p>According to the NCYC, the Holy Father is expected to address as many as 15,000 registered young people ages 14-18 from Catholic youth movements across the United States and engage directly with them during a 45-minute live dialogue beginning at 10:15 a.m. ET on Nov. 21.<\/p>\n<p>A select number of young people will be chosen to directly converse with Pope Leo during the session. The NFCYM indicated that details about the selection process will be shared in the coming weeks.<\/p>\n<p>The encounter will take place on the second day of the Nov. 20\u201322 NCYC, which in addition to the young people will gather Catholic youth ministry leaders, clergy, and volunteers from across the country for three days of prayer, formation, community, and celebration.<\/p>\n<p>Reacting to the announcement, Archbishop Charles Thompson of Indianapolis said: \u201cIt\u2019s wonderful to welcome the youth of the United States back to Lucas Oil Stadium in Indianapolis just a year after we had 60,000 Catholics there for the National Eucharistic Congress.\u201d He added that \u201crevival in the United States isn\u2019t something to hope for, it is something that is happening. I am pleased to partner with NFCYM, my brother bishops, and EWTN to facilitate this important digital encounter.\u201d<\/p>\n<p>\u201cFrom the very beginning, EWTN has been the place where the faithful can gather \u2014 across distances and time zones \u2014 for the great moments in the life of the Church,\u201d said Michael P. Warsaw, chairman of the board and chief executive officer of EWTN. \u201cAs we continue to grow and adapt our media platforms, serving younger audiences has become an essential part of our mission. This historic encounter will not only inspire young people but also invite them more deeply into the heart of the Church,\u201d he noted.<\/p>\n<p>Montse Alvarado, president and COO of EWTN News, added: \u201cAt EWTN News, we are committed to covering and supporting events of significance in the global Church. We are especially excited to partner with NCYC, NFCYM, and honored to work with the Holy Father on this unprecedented moment for the young people of the American Church with the first American pope.\u201d<strong>&nbsp;<\/strong><\/p>\n<p>Today\u2019s announcement, on the solemnity of the Assumption of the Blessed Virgin Mary, also coincides with the 44th anniversary of EWTN\u2019s first broadcast.&nbsp;&nbsp;<\/p>\n<p>\u201cThis providential selection reflects EWTN\u2019s long-standing mission to bring the Church\u2019s message to every home and to support young people in encountering Jesus Christ and growing in their faith,\u201d Alvarado said.&nbsp;<\/p>\n<p>The encounter will feature opening remarks by Pope Leo XIV, youth representatives, a live Q&amp;A, and closing remarks including a blessing. EWTN\u2019s coverage will also include broadcasting additional NCYC programming from Nov. 20\u201322, providing global audiences with access to prayer, catechesis, formation, and celebration taking place in Indianapolis.&nbsp;<\/p>\n<p>Philadelphia Archbishop Nelson P\u00e9rez, who serves as episcopal adviser to the NFCYM, noted that \u201cthe Holy Father\u2019s choice to encounter the American youth in this way is an expression of his closeness to Catholic youth, following in the footsteps of his predecessor Pope Francis who called the youth the \u2018now of God.\u2019\u201d&nbsp;<\/p>\n<p>Echoing P\u00e9rez, Warsaw pointed out that \u201cthis encounter with Pope Leo XIV will mark an important moment for the youth of America,\u201d adding that \u201cI am thrilled that we can offer EWTN\u2019s services for the 2025 conference and encounter by providing the means by which NCYC, NFCYM, and the Holy Father will have a global vehicle of expression. We look forward to sharing this moment with the world.\u201d&nbsp;<\/p>\n<p>Visit <a href=\"http:\/\/ncyc.us\/\" target=\"null\" class=\"null\" rel=\"noopener noreferrer nofollow\">ncyc.us<\/a> for more information about the program and how to participate.&nbsp;&nbsp;<\/p>\n<p>The largest Catholic media organization in the world, EWTN\u2019s 11 global TV channels and numerous regional channels are broadcast in multiple languages 24 hours a day, seven days a week to over 435 million television households in more than 160 countries and territories. EWTN platforms also include radio services transmitted through SIRIUS\/XM, iHeart Radio, and over 600 U.S. and international AM &amp; FM radio affiliates; a worldwide shortwave radio service; one of the most visited Catholic websites in the U.S.; as well as EWTN Publishing, its book publishing division.\u202f&nbsp;<\/p>\n<p>Headquartered in Washington, D.C., EWTN News operates multiple global news services, including Catholic News Agency; The National Catholic Register newspaper and digital platform; ACI Prensa in Spanish; ACI Digital in Portuguese; ACI Stampa in Italian; ACI Africa in English, French, and Portuguese; ACI MENA in Arabic; CNA Deutsch in German; and ChurchPop, a digital platform that creates content in several languages. It also produces numerous television news programs including \u201cEWTN News Nightly,\u201d \u201cEWTN Noticias,\u201d \u201cEWTN News In Depth,\u201d \u201cEWTN Pro-Life Weekly,\u201d \u201cThe World Over with Raymond Arroyo,\u201d and \u201cVaticano.\u201d<\/p>\n<p><a href=\"https:\/\/www.catholicnewsagency.com\/news\/265973\/ewtn-to-carry-pope-leo-xiv-s-first-ever-digital-visit-with-america-s-catholic-youth\" rel=\"nofollow\">https:\/\/www.catholicnewsagency.com\/news\/265973\/ewtn-to-carry-pope-leo-xiv-s-first-ever-digital-visit-with-america-s-catholic-youth<\/a><\/p>","protected":false},"excerpt":{"rendered":"<p>O encontro em Indian\u00e1polis contar\u00e1 com observa\u00e7\u00f5es de abertura do Papa Le\u00e3o XIV, representantes da juventude e uma sess\u00e3o de perguntas e respostas ao vivo. \/ Cr\u00e9dito: EWTN News Washington, D.C. Newsroom, 15 de ago. de 2025 \/ 06:35 (CNA). A EWTN Global Catholic Network anunciou que servir\u00e1 como parceira de m\u00eddia exclusiva, fornecendo cobertura jornal\u00edstica, transmiss\u00e3o e streaming digital do Papa Le\u00e3o [\u2026]<\/p>","protected":false},"author":11,"featured_media":63197,"comment_status":"open","ping_status":"closed","sticky":false,"template":"","format":"standard","meta":{"_acf_changed":false,"_jetpack_memberships_contains_paid_content":false,"footnotes":"","jetpack_publicize_message":"","jetpack_publicize_feature_enabled":true,"jetpack_social_post_already_shared":true,"jetpack_social_options":{"image_generator_settings":{"template":"highway","default_image_id":0,"font":"","enabled":false},"version":2},"_wpas_customize_per_network":false},"categories":[100],"tags":[],"series":[],"class_list":["post-60516","post","type-post","status-publish","format-standard","has-post-thumbnail","hentry","category-christian-news"],"mb":[],"acf":[],"jetpack_publicize_connections":[],"jetpack_featured_media_url":"https:\/\/i0.wp.com\/christianpure.com\/wp-content\/uploads\/2025\/09\/EWTN-to-carry-Pope-Leo-XIVs-first-ever-digital-visit-with-Americas-Catholic-youth.webp?fit=800%2C489&quality=75&ssl=1","jetpack-related-posts":[{"id":69953,"url":"https:\/\/christianpure.com\/pt\/learn\/live-updates-ncyc-2025-pope-leo-xivs-historic-first-digital-encounter-with-young-u-s-catholics\/","url_meta":{"origin":60516,"position":0},"title":"LIVE UPDATES: NCYC 2025 \u2014 Pope Leo XIV\u2019s historic first digital encounter with young U.S. Catholics","author":"Christian Pure Team","date":"Dezembro 6, 2025","format":false,"excerpt":"The encounter in Indianapolis will feature opening remarks by Pope Leo XIV, youth representatives, and a live Q&A. \/ Credit: EWTN News CNA Staff, Nov 21, 2025 \/ 09:10 am (CNA). The 2025 National Catholic Youth Conference will feature prayer, community, evangelization, and service among Catholic teenagers from Nov. 20\u201322\u2026","rel":"","context":"In &quot;Christian News&quot;","block_context":{"text":"Christian News","link":"https:\/\/christianpure.com\/pt\/learn\/category\/christian-news\/"},"img":{"alt_text":"LIVE UPDATES: NCYC 2025 \u2014 Pope Leo XIV\u2019s historic first digital encounter with young U.S. Catholics","src":"https:\/\/i0.wp.com\/christianpure.com\/wp-content\/uploads\/2025\/12\/LIVE-UPDATES-NCYC-2025-%E2%80%94-Pope-Leo-XIVs-historic-first-digital-encounter-with-young-U.S.-Catholics.webp?fit=800%2C489&quality=75&ssl=1&resize=350%2C200","width":350,"height":200,"srcset":"https:\/\/i0.wp.com\/christianpure.com\/wp-content\/uploads\/2025\/12\/LIVE-UPDATES-NCYC-2025-%E2%80%94-Pope-Leo-XIVs-historic-first-digital-encounter-with-young-U.S.-Catholics.webp?fit=800%2C489&quality=75&ssl=1&resize=350%2C200 1x, https:\/\/i0.wp.com\/christianpure.com\/wp-content\/uploads\/2025\/12\/LIVE-UPDATES-NCYC-2025-%E2%80%94-Pope-Leo-XIVs-historic-first-digital-encounter-with-young-U.S.-Catholics.webp?fit=800%2C489&quality=75&ssl=1&resize=525%2C300 1.5x, https:\/\/i0.wp.com\/christianpure.com\/wp-content\/uploads\/2025\/12\/LIVE-UPDATES-NCYC-2025-%E2%80%94-Pope-Leo-XIVs-historic-first-digital-encounter-with-young-U.S.-Catholics.webp?fit=800%2C489&quality=75&ssl=1&resize=700%2C400 2x"},"classes":[]},{"id":69974,"url":"https:\/\/christianpure.com\/pt\/learn\/teens-who-spoke-with-pope-leo-xiv-reflect-on-the-conversation\/","url_meta":{"origin":60516,"position":1},"title":"Teens who spoke with Pope Leo XIV reflect on the conversation","author":"Christian Pure Team","date":"Fevereiro 21, 2026","format":false,"excerpt":"Teens Mia Smothers, Ezequiel Ponce, Micah Alcisto, Elise Wing, and Chris Pantelakis, and moderator Katie McGrady, right, take a \u201cselfie\u201d with Pope Leo XIV during a live digital encounter at Lucas Oil Stadium on Nov. 21, 2025. \/ Credit: Photo courtesy of Katie McGrady Indianapolis, Indiana, Nov 21, 2025 \/\u2026","rel":"","context":"In &quot;Christian News&quot;","block_context":{"text":"Christian News","link":"https:\/\/christianpure.com\/pt\/learn\/category\/christian-news\/"},"img":{"alt_text":"Teens who spoke with Pope Leo XIV reflect on the conversation","src":"https:\/\/i0.wp.com\/christianpure.com\/wp-content\/uploads\/2026\/02\/Teens-who-spoke-with-Pope-Leo-XIV-reflect-on-the-conversation.png?fit=1200%2C335&quality=69&ssl=1&resize=350%2C200","width":350,"height":200,"srcset":"https:\/\/i0.wp.com\/christianpure.com\/wp-content\/uploads\/2026\/02\/Teens-who-spoke-with-Pope-Leo-XIV-reflect-on-the-conversation.png?fit=1200%2C335&quality=69&ssl=1&resize=350%2C200 1x, https:\/\/i0.wp.com\/christianpure.com\/wp-content\/uploads\/2026\/02\/Teens-who-spoke-with-Pope-Leo-XIV-reflect-on-the-conversation.png?fit=1200%2C335&quality=69&ssl=1&resize=525%2C300 1.5x, https:\/\/i0.wp.com\/christianpure.com\/wp-content\/uploads\/2026\/02\/Teens-who-spoke-with-Pope-Leo-XIV-reflect-on-the-conversation.png?fit=1200%2C335&quality=69&ssl=1&resize=700%2C400 2x, https:\/\/i0.wp.com\/christianpure.com\/wp-content\/uploads\/2026\/02\/Teens-who-spoke-with-Pope-Leo-XIV-reflect-on-the-conversation.png?fit=1200%2C335&quality=69&ssl=1&resize=1050%2C600 3x"},"classes":[]},{"id":58795,"url":"https:\/\/christianpure.com\/pt\/learn\/pope-leo-xiv-welcomes-ewtn-summer-academy-journalism-students-to-rome\/","url_meta":{"origin":60516,"position":2},"title":"Pope Leo XIV welcomes EWTN Summer Academy journalism students to Rome","author":"Christian Pure Team","date":"Julho 31, 2025","format":false,"excerpt":"Journalism students have traveled from across the globe to Rome to take part in the fourth annual EWTN Summer Academy from July 21\u201331, 2025. \/ Credit: \u201cEWTN News Nightly\u201d\/Screenshot Washington, D.C. Newsroom, Jul 30, 2025 \/ 07:00 am (CNA). This week, Pope Leo XIV welcomed journalism students to Rome who\u2026","rel":"","context":"In &quot;Christian News&quot;","block_context":{"text":"Christian News","link":"https:\/\/christianpure.com\/pt\/learn\/category\/christian-news\/"},"img":{"alt_text":"Pope Leo XIV welcomes EWTN Summer Academy journalism students to Rome","src":"https:\/\/i0.wp.com\/christianpure.com\/wp-content\/uploads\/2025\/07\/Pope-Leo-XIV-welcomes-EWTN-Summer-Academy-journalism-students-to-Rome.webp?fit=800%2C431&quality=75&ssl=1&resize=350%2C200","width":350,"height":200,"srcset":"https:\/\/i0.wp.com\/christianpure.com\/wp-content\/uploads\/2025\/07\/Pope-Leo-XIV-welcomes-EWTN-Summer-Academy-journalism-students-to-Rome.webp?fit=800%2C431&quality=75&ssl=1&resize=350%2C200 1x, https:\/\/i0.wp.com\/christianpure.com\/wp-content\/uploads\/2025\/07\/Pope-Leo-XIV-welcomes-EWTN-Summer-Academy-journalism-students-to-Rome.webp?fit=800%2C431&quality=75&ssl=1&resize=525%2C300 1.5x, https:\/\/i0.wp.com\/christianpure.com\/wp-content\/uploads\/2025\/07\/Pope-Leo-XIV-welcomes-EWTN-Summer-Academy-journalism-students-to-Rome.webp?fit=800%2C431&quality=75&ssl=1&resize=700%2C400 2x"},"classes":[]},{"id":37636,"url":"https:\/\/christianpure.com\/pt\/learn\/students-react-to-pope-leo-xiv-i-hope-more-people-will-become-catholic\/","url_meta":{"origin":60516,"position":3},"title":"Students react to Pope Leo XIV: \u2018I hope more people will become Catholic\u2019","author":"Christian Pure Team","date":"Junho 2, 2025","format":false,"excerpt":"Young students cheer during an assembly at Bishop O\u2019Connell High School in Arlington, Virginia, Saturday, May 10, 2025. \/ Credit: EWTN News CNA Staff, May 17, 2025 \/ 11:00 am (CNA). For Catholic students in the United States, the election of Pope Leo XIV as the first American pope on\u2026","rel":"","context":"In &quot;Christian News&quot;","block_context":{"text":"Christian News","link":"https:\/\/christianpure.com\/pt\/learn\/category\/christian-news\/"},"img":{"alt_text":"Students react to Pope Leo XIV: \u2018I hope more people will become Catholic\u2019","src":"https:\/\/i0.wp.com\/christianpure.com\/wp-content\/uploads\/2025\/06\/Students-react-to-Pope-Leo-XIV-%E2%80%98I-hope-more-people-will-become-Catholic.webp?fit=800%2C464&quality=75&ssl=1&resize=350%2C200","width":350,"height":200,"srcset":"https:\/\/i0.wp.com\/christianpure.com\/wp-content\/uploads\/2025\/06\/Students-react-to-Pope-Leo-XIV-%E2%80%98I-hope-more-people-will-become-Catholic.webp?fit=800%2C464&quality=75&ssl=1&resize=350%2C200 1x, https:\/\/i0.wp.com\/christianpure.com\/wp-content\/uploads\/2025\/06\/Students-react-to-Pope-Leo-XIV-%E2%80%98I-hope-more-people-will-become-Catholic.webp?fit=800%2C464&quality=75&ssl=1&resize=525%2C300 1.5x, https:\/\/i0.wp.com\/christianpure.com\/wp-content\/uploads\/2025\/06\/Students-react-to-Pope-Leo-XIV-%E2%80%98I-hope-more-people-will-become-Catholic.webp?fit=800%2C464&quality=75&ssl=1&resize=700%2C400 2x"},"classes":[]},{"id":73398,"url":"https:\/\/christianpure.com\/pt\/learn\/cnas-top-catholic-moments-of-2025\/","url_meta":{"origin":60516,"position":4},"title":"CNA\u2019s top Catholic moments of 2025","author":"Christian Pure Team","date":"Janeiro 29, 2026","format":false,"excerpt":"Pope Leo XIV greets a girl in a wheelchair during an audience with members of Italian Catholic Action on Dec. 19, 2025 at the Vatican. Credit: Vatican Media Dec 31, 2025 \/ 08:00 am (CNA). 2025 was filled with impactful moments \u2014 from the death of Pope Francis to the\u2026","rel":"","context":"In &quot;Christian News&quot;","block_context":{"text":"Christian News","link":"https:\/\/christianpure.com\/pt\/learn\/category\/christian-news\/"},"img":{"alt_text":"CNA\u2019s top Catholic moments of 2025","src":"https:\/\/i0.wp.com\/christianpure.com\/wp-content\/uploads\/2026\/01\/CNAs-top-Catholic-moments-of-2025.jpg?fit=1200%2C719&quality=80&ssl=1&resize=350%2C200","width":350,"height":200,"srcset":"https:\/\/i0.wp.com\/christianpure.com\/wp-content\/uploads\/2026\/01\/CNAs-top-Catholic-moments-of-2025.jpg?fit=1200%2C719&quality=80&ssl=1&resize=350%2C200 1x, https:\/\/i0.wp.com\/christianpure.com\/wp-content\/uploads\/2026\/01\/CNAs-top-Catholic-moments-of-2025.jpg?fit=1200%2C719&quality=80&ssl=1&resize=525%2C300 1.5x, https:\/\/i0.wp.com\/christianpure.com\/wp-content\/uploads\/2026\/01\/CNAs-top-Catholic-moments-of-2025.jpg?fit=1200%2C719&quality=80&ssl=1&resize=700%2C400 2x, https:\/\/i0.wp.com\/christianpure.com\/wp-content\/uploads\/2026\/01\/CNAs-top-Catholic-moments-of-2025.jpg?fit=1200%2C719&quality=80&ssl=1&resize=1050%2C600 3x"},"classes":[]},{"id":38221,"url":"https:\/\/christianpure.com\/pt\/learn\/ewtn-to-release-biography-of-pope-leo-xiv-the-first-u-s-born-pope\/","url_meta":{"origin":60516,"position":5},"title":"EWTN to release biography of Pope Leo XIV, the first U.S.-born pope","author":"Christian Pure Team","date":"Junho 1, 2025","format":false,"excerpt":"\u201cLeo XIV: Portrait of the First American Pope,\u201d written by Matthew Bunson, vice president and editorial director at EWTN News, is the first authoritative biographical portrait of Cardinal Robert Prevost, who was elected the new Holy Father on May 8, 2025. \/ Credit: EWTN Publishing CNA Staff, May 20, 2025\u2026","rel":"","context":"In &quot;Christian News&quot;","block_context":{"text":"Christian News","link":"https:\/\/christianpure.com\/pt\/learn\/category\/christian-news\/"},"img":{"alt_text":"EWTN to release biography of Pope Leo XIV, the first U.S.-born pope","src":"https:\/\/i0.wp.com\/christianpure.com\/wp-content\/uploads\/2025\/06\/EWTN-to-release-biography-of-Pope-Leo-XIV-the-first-U.S.-born-pope.webp?fit=800%2C418&quality=75&ssl=1&resize=350%2C200","width":350,"height":200,"srcset":"https:\/\/i0.wp.com\/christianpure.com\/wp-content\/uploads\/2025\/06\/EWTN-to-release-biography-of-Pope-Leo-XIV-the-first-U.S.-born-pope.webp?fit=800%2C418&quality=75&ssl=1&resize=350%2C200 1x, https:\/\/i0.wp.com\/christianpure.com\/wp-content\/uploads\/2025\/06\/EWTN-to-release-biography-of-Pope-Leo-XIV-the-first-U.S.-born-pope.webp?fit=800%2C418&quality=75&ssl=1&resize=525%2C300 1.5x, https:\/\/i0.wp.com\/christianpure.com\/wp-content\/uploads\/2025\/06\/EWTN-to-release-biography-of-Pope-Leo-XIV-the-first-U.S.-born-pope.webp?fit=800%2C418&quality=75&ssl=1&resize=700%2C400 2x"},"classes":[]}],"jetpack_sharing_enabled":true,"mfb_rest_fields":["title","jetpack_publicize_connections","jetpack_featured_media_url","jetpack-related-posts","jetpack_sharing_enabled"],"_links":{"self":[{"href":"https:\/\/christianpure.com\/pt\/wp-json\/wp\/v2\/posts\/60516","targetHints":{"allow":["GET"]}}],"collection":[{"href":"https:\/\/christianpure.com\/pt\/wp-json\/wp\/v2\/posts"}],"about":[{"href":"https:\/\/christianpure.com\/pt\/wp-json\/wp\/v2\/types\/post"}],"author":[{"embeddable":true,"href":"https:\/\/christianpure.com\/pt\/wp-json\/wp\/v2\/users\/11"}],"replies":[{"embeddable":true,"href":"https:\/\/christianpure.com\/pt\/wp-json\/wp\/v2\/comments?post=60516"}],"version-history":[{"count":0,"href":"https:\/\/christianpure.com\/pt\/wp-json\/wp\/v2\/posts\/60516\/revisions"}],"wp:featuredmedia":[{"embeddable":true,"href":"https:\/\/christianpure.com\/pt\/wp-json\/wp\/v2\/media\/63197"}],"wp:attachment":[{"href":"https:\/\/christianpure.com\/pt\/wp-json\/wp\/v2\/media?parent=60516"}],"wp:term":[{"taxonomy":"category","embeddable":true,"href":"https:\/\/christianpure.com\/pt\/wp-json\/wp\/v2\/categories?post=60516"},{"taxonomy":"post_tag","embeddable":true,"href":"https:\/\/christianpure.com\/pt\/wp-json\/wp\/v2\/tags?post=60516"},{"taxonomy":"series","embeddable":true,"href":"https:\/\/christianpure.com\/pt\/wp-json\/wp\/v2\/series?post=60516"}],"curies":[{"name":"wp","href":"https:\/\/api.w.org\/{rel}","templated":true}]}}