{"id":70764,"date":"2025-11-30T16:00:20","date_gmt":"2025-11-30T16:00:20","guid":{"rendered":"https:\/\/christianpure.com\/?p=70764"},"modified":"2025-11-30T16:00:20","modified_gmt":"2025-11-30T16:00:20","slug":"advent-what-is-it-and-how-should-it-be-celebrated","status":"publish","type":"post","link":"https:\/\/christianpure.com\/pt\/learn\/advent-what-is-it-and-how-should-it-be-celebrated\/","title":{"rendered":"Advento: O que \u00e9 e como deve ser celebrado?"},"content":{"rendered":"<div style=\"width: 100%; margin-bottom: 25px;\">\n  <img data-recalc-dims=\"1\" decoding=\"async\" src=\"https:\/\/i0.wp.com\/www.catholicnewsagency.com\/images\/shutterstock_726165592.jpg?ssl=1\" style=\"display: block; margin: auto; max-width: 100%\" \/><br \/>\n  <span style=\"text-align: right; font-style: italic;\">Velas do Advento. \/ Cr\u00e9dito: Romolo Tavini\/Shutterstock<\/span>\n<\/div>\n<p>Equipa da CNA, 30 de nov. de 2025 \/ 04:00 (CNA).<\/p>\n<p>O Advento come\u00e7a este ano no domingo, 30 de novembro. A maioria dos cat\u00f3licos \u2014 mesmo aqueles que n\u00e3o v\u00e3o frequentemente \u00e0 Missa \u2014 sabe que o Advento envolve uma coroa com velas, possivelmente um \u201ccalend\u00e1rio\u201d de chocolates escondidos e desembara\u00e7ar fios de luzes de Natal. Mas o Advento \u00e9 muito mais do que isso. Aqui fica uma explica\u00e7\u00e3o sobre o que \u00e9 realmente o Advento.<\/p>\n<h2>O que \u00e9 o Advento?<\/h2>\n<p>O povo de Israel esperou durante gera\u00e7\u00f5es pela chegada do Messias prometido. A sua poesia, as suas can\u00e7\u00f5es e hist\u00f3rias, e o seu culto religioso centravam-se num salvador esperado que viria at\u00e9 eles para os libertar do cativeiro e para os conduzir ao cumprimento de tudo o que Deus tinha prometido.<\/p>\n<p>Israel ansiava por um Messias, e Jo\u00e3o Baptista, que veio antes de Jesus, prometeu que o Messias estava a chegar e que poderia ser encontrado em Jesus Cristo, o Filho de Deus, o \u201cCordeiro de Deus que tira os pecados do mundo\u201d.<\/p>\n<p>O Advento \u00e9 um tempo na vida da Igreja destinado a renovar a experi\u00eancia de espera e anseio pelo Messias. Embora Cristo j\u00e1 tenha vindo ao mundo, a Igreja convida-nos a renovar mais profundamente o nosso desejo pelo Senhor nas nossas vidas e a renovar o nosso desejo pela segunda vinda triunfante de Cristo ao mundo.<\/p>\n<p>O Advento \u00e9 o tempo em que nos preparamos para o Natal, o memorial do nascimento de Jesus Cristo no mundo. Os preparativos s\u00e3o pr\u00e1ticos, como decorar \u00e1rvores e oferecer presentes, mas tamb\u00e9m pretendem ser espirituais.<\/p>\n<p>Durante o Advento, somos convidados a entrar mais frequentemente no sil\u00eancio, na ora\u00e7\u00e3o e na reflex\u00e3o, na Escritura e na vida sacramental da Igreja \u2014 tudo para nos prepararmos para celebrar o Natal.<\/p>\n<p>O Catecismo da Igreja Cat\u00f3lica diz que o objetivo do Advento \u00e9 tornar presente para n\u00f3s e para as nossas fam\u00edlias a \u201cantiga expectativa do Messias... participando na longa prepara\u00e7\u00e3o para a primeira vinda do Salvador\u201d.<\/p>\n<h2>O que significa a palavra \u2018Advento\u2019?<\/h2>\n<p>Advento vem do latim \u201cad + venire\u201d, que significa, essencialmente, \u201cvir para\u201d ou \u201cvir em dire\u00e7\u00e3o a\u201d. \u201cAd + venire\u201d \u00e9 a raiz do latim \u201cadventus\u201d, que significa \u201cchegada\u201d.<\/p>\n<p>Portanto, o Advento \u00e9 o tempo da chegada: a chegada de Cristo aos nossos cora\u00e7\u00f5es, ao mundo e ao plano extraordin\u00e1rio de Deus para a nossa salva\u00e7\u00e3o.<\/p>\n<h2>Ent\u00e3o, tem quatro semanas de dura\u00e7\u00e3o?<\/h2>\n<p>O Advento tem uma dura\u00e7\u00e3o ligeiramente diferente a cada ano. Come\u00e7a quatro domingos antes do Natal. Mas como o Natal tem uma data fixa e pode cair em diferentes dias da semana, o Advento pode durar desde tr\u00eas semanas e um dia at\u00e9 quatro semanas. <\/p>\n<h2>O Advento marca um \u2018ano novo\u2019?<\/h2>\n<p>As festas e celebra\u00e7\u00f5es da Igreja decorrem num ciclo anual, a que chamamos \u201cano lit\u00fargico\u201d. O \u201cano lit\u00fargico\u201d come\u00e7a no primeiro domingo do Advento. Portanto, \u00e9 um novo ano lit\u00fargico quando o Advento come\u00e7a. Mas a Igreja tamb\u00e9m usa o calend\u00e1rio comum, por isso seria provavelmente um pouco estranho fazer uma festa de \u201cV\u00e9spera de Ano Novo\u201d na noite anterior ao in\u00edcio do Advento.<\/p>\n<h2>Qual \u00e9 o significado da coroa do Advento? <\/h2>\n<p>A Igreja Cat\u00f3lica tem usado coroas do Advento desde a Idade M\u00e9dia. Acender velas enquanto nos preparamos para o Natal lembra-nos que Cristo \u00e9 a luz do mundo. E os ramos perenes lembram-nos a vida nova e eterna em Cristo, o filho eterno do Pai.<\/p>\n<p>\u00c9 certamente verdade que os povos germ\u00e2nicos acendiam coroas de velas no inverno muito antes de o Evangelho chegar \u00e0 sua terra natal. Faziam-no porque as coroas de velas no inverno s\u00e3o bonitas e quentes. O facto de um s\u00edmbolo crist\u00e3o ter surgido dessa tradi\u00e7\u00e3o \u00e9 uma indica\u00e7\u00e3o de que o Evangelho pode ser expresso atrav\u00e9s da linguagem, dos costumes e dos s\u00edmbolos das culturas que passam a acreditar que Cristo Jesus \u00e9 o Senhor.<\/p>\n<h2>Uma vela na coroa \u00e9 cor-de-rosa \u2014 porqu\u00ea?<\/h2>\n<p>Existem quatro velas na coroa do Advento. Tr\u00eas s\u00e3o roxas e acendem-se no primeiro, segundo e quarto domingos do Advento. A vela cor-de-rosa acende-se no terceiro domingo do Advento, a que chamamos Domingo Gaudete. Nesse domingo, al\u00e9m da vela cor-de-rosa, o padre usa vestes cor-de-rosa, a que ele pode chamar de \u201crosa\u201d.<\/p>\n<p>Gaudete \u00e9 uma palavra que significa \u201cregozija-te\u201d, e regozijamo-nos no Domingo Gaudete porque estamos a meio do Advento. Algumas pessoas t\u00eam o costume de fazer festas Gaudete, e este \u00e9 tamb\u00e9m um dia em que os cantores de Natal podem come\u00e7ar a cantar de porta em porta.<\/p>\n<p>Diz-se por vezes que as tr\u00eas velas roxas representam a ora\u00e7\u00e3o, o jejum e a esmola \u2014 as tr\u00eas disciplinas espirituais que s\u00e3o fundamentais para um Advento frutuoso.<\/p>\n<h2>\u00c9 errado cantar can\u00e7\u00f5es de Natal durante o Advento?<\/h2>\n<p>N\u00e3o, mas existem muitos hinos e can\u00e7\u00f5es de Advento excelentes, como \u201cO Come O Come Emmanuel\u201d, \u201cCome Thou Long Expected Jesus\u201d, \u201cO Come Divine Messiah\u201d, \u201cCome Thou Fount\u201d e \u201cHark! A Thrilling Voice Is Sounding\u201d.<\/p>\n<h2>Quando deve ser montada a \u00e1rvore?<\/h2>\n<p>Quando montar a \u00e1rvore \u00e9 uma decis\u00e3o que as fam\u00edlias tomam por si pr\u00f3prias. Algumas pessoas montam a sua \u00e1rvore e decoram-na no primeiro domingo do Advento para fazer uma grande transforma\u00e7\u00e3o na sua casa e entrar no modo de \u201cprepara\u00e7\u00e3o para o Natal\u201d. <\/p>\n<p>Alguns montam a \u00e1rvore no primeiro domingo do Advento, colocam luzes no domingo seguinte, ornamentos no outro, e decoram-na cada vez mais \u00e0 medida que se aproximam do Natal. <\/p>\n<p>Alguns montam a \u00e1rvore no Domingo Gaudete, como uma forma de regozijo, e decoram-na nas semanas entre o Gaudete e o Natal. <\/p>\n<p>Quando a \u00e1rvore \u00e9 montada e decorada depende do indiv\u00edduo e da fam\u00edlia, mas ter uma \u00e1rvore de Natal \u00e9 uma grande parte das tradi\u00e7\u00f5es de Advento de muitas pessoas. <\/p>\n<p><em>Esta hist\u00f3ria foi publicada pela primeira vez em novembro de 2019 e foi atualizada.<\/em><\/p>\n<p> <a href=\"https:\/\/www.catholicnewsagency.com\/news\/42900\/what-is-advent-and-when-does-it-start-in-2025\" rel=\"nofollow\">https:\/\/www.catholicnewsagency.com\/news\/42900\/what-is-advent-and-when-does-it-start-in-2025<\/a><\/p>","protected":false},"excerpt":{"rendered":"<p>Velas do Advento. \/ Cr\u00e9dito: Romolo Tavini\/Shutterstock Equipa da CNA, 30 de nov. de 2025 \/ 04:00 (CNA). O Advento come\u00e7a este ano no domingo, 30 de novembro. A maioria dos cat\u00f3licos \u2014 mesmo aqueles que n\u00e3o v\u00e3o frequentemente \u00e0 Missa \u2014 sabe que o Advento envolve uma coroa com velas, possivelmente um \u201ccalend\u00e1rio\u201d de chocolates escondidos e desembara\u00e7ar fios de luzes de Natal. [\u2026]<\/p>","protected":false},"author":11,"featured_media":70776,"comment_status":"open","ping_status":"closed","sticky":false,"template":"","format":"standard","meta":{"_acf_changed":false,"_jetpack_memberships_contains_paid_content":false,"footnotes":"","jetpack_publicize_message":"","jetpack_publicize_feature_enabled":true,"jetpack_social_post_already_shared":true,"jetpack_social_options":{"image_generator_settings":{"template":"highway","default_image_id":0,"font":"","enabled":false},"version":2},"_wpas_customize_per_network":false},"categories":[100],"tags":[],"series":[],"class_list":["post-70764","post","type-post","status-publish","format-standard","has-post-thumbnail","hentry","category-christian-news"],"mb":[],"acf":[],"jetpack_publicize_connections":[],"jetpack_featured_media_url":"https:\/\/i0.wp.com\/christianpure.com\/wp-content\/uploads\/2025\/11\/Advent-What-is-it-and-how-should-it-be-celebrated.webp?fit=800%2C524&quality=75&ssl=1","jetpack-related-posts":[{"id":70710,"url":"https:\/\/christianpure.com\/pt\/learn\/dont-let-christmas-take-you-by-surprise-advice-on-advent-from-the-church\/","url_meta":{"origin":70764,"position":0},"title":"Don\u2019t let Christmas take you by surprise: advice on Advent from the Church","author":"Christian Pure Team","date":"Dezembro 1, 2025","format":false,"excerpt":"null \/ Lisa Missenda \/ Shutterstock Denver, Colorado, Nov 29, 2025 \/ 12:36 pm (CNA). The First Sunday of Advent 2025 is tomorrow, Nov. 30, less than four weeks before Christmas this year, and while the Church provides this time to allow you to be caught by the joy of\u2026","rel":"","context":"In &quot;Christian News&quot;","block_context":{"text":"Christian News","link":"https:\/\/christianpure.com\/pt\/learn\/category\/christian-news\/"},"img":{"alt_text":"Don\u2019t let Christmas take you by surprise: advice on Advent from the Church","src":"https:\/\/i0.wp.com\/christianpure.com\/wp-content\/uploads\/2025\/12\/Dont-let-Christmas-take-you-by-surprise-advice-on-Advent-from-the-Church.webp?fit=800%2C470&quality=75&ssl=1&resize=350%2C200","width":350,"height":200,"srcset":"https:\/\/i0.wp.com\/christianpure.com\/wp-content\/uploads\/2025\/12\/Dont-let-Christmas-take-you-by-surprise-advice-on-Advent-from-the-Church.webp?fit=800%2C470&quality=75&ssl=1&resize=350%2C200 1x, https:\/\/i0.wp.com\/christianpure.com\/wp-content\/uploads\/2025\/12\/Dont-let-Christmas-take-you-by-surprise-advice-on-Advent-from-the-Church.webp?fit=800%2C470&quality=75&ssl=1&resize=525%2C300 1.5x, https:\/\/i0.wp.com\/christianpure.com\/wp-content\/uploads\/2025\/12\/Dont-let-Christmas-take-you-by-surprise-advice-on-Advent-from-the-Church.webp?fit=800%2C470&quality=75&ssl=1&resize=700%2C400 2x"},"classes":[]},{"id":20922,"url":"https:\/\/christianpure.com\/pt\/learn\/advent-colors\/","url_meta":{"origin":70764,"position":1},"title":"What Is The Meaning of the Colors Used in Advent?","author":"Christian Pure Team","date":"Novembro 29, 2024","format":false,"excerpt":"Learn about the traditional Advent colors: purple for penance, pink for joy, and white for Christ's birth celebration.","rel":"","context":"In &quot;Christian Education&quot;","block_context":{"text":"Christian Education","link":"https:\/\/christianpure.com\/pt\/learn\/category\/christian-education\/"},"img":{"alt_text":"","src":"https:\/\/i0.wp.com\/christianpure.com\/wp-content\/uploads\/2024\/11\/what-is-the-meaning-of-the-colors-used-in-advent.webp?fit=1200%2C675&quality=75&ssl=1&resize=350%2C200","width":350,"height":200,"srcset":"https:\/\/i0.wp.com\/christianpure.com\/wp-content\/uploads\/2024\/11\/what-is-the-meaning-of-the-colors-used-in-advent.webp?fit=1200%2C675&quality=75&ssl=1&resize=350%2C200 1x, https:\/\/i0.wp.com\/christianpure.com\/wp-content\/uploads\/2024\/11\/what-is-the-meaning-of-the-colors-used-in-advent.webp?fit=1200%2C675&quality=75&ssl=1&resize=525%2C300 1.5x, https:\/\/i0.wp.com\/christianpure.com\/wp-content\/uploads\/2024\/11\/what-is-the-meaning-of-the-colors-used-in-advent.webp?fit=1200%2C675&quality=75&ssl=1&resize=700%2C400 2x, https:\/\/i0.wp.com\/christianpure.com\/wp-content\/uploads\/2024\/11\/what-is-the-meaning-of-the-colors-used-in-advent.webp?fit=1200%2C675&quality=75&ssl=1&resize=1050%2C600 3x"},"classes":[]},{"id":70117,"url":"https:\/\/christianpure.com\/pt\/learn\/5-catholic-resources-to-help-you-grow-closer-to-christ-this-advent\/","url_meta":{"origin":70764,"position":2},"title":"5 Catholic resources to help you grow closer to Christ this Advent","author":"Christian Pure Team","date":"Fevereiro 10, 2026","format":false,"excerpt":"null \/ Credit: Kara Monroe via Flickr (CC BY-NC-SA 2.0) CNA Staff, Nov 23, 2025 \/ 06:00 am (CNA). As Advent quickly approaches and the hustle and bustle of the holiday season begins to make its way into our lives, here are five resources to help you prepare to welcome\u2026","rel":"","context":"In &quot;Christian News&quot;","block_context":{"text":"Christian News","link":"https:\/\/christianpure.com\/pt\/learn\/category\/christian-news\/"},"img":{"alt_text":"5 Catholic resources to help you grow closer to Christ this Advent","src":"https:\/\/i0.wp.com\/christianpure.com\/wp-content\/uploads\/2026\/02\/5-Catholic-resources-to-help-you-grow-closer-to-Christ-this-Advent.png?fit=1200%2C335&quality=69&ssl=1&resize=350%2C200","width":350,"height":200,"srcset":"https:\/\/i0.wp.com\/christianpure.com\/wp-content\/uploads\/2026\/02\/5-Catholic-resources-to-help-you-grow-closer-to-Christ-this-Advent.png?fit=1200%2C335&quality=69&ssl=1&resize=350%2C200 1x, https:\/\/i0.wp.com\/christianpure.com\/wp-content\/uploads\/2026\/02\/5-Catholic-resources-to-help-you-grow-closer-to-Christ-this-Advent.png?fit=1200%2C335&quality=69&ssl=1&resize=525%2C300 1.5x, https:\/\/i0.wp.com\/christianpure.com\/wp-content\/uploads\/2026\/02\/5-Catholic-resources-to-help-you-grow-closer-to-Christ-this-Advent.png?fit=1200%2C335&quality=69&ssl=1&resize=700%2C400 2x, https:\/\/i0.wp.com\/christianpure.com\/wp-content\/uploads\/2026\/02\/5-Catholic-resources-to-help-you-grow-closer-to-Christ-this-Advent.png?fit=1200%2C335&quality=69&ssl=1&resize=1050%2C600 3x"},"classes":[]},{"id":20921,"url":"https:\/\/christianpure.com\/pt\/learn\/advent-wreath-symbolism\/","url_meta":{"origin":70764,"position":3},"title":"What Does the Advent Wreath Symbolize?","author":"Christian Pure Team","date":"Novembro 30, 2024","format":false,"excerpt":"Explore the beauty of the Advent wreath, its rich symbolism of hope, and its historical origins in Christian tradition.","rel":"","context":"In &quot;Christian Education&quot;","block_context":{"text":"Christian Education","link":"https:\/\/christianpure.com\/pt\/learn\/category\/christian-education\/"},"img":{"alt_text":"","src":"https:\/\/i0.wp.com\/christianpure.com\/wp-content\/uploads\/2024\/11\/what-does-the-advent-wreath-symbolize.webp?fit=1200%2C675&quality=75&ssl=1&resize=350%2C200","width":350,"height":200,"srcset":"https:\/\/i0.wp.com\/christianpure.com\/wp-content\/uploads\/2024\/11\/what-does-the-advent-wreath-symbolize.webp?fit=1200%2C675&quality=75&ssl=1&resize=350%2C200 1x, https:\/\/i0.wp.com\/christianpure.com\/wp-content\/uploads\/2024\/11\/what-does-the-advent-wreath-symbolize.webp?fit=1200%2C675&quality=75&ssl=1&resize=525%2C300 1.5x, https:\/\/i0.wp.com\/christianpure.com\/wp-content\/uploads\/2024\/11\/what-does-the-advent-wreath-symbolize.webp?fit=1200%2C675&quality=75&ssl=1&resize=700%2C400 2x, https:\/\/i0.wp.com\/christianpure.com\/wp-content\/uploads\/2024\/11\/what-does-the-advent-wreath-symbolize.webp?fit=1200%2C675&quality=75&ssl=1&resize=1050%2C600 3x"},"classes":[]},{"id":20940,"url":"https:\/\/christianpure.com\/pt\/learn\/advent-importance-christians\/","url_meta":{"origin":70764,"position":4},"title":"Preparing Your Heart for Christmas: An Advent Devotional Guide","author":"Christian Pure Team","date":"Novembro 27, 2024","format":false,"excerpt":"Discover Advent's significance for Christians. Learn its history, spiritual practices, key Bible verses, and how to create meaningful traditions.","rel":"","context":"In &quot;Christian Education&quot;","block_context":{"text":"Christian Education","link":"https:\/\/christianpure.com\/pt\/learn\/category\/christian-education\/"},"img":{"alt_text":"","src":"https:\/\/i0.wp.com\/christianpure.com\/wp-content\/uploads\/2024\/11\/preparing-your-heart-for-christmas-an-advent-devotional-guide.webp?fit=1200%2C675&quality=75&ssl=1&resize=350%2C200","width":350,"height":200,"srcset":"https:\/\/i0.wp.com\/christianpure.com\/wp-content\/uploads\/2024\/11\/preparing-your-heart-for-christmas-an-advent-devotional-guide.webp?fit=1200%2C675&quality=75&ssl=1&resize=350%2C200 1x, https:\/\/i0.wp.com\/christianpure.com\/wp-content\/uploads\/2024\/11\/preparing-your-heart-for-christmas-an-advent-devotional-guide.webp?fit=1200%2C675&quality=75&ssl=1&resize=525%2C300 1.5x, https:\/\/i0.wp.com\/christianpure.com\/wp-content\/uploads\/2024\/11\/preparing-your-heart-for-christmas-an-advent-devotional-guide.webp?fit=1200%2C675&quality=75&ssl=1&resize=700%2C400 2x, https:\/\/i0.wp.com\/christianpure.com\/wp-content\/uploads\/2024\/11\/preparing-your-heart-for-christmas-an-advent-devotional-guide.webp?fit=1200%2C675&quality=75&ssl=1&resize=1050%2C600 3x"},"classes":[]},{"id":72474,"url":"https:\/\/christianpure.com\/pt\/learn\/pope-leo-xiv-highlights-key-virtues-for-final-days-of-advent\/","url_meta":{"origin":70764,"position":5},"title":"Pope Leo XIV highlights key virtues for final days of Advent","author":"Christian Pure Team","date":"Janeiro 2, 2026","format":false,"excerpt":"Pope Leo XIV greets pilgrims gathered in St. Peter's Square at the Vatican for the recitation of the Angelus on December 21, 2025. \/ Vatican Media Vatican City, Dec 21, 2025 \/ 09:15 am (CNA). Pope Leo XIV on Sunday highlighted four virtues of St. Joseph \u2014 \u201cpiety and charity,\u2026","rel":"","context":"In &quot;Christian News&quot;","block_context":{"text":"Christian News","link":"https:\/\/christianpure.com\/pt\/learn\/category\/christian-news\/"},"img":{"alt_text":"Pope Leo XIV highlights key virtues for final days of Advent","src":"https:\/\/i0.wp.com\/christianpure.com\/wp-content\/uploads\/2026\/01\/Pope-Leo-XIV-highlights-key-virtues-for-final-days-of-Advent.webp?fit=800%2C533&quality=75&ssl=1&resize=350%2C200","width":350,"height":200,"srcset":"https:\/\/i0.wp.com\/christianpure.com\/wp-content\/uploads\/2026\/01\/Pope-Leo-XIV-highlights-key-virtues-for-final-days-of-Advent.webp?fit=800%2C533&quality=75&ssl=1&resize=350%2C200 1x, https:\/\/i0.wp.com\/christianpure.com\/wp-content\/uploads\/2026\/01\/Pope-Leo-XIV-highlights-key-virtues-for-final-days-of-Advent.webp?fit=800%2C533&quality=75&ssl=1&resize=525%2C300 1.5x, https:\/\/i0.wp.com\/christianpure.com\/wp-content\/uploads\/2026\/01\/Pope-Leo-XIV-highlights-key-virtues-for-final-days-of-Advent.webp?fit=800%2C533&quality=75&ssl=1&resize=700%2C400 2x"},"classes":[]}],"jetpack_sharing_enabled":true,"mfb_rest_fields":["title","jetpack_publicize_connections","jetpack_featured_media_url","jetpack-related-posts","jetpack_sharing_enabled"],"_links":{"self":[{"href":"https:\/\/christianpure.com\/pt\/wp-json\/wp\/v2\/posts\/70764","targetHints":{"allow":["GET"]}}],"collection":[{"href":"https:\/\/christianpure.com\/pt\/wp-json\/wp\/v2\/posts"}],"about":[{"href":"https:\/\/christianpure.com\/pt\/wp-json\/wp\/v2\/types\/post"}],"author":[{"embeddable":true,"href":"https:\/\/christianpure.com\/pt\/wp-json\/wp\/v2\/users\/11"}],"replies":[{"embeddable":true,"href":"https:\/\/christianpure.com\/pt\/wp-json\/wp\/v2\/comments?post=70764"}],"version-history":[{"count":0,"href":"https:\/\/christianpure.com\/pt\/wp-json\/wp\/v2\/posts\/70764\/revisions"}],"wp:featuredmedia":[{"embeddable":true,"href":"https:\/\/christianpure.com\/pt\/wp-json\/wp\/v2\/media\/70776"}],"wp:attachment":[{"href":"https:\/\/christianpure.com\/pt\/wp-json\/wp\/v2\/media?parent=70764"}],"wp:term":[{"taxonomy":"category","embeddable":true,"href":"https:\/\/christianpure.com\/pt\/wp-json\/wp\/v2\/categories?post=70764"},{"taxonomy":"post_tag","embeddable":true,"href":"https:\/\/christianpure.com\/pt\/wp-json\/wp\/v2\/tags?post=70764"},{"taxonomy":"series","embeddable":true,"href":"https:\/\/christianpure.com\/pt\/wp-json\/wp\/v2\/series?post=70764"}],"curies":[{"name":"wp","href":"https:\/\/api.w.org\/{rel}","templated":true}]}}