{"id":71300,"date":"2026-01-02T16:45:56","date_gmt":"2026-01-02T16:45:56","guid":{"rendered":"https:\/\/christianpure.com\/?p=71300"},"modified":"2026-01-02T16:45:56","modified_gmt":"2026-01-02T16:45:56","slug":"philadelphia-archdiocese-prays-st-andrew-novena-for-fallen-away-catholics","status":"publish","type":"post","link":"https:\/\/christianpure.com\/pt\/learn\/philadelphia-archdiocese-prays-st-andrew-novena-for-fallen-away-catholics\/","title":{"rendered":"Arquidiocese de Filad\u00e9lfia reza a novena de Santo Andr\u00e9 pelos cat\u00f3licos afastados"},"content":{"rendered":"<div style=\"width: 100%; margin-bottom: 25px;\">\n  <img data-recalc-dims=\"1\" decoding=\"async\" src=\"https:\/\/i0.wp.com\/www.catholicnewsagency.com\/storage\/image\/shutterstock-1699210204.jpg?ssl=1\" style=\"display: block; margin: auto; max-width: 100%\" \/><br \/>\n  <span style=\"text-align: right; font-style: italic;\">A Catedral Bas\u00edlica de S\u00e3o Pedro e S\u00e3o Paulo em Filad\u00e9lfia. \/ Cr\u00e9dito: Mehdi Kasumov\/Shutterstock<\/span>\n<\/div>\n<p>Equipa da CNA, 6 de dezembro de 2025 \/ 14:30 (CNA).<\/p>\n<p>A Arquidiocese de Filad\u00e9lfia est\u00e1 a mobilizar os cat\u00f3licos neste Advento para rezar a Novena de Natal de Santo Andr\u00e9 15 vezes por dia por uma \u00fanica inten\u00e7\u00e3o: a reconcilia\u00e7\u00e3o dos 83% dos cat\u00f3licos batizados na arquidiocese que j\u00e1 n\u00e3o participam na vida sacramental da Igreja.<\/p>\n<p>O \u201c<a href=\"https:\/\/www.phillyevang.org\/novena\/\" target=\"null\" class=\"null\" rel=\"noopener noreferrer nofollow\">Novena de Santo Andr\u00e9 pelos 83%<\/a>\u201d, organizada pelo Gabinete para a Nova Evangeliza\u00e7\u00e3o da arquidiocese, decorre de 30 de novembro a 24 de dezembro. Pede-se aos participantes que recitem a ora\u00e7\u00e3o tradicional 15 vezes por dia, rezando especificamente pela gra\u00e7a da reconcilia\u00e7\u00e3o dos entes queridos que se encontram atualmente afastados da f\u00e9.<\/p>\n<p>\u201cA novena \u00e9 uma oportunidade para os cat\u00f3licos praticantes rezarem intencionalmente pelos seus entes queridos que est\u00e3o atualmente afastados da sua f\u00e9 cat\u00f3lica. \u00c9 tamb\u00e9m uma oportunidade para rezar em comunh\u00e3o com centenas de outros cat\u00f3licos que partilham o mesmo desejo sincero pelo \u2018regresso a casa\u2019 dos seus entes queridos\u201d, disse esta semana Meghan Cokeley, diretora do Gabinete para a Nova Evangeliza\u00e7\u00e3o, ao jornal da arquidiocese de Filad\u00e9lfia.<\/p>\n<p>Cokeley disse que a ideia lhe surgiu enquanto rezava durante a adora\u00e7\u00e3o eucar\u00edstica. \u201cEu n\u00e3o estava \u00e0 procura disso e encheu-me de muita alegria, por isso pensei que talvez fosse Jesus quem estava a pedir isto.\u201d<\/p>\n<p>Ela sublinhou a gra\u00e7a especial do Advento para a reconcilia\u00e7\u00e3o e o papel de Santo Andr\u00e9 Ap\u00f3stolo como \u201cpescador de homens\u201d. \u201cAo unir a nossa ora\u00e7\u00e3o \u00e0 do santo, estamos a pedir-lhe que \u2018v\u00e1 pescar\u2019 os nossos entes queridos e os apanhe para Jesus\u201d, disse Cokeley.<\/p>\n<p>Mais de 400 pessoas j\u00e1 se inscreveram, submetendo as iniciais de familiares e amigos. Todos os que se registam recebem uma liga\u00e7\u00e3o segura para a lista completa, permitindo-lhes rezar por todas as pessoas atrav\u00e9s das suas iniciais.<\/p>\n<p>A iniciativa faz parte da campanha mais vasta da arquidiocese \u201c<a href=\"https:\/\/catholicchurchofphila.org\/wp-content\/uploads\/2025\/10\/Catholic-Church-of-Phila-Pastoral-Letter.pdf\" target=\"null\" class=\"null\" rel=\"noopener noreferrer nofollow\">Confian\u00e7a e Esperan\u00e7a<\/a>\u201d para se adaptar \u00e0s realidades em mudan\u00e7a e promover a \u201crenova\u00e7\u00e3o paroquial\u201d na Igreja na Arquidiocese da Pensilv\u00e2nia.&nbsp;<\/p>\n<p>Cokeley observou a tristeza generalizada que muitos sentem pelos entes queridos afastados da Igreja. \u201cNas minhas viagens pela arquidiocese, ou\u00e7o frequentemente pessoas que sofrem pelos seus entes queridos que est\u00e3o afastados da Igreja. Sinto que \u00e9 uma tristeza generalizada e partilhada por muitos\u201d, disse ela.<\/p>\n<p>\u201cO tempo passado em ora\u00e7\u00e3o \u00e9 o investimento mais frut\u00edfero da vida de algu\u00e9m\u201d, acrescentou Cokeley.<\/p>\n<p>Aqui est\u00e1 a ora\u00e7\u00e3o completa (que tamb\u00e9m est\u00e1 dispon\u00edvel em espanhol no site): \u201cAve e bendita seja a hora e o momento em que o Filho de Deus nasceu da pur\u00edssima Virgem Maria, \u00e0 meia-noite, em Bel\u00e9m, no frio cortante. Nessa hora, dignai-Vos, eu Vos suplico, \u00f3 meu Deus, ouvir a minha ora\u00e7\u00e3o e conceder os meus desejos pelos m\u00e9ritos de Nosso Salvador Jesus Cristo e de sua bendita M\u00e3e. Amen.\u201d<\/p>\n<p> <a href=\"https:\/\/www.catholicnewsagency.com\/news\/268289\/philadelphia-archdiocese-prays-st-andrew-novena-for-fallen-away-catholics\" rel=\"nofollow\">https:\/\/www.catholicnewsagency.com\/news\/268289\/philadelphia-archdiocese-prays-st-andrew-novena-for-fallen-away-catholics<\/a><\/p>","protected":false},"excerpt":{"rendered":"<p>The Cathedral Basilica of Sts. Peter and Paul in Philadelphia. \/ Credit: Mehdi Kasumov\/Shutterstock CNA Staff, Dec 6, 2025 \/ 14:30 pm (CNA). The Archdiocese of Philadelphia is mobilizing Catholics this Advent to pray the St. Andrew Christmas Novena prayer 15 times daily for a single intention: the reconciliation of the 83% of baptized Catholics [\u2026]<\/p>","protected":false},"author":11,"featured_media":73669,"comment_status":"open","ping_status":"closed","sticky":false,"template":"","format":"standard","meta":{"_acf_changed":false,"_jetpack_memberships_contains_paid_content":false,"footnotes":"","jetpack_publicize_message":"","jetpack_publicize_feature_enabled":true,"jetpack_social_post_already_shared":true,"jetpack_social_options":{"image_generator_settings":{"template":"highway","default_image_id":0,"font":"","enabled":false},"version":2},"_wpas_customize_per_network":false},"categories":[100],"tags":[],"series":[],"class_list":["post-71300","post","type-post","status-publish","format-standard","has-post-thumbnail","hentry","category-christian-news"],"mb":[],"acf":[],"jetpack_publicize_connections":[],"jetpack_featured_media_url":"https:\/\/i0.wp.com\/christianpure.com\/wp-content\/uploads\/2026\/01\/Philadelphia-Archdiocese-prays-St.-Andrew-novena-for-fallen-away-Catholics.webp?fit=800%2C534&quality=75&ssl=1","jetpack-related-posts":[{"id":20923,"url":"https:\/\/christianpure.com\/pt\/learn\/christmas-novena-importance\/","url_meta":{"origin":71300,"position":0},"title":"What Is the Christmas Novena?","author":"Christian Pure Team","date":"Novembro 24, 2024","format":false,"excerpt":"Discover the Christmas Novena, a meaningful spiritual practice inviting deeper preparation and renewed faith during Advent's anticipation.","rel":"","context":"In &quot;Christian Education&quot;","block_context":{"text":"Christian Education","link":"https:\/\/christianpure.com\/pt\/learn\/category\/christian-education\/"},"img":{"alt_text":"","src":"https:\/\/i0.wp.com\/christianpure.com\/wp-content\/uploads\/2024\/11\/what-is-the-christmas-novena.webp?fit=1200%2C675&quality=75&ssl=1&resize=350%2C200","width":350,"height":200,"srcset":"https:\/\/i0.wp.com\/christianpure.com\/wp-content\/uploads\/2024\/11\/what-is-the-christmas-novena.webp?fit=1200%2C675&quality=75&ssl=1&resize=350%2C200 1x, https:\/\/i0.wp.com\/christianpure.com\/wp-content\/uploads\/2024\/11\/what-is-the-christmas-novena.webp?fit=1200%2C675&quality=75&ssl=1&resize=525%2C300 1.5x, https:\/\/i0.wp.com\/christianpure.com\/wp-content\/uploads\/2024\/11\/what-is-the-christmas-novena.webp?fit=1200%2C675&quality=75&ssl=1&resize=700%2C400 2x, https:\/\/i0.wp.com\/christianpure.com\/wp-content\/uploads\/2024\/11\/what-is-the-christmas-novena.webp?fit=1200%2C675&quality=75&ssl=1&resize=1050%2C600 3x"},"classes":[]},{"id":26761,"url":"https:\/\/christianpure.com\/pt\/learn\/philadelphia-archbishop-launches-missionary-hubs-to-reach-the-missing-83\/","url_meta":{"origin":71300,"position":1},"title":"Philadelphia archbishop launches \u00e2\u20ac\u02dcmissionary hubs\u2019 to reach the \u00e2\u20ac\u02dcmissing 83%\u2019","author":"Christian Pure Team","date":"Janeiro 17, 2025","format":false,"excerpt":"[ad_1] Archbishop Nelson P\u00c3\u00a9rez at his installation Mass on Feb. 18, 2020, at the Cathedral Basilica of Sts. Peter and Paul in Philadelphia. \/ Credit: Sarah Webb\/Archdiocese of Philadelphia CNA Staff, Jan 17, 2025 \/ 06:00 am (CNA). After the Archdiocese of Philadelphia found that 83% of baptized Catholics are\u2026","rel":"","context":"In &quot;Christian News&quot;","block_context":{"text":"Christian News","link":"https:\/\/christianpure.com\/pt\/learn\/category\/christian-news\/"},"img":{"alt_text":"","src":"https:\/\/i0.wp.com\/christianpure.com\/wp-content\/uploads\/2025\/01\/archphili.jpg?fit=800%2C533&quality=80&ssl=1&resize=350%2C200","width":350,"height":200,"srcset":"https:\/\/i0.wp.com\/christianpure.com\/wp-content\/uploads\/2025\/01\/archphili.jpg?fit=800%2C533&quality=80&ssl=1&resize=350%2C200 1x, https:\/\/i0.wp.com\/christianpure.com\/wp-content\/uploads\/2025\/01\/archphili.jpg?fit=800%2C533&quality=80&ssl=1&resize=525%2C300 1.5x, https:\/\/i0.wp.com\/christianpure.com\/wp-content\/uploads\/2025\/01\/archphili.jpg?fit=800%2C533&quality=80&ssl=1&resize=700%2C400 2x"},"classes":[]},{"id":49996,"url":"https:\/\/christianpure.com\/pt\/learn\/los-angeles-archbishop-calls-for-day-of-prayer-mass-for-peace-and-unity-amid-riots\/","url_meta":{"origin":71300,"position":2},"title":"Los Angeles archbishop calls for day of prayer, Mass for peace and unity amid riots","author":"Christian Pure Team","date":"Junho 14, 2025","format":false,"excerpt":"LAPD rally as a curfew takes effect in Los Angeles on June 10, 2025, following days of protests in response to federal immigration operations that saw clashes spread across downtown. \/ Credit: BENJAMIN HANSON\/Middle East Images\/AFP via Getty Images CNA Staff, Jun 11, 2025 \/ 15:16 pm (CNA). Archbishop Jos\u00e9\u2026","rel":"","context":"In &quot;Christian News&quot;","block_context":{"text":"Christian News","link":"https:\/\/christianpure.com\/pt\/learn\/category\/christian-news\/"},"img":{"alt_text":"Los Angeles archbishop calls for day of prayer, Mass for peace and unity amid riots","src":"https:\/\/i0.wp.com\/christianpure.com\/wp-content\/uploads\/2025\/06\/Los-Angeles-archbishop-calls-for-day-of-prayer-Mass-for-peace-and-unity-amid-riots.webp?fit=800%2C534&quality=75&ssl=1&resize=350%2C200","width":350,"height":200,"srcset":"https:\/\/i0.wp.com\/christianpure.com\/wp-content\/uploads\/2025\/06\/Los-Angeles-archbishop-calls-for-day-of-prayer-Mass-for-peace-and-unity-amid-riots.webp?fit=800%2C534&quality=75&ssl=1&resize=350%2C200 1x, https:\/\/i0.wp.com\/christianpure.com\/wp-content\/uploads\/2025\/06\/Los-Angeles-archbishop-calls-for-day-of-prayer-Mass-for-peace-and-unity-amid-riots.webp?fit=800%2C534&quality=75&ssl=1&resize=525%2C300 1.5x, https:\/\/i0.wp.com\/christianpure.com\/wp-content\/uploads\/2025\/06\/Los-Angeles-archbishop-calls-for-day-of-prayer-Mass-for-peace-and-unity-amid-riots.webp?fit=800%2C534&quality=75&ssl=1&resize=700%2C400 2x"},"classes":[]},{"id":56670,"url":"https:\/\/christianpure.com\/pt\/learn\/as-conditions-worsen-in-gaza-novena-for-peace-set-to-start\/","url_meta":{"origin":71300,"position":3},"title":"As conditions worsen in Gaza, novena for peace set to start","author":"Christian Pure Team","date":"Agosto 15, 2025","format":false,"excerpt":"Charitable organizations distribute food to displaced people in shelter tents in Deir al-Balah in the central Gaza Strip on June 9, 2024. \/ Credit: Anas-Mohammed\/Shutterstock Washington, D.C. Newsroom, Jul 14, 2025 \/ 16:20 pm (CNA). As U.N. agencies issue dire warnings of humanitarian collapse in Gaza, the Catholic arm of\u2026","rel":"","context":"In &quot;Christian News&quot;","block_context":{"text":"Christian News","link":"https:\/\/christianpure.com\/pt\/learn\/category\/christian-news\/"},"img":{"alt_text":"As conditions worsen in Gaza, novena for peace set to start","src":"https:\/\/i0.wp.com\/christianpure.com\/wp-content\/uploads\/2025\/08\/As-conditions-worsen-in-Gaza-novena-for-peace-set-to-start.webp?fit=800%2C534&quality=75&ssl=1&resize=350%2C200","width":350,"height":200,"srcset":"https:\/\/i0.wp.com\/christianpure.com\/wp-content\/uploads\/2025\/08\/As-conditions-worsen-in-Gaza-novena-for-peace-set-to-start.webp?fit=800%2C534&quality=75&ssl=1&resize=350%2C200 1x, https:\/\/i0.wp.com\/christianpure.com\/wp-content\/uploads\/2025\/08\/As-conditions-worsen-in-Gaza-novena-for-peace-set-to-start.webp?fit=800%2C534&quality=75&ssl=1&resize=525%2C300 1.5x, https:\/\/i0.wp.com\/christianpure.com\/wp-content\/uploads\/2025\/08\/As-conditions-worsen-in-Gaza-novena-for-peace-set-to-start.webp?fit=800%2C534&quality=75&ssl=1&resize=700%2C400 2x"},"classes":[]},{"id":50411,"url":"https:\/\/christianpure.com\/pt\/learn\/here-is-the-miracle-that-makes-possible-pier-giorgio-frassatis-canonization\/","url_meta":{"origin":71300,"position":4},"title":"Here is the miracle that makes possible Pier Giorgio Frassati\u2019s canonization","author":"Christian Pure Team","date":"Junho 22, 2025","format":false,"excerpt":"Blessed Pier Giorgio Frassati, who died at the age of 24 in 1925, is beloved by many Catholic young people today for his enthusiastic witness to holiness that reaches \u201cto the heights.\u201d \/ Credit: Public domain Vatican City, Jun 13, 2025 \/ 17:09 pm (CNA). The Vatican has recognized two\u2026","rel":"","context":"In &quot;Christian News&quot;","block_context":{"text":"Christian News","link":"https:\/\/christianpure.com\/pt\/learn\/category\/christian-news\/"},"img":{"alt_text":"Here is the miracle that makes possible Pier Giorgio Frassati\u2019s canonization","src":"https:\/\/i0.wp.com\/christianpure.com\/wp-content\/uploads\/2025\/06\/Here-is-the-miracle-that-makes-possible-Pier-Giorgio-Frassatis-canonization.webp?fit=800%2C548&quality=75&ssl=1&resize=350%2C200","width":350,"height":200,"srcset":"https:\/\/i0.wp.com\/christianpure.com\/wp-content\/uploads\/2025\/06\/Here-is-the-miracle-that-makes-possible-Pier-Giorgio-Frassatis-canonization.webp?fit=800%2C548&quality=75&ssl=1&resize=350%2C200 1x, https:\/\/i0.wp.com\/christianpure.com\/wp-content\/uploads\/2025\/06\/Here-is-the-miracle-that-makes-possible-Pier-Giorgio-Frassatis-canonization.webp?fit=800%2C548&quality=75&ssl=1&resize=525%2C300 1.5x, https:\/\/i0.wp.com\/christianpure.com\/wp-content\/uploads\/2025\/06\/Here-is-the-miracle-that-makes-possible-Pier-Giorgio-Frassatis-canonization.webp?fit=800%2C548&quality=75&ssl=1&resize=700%2C400 2x"},"classes":[]},{"id":56554,"url":"https:\/\/christianpure.com\/pt\/learn\/athlete-convert-to-catholicism-and-future-priest-the-story-of-josh-brooks\/","url_meta":{"origin":71300,"position":5},"title":"Athlete, convert to Catholicism, and future priest: The story of Josh Brooks","author":"Christian Pure Team","date":"Novembro 16, 2025","format":false,"excerpt":"Seminarian Josh Brooks. \/ Credit: Courtesy of Catholic Philly, official newspaper of the Archdiocese of Philadelphia ACI Prensa Staff, Jul 13, 2025 \/ 14:55 pm (CNA). Josh Brooks, a native of Delaware County in metro Philadelphia, dreamed of following in the footsteps of his idol LeBron James and becoming a\u2026","rel":"","context":"In &quot;Christian News&quot;","block_context":{"text":"Christian News","link":"https:\/\/christianpure.com\/pt\/learn\/category\/christian-news\/"},"img":{"alt_text":"Athlete, convert to Catholicism, and future priest: The story of Josh Brooks","src":"https:\/\/i0.wp.com\/christianpure.com\/wp-content\/uploads\/2025\/11\/Athlete-convert-to-Catholicism-and-future-priest-The-story-of-Josh-Brooks.webp?fit=800%2C529&quality=75&ssl=1&resize=350%2C200","width":350,"height":200,"srcset":"https:\/\/i0.wp.com\/christianpure.com\/wp-content\/uploads\/2025\/11\/Athlete-convert-to-Catholicism-and-future-priest-The-story-of-Josh-Brooks.webp?fit=800%2C529&quality=75&ssl=1&resize=350%2C200 1x, https:\/\/i0.wp.com\/christianpure.com\/wp-content\/uploads\/2025\/11\/Athlete-convert-to-Catholicism-and-future-priest-The-story-of-Josh-Brooks.webp?fit=800%2C529&quality=75&ssl=1&resize=525%2C300 1.5x, https:\/\/i0.wp.com\/christianpure.com\/wp-content\/uploads\/2025\/11\/Athlete-convert-to-Catholicism-and-future-priest-The-story-of-Josh-Brooks.webp?fit=800%2C529&quality=75&ssl=1&resize=700%2C400 2x"},"classes":[]}],"jetpack_sharing_enabled":true,"mfb_rest_fields":["title","jetpack_publicize_connections","jetpack_featured_media_url","jetpack-related-posts","jetpack_sharing_enabled"],"_links":{"self":[{"href":"https:\/\/christianpure.com\/pt\/wp-json\/wp\/v2\/posts\/71300","targetHints":{"allow":["GET"]}}],"collection":[{"href":"https:\/\/christianpure.com\/pt\/wp-json\/wp\/v2\/posts"}],"about":[{"href":"https:\/\/christianpure.com\/pt\/wp-json\/wp\/v2\/types\/post"}],"author":[{"embeddable":true,"href":"https:\/\/christianpure.com\/pt\/wp-json\/wp\/v2\/users\/11"}],"replies":[{"embeddable":true,"href":"https:\/\/christianpure.com\/pt\/wp-json\/wp\/v2\/comments?post=71300"}],"version-history":[{"count":0,"href":"https:\/\/christianpure.com\/pt\/wp-json\/wp\/v2\/posts\/71300\/revisions"}],"wp:featuredmedia":[{"embeddable":true,"href":"https:\/\/christianpure.com\/pt\/wp-json\/wp\/v2\/media\/73669"}],"wp:attachment":[{"href":"https:\/\/christianpure.com\/pt\/wp-json\/wp\/v2\/media?parent=71300"}],"wp:term":[{"taxonomy":"category","embeddable":true,"href":"https:\/\/christianpure.com\/pt\/wp-json\/wp\/v2\/categories?post=71300"},{"taxonomy":"post_tag","embeddable":true,"href":"https:\/\/christianpure.com\/pt\/wp-json\/wp\/v2\/tags?post=71300"},{"taxonomy":"series","embeddable":true,"href":"https:\/\/christianpure.com\/pt\/wp-json\/wp\/v2\/series?post=71300"}],"curies":[{"name":"wp","href":"https:\/\/api.w.org\/{rel}","templated":true}]}}