{"id":75700,"date":"2026-01-30T12:05:35","date_gmt":"2026-01-30T12:05:35","guid":{"rendered":"https:\/\/christianpure.com\/?p=75700"},"modified":"2026-01-30T12:05:35","modified_gmt":"2026-01-30T12:05:35","slug":"how-to-watch-the-march-for-life-2026-ewtns-live-coverage","status":"publish","type":"post","link":"https:\/\/christianpure.com\/pt\/learn\/how-to-watch-the-march-for-life-2026-ewtns-live-coverage\/","title":{"rendered":"Como assistir \u00e0 Marcha pela Vida 2026: cobertura ao vivo da EWTN"},"content":{"rendered":"<div style=\"width: 100%; margin-bottom: 25px;\">\n  <img data-recalc-dims=\"1\" decoding=\"async\" src=\"https:\/\/i0.wp.com\/res.cloudinary.com\/ewtn\/image\/upload\/v1768934148\/GettyImages-2195166979_l7r7yc.jpg?ssl=1\" style=\"display: block; margin: auto; max-width: 100%\" \/><br \/>\n  <span style=\"text-align: right; font-style: italic;\">Defensores da vida marcham por Washington, D.C., para protestar contra o aborto durante a Marcha pela Vida de 2025 na sexta-feira, 24 de janeiro de 2025. | Cr\u00e9dito: Dominic Gwinn\/Middle East Images\/Middle East Images via AFP\/Getty Images<\/span>\n<\/div>\n<p>21 de jan. de 2026 \/ 06:00 (CNA).<\/p>\n<p>Com dezenas de milhares de americanos pr\u00f3-vida reunidos para a 53\u00aa Marcha anual pela Vida em Washington, D.C., na sexta-feira, 23 de janeiro, a EWTN fornecer\u00e1     <a href=\"https:\/\/www.ewtn.com\/tv\/specials\/pro-life\" rel=\"noopener noreferrer\">cobertura ao vivo<\/a> do evento.<\/p>\n<p>O evento nacional anual pr\u00f3-vida marca o anivers\u00e1rio de Roe v. Wade, reunindo milhares para protestar contra o aborto e defender a vida. O tema deste ano \u00e9 \u201cA Vida \u00e9 um Dom\u201d, que a organiza\u00e7\u00e3o da Marcha pela Vida     <a href=\"https:\/\/marchforlife.org\/2026lifeisagift\/\" rel=\"noopener noreferrer\">O site<\/a> diz enfatizar a \u201cconvic\u00e7\u00e3o inabal\u00e1vel de que a vida \u00e9 muito boa e digna de prote\u00e7\u00e3o, independentemente das circunst\u00e2ncias\u201d.<\/p>\n<h4>Quinta-feira, 22 de janeiro: Vig\u00edlia de ora\u00e7\u00e3o da Marcha pela Vida<\/h4>\n<p><strong>17h ET<\/strong>: A cobertura da EWTN da Marcha Nacional pela Vida come\u00e7a antes da marcha com uma noite de ora\u00e7\u00e3o na Bas\u00edlica do Santu\u00e1rio Nacional da Imaculada Concei\u00e7\u00e3o. A Vig\u00edlia Nacional de Ora\u00e7\u00e3o pela Vida \u00e9 realizada anualmente na v\u00e9spera da Marcha pela Vida, reunindo milhares de peregrinos de todo o pa\u00eds para rezar pelo fim do aborto. <\/p>\n<p>\u00c0s 17h ET, a EWTN transmitir\u00e1 a Missa de abertura seguida pela Hora Santa da Vig\u00edlia Nacional de Ora\u00e7\u00e3o pela Vida \u00e0s 19h, enquanto os defensores da vida rezam e se preparam para a pr\u00f3xima marcha.<\/p>\n<h4>Sexta-feira, 23 de janeiro: Marcha pela Vida<\/h4>\n<p><strong>8h ET<\/strong>: A vig\u00edlia de ora\u00e7\u00e3o durante toda a noite terminar\u00e1 com a Missa de encerramento da Vig\u00edlia Nacional de Ora\u00e7\u00e3o pela Vida no santu\u00e1rio, televisionada ao vivo pela EWTN.<\/p>\n<p><strong>9h30 \u00e0s 16h30 ET<\/strong>: A EWTN transmitir\u00e1 a cobertura da Marcha pela Vida, apresentando um discurso principal de Sarah Hurm, m\u00e3e solteira de quatro filhos que passou por uma revers\u00e3o de aborto qu\u00edmico para salvar a vida de seu filho.<\/p>\n<p>Outros oradores incluem o Presidente da C\u00e2mara Mike Johnson, R-Louisiana; o Deputado Chris Smith, R-Nova Jersey; e a Presidente da Marcha pela Vida, Jennie Bradley Lichter. A marcha tamb\u00e9m contar\u00e1 com empreendedores pr\u00f3-vida, incluindo Shawnte Mallory, fundadora da     <a href=\"https:\/\/www.labirlovecare.org\/?utm_source=ig&#038;utm_medium=social&#038;utm_content=link_in_bio&#038;fbclid=PAZXh0bgNhZW0CMTEAc3J0YwZhcHBfaWQMMjU2MjgxMDQwNTU4AAGng7iXtHRy0kPIPgpteAkmtnYHzdlVByACP7iTiMxzohPZY52XW9W9CgWN-nw_aem_BE8wpnMDv5sGNtnRO2OGZQ\" rel=\"noopener noreferrer\">Labir Love And Care<\/a>, e Debbie Biskey, CEO da     <a href=\"https:\/\/optionsforher.org\/\" rel=\"noopener noreferrer\">Options for Her<\/a>, bem como a estudante ativista Elizabeth Pillsbury Oliver, convertida ao catolicismo, que lidera o grupo Right to Life da Universidade de Georgetown. <\/p>\n<p>O Rev. Irinej Dobrijevic, bispo s\u00e9rvio ortodoxo da Diocese do Leste da Am\u00e9rica, e Cissie Graham Lynch, porta-voz da Associa\u00e7\u00e3o Evangel\u00edstica Billy Graham, tamb\u00e9m falar\u00e3o no evento.<\/p>\n<p>Al\u00e9m disso, a banda crist\u00e3 Sanctus Real se apresentar\u00e1 no com\u00edcio e o coro Friends of Club 21 \u2014 um coro de jovens adultos com s\u00edndrome de Down \u2014 cantar\u00e1 o hino nacional.<\/p>\n<p><strong>16h ET<\/strong>: A EWTN transmitir\u00e1 a segunda Missa anual do Life Fest, patrocinada pelas Irm\u00e3s da Vida e pelos Cavaleiros de Colombo como parte do     <a href=\"https:\/\/www.lifefestrally.com\/\" rel=\"noopener noreferrer\">Life Fest Rally<\/a>. O Life Fest Rally come\u00e7a na noite anterior \u00e0 marcha com m\u00fasica ao vivo de Matt Maher e outras bandas crist\u00e3s.<\/p>\n<h4>S\u00e1bado: Caminhada pela Vida na Costa Oeste<\/h4>\n<p><strong>14h30 ET<\/strong>: A 21\u00aa Caminhada anual pela Vida na Costa Oeste come\u00e7ar\u00e1 com um com\u00edcio seguido pela caminhada. A EWTN transmitir\u00e1 ao vivo a cobertura da caminhada.<\/p>\n<p><strong>17h ET<\/strong>: A EWTN televisionar\u00e1 os destaques do     <a href=\"https:\/\/onelifela.org\/\" rel=\"noopener noreferrer\">One Life<\/a> (Uma Vida), um evento de um dia centrado em testemunhar a dignidade humana com foco em quest\u00f5es pr\u00f3-vida, bem como em outras quest\u00f5es, como o tr\u00e1fico humano e a falta de moradia. A cobertura ser\u00e1 apresentada por Astrid Bennett e Patricia Sandoval, juntamente com produtores da EWTN, durante a marcha.<\/p>\n<p><strong>20h ET<\/strong>: A EWTN televisionar\u00e1 uma Missa pr\u00f3-vida de Los Angeles, encerrando a cobertura pr\u00f3-vida do fim de semana.<\/p>\n<p> <a href=\"https:\/\/www.catholicnewsagency.com\/news\/269205\/how-to-watch-march-for-life-2026-ewtn-live-coverage\" rel=\"nofollow\">https:\/\/www.catholicnewsagency.com\/news\/269205\/how-to-watch-march-for-life-2026-ewtn-live-coverage<\/a><\/p>","protected":false},"excerpt":{"rendered":"<p>Pro-life advocates march through Washington, D.C., to protest abortion during the 2025 March for Life on Friday, Jan. 24, 2025. | Credit: Dominic Gwinn\/Middle East Images\/Middle East Images via AFP\/Getty Images Jan 21, 2026 \/ 06:00 am (CNA). With tens of thousands of pro-life Americans gathering for the 53rd annual March for Life in Washington, [\u2026]<\/p>","protected":false},"author":11,"featured_media":76392,"comment_status":"open","ping_status":"closed","sticky":false,"template":"","format":"standard","meta":{"_acf_changed":false,"_jetpack_memberships_contains_paid_content":false,"footnotes":"","jetpack_publicize_message":"","jetpack_publicize_feature_enabled":true,"jetpack_social_post_already_shared":true,"jetpack_social_options":{"image_generator_settings":{"template":"highway","default_image_id":0,"font":"","enabled":false},"version":2},"_wpas_customize_per_network":false},"categories":[100],"tags":[],"series":[],"class_list":["post-75700","post","type-post","status-publish","format-standard","has-post-thumbnail","hentry","category-christian-news"],"mb":[],"acf":[],"jetpack_publicize_connections":[],"jetpack_featured_media_url":"https:\/\/i0.wp.com\/christianpure.com\/wp-content\/uploads\/2026\/01\/How-to-watch-the-March-for-Life-2026-EWTNs-live-coverage.jpg?fit=8256%2C5504&quality=80&ssl=1","jetpack-related-posts":[{"id":75897,"url":"https:\/\/christianpure.com\/pt\/learn\/the-antidote-to-abortion-is-love-cardinal-omalley-says-ahead-of-march-for-life\/","url_meta":{"origin":75700,"position":0},"title":"\u2018The antidote to abortion is love,\u2019 Cardinal O\u2019Malley says ahead of March for Life","author":"Christian Pure Team","date":"Janeiro 26, 2026","format":false,"excerpt":"Cardinal Se\u00e1n O\u2019Malley, archbishop emeritus of Boston, offers the homily at the closing Mass for the annual National Prayer Vigil for Life at the Basilica of the National Shrine of the Immaculate Conception in Washington, D.C., on Jan. 23, 2026. | Credit: EWTN Jan 23, 2026 \/ 10:34 am (CNA).\u2026","rel":"","context":"In &quot;Christian News&quot;","block_context":{"text":"Christian News","link":"https:\/\/christianpure.com\/pt\/learn\/category\/christian-news\/"},"img":{"alt_text":"\u2018The antidote to abortion is love,\u2019 Cardinal O\u2019Malley says ahead of March for Life","src":"https:\/\/i0.wp.com\/christianpure.com\/wp-content\/uploads\/2026\/01\/%E2%80%98The-antidote-to-abortion-is-love-Cardinal-OMalley-says-ahead-of-March-for-Life-1.png?fit=1200%2C735&quality=69&ssl=1&resize=350%2C200","width":350,"height":200,"srcset":"https:\/\/i0.wp.com\/christianpure.com\/wp-content\/uploads\/2026\/01\/%E2%80%98The-antidote-to-abortion-is-love-Cardinal-OMalley-says-ahead-of-March-for-Life-1.png?fit=1200%2C735&quality=69&ssl=1&resize=350%2C200 1x, https:\/\/i0.wp.com\/christianpure.com\/wp-content\/uploads\/2026\/01\/%E2%80%98The-antidote-to-abortion-is-love-Cardinal-OMalley-says-ahead-of-March-for-Life-1.png?fit=1200%2C735&quality=69&ssl=1&resize=525%2C300 1.5x, https:\/\/i0.wp.com\/christianpure.com\/wp-content\/uploads\/2026\/01\/%E2%80%98The-antidote-to-abortion-is-love-Cardinal-OMalley-says-ahead-of-March-for-Life-1.png?fit=1200%2C735&quality=69&ssl=1&resize=700%2C400 2x, https:\/\/i0.wp.com\/christianpure.com\/wp-content\/uploads\/2026\/01\/%E2%80%98The-antidote-to-abortion-is-love-Cardinal-OMalley-says-ahead-of-March-for-Life-1.png?fit=1200%2C735&quality=69&ssl=1&resize=1050%2C600 3x"},"classes":[]},{"id":75142,"url":"https:\/\/christianpure.com\/pt\/learn\/trump-administration-restores-title-x-funding-to-planned-parenthood\/","url_meta":{"origin":75700,"position":1},"title":"Trump administration restores Title X funding to Planned Parenthood","author":"Christian Pure Team","date":"Fevereiro 16, 2026","format":false,"excerpt":"The U.S. Department of Health and Human Services headquarters building in Washington, D.C. | Credit: ajay_suresh, CC BY 2.0, via Wikimedia Commons Jan 14, 2026 \/ 20:46 pm (CNA). U.S. President Donald Trump on Wednesday denied knowledge of reports that his administration has restored millions of taxpayer dollars to Planned\u2026","rel":"","context":"In &quot;Christian News&quot;","block_context":{"text":"Christian News","link":"https:\/\/christianpure.com\/pt\/learn\/category\/christian-news\/"},"img":{"alt_text":"Trump administration restores Title X funding to Planned Parenthood","src":"https:\/\/i0.wp.com\/christianpure.com\/wp-content\/uploads\/2026\/02\/Trump-administration-restores-Title-X-funding-to-Planned-Parenthood.jpg?fit=1200%2C675&quality=80&ssl=1&resize=350%2C200","width":350,"height":200,"srcset":"https:\/\/i0.wp.com\/christianpure.com\/wp-content\/uploads\/2026\/02\/Trump-administration-restores-Title-X-funding-to-Planned-Parenthood.jpg?fit=1200%2C675&quality=80&ssl=1&resize=350%2C200 1x, https:\/\/i0.wp.com\/christianpure.com\/wp-content\/uploads\/2026\/02\/Trump-administration-restores-Title-X-funding-to-Planned-Parenthood.jpg?fit=1200%2C675&quality=80&ssl=1&resize=525%2C300 1.5x, https:\/\/i0.wp.com\/christianpure.com\/wp-content\/uploads\/2026\/02\/Trump-administration-restores-Title-X-funding-to-Planned-Parenthood.jpg?fit=1200%2C675&quality=80&ssl=1&resize=700%2C400 2x, https:\/\/i0.wp.com\/christianpure.com\/wp-content\/uploads\/2026\/02\/Trump-administration-restores-Title-X-funding-to-Planned-Parenthood.jpg?fit=1200%2C675&quality=80&ssl=1&resize=1050%2C600 3x"},"classes":[]},{"id":75911,"url":"https:\/\/christianpure.com\/pt\/learn\/vance-lawmakers-defend-trumps-abortion-policies-at-march-for-life\/","url_meta":{"origin":75700,"position":2},"title":"Vance, lawmakers defend Trump\u2019s abortion policies at March for Life","author":"Christian Pure Team","date":"Fevereiro 27, 2026","format":false,"excerpt":"U.S. Vice President JD Vance speaks at the March for Life rally on Jan. 23, 2026, in Washington, D.C. | Credit: EWTN News\/Screenshot Jan 23, 2026 \/ 15:29 pm (CNA). Vice President JD Vance and Republican lawmakers defended President Donald Trump\u2019s abortion-related policies at the 2026 March for Life on\u2026","rel":"","context":"In &quot;Christian News&quot;","block_context":{"text":"Christian News","link":"https:\/\/christianpure.com\/pt\/learn\/category\/christian-news\/"},"img":{"alt_text":"Vance, lawmakers defend Trump\u2019s abortion policies at March for Life","src":"https:\/\/i0.wp.com\/christianpure.com\/wp-content\/uploads\/2026\/02\/Vance-lawmakers-defend-Trumps-abortion-policies-at-March-for-Life.jpg?fit=1147%2C646&quality=80&ssl=1&resize=350%2C200","width":350,"height":200,"srcset":"https:\/\/i0.wp.com\/christianpure.com\/wp-content\/uploads\/2026\/02\/Vance-lawmakers-defend-Trumps-abortion-policies-at-March-for-Life.jpg?fit=1147%2C646&quality=80&ssl=1&resize=350%2C200 1x, https:\/\/i0.wp.com\/christianpure.com\/wp-content\/uploads\/2026\/02\/Vance-lawmakers-defend-Trumps-abortion-policies-at-March-for-Life.jpg?fit=1147%2C646&quality=80&ssl=1&resize=525%2C300 1.5x, https:\/\/i0.wp.com\/christianpure.com\/wp-content\/uploads\/2026\/02\/Vance-lawmakers-defend-Trumps-abortion-policies-at-March-for-Life.jpg?fit=1147%2C646&quality=80&ssl=1&resize=700%2C400 2x, https:\/\/i0.wp.com\/christianpure.com\/wp-content\/uploads\/2026\/02\/Vance-lawmakers-defend-Trumps-abortion-policies-at-March-for-Life.jpg?fit=1147%2C646&quality=80&ssl=1&resize=1050%2C600 3x"},"classes":[]},{"id":53086,"url":"https:\/\/christianpure.com\/pt\/learn\/celebrate-life-weekend-kicks-off-in-washington-dc\/","url_meta":{"origin":75700,"position":3},"title":"Celebrate Life Weekend kicks off in Washington, DC","author":"Christian Pure Team","date":"Julho 28, 2025","format":false,"excerpt":"Anti-abortion activists participate in a Celebrate Life Day Rally at the Lincoln Memorial on June 24, 2023 in Washington, DC. The rally, organized by pro-life organizations, was held to commemorate the first anniversary of the Dobbs v. Jackson Women's Health Supreme Court decision which reversed abortion rights established by Roe\u2026","rel":"","context":"In &quot;Christian News&quot;","block_context":{"text":"Christian News","link":"https:\/\/christianpure.com\/pt\/learn\/category\/christian-news\/"},"img":{"alt_text":"Celebrate Life Weekend kicks off in Washington, DC","src":"https:\/\/i0.wp.com\/christianpure.com\/wp-content\/uploads\/2025\/07\/Celebrate-Life-Weekend-kicks-off-in-Washington-DC.webp?fit=612%2C408&quality=75&ssl=1&resize=350%2C200","width":350,"height":200,"srcset":"https:\/\/i0.wp.com\/christianpure.com\/wp-content\/uploads\/2025\/07\/Celebrate-Life-Weekend-kicks-off-in-Washington-DC.webp?fit=612%2C408&quality=75&ssl=1&resize=350%2C200 1x, https:\/\/i0.wp.com\/christianpure.com\/wp-content\/uploads\/2025\/07\/Celebrate-Life-Weekend-kicks-off-in-Washington-DC.webp?fit=612%2C408&quality=75&ssl=1&resize=525%2C300 1.5x"},"classes":[]},{"id":74731,"url":"https:\/\/christianpure.com\/pt\/learn\/pro-life-leader-says-movement-not-safe-in-republican-party-we-cant-hold-back\/","url_meta":{"origin":75700,"position":4},"title":"Pro-life leader says movement &#039;not safe&#039; in Republican party: &#039;We can&#039;t hold back&#039;","author":"Christian Pure Team","date":"Fevereiro 18, 2026","format":false,"excerpt":"Susan B. Anthony Pro-Life America President Marjorie Dannenfelser told EWTN News on Apr. 12, 2024 that the pro-life movement is grounded in the dignity of the individual \"and has never stopped at a state line.\" | Credit: Screenshot\/EWTN News in Depth Jan 10, 2026 \/ 10:00 am (CNA). A major\u2026","rel":"","context":"In &quot;Christian News&quot;","block_context":{"text":"Christian News","link":"https:\/\/christianpure.com\/pt\/learn\/category\/christian-news\/"},"img":{"alt_text":"Pro-life leader says movement &#039;not safe&#039; in Republican party: &#039;We can&#039;t hold back&#039;","src":"https:\/\/i0.wp.com\/christianpure.com\/wp-content\/uploads\/2026\/02\/Pro-life-leader-says-movement-039not-safe039-in-Republican-party-039We-can039t-hold-back039-1.jpg?fit=702%2C408&quality=80&ssl=1&resize=350%2C200","width":350,"height":200,"srcset":"https:\/\/i0.wp.com\/christianpure.com\/wp-content\/uploads\/2026\/02\/Pro-life-leader-says-movement-039not-safe039-in-Republican-party-039We-can039t-hold-back039-1.jpg?fit=702%2C408&quality=80&ssl=1&resize=350%2C200 1x, https:\/\/i0.wp.com\/christianpure.com\/wp-content\/uploads\/2026\/02\/Pro-life-leader-says-movement-039not-safe039-in-Republican-party-039We-can039t-hold-back039-1.jpg?fit=702%2C408&quality=80&ssl=1&resize=525%2C300 1.5x, https:\/\/i0.wp.com\/christianpure.com\/wp-content\/uploads\/2026\/02\/Pro-life-leader-says-movement-039not-safe039-in-Republican-party-039We-can039t-hold-back039-1.jpg?fit=702%2C408&quality=80&ssl=1&resize=700%2C400 2x"},"classes":[]},{"id":8099,"url":"https:\/\/christianpure.com\/pt\/learn\/significant-rise-in-unsupervised-abortions-in-2023-new-study-finds\/","url_meta":{"origin":75700,"position":5},"title":"Significant rise in unsupervised abortions in 2023, new study finds","author":"Christian Pure Team","date":"Agosto 6, 2024","format":false,"excerpt":"[ad_1] A pro-abortion activist displays abortion pills as she counter-protests during an anti-abortion demonstration on March 25, 2023, in New York City. \/ Credit: Kena Betancur\/AFP via Getty Images Washington, D.C. Newsroom, Aug 6, 2024 \/ 06:00 am (CNA). There was a significant increase in unsupervised abortion attempts from 2021\u2026","rel":"","context":"In &quot;Christian News&quot;","block_context":{"text":"Christian News","link":"https:\/\/christianpure.com\/pt\/learn\/category\/christian-news\/"},"img":{"alt_text":"","src":"https:\/\/i0.wp.com\/christianpure.com\/wp-content\/uploads\/2024\/08\/1722941833_abortion-pill.jpg?fit=1024%2C656&quality=80&ssl=1&resize=350%2C200","width":350,"height":200,"srcset":"https:\/\/i0.wp.com\/christianpure.com\/wp-content\/uploads\/2024\/08\/1722941833_abortion-pill.jpg?fit=1024%2C656&quality=80&ssl=1&resize=350%2C200 1x, https:\/\/i0.wp.com\/christianpure.com\/wp-content\/uploads\/2024\/08\/1722941833_abortion-pill.jpg?fit=1024%2C656&quality=80&ssl=1&resize=525%2C300 1.5x, https:\/\/i0.wp.com\/christianpure.com\/wp-content\/uploads\/2024\/08\/1722941833_abortion-pill.jpg?fit=1024%2C656&quality=80&ssl=1&resize=700%2C400 2x"},"classes":[]}],"jetpack_sharing_enabled":true,"mfb_rest_fields":["title","jetpack_publicize_connections","jetpack_featured_media_url","jetpack-related-posts","jetpack_sharing_enabled"],"_links":{"self":[{"href":"https:\/\/christianpure.com\/pt\/wp-json\/wp\/v2\/posts\/75700","targetHints":{"allow":["GET"]}}],"collection":[{"href":"https:\/\/christianpure.com\/pt\/wp-json\/wp\/v2\/posts"}],"about":[{"href":"https:\/\/christianpure.com\/pt\/wp-json\/wp\/v2\/types\/post"}],"author":[{"embeddable":true,"href":"https:\/\/christianpure.com\/pt\/wp-json\/wp\/v2\/users\/11"}],"replies":[{"embeddable":true,"href":"https:\/\/christianpure.com\/pt\/wp-json\/wp\/v2\/comments?post=75700"}],"version-history":[{"count":0,"href":"https:\/\/christianpure.com\/pt\/wp-json\/wp\/v2\/posts\/75700\/revisions"}],"wp:featuredmedia":[{"embeddable":true,"href":"https:\/\/christianpure.com\/pt\/wp-json\/wp\/v2\/media\/76392"}],"wp:attachment":[{"href":"https:\/\/christianpure.com\/pt\/wp-json\/wp\/v2\/media?parent=75700"}],"wp:term":[{"taxonomy":"category","embeddable":true,"href":"https:\/\/christianpure.com\/pt\/wp-json\/wp\/v2\/categories?post=75700"},{"taxonomy":"post_tag","embeddable":true,"href":"https:\/\/christianpure.com\/pt\/wp-json\/wp\/v2\/tags?post=75700"},{"taxonomy":"series","embeddable":true,"href":"https:\/\/christianpure.com\/pt\/wp-json\/wp\/v2\/series?post=75700"}],"curies":[{"name":"wp","href":"https:\/\/api.w.org\/{rel}","templated":true}]}}