{"id":78102,"date":"2026-03-24T18:26:09","date_gmt":"2026-03-24T18:26:09","guid":{"rendered":"https:\/\/christianpure.com\/?p=78102"},"modified":"2026-03-24T18:26:09","modified_gmt":"2026-03-24T18:26:09","slug":"pope-leo-xiv-prays-for-madagascar-after-twin-cyclones","status":"publish","type":"post","link":"https:\/\/christianpure.com\/pt\/learn\/pope-leo-xiv-prays-for-madagascar-after-twin-cyclones\/","title":{"rendered":"Papa Le\u00e3o XIV reza por Madag\u00e1scar ap\u00f3s ciclones g\u00e9meos"},"content":{"rendered":"<p>O Papa Le\u00e3o XIV expressou no domingo a sua proximidade ao povo de Madag\u00e1scar depois de dois ciclones terem causado inunda\u00e7\u00f5es e deslizamentos de terra.<\/p>\n<p>\u201cRezo pelas v\u00edtimas, pelas suas fam\u00edlias e por todos os que sofreram danos graves\u201d, disse o Papa ap\u00f3s a ora\u00e7\u00e3o do Angelus na Pra\u00e7a de S\u00e3o Pedro, a 15 de fevereiro.<\/p>\n<p>Olhando para as pr\u00f3ximas celebra\u00e7\u00f5es do Ano Novo Lunar no Leste Asi\u00e1tico, Le\u00e3o disse: \u201cQue esta celebra\u00e7\u00e3o alegre fortale\u00e7a os la\u00e7os familiares e as amizades, traga paz aos lares e \u00e0 sociedade, e proporcione uma oportunidade para olhar juntos para o futuro e construir a paz e a prosperidade para todos.\u201d<\/p>\n<p>Na sua <a href=\"https:\/\/www.vatican.va\/content\/leo-xiv\/en\/angelus\/2026\/documents\/20260215-angelus.html\">reflex\u00e3o<\/a> antes da ora\u00e7\u00e3o mariana, o Papa concentrou-se no Evangelho do dia, do Serm\u00e3o da Montanha (Mt 5, 17-37), dizendo que Jesus \u201crevela o verdadeiro significado dos preceitos da Lei de Mois\u00e9s\u201d.<\/p>\n<p>\u201cN\u00e3o se destinam a satisfazer uma necessidade religiosa externa de nos sentirmos \u2018justos\u2019 perante Deus, mas a levar-nos a uma rela\u00e7\u00e3o de amor com Deus e com os nossos irm\u00e3os e irm\u00e3s\u201d, disse ele, acrescentando: \u201cA Lei cumpre-se precisamente pelo amor, que leva a cabo o seu significado profundo e o seu prop\u00f3sito \u00faltimo.\u201d<\/p>\n<p>Le\u00e3o enfatizou que \u201ca verdadeira justi\u00e7a consiste no amor\u201d e alertou contra a redu\u00e7\u00e3o da f\u00e9 ao m\u00ednimo indispens\u00e1vel: \u201cO Evangelho oferece-nos este ensinamento valioso: a justi\u00e7a m\u00ednima n\u00e3o \u00e9 suficiente; \u00e9 necess\u00e1rio um grande amor.\u201d<\/p>\n<p><em>Esta hist\u00f3ria <a href=\"https:\/\/www.acistampa.com\/story\/33815\/papa-leone-xiv-non-serve-una-giustizia-minima-serve-un-amore-grande\">foi publicada pela primeira vez<\/a> pela ACI Stampa, o servi\u00e7o irm\u00e3o em l\u00edngua italiana da EWTN News. Foi traduzida e adaptada pela EWTN News English.<\/em><\/p>\n<p> <a href=\"https:\/\/www.ewtnnews.com\/vatican\/pope-leo-xiv-prays-for-madagascar-after-twin-cyclones\" rel=\"nofollow\">https:\/\/www.ewtnnews.com\/vatican\/pope-leo-xiv-prays-for-madagascar-after-twin-cyclones<\/a><\/p>","protected":false},"excerpt":{"rendered":"<p>Pope Leo XIV on Sunday expressed his closeness to the people of Madagascar after two cyclones caused flooding and landslides. \u201cI pray for the victims, their families, and for all who have suffered serious damage,\u201d the pope said after praying the Angelus in St. Peter\u2019s Square on Feb. 15. Looking ahead to upcoming Lunar New [\u2026]<\/p>","protected":false},"author":11,"featured_media":0,"comment_status":"open","ping_status":"closed","sticky":false,"template":"","format":"standard","meta":{"_acf_changed":false,"_jetpack_memberships_contains_paid_content":false,"footnotes":"","jetpack_publicize_message":"","jetpack_publicize_feature_enabled":true,"jetpack_social_post_already_shared":true,"jetpack_social_options":{"image_generator_settings":{"template":"highway","default_image_id":0,"font":"","enabled":false},"version":2},"_wpas_customize_per_network":false},"categories":[100],"tags":[],"series":[],"class_list":["post-78102","post","type-post","status-publish","format-standard","hentry","category-christian-news"],"mb":[],"acf":[],"jetpack_publicize_connections":[],"jetpack_featured_media_url":"","jetpack-related-posts":[{"id":55168,"url":"https:\/\/christianpure.com\/pt\/learn\/pope-leo-xiv-prays-for-victims-families-of-texas-flood-disaster\/","url_meta":{"origin":78102,"position":0},"title":"Pope Leo XIV prays for victims, families of Texas flood disaster","author":"Christian Pure Team","date":"Setembro 2, 2025","format":false,"excerpt":"Pope Leo XIV, speaking in English, expressed his \u201csincere condolences\u201d to \u201cfamilies who have lost loved ones, in particular their daughters, who were at the summer camp, in the disaster caused by flooding of the Guadalupe river in Texas in the United States\u201d after praying the Angelus with pilgrims gathered\u2026","rel":"","context":"In &quot;Christian News&quot;","block_context":{"text":"Christian News","link":"https:\/\/christianpure.com\/pt\/learn\/category\/christian-news\/"},"img":{"alt_text":"Pope Leo XIV prays for victims, families of Texas flood disaster","src":"https:\/\/i0.wp.com\/christianpure.com\/wp-content\/uploads\/2025\/09\/Pope-Leo-XIV-prays-for-victims-families-of-Texas-flood-disaster.webp?fit=800%2C533&quality=75&ssl=1&resize=350%2C200","width":350,"height":200,"srcset":"https:\/\/i0.wp.com\/christianpure.com\/wp-content\/uploads\/2025\/09\/Pope-Leo-XIV-prays-for-victims-families-of-Texas-flood-disaster.webp?fit=800%2C533&quality=75&ssl=1&resize=350%2C200 1x, https:\/\/i0.wp.com\/christianpure.com\/wp-content\/uploads\/2025\/09\/Pope-Leo-XIV-prays-for-victims-families-of-Texas-flood-disaster.webp?fit=800%2C533&quality=75&ssl=1&resize=525%2C300 1.5x, https:\/\/i0.wp.com\/christianpure.com\/wp-content\/uploads\/2025\/09\/Pope-Leo-XIV-prays-for-victims-families-of-Texas-flood-disaster.webp?fit=800%2C533&quality=75&ssl=1&resize=700%2C400 2x"},"classes":[]},{"id":60740,"url":"https:\/\/christianpure.com\/pt\/learn\/pope-leo-xiv-bear-christs-fire-of-love-to-spread-peace-throughout-the-world\/","url_meta":{"origin":78102,"position":1},"title":"Pope Leo XIV: Bear Christ\u2019s \u2018fire of love\u2019 to spread peace throughout the world","author":"Christian Pure Team","date":"Agosto 26, 2025","format":false,"excerpt":"Pope Leo XIV preaches at the historic Rotonda church in Albano, Aug. 17, 2025. \/ Vatican media screenshot Rome Newsroom, Aug 17, 2025 \/ 07:16 am (CNA). Pope Leo XIV celebrated Sunday Mass at the Shrine of Santa Maria della Rotonda together with the poor and Caritas workers, saying Christ\u2019s\u2026","rel":"","context":"In &quot;Christian News&quot;","block_context":{"text":"Christian News","link":"https:\/\/christianpure.com\/pt\/learn\/category\/christian-news\/"},"img":{"alt_text":"Pope Leo XIV: Bear Christ\u2019s \u2018fire of love\u2019 to spread peace throughout the world","src":"https:\/\/i0.wp.com\/christianpure.com\/wp-content\/uploads\/2025\/08\/Pope-Leo-XIV-Bear-Christs-%E2%80%98fire-of-love-to-spread-peace-throughout-the-world.webp?fit=800%2C523&quality=75&ssl=1&resize=350%2C200","width":350,"height":200,"srcset":"https:\/\/i0.wp.com\/christianpure.com\/wp-content\/uploads\/2025\/08\/Pope-Leo-XIV-Bear-Christs-%E2%80%98fire-of-love-to-spread-peace-throughout-the-world.webp?fit=800%2C523&quality=75&ssl=1&resize=350%2C200 1x, https:\/\/i0.wp.com\/christianpure.com\/wp-content\/uploads\/2025\/08\/Pope-Leo-XIV-Bear-Christs-%E2%80%98fire-of-love-to-spread-peace-throughout-the-world.webp?fit=800%2C523&quality=75&ssl=1&resize=525%2C300 1.5x, https:\/\/i0.wp.com\/christianpure.com\/wp-content\/uploads\/2025\/08\/Pope-Leo-XIV-Bear-Christs-%E2%80%98fire-of-love-to-spread-peace-throughout-the-world.webp?fit=800%2C523&quality=75&ssl=1&resize=700%2C400 2x"},"classes":[]},{"id":57670,"url":"https:\/\/christianpure.com\/pt\/learn\/pope-leo-xiv-prays-by-name-for-gaza-parish-strike-victims-renews-plea-for-ceasefire\/","url_meta":{"origin":78102,"position":2},"title":"Pope Leo XIV prays by name for Gaza parish strike victims, renews plea for ceasefire","author":"Christian Pure Team","date":"Agosto 9, 2025","format":false,"excerpt":"Pope Leo XIV delivers the Angelus address on July 13, 2025 from Liberty Square in Castel Gandolfo, Italy, where he is spending a two-week summer break. \/ Vatican Media Rome Newsroom, Jul 20, 2025 \/ 08:46 am (CNA). Pope Leo XIV on Sunday prayed by name for the victims of\u2026","rel":"","context":"In &quot;Christian News&quot;","block_context":{"text":"Christian News","link":"https:\/\/christianpure.com\/pt\/learn\/category\/christian-news\/"},"img":{"alt_text":"Pope Leo XIV prays by name for Gaza parish strike victims, renews plea for ceasefire","src":"https:\/\/i0.wp.com\/christianpure.com\/wp-content\/uploads\/2025\/08\/Pope-Leo-XIV-prays-by-name-for-Gaza-parish-strike-victims-renews-plea-for-ceasefire.webp?fit=800%2C533&quality=75&ssl=1&resize=350%2C200","width":350,"height":200,"srcset":"https:\/\/i0.wp.com\/christianpure.com\/wp-content\/uploads\/2025\/08\/Pope-Leo-XIV-prays-by-name-for-Gaza-parish-strike-victims-renews-plea-for-ceasefire.webp?fit=800%2C533&quality=75&ssl=1&resize=350%2C200 1x, https:\/\/i0.wp.com\/christianpure.com\/wp-content\/uploads\/2025\/08\/Pope-Leo-XIV-prays-by-name-for-Gaza-parish-strike-victims-renews-plea-for-ceasefire.webp?fit=800%2C533&quality=75&ssl=1&resize=525%2C300 1.5x, https:\/\/i0.wp.com\/christianpure.com\/wp-content\/uploads\/2025\/08\/Pope-Leo-XIV-prays-by-name-for-Gaza-parish-strike-victims-renews-plea-for-ceasefire.webp?fit=800%2C533&quality=75&ssl=1&resize=700%2C400 2x"},"classes":[]},{"id":59232,"url":"https:\/\/christianpure.com\/pt\/learn\/pope-leo-xiv-prays-for-egyptian-jubilee-of-youth-pilgrim-who-died-in-rome\/","url_meta":{"origin":78102,"position":3},"title":"Pope Leo XIV prays for Egyptian Jubilee of Youth pilgrim who died in Rome","author":"Christian Pure Team","date":"Agosto 31, 2025","format":false,"excerpt":"Pope Leo XIV addresses the crowd following his unexpected ride around St. Peter\u2019s Square at the Vatican following the Jubilee of Youth welcome Mass \u2014 which was celebrated by Archbishop Rino Fisichella (right) \u2014 on July 29, 2025. \/ Credit: Daniel Iba\u00f1ez\/CNA Vatican City, Aug 2, 2025 \/ 10:00 am\u2026","rel":"","context":"In &quot;Christian News&quot;","block_context":{"text":"Christian News","link":"https:\/\/christianpure.com\/pt\/learn\/category\/christian-news\/"},"img":{"alt_text":"Pope Leo XIV prays for Egyptian Jubilee of Youth pilgrim who died in Rome","src":"https:\/\/i0.wp.com\/christianpure.com\/wp-content\/uploads\/2025\/08\/Pope-Leo-XIV-prays-for-Egyptian-Jubilee-of-Youth-pilgrim-who-died-in-Rome.webp?fit=800%2C533&quality=75&ssl=1&resize=350%2C200","width":350,"height":200,"srcset":"https:\/\/i0.wp.com\/christianpure.com\/wp-content\/uploads\/2025\/08\/Pope-Leo-XIV-prays-for-Egyptian-Jubilee-of-Youth-pilgrim-who-died-in-Rome.webp?fit=800%2C533&quality=75&ssl=1&resize=350%2C200 1x, https:\/\/i0.wp.com\/christianpure.com\/wp-content\/uploads\/2025\/08\/Pope-Leo-XIV-prays-for-Egyptian-Jubilee-of-Youth-pilgrim-who-died-in-Rome.webp?fit=800%2C533&quality=75&ssl=1&resize=525%2C300 1.5x, https:\/\/i0.wp.com\/christianpure.com\/wp-content\/uploads\/2025\/08\/Pope-Leo-XIV-prays-for-Egyptian-Jubilee-of-Youth-pilgrim-who-died-in-Rome.webp?fit=800%2C533&quality=75&ssl=1&resize=700%2C400 2x"},"classes":[]},{"id":65193,"url":"https:\/\/christianpure.com\/pt\/learn\/this-is-pope-leo-xivs-prayer-intention-for-the-month-of-october\/","url_meta":{"origin":78102,"position":4},"title":"This is Pope Leo XIV\u2019s prayer intention for the month of October","author":"Christian Pure Team","date":"Outubro 1, 2025","format":false,"excerpt":"Pope Leo XIV prays during his general audience on Sept. 24, 2025, in St. Peter\u2019s Square at the Vatican. \/ Credit: Vatican Media CNA Staff, Oct 1, 2025 \/ 04:00 am (CNA). Pope Leo XIV\u2019s prayer intention for the month of October is for collaboration between different religious traditions.In a\u2026","rel":"","context":"In &quot;Christian News&quot;","block_context":{"text":"Christian News","link":"https:\/\/christianpure.com\/pt\/learn\/category\/christian-news\/"},"img":{"alt_text":"","src":"https:\/\/i0.wp.com\/christianpure.com\/wp-content\/uploads\/2025\/10\/CNA_LOGOredblk-7.png?fit=1200%2C335&quality=69&ssl=1&resize=350%2C200","width":350,"height":200,"srcset":"https:\/\/i0.wp.com\/christianpure.com\/wp-content\/uploads\/2025\/10\/CNA_LOGOredblk-7.png?fit=1200%2C335&quality=69&ssl=1&resize=350%2C200 1x, https:\/\/i0.wp.com\/christianpure.com\/wp-content\/uploads\/2025\/10\/CNA_LOGOredblk-7.png?fit=1200%2C335&quality=69&ssl=1&resize=525%2C300 1.5x, https:\/\/i0.wp.com\/christianpure.com\/wp-content\/uploads\/2025\/10\/CNA_LOGOredblk-7.png?fit=1200%2C335&quality=69&ssl=1&resize=700%2C400 2x, https:\/\/i0.wp.com\/christianpure.com\/wp-content\/uploads\/2025\/10\/CNA_LOGOredblk-7.png?fit=1200%2C335&quality=69&ssl=1&resize=1050%2C600 3x"},"classes":[]},{"id":77421,"url":"https:\/\/christianpure.com\/pt\/learn\/pope-leo-xiv-prays-for-victims-of-attacks-in-nigeria\/","url_meta":{"origin":78102,"position":5},"title":"Pope Leo XIV prays for victims of attacks in Nigeria","author":"Christian Pure Team","date":"Abril 7, 2026","format":false,"excerpt":"Pope Leo XIV expressed sorrow and prayerful closeness for victims of recent violent attacks in Nigeria on Sunday, calling on authorities to ensure the protection of every citizen.Speaking after the Angelus prayer in St. Peter\u2019s Square on Feb. 8, the pope said: \u201cIt is with sorrow and concern that I\u2026","rel":"","context":"In &quot;Christian News&quot;","block_context":{"text":"Christian News","link":"https:\/\/christianpure.com\/pt\/learn\/category\/christian-news\/"},"img":{"alt_text":"","src":"","width":0,"height":0},"classes":[]}],"jetpack_sharing_enabled":true,"mfb_rest_fields":["title","jetpack_publicize_connections","jetpack_featured_media_url","jetpack-related-posts","jetpack_sharing_enabled"],"_links":{"self":[{"href":"https:\/\/christianpure.com\/pt\/wp-json\/wp\/v2\/posts\/78102","targetHints":{"allow":["GET"]}}],"collection":[{"href":"https:\/\/christianpure.com\/pt\/wp-json\/wp\/v2\/posts"}],"about":[{"href":"https:\/\/christianpure.com\/pt\/wp-json\/wp\/v2\/types\/post"}],"author":[{"embeddable":true,"href":"https:\/\/christianpure.com\/pt\/wp-json\/wp\/v2\/users\/11"}],"replies":[{"embeddable":true,"href":"https:\/\/christianpure.com\/pt\/wp-json\/wp\/v2\/comments?post=78102"}],"version-history":[{"count":0,"href":"https:\/\/christianpure.com\/pt\/wp-json\/wp\/v2\/posts\/78102\/revisions"}],"wp:attachment":[{"href":"https:\/\/christianpure.com\/pt\/wp-json\/wp\/v2\/media?parent=78102"}],"wp:term":[{"taxonomy":"category","embeddable":true,"href":"https:\/\/christianpure.com\/pt\/wp-json\/wp\/v2\/categories?post=78102"},{"taxonomy":"post_tag","embeddable":true,"href":"https:\/\/christianpure.com\/pt\/wp-json\/wp\/v2\/tags?post=78102"},{"taxonomy":"series","embeddable":true,"href":"https:\/\/christianpure.com\/pt\/wp-json\/wp\/v2\/series?post=78102"}],"curies":[{"name":"wp","href":"https:\/\/api.w.org\/{rel}","templated":true}]}}