{"id":79394,"date":"2026-03-17T00:05:09","date_gmt":"2026-03-17T00:05:09","guid":{"rendered":"https:\/\/christianpure.com\/?p=79394"},"modified":"2026-03-17T00:05:09","modified_gmt":"2026-03-17T00:05:09","slug":"pope-leo-xiv-urges-diplomacy-amid-iran-tensions","status":"publish","type":"post","link":"https:\/\/christianpure.com\/pt\/learn\/pope-leo-xiv-urges-diplomacy-amid-iran-tensions\/","title":{"rendered":"Papa Le\u00e3o XIV apela \u00e0 diplomacia em meio \u00e0s tens\u00f5es no Ir\u00e3o"},"content":{"rendered":"<p>Papa Le\u00e3o XIV <a href=\"https:\/\/www.vatican.va\/content\/leo-xiv\/en\/angelus\/2026\/documents\/20260301-angelus.html\">expressou<\/a> preocupa\u00e7\u00e3o no domingo sobre os desenvolvimentos no M\u00e9dio Oriente e no Ir\u00e3o, exortando as partes envolvidas a parar o que chamou de \u201cespiral de viol\u00eancia\u201d antes que se torne um \u201cabismo intranspon\u00edvel\u201d.<\/p>\n<p>\u201cA estabilidade e a paz n\u00e3o se alcan\u00e7am atrav\u00e9s de amea\u00e7as m\u00fatuas, nem atrav\u00e9s do uso de armas, que semeiam destrui\u00e7\u00e3o, sofrimento e morte, mas apenas atrav\u00e9s de um di\u00e1logo razo\u00e1vel, sincero e respons\u00e1vel\u201d, disse o papa a 1 de mar\u00e7o. Apelou para que a diplomacia \u201crecupere o seu papel adequado\u201d e para que o \u201cbem-estar dos povos, que anseiam por uma exist\u00eancia pac\u00edfica fundada na justi\u00e7a\u201d, seja defendido.<\/p>\n<p>O pont\u00edfice acrescentou: \u201cE continuemos a rezar pela paz.\u201d<\/p>\n<p>Le\u00e3o tamb\u00e9m apelou \u00e0 paz no conflito entre o Paquist\u00e3o e o Afeganist\u00e3o, pedindo um regresso urgente ao di\u00e1logo. Pediu aos cat\u00f3licos que rezassem para que a conc\u00f3rdia prevale\u00e7a nos conflitos em todo o mundo, dizendo: \u201cApenas a paz, um dom de Deus, pode curar as feridas entre os povos.\u201d<\/p>\n<p>O papa disse tamb\u00e9m estar pr\u00f3ximo do povo do estado brasileiro de Minas Gerais ap\u00f3s as graves inunda\u00e7\u00f5es, oferecendo ora\u00e7\u00f5es pelas v\u00edtimas, pelas fam\u00edlias que perderam as suas casas e por aqueles envolvidos nas opera\u00e7\u00f5es de resgate.<\/p>\n<p>Mais cedo, antes de recitar o Angelus, o papa refletiu sobre o relato do Evangelho de domingo sobre a Transfigura\u00e7\u00e3o, descrevendo Cristo como a sabedoria viva que cumpre a lei e os profetas. Disse que a Transfigura\u00e7\u00e3o prefigura a luz da P\u00e1scoa \u2014 um evento de morte e ressurrei\u00e7\u00e3o, de escurid\u00e3o e nova luz que Cristo irradia sobre todos os corpos flagelados pela viol\u00eancia, crucificados pela dor ou abandonados na mis\u00e9ria.<\/p>\n<p>O Papa Le\u00e3o disse que o Senhor \u201ctransfigura as feridas da hist\u00f3ria\u201d, iluminando mentes e cora\u00e7\u00f5es com uma revela\u00e7\u00e3o surpreendente de salva\u00e7\u00e3o. Acrescentou que compreender este mist\u00e9rio requer tempo: tempo de sil\u00eancio para ouvir a Palavra e tempo de convers\u00e3o para saborear a companhia do Senhor.<\/p>\n<p><em>Esta hist\u00f3ria <a href=\"https:\/\/www.acistampa.com\/story\/34035\/papa-leone-xiv-solo-la-pace-dono-di-dio-puo-sanare-le-ferite-tra-i-popoli\">foi publicada pela primeira vez<\/a> por ACI Stampa, o servi\u00e7o irm\u00e3o em l\u00edngua italiana da EWTN News, e foi traduzido e adaptado pela EWTN News English.<\/em><\/p>\n<p> <a href=\"https:\/\/www.ewtnnews.com\/vatican\/pope-speaks-out-about-strikes-on-iran\" rel=\"nofollow\">https:\/\/www.ewtnnews.com\/vatican\/pope-speaks-out-about-strikes-on-iran<\/a><\/p>","protected":false},"excerpt":{"rendered":"<p>Pope Leo XIV voiced concern on Sunday about developments in the Middle East and Iran, urging the parties involved to stop what he called a \u201cspiral of violence\u201d before it becomes an \u201cunbridgeable chasm.\u201d \u201cStability and peace are not achieved through mutual threats, nor through the use of weapons, which sow destruction, suffering, and death, [\u2026]<\/p>","protected":false},"author":11,"featured_media":0,"comment_status":"open","ping_status":"closed","sticky":false,"template":"","format":"standard","meta":{"_acf_changed":false,"_jetpack_memberships_contains_paid_content":false,"footnotes":"","jetpack_publicize_message":"","jetpack_publicize_feature_enabled":true,"jetpack_social_post_already_shared":true,"jetpack_social_options":{"image_generator_settings":{"template":"highway","default_image_id":0,"font":"","enabled":false},"version":2},"_wpas_customize_per_network":false},"categories":[100],"tags":[],"series":[],"class_list":["post-79394","post","type-post","status-publish","format-standard","hentry","category-christian-news"],"mb":[],"acf":[],"jetpack_publicize_connections":[],"jetpack_featured_media_url":"","jetpack-related-posts":[],"jetpack_sharing_enabled":true,"mfb_rest_fields":["title","jetpack_publicize_connections","jetpack_featured_media_url","jetpack-related-posts","jetpack_sharing_enabled"],"_links":{"self":[{"href":"https:\/\/christianpure.com\/pt\/wp-json\/wp\/v2\/posts\/79394","targetHints":{"allow":["GET"]}}],"collection":[{"href":"https:\/\/christianpure.com\/pt\/wp-json\/wp\/v2\/posts"}],"about":[{"href":"https:\/\/christianpure.com\/pt\/wp-json\/wp\/v2\/types\/post"}],"author":[{"embeddable":true,"href":"https:\/\/christianpure.com\/pt\/wp-json\/wp\/v2\/users\/11"}],"replies":[{"embeddable":true,"href":"https:\/\/christianpure.com\/pt\/wp-json\/wp\/v2\/comments?post=79394"}],"version-history":[{"count":0,"href":"https:\/\/christianpure.com\/pt\/wp-json\/wp\/v2\/posts\/79394\/revisions"}],"wp:attachment":[{"href":"https:\/\/christianpure.com\/pt\/wp-json\/wp\/v2\/media?parent=79394"}],"wp:term":[{"taxonomy":"category","embeddable":true,"href":"https:\/\/christianpure.com\/pt\/wp-json\/wp\/v2\/categories?post=79394"},{"taxonomy":"post_tag","embeddable":true,"href":"https:\/\/christianpure.com\/pt\/wp-json\/wp\/v2\/tags?post=79394"},{"taxonomy":"series","embeddable":true,"href":"https:\/\/christianpure.com\/pt\/wp-json\/wp\/v2\/series?post=79394"}],"curies":[{"name":"wp","href":"https:\/\/api.w.org\/{rel}","templated":true}]}}