{"id":9908,"date":"2024-09-15T15:42:01","date_gmt":"2024-09-15T15:42:01","guid":{"rendered":"https:\/\/christianpure.com\/learn\/body-of-armenian-patriarch-on-path-to-possible-sainthood-returns-to-lebanon\/"},"modified":"2024-09-15T15:42:01","modified_gmt":"2024-09-15T15:42:01","slug":"body-of-armenian-patriarch-on-path-to-possible-sainthood-returns-to-lebanon","status":"publish","type":"post","link":"https:\/\/christianpure.com\/pt\/learn\/body-of-armenian-patriarch-on-path-to-possible-sainthood-returns-to-lebanon\/","title":{"rendered":"Corpo de patriarca arm\u00e9nio a caminho da poss\u00edvel santidade regressa ao L\u00edbano"},"content":{"rendered":"<div class=\"cppw-protected cppw-protected--overlay\"><div class=\"cppw-excerpt cppw-excerpt--overlay\"><p>[ad_1] A large crowd gathered for the ceremony welcoming Patriarch Gregory Peter XV Agagianian&#039;s remains to Beirut&#039;s Martyrs&#039; Square on Thursday, Sept 12, 2024. \/ Credit: Romy Haber\/ACI Mena ACI MENA, Sep 15, 2024 \/ 07:00 am (CNA). On Thursday, Sept. 12, the Armenian Catholic Patriarchate held a grand ceremony in Beirut\u2019s Martyrs\u2019 Square to welcome the remains of cardinal and patriarch Gregory Peter XV Agagianian from Rome. His body will be laid to rest in the Armenian Catholic Cathedral\u2026<\/p>\n<\/div>\t\t<div class=\"cppw-paywall paywp-paywall\" data-required-level=\"25\">\n\t\t\t<span class=\"cppw-lock-mark\" aria-hidden=\"true\"><\/span>\n\t\t\t<h2>Continue reading with a subscription<\/h2>\n\t\t\t<p>Get unlimited access to all our premium content and exclusive features.<\/p>\n\t\t\t\t\t\t\t\t\t<div class=\"cppw-paywall__actions\">\n\t\t\t\t<a class=\"cppw-button\" href=\"https:\/\/christianpure.com\/pt\/become-a-member\/\">Subscribe Now<\/a>\n\t\t\t\t<a class=\"cppw-login-link\" href=\"https:\/\/christianpure.com\/pt\/login\/\">Already a subscriber? Sign in<\/a>\n\t\t\t<\/div>\n\t\t\t<p class=\"cppw-paywall__microcopy\">Enjoy unlimited access, cancel anytime.<\/p>\n\t\t<\/div>\n\t\t<\/div>","protected":false},"excerpt":{"rendered":"<p>[ad_1] A large crowd gathered for the ceremony welcoming Patriarch Gregory Peter XV Agagianian&#039;s remains to Beirut&#039;s Martyrs&#039; Square on Thursday, Sept 12, 2024. \/ Credit: Romy Haber\/ACI Mena ACI MENA, Sep 15, 2024 \/ 07:00 am (CNA). On Thursday, Sept. 12, the Armenian Catholic Patriarchate held a grand ceremony in Beirut\u2019s Martyrs\u2019 Square to welcome the remains of cardinal and patriarch Gregory Peter XV Agagianian from Rome. His body will be laid to rest in the Armenian Catholic Cathedral\u2026<\/p>\n","protected":false},"author":1,"featured_media":9909,"comment_status":"open","ping_status":"closed","sticky":false,"template":"","format":"standard","meta":[],"categories":[100],"tags":[],"series":[],"class_list":["post-9908","post","type-post","status-publish","format-standard","has-post-thumbnail","hentry","category-christian-news"],"mb":[],"acf":[],"jetpack_publicize_connections":[],"jetpack-related-posts":[{"id":11314,"url":"https:\/\/christianpure.com\/pt\/learn\/who-are-the-christians-in-lebanon\/","url_meta":{"origin":9908,"position":0},"title":"Who are the Christians in Lebanon?","author":"Christian Pure Team","date":"Outubro 9, 2024","format":false,"excerpt":"[ad_1] St. Elie and St. Gregory the Illuminator Armenian Catholic Cathedral in Beirut. \/ Credit: Jari Kurittu, CC BY 2.0 via Wikimedia Commons CNA Staff, Oct 8, 2024 \/ 09:00 am (CNA). The Middle East edged closer to large-scale crisis this week as Iran launched a volley of missile attacks on Israel and Israel continued its bombardment of southern Lebanon.&nbsp;For a Middle Eastern nation, Lebanon has a large and influential Christian population. The latest figures show that Lebanon remains about\u2026","rel":"","context":"In &quot;Christian News&quot;","block_context":{"text":"Christian News","link":"https:\/\/christianpure.com\/pt\/learn\/category\/christian-news\/"},"img":{"alt_text":"","src":"https:\/\/i0.wp.com\/christianpure.com\/wp-content\/uploads\/2024\/10\/1728434391_st-elie-st-gregory-armenian-catholic-cathedral.jpeg?fit=1200%2C800&ssl=1&resize=350%2C200","width":350,"height":200,"srcset":"https:\/\/i0.wp.com\/christianpure.com\/wp-content\/uploads\/2024\/10\/1728434391_st-elie-st-gregory-armenian-catholic-cathedral.jpeg?fit=1200%2C800&ssl=1&resize=350%2C200 1x, https:\/\/i0.wp.com\/christianpure.com\/wp-content\/uploads\/2024\/10\/1728434391_st-elie-st-gregory-armenian-catholic-cathedral.jpeg?fit=1200%2C800&ssl=1&resize=525%2C300 1.5x, https:\/\/i0.wp.com\/christianpure.com\/wp-content\/uploads\/2024\/10\/1728434391_st-elie-st-gregory-armenian-catholic-cathedral.jpeg?fit=1200%2C800&ssl=1&resize=700%2C400 2x, https:\/\/i0.wp.com\/christianpure.com\/wp-content\/uploads\/2024\/10\/1728434391_st-elie-st-gregory-armenian-catholic-cathedral.jpeg?fit=1200%2C800&ssl=1&resize=1050%2C600 3x"},"classes":[]},{"id":52573,"url":"https:\/\/christianpure.com\/pt\/learn\/church-leaders-react-to-deadly-attack-on-mar-elias-church-in-damascus\/","url_meta":{"origin":9908,"position":1},"title":"Church leaders react to deadly attack on Mar Elias church in Damascus","author":"Christian Pure Team","date":"Julho 23, 2025","format":false,"excerpt":"An attack on Mar Elias Church in Al-Duwaileh, Damascus, by a suicide bomber reportedly killed 22 and injured 59 people on June 22, 2025. \/ Credit: Mohammed Al-Rifai\/ACI MENA ACI MENA, Jun 23, 2025 \/ 12:06 pm (CNA). The death toll from the attack on Mar Elias Greek Orthodox Church in the Douailah district of Damascus has risen to 22, with 59 others injured, according to Syria\u2019s Ministry of Health. The attack took place during a Sunday evening Divine Liturgy\u2026","rel":"","context":"In &quot;Christian News&quot;","block_context":{"text":"Christian News","link":"https:\/\/christianpure.com\/pt\/learn\/category\/christian-news\/"},"img":{"alt_text":"Church leaders react to deadly attack on Mar Elias church in Damascus","src":"https:\/\/i0.wp.com\/christianpure.com\/wp-content\/uploads\/2025\/07\/Church-leaders-react-to-deadly-attack-on-Mar-Elias-church-in-Damascus.webp?fit=800%2C533&ssl=1&resize=350%2C200","width":350,"height":200,"srcset":"https:\/\/i0.wp.com\/christianpure.com\/wp-content\/uploads\/2025\/07\/Church-leaders-react-to-deadly-attack-on-Mar-Elias-church-in-Damascus.webp?fit=800%2C533&ssl=1&resize=350%2C200 1x, https:\/\/i0.wp.com\/christianpure.com\/wp-content\/uploads\/2025\/07\/Church-leaders-react-to-deadly-attack-on-Mar-Elias-church-in-Damascus.webp?fit=800%2C533&ssl=1&resize=525%2C300 1.5x, https:\/\/i0.wp.com\/christianpure.com\/wp-content\/uploads\/2025\/07\/Church-leaders-react-to-deadly-attack-on-Mar-Elias-church-in-Damascus.webp?fit=800%2C533&ssl=1&resize=700%2C400 2x"},"classes":[]},{"id":8101,"url":"https:\/\/christianpure.com\/pt\/learn\/maronite-church-in-lebanon-celebrates-beatification-of-17th-century-scholar-and-patriarch\/","url_meta":{"origin":9908,"position":2},"title":"Maronite Church in Lebanon celebrates beatification of 17th-century scholar and patriarch","author":"Christian Pure Team","date":"Agosto 6, 2024","format":false,"excerpt":"[ad_1] An estimated 7,000 people gathered to celebrate the beatification of Patriarch Estephan Douaihy on Aug. 2, 2024, in Bkerk\u00c3\u00a9, Lebanon. \/ Credit: Marwan Semaan\/ACI MENA ACI MENA, Aug 5, 2024 \/ 14:28 pm (CNA). In a ceremony that blended centuries-old tradition with new hope, the Maronite Catholic Church celebrated the beatification of Patriarch Estephan Douaihy on Friday, Aug. 2, in Bkerk\u00c3\u00a9, Lebanon.&nbsp;An estimated 7,000 people gathered at an outdoor venue to mark the significant step toward sainthood for a\u2026","rel":"","context":"In &quot;Christian News&quot;","block_context":{"text":"Christian News","link":"https:\/\/christianpure.com\/pt\/learn\/category\/christian-news\/"},"img":{"alt_text":"","src":"https:\/\/i0.wp.com\/christianpure.com\/wp-content\/uploads\/2024\/08\/1722959905_hall1444.jpg?fit=1200%2C800&ssl=1&resize=350%2C200","width":350,"height":200,"srcset":"https:\/\/i0.wp.com\/christianpure.com\/wp-content\/uploads\/2024\/08\/1722959905_hall1444.jpg?fit=1200%2C800&ssl=1&resize=350%2C200 1x, https:\/\/i0.wp.com\/christianpure.com\/wp-content\/uploads\/2024\/08\/1722959905_hall1444.jpg?fit=1200%2C800&ssl=1&resize=525%2C300 1.5x, https:\/\/i0.wp.com\/christianpure.com\/wp-content\/uploads\/2024\/08\/1722959905_hall1444.jpg?fit=1200%2C800&ssl=1&resize=700%2C400 2x, https:\/\/i0.wp.com\/christianpure.com\/wp-content\/uploads\/2024\/08\/1722959905_hall1444.jpg?fit=1200%2C800&ssl=1&resize=1050%2C600 3x"},"classes":[]},{"id":52809,"url":"https:\/\/christianpure.com\/pt\/learn\/solemn-farewell-for-victims-of-damascus-church-bombing-amid-anger-at-government-silence\/","url_meta":{"origin":9908,"position":3},"title":"Solemn farewell for victims of Damascus church bombing amid anger at government silence","author":"Christian Pure Team","date":"Novembro 4, 2025","format":false,"excerpt":"Mourners gather at the Church of the Holy Cross in Qassaa, Damascus, on June 24, 2025, around white caskets of some of the worshippers who lost their lives in a terrorist attack at the Mar Elias Church in the Dweila neighborhood of Syria\u2019s capital on Sunday, June 22, 2025. \/ Credit: Mohammad Al-Rifai\/ACI MENA ACI MENA, Jun 25, 2025 \/ 04:00 am (CNA). In a scene marked by deep sorrow and righteous anger, churches across Syria held funeral services for\u2026","rel":"","context":"In &quot;Christian News&quot;","block_context":{"text":"Christian News","link":"https:\/\/christianpure.com\/pt\/learn\/category\/christian-news\/"},"img":{"alt_text":"Solemn farewell for victims of Damascus church bombing amid anger at government silence","src":"https:\/\/i0.wp.com\/christianpure.com\/wp-content\/uploads\/2025\/11\/Solemn-farewell-for-victims-of-Damascus-church-bombing-amid-anger-at-government-silence.webp?fit=800%2C533&ssl=1&resize=350%2C200","width":350,"height":200,"srcset":"https:\/\/i0.wp.com\/christianpure.com\/wp-content\/uploads\/2025\/11\/Solemn-farewell-for-victims-of-Damascus-church-bombing-amid-anger-at-government-silence.webp?fit=800%2C533&ssl=1&resize=350%2C200 1x, https:\/\/i0.wp.com\/christianpure.com\/wp-content\/uploads\/2025\/11\/Solemn-farewell-for-victims-of-Damascus-church-bombing-amid-anger-at-government-silence.webp?fit=800%2C533&ssl=1&resize=525%2C300 1.5x, https:\/\/i0.wp.com\/christianpure.com\/wp-content\/uploads\/2025\/11\/Solemn-farewell-for-victims-of-Damascus-church-bombing-amid-anger-at-government-silence.webp?fit=800%2C533&ssl=1&resize=700%2C400 2x"},"classes":[]},{"id":21121,"url":"https:\/\/christianpure.com\/pt\/learn\/the-assyrian-catholic-bond-a-model-of-unity-despite-differences\/","url_meta":{"origin":9908,"position":4},"title":"The Assyrian-Catholic bond: a model of unity despite differences","author":"Christian Pure Team","date":"Novembro 25, 2024","format":false,"excerpt":"[ad_1] Pope Francis welcomes Patriarch of the Assyrian Church of the East Mar Awa III to the Vatican on Nov. 9, 2024. \/ Credit: Vatican Media ACI MENA, Nov 24, 2024 \/ 08:00 am (CNA). Following the second meeting between Pope Francis and Mar Awa III, ACI Mena, CNA\u2019s Arabic-language news partner, conducted an exclusive interview with the catholicos-patriarch of the Assyrian Church of the East to discuss the significance of Pope Francis\u2019 decision to include St. Isaac of Nineveh\u2026","rel":"","context":"In &quot;Christian News&quot;","block_context":{"text":"Christian News","link":"https:\/\/christianpure.com\/pt\/learn\/category\/christian-news\/"},"img":{"alt_text":"","src":"https:\/\/i0.wp.com\/christianpure.com\/wp-content\/uploads\/2024\/11\/1732503555_copy-of-whatsapp-image-2024-11-21-at-13.08.54-23a5c521.jpg?fit=1200%2C801&ssl=1&resize=350%2C200","width":350,"height":200,"srcset":"https:\/\/i0.wp.com\/christianpure.com\/wp-content\/uploads\/2024\/11\/1732503555_copy-of-whatsapp-image-2024-11-21-at-13.08.54-23a5c521.jpg?fit=1200%2C801&ssl=1&resize=350%2C200 1x, https:\/\/i0.wp.com\/christianpure.com\/wp-content\/uploads\/2024\/11\/1732503555_copy-of-whatsapp-image-2024-11-21-at-13.08.54-23a5c521.jpg?fit=1200%2C801&ssl=1&resize=525%2C300 1.5x, https:\/\/i0.wp.com\/christianpure.com\/wp-content\/uploads\/2024\/11\/1732503555_copy-of-whatsapp-image-2024-11-21-at-13.08.54-23a5c521.jpg?fit=1200%2C801&ssl=1&resize=700%2C400 2x, https:\/\/i0.wp.com\/christianpure.com\/wp-content\/uploads\/2024\/11\/1732503555_copy-of-whatsapp-image-2024-11-21-at-13.08.54-23a5c521.jpg?fit=1200%2C801&ssl=1&resize=1050%2C600 3x"},"classes":[]},{"id":68583,"url":"https:\/\/christianpure.com\/pt\/learn\/apostolic-nuncio-to-germany-cardinal-von-galen-should-be-canonized\/","url_meta":{"origin":9908,"position":5},"title":"Apostolic nuncio to Germany: Cardinal von Galen should be canonized","author":"Christian Pure Team","date":"Novembro 20, 2025","format":false,"excerpt":"Blessed Clemens August von Galen. \/ Credit: Photo courtesy of the Diocese of M\u00fcnster\/Domkapitular Gustav Albers (CC BY 2.5) Washington, D.C. Newsroom, Nov 7, 2025 \/ 09:00 am (CNA). Here is a roundup of Catholic world news from the past week that you might have missed:Apostolic nuncio to Germany: \u2018Lion of Munster\u2019 Cardinal von Galen should be canonizedThe apostolic nuncio in Germany is calling for the swift canonization of Cardinal Clemens August Graf von Galen, widely known as the \u201cLion\u2026","rel":"","context":"In &quot;Christian News&quot;","block_context":{"text":"Christian News","link":"https:\/\/christianpure.com\/pt\/learn\/category\/christian-news\/"},"img":{"alt_text":"Apostolic nuncio to Germany: Cardinal von Galen should be canonized","src":"https:\/\/i0.wp.com\/christianpure.com\/wp-content\/uploads\/2025\/11\/Apostolic-nuncio-to-Germany-Cardinal-von-Galen-should-be-canonized.webp?fit=760%2C507&ssl=1&resize=350%2C200","width":350,"height":200,"srcset":"https:\/\/i0.wp.com\/christianpure.com\/wp-content\/uploads\/2025\/11\/Apostolic-nuncio-to-Germany-Cardinal-von-Galen-should-be-canonized.webp?fit=760%2C507&ssl=1&resize=350%2C200 1x, https:\/\/i0.wp.com\/christianpure.com\/wp-content\/uploads\/2025\/11\/Apostolic-nuncio-to-Germany-Cardinal-von-Galen-should-be-canonized.webp?fit=760%2C507&ssl=1&resize=525%2C300 1.5x, https:\/\/i0.wp.com\/christianpure.com\/wp-content\/uploads\/2025\/11\/Apostolic-nuncio-to-Germany-Cardinal-von-Galen-should-be-canonized.webp?fit=760%2C507&ssl=1&resize=700%2C400 2x"},"classes":[]}],"jetpack_sharing_enabled":true,"jetpack_featured_media_url":"https:\/\/i0.wp.com\/christianpure.com\/wp-content\/uploads\/2024\/09\/whatsapp-image-2024-09-12-at-21.55.59-1726227838.2752.jpeg.webp?fit=1083%2C749&ssl=1","mfb_rest_fields":["title","jetpack_publicize_connections","jetpack-related-posts","jetpack_sharing_enabled","jetpack_featured_media_url"],"_links":{"self":[{"href":"https:\/\/christianpure.com\/pt\/wp-json\/wp\/v2\/posts\/9908","targetHints":{"allow":["GET"]}}],"collection":[{"href":"https:\/\/christianpure.com\/pt\/wp-json\/wp\/v2\/posts"}],"about":[{"href":"https:\/\/christianpure.com\/pt\/wp-json\/wp\/v2\/types\/post"}],"author":[{"embeddable":true,"href":"https:\/\/christianpure.com\/pt\/wp-json\/wp\/v2\/users\/1"}],"replies":[{"embeddable":true,"href":"https:\/\/christianpure.com\/pt\/wp-json\/wp\/v2\/comments?post=9908"}],"version-history":[{"count":0,"href":"https:\/\/christianpure.com\/pt\/wp-json\/wp\/v2\/posts\/9908\/revisions"}],"wp:featuredmedia":[{"embeddable":true,"href":"https:\/\/christianpure.com\/pt\/wp-json\/wp\/v2\/media\/9909"}],"wp:attachment":[{"href":"https:\/\/christianpure.com\/pt\/wp-json\/wp\/v2\/media?parent=9908"}],"wp:term":[{"taxonomy":"category","embeddable":true,"href":"https:\/\/christianpure.com\/pt\/wp-json\/wp\/v2\/categories?post=9908"},{"taxonomy":"post_tag","embeddable":true,"href":"https:\/\/christianpure.com\/pt\/wp-json\/wp\/v2\/tags?post=9908"},{"taxonomy":"series","embeddable":true,"href":"https:\/\/christianpure.com\/pt\/wp-json\/wp\/v2\/series?post=9908"}],"curies":[{"name":"wp","href":"https:\/\/api.w.org\/{rel}","templated":true}]}}