{"id":77415,"date":"2026-04-07T22:03:28","date_gmt":"2026-04-07T22:03:28","guid":{"rendered":"https:\/\/christianpure.com\/?p=77415"},"modified":"2026-04-07T22:03:28","modified_gmt":"2026-04-07T22:03:28","slug":"breaking-venerable-fulton-sheen-to-be-beatified","status":"publish","type":"post","link":"https:\/\/christianpure.com\/ru\/learn\/breaking-venerable-fulton-sheen-to-be-beatified\/","title":{"rendered":"\u0421\u0420\u041e\u0427\u041d\u041e: \u0414\u043e\u0441\u0442\u043e\u0447\u0442\u0438\u043c\u044b\u0439 \u0424\u0443\u043b\u0442\u043e\u043d \u0428\u0438\u043d \u0431\u0443\u0434\u0435\u0442 \u043f\u0440\u0438\u0447\u0438\u0441\u043b\u0435\u043d \u043a \u043b\u0438\u043a\u0443 \u0431\u043b\u0430\u0436\u0435\u043d\u043d\u044b\u0445"},"content":{"rendered":"<div class=\"cppw-protected cppw-protected--overlay\"><div class=\"cppw-excerpt cppw-excerpt--overlay\"><p>The Holy See has officially informed Bishop Louis Tylka of the Diocese of Peoria, Illinois, that the cause for the Venerable Servant of God Archbishop Fulton J. Sheen can proceed to beatification, according to an announcement from the diocese.\u201cThe next step in the process is the celebration of the beatification, in which Fulton Sheen would be declared Blessed,\u201d Tylka said. \u201cArchbishop Fulton Sheen was one of the greatest voices of evangelization in the Church and the world in the 20th\u2026<\/p>\n<\/div>\t\t<div class=\"cppw-paywall paywp-paywall\" data-required-level=\"25\">\n\t\t\t<span class=\"cppw-lock-mark\" aria-hidden=\"true\"><\/span>\n\t\t\t<h2>Continue reading with a subscription<\/h2>\n\t\t\t<p>Get unlimited access to all our premium content and exclusive features.<\/p>\n\t\t\t\t\t\t\t\t\t<div class=\"cppw-paywall__actions\">\n\t\t\t\t<a class=\"cppw-button\" href=\"https:\/\/christianpure.com\/ru\/become-a-member\/\">Subscribe Now<\/a>\n\t\t\t\t<a class=\"cppw-login-link\" href=\"https:\/\/christianpure.com\/ru\/login\/\">Already a subscriber? Sign in<\/a>\n\t\t\t<\/div>\n\t\t\t<p class=\"cppw-paywall__microcopy\">Enjoy unlimited access, cancel anytime.<\/p>\n\t\t<\/div>\n\t\t<\/div>","protected":false},"excerpt":{"rendered":"<p>The Holy See has officially informed Bishop Louis Tylka of the Diocese of Peoria, Illinois, that the cause for the Venerable Servant of God Archbishop Fulton J. Sheen can proceed to beatification, according to an announcement from the diocese.\u201cThe next step in the process is the celebration of the beatification, in which Fulton Sheen would be declared Blessed,\u201d Tylka said. \u201cArchbishop Fulton Sheen was one of the greatest voices of evangelization in the Church and the world in the 20th\u2026<\/p>\n","protected":false},"author":11,"featured_media":0,"comment_status":"open","ping_status":"closed","sticky":false,"template":"","format":"standard","meta":[],"categories":[100],"tags":[],"series":[],"class_list":["post-77415","post","type-post","status-publish","format-standard","hentry","category-christian-news"],"mb":[],"acf":[],"jetpack_publicize_connections":[],"jetpack-related-posts":[{"id":77998,"url":"https:\/\/christianpure.com\/ru\/learn\/mother-of-boy-healed-through-intercession-of-fulton-sheen-celebrates-his-upcoming-beatification\/","url_meta":{"origin":77415,"position":0},"title":"Mother of boy healed through intercession of Fulton Sheen celebrates his upcoming beatification","author":"Christian Pure Team","date":"26 \u043c\u0430\u0440\u0442\u0430, 2026","format":false,"excerpt":"Bonnie Engstrom, the mother of the child who was healed through Archbishop J. Fulton Sheen\u2019s intercession, said she \u201claughed out loud with joy\u201d when she heard his beatification was going to move forward.On Feb. 9, the Holy See officially informed Bishop Louis Tylka of the Diocese of Peoria, Illinois, that the cause for the Venerable Servant of God Archbishop Fulton J. Sheen can proceed to beatification. He is credited for the miracle that saved the life of Engstrom\u2019s son James\u2026","rel":"","context":"\u0412 &quot;Christian News&quot;","block_context":{"text":"Christian News","link":"https:\/\/christianpure.com\/ru\/learn\/category\/christian-news\/"},"img":{"alt_text":"","src":"","width":0,"height":0},"classes":[]},{"id":68472,"url":"https:\/\/christianpure.com\/ru\/learn\/diocese-of-peoria-breaks-ground-on-center-honoring-archbishop-fulton-j-sheen\/","url_meta":{"origin":77415,"position":1},"title":"Diocese of Peoria breaks ground on center honoring Archbishop Fulton J. Sheen","author":"Christian Pure Team","date":"29 \u044f\u043d\u0432\u0430\u0440\u044f, 2026","format":false,"excerpt":"The Spalding Institute in the Diocese of Peoria, Illinois, is being transformed into \u201cThe Fulton J. Sheen Experience,\u201d an expansion of the Sheen museum, which has been open since 2008.\u00a0 \/ Credit: \u201cEWTN News Nightly\u201d\/Screenshot CNA Staff, Nov 6, 2025 \/ 06:00 am (CNA). The Diocese of Peoria in Illinois on Oct. 19 broke ground for a cultural center honoring Archbishop Fulton J. Sheen. The Spalding Institute is being transformed into \u201cThe Fulton J. Sheen Experience,\u201d an expansion of the\u2026","rel":"","context":"\u0412 &quot;Christian News&quot;","block_context":{"text":"Christian News","link":"https:\/\/christianpure.com\/ru\/learn\/category\/christian-news\/"},"img":{"alt_text":"","src":"https:\/\/i0.wp.com\/christianpure.com\/wp-content\/uploads\/2025\/10\/CNA_LOGOredblk-9.png?fit=1200%2C335&ssl=1&resize=350%2C200","width":350,"height":200,"srcset":"https:\/\/i0.wp.com\/christianpure.com\/wp-content\/uploads\/2025\/10\/CNA_LOGOredblk-9.png?fit=1200%2C335&ssl=1&resize=350%2C200 1x, https:\/\/i0.wp.com\/christianpure.com\/wp-content\/uploads\/2025\/10\/CNA_LOGOredblk-9.png?fit=1200%2C335&ssl=1&resize=525%2C300 1.5x, https:\/\/i0.wp.com\/christianpure.com\/wp-content\/uploads\/2025\/10\/CNA_LOGOredblk-9.png?fit=1200%2C335&ssl=1&resize=700%2C400 2x, https:\/\/i0.wp.com\/christianpure.com\/wp-content\/uploads\/2025\/10\/CNA_LOGOredblk-9.png?fit=1200%2C335&ssl=1&resize=1050%2C600 3x"},"classes":[]},{"id":58390,"url":"https:\/\/christianpure.com\/ru\/learn\/meet-the-catholic-saints-included-in-the-national-garden-of-american-heroes\/","url_meta":{"origin":77415,"position":2},"title":"Meet the Catholic saints included in the National Garden of American Heroes","author":"Christian Pure Team","date":"15 \u043d\u043e\u044f\u0431\u0440\u044f, 2025","format":false,"excerpt":"From left to right: St. Jun\u00edpero Serra, St. Kateri Tekakwitha, St. Katharine Drexel, St. John Neumann, St. Elizabeth Ann Seton. \/ Credit: Public domain CNA Staff, Jul 26, 2025 \/ 08:00 am (CNA). President Donald Trump\u2019s National Garden of American Heroes could potentially come into fruition within the next several years with the recent passing of the One Big Beautiful Bill Act, which allots $40 million to create a park that Trump first proposed during his first term.&nbsp; According to\u2026","rel":"","context":"\u0412 &quot;Christian News&quot;","block_context":{"text":"Christian News","link":"https:\/\/christianpure.com\/ru\/learn\/category\/christian-news\/"},"img":{"alt_text":"Meet the Catholic saints included in the National Garden of American Heroes","src":"https:\/\/i0.wp.com\/christianpure.com\/wp-content\/uploads\/2025\/11\/Meet-the-Catholic-saints-included-in-the-National-Garden-of-American-Heroes.webp?fit=800%2C457&ssl=1&resize=350%2C200","width":350,"height":200,"srcset":"https:\/\/i0.wp.com\/christianpure.com\/wp-content\/uploads\/2025\/11\/Meet-the-Catholic-saints-included-in-the-National-Garden-of-American-Heroes.webp?fit=800%2C457&ssl=1&resize=350%2C200 1x, https:\/\/i0.wp.com\/christianpure.com\/wp-content\/uploads\/2025\/11\/Meet-the-Catholic-saints-included-in-the-National-Garden-of-American-Heroes.webp?fit=800%2C457&ssl=1&resize=525%2C300 1.5x, https:\/\/i0.wp.com\/christianpure.com\/wp-content\/uploads\/2025\/11\/Meet-the-Catholic-saints-included-in-the-National-Garden-of-American-Heroes.webp?fit=800%2C457&ssl=1&resize=700%2C400 2x"},"classes":[]},{"id":104024,"url":"https:\/\/christianpure.com\/ru\/learn\/spanish-regional-government-spotlights-sainthood-cause-of-queen-isabella\/","url_meta":{"origin":77415,"position":3},"title":"Spanish regional government spotlights sainthood cause of Queen Isabella","author":"Christian Pure Team","date":"30 \u0430\u0432\u0433\u0443\u0441\u0442\u0430, 2026","format":false,"excerpt":"The regional government of Castile and Le\u00f3n in Spain highlighted the beatification cause of Queen Isabella during a meeting with the archbishop of Valladolid and president of the Spanish Bishops\u2019 Conference, Luis Arg\u00fcello.During a meeting between Arg\u00fcello and the minister of culture, tourism, and sport, Alberto D\u00edaz Pico, the regional government expressed its \u201cinterest in promoting the commemoration of the 500th anniversary of the birth of Philip II (in 2027), as well as highlighting the beatification cause of Isabella, the\u2026","rel":"","context":"\u0412 &quot;Christian News&quot;","block_context":{"text":"Christian News","link":"https:\/\/christianpure.com\/ru\/learn\/category\/christian-news\/"},"img":{"alt_text":"","src":"","width":0,"height":0},"classes":[]},{"id":101022,"url":"https:\/\/christianpure.com\/ru\/learn\/lebanon-celebrates-historic-beatification-of-maronite-patriarch-elias-hoyek\/","url_meta":{"origin":77415,"position":4},"title":"Lebanon celebrates historic beatification of Maronite Patriarch Elias Hoyek","author":"Christian Pure Team","date":"27 \u0438\u044e\u043b\u044f, 2026","format":false,"excerpt":"The Maronite Catholic Church gathered on the evening of July 25 at the Maronite patriarchate\u2019s summer residence in Dimane, northern Lebanon, to celebrate the beatification of Patriarch Elias Hoyek, marking an extraordinary moment for both the Church and the Lebanese nation.Cardinal Bechara Boutros Rai, the Maronite patriarch, presided over the official liturgical celebration. Cardinal Marcello Semeraro, prefect of the Vatican\u2019s Dicastery for the Causes of Saints, attended as the representative of Pope Leo XIV alongside patriarchs, bishops, and Lebanese officials,\u2026","rel":"","context":"\u0412 &quot;Christian News&quot;","block_context":{"text":"Christian News","link":"https:\/\/christianpure.com\/ru\/learn\/category\/christian-news\/"},"img":{"alt_text":"Lebanon celebrates historic beatification of Maronite Patriarch Elias Hoyek","src":"https:\/\/i0.wp.com\/christianpure.com\/wp-content\/uploads\/2026\/07\/Lebanon-celebrates-historic-beatification-of-Maronite-Patriarch-Elias-Hoyek.jpg?fit=1200%2C800&ssl=1&resize=350%2C200","width":350,"height":200,"srcset":"https:\/\/i0.wp.com\/christianpure.com\/wp-content\/uploads\/2026\/07\/Lebanon-celebrates-historic-beatification-of-Maronite-Patriarch-Elias-Hoyek.jpg?fit=1200%2C800&ssl=1&resize=350%2C200 1x, https:\/\/i0.wp.com\/christianpure.com\/wp-content\/uploads\/2026\/07\/Lebanon-celebrates-historic-beatification-of-Maronite-Patriarch-Elias-Hoyek.jpg?fit=1200%2C800&ssl=1&resize=525%2C300 1.5x, https:\/\/i0.wp.com\/christianpure.com\/wp-content\/uploads\/2026\/07\/Lebanon-celebrates-historic-beatification-of-Maronite-Patriarch-Elias-Hoyek.jpg?fit=1200%2C800&ssl=1&resize=700%2C400 2x, https:\/\/i0.wp.com\/christianpure.com\/wp-content\/uploads\/2026\/07\/Lebanon-celebrates-historic-beatification-of-Maronite-Patriarch-Elias-Hoyek.jpg?fit=1200%2C800&ssl=1&resize=1050%2C600 3x"},"classes":[]},{"id":101333,"url":"https:\/\/christianpure.com\/ru\/learn\/rhode-island-shooting-suspect-was-recipient-of-miraculous-healing-decreed-by-vatican-in-2025\/","url_meta":{"origin":77415,"position":5},"title":"Rhode Island shooting suspect was recipient of miraculous healing decreed by Vatican in 2025","author":"Christian Pure Team","date":"29 \u0438\u044e\u043b\u044f, 2026","format":false,"excerpt":"The suspect in a double shooting in Rhode Island this month is apparently the same man whose unexpected recovery after a health crisis as a newborn was deemed a miracle by the Vatican in 2025. Police in Newport, Rhode Island, said in a July 24 press release that Tyquan Johnson was facing arrest for felony assault with a firearm in connection with a double shooting in Newport on July 19. An undated photograph of Tyquan Johnson | Credit: Courtesy of\u2026","rel":"","context":"\u0412 &quot;Christian News&quot;","block_context":{"text":"Christian News","link":"https:\/\/christianpure.com\/ru\/learn\/category\/christian-news\/"},"img":{"alt_text":"Rhode Island shooting suspect was recipient of miraculous healing decreed by Vatican in 2025","src":"https:\/\/i0.wp.com\/christianpure.com\/wp-content\/uploads\/2026\/07\/Rhode-Island-shooting-suspect-was-recipient-of-miraculous-healing-decreed-by-Vatican-in-2025.jpg?fit=1200%2C686&ssl=1&resize=350%2C200","width":350,"height":200,"srcset":"https:\/\/i0.wp.com\/christianpure.com\/wp-content\/uploads\/2026\/07\/Rhode-Island-shooting-suspect-was-recipient-of-miraculous-healing-decreed-by-Vatican-in-2025.jpg?fit=1200%2C686&ssl=1&resize=350%2C200 1x, https:\/\/i0.wp.com\/christianpure.com\/wp-content\/uploads\/2026\/07\/Rhode-Island-shooting-suspect-was-recipient-of-miraculous-healing-decreed-by-Vatican-in-2025.jpg?fit=1200%2C686&ssl=1&resize=525%2C300 1.5x, https:\/\/i0.wp.com\/christianpure.com\/wp-content\/uploads\/2026\/07\/Rhode-Island-shooting-suspect-was-recipient-of-miraculous-healing-decreed-by-Vatican-in-2025.jpg?fit=1200%2C686&ssl=1&resize=700%2C400 2x, https:\/\/i0.wp.com\/christianpure.com\/wp-content\/uploads\/2026\/07\/Rhode-Island-shooting-suspect-was-recipient-of-miraculous-healing-decreed-by-Vatican-in-2025.jpg?fit=1200%2C686&ssl=1&resize=1050%2C600 3x"},"classes":[]}],"jetpack_sharing_enabled":true,"jetpack_featured_media_url":"","mfb_rest_fields":["title","jetpack_publicize_connections","jetpack-related-posts","jetpack_sharing_enabled","jetpack_featured_media_url"],"_links":{"self":[{"href":"https:\/\/christianpure.com\/ru\/wp-json\/wp\/v2\/posts\/77415","targetHints":{"allow":["GET"]}}],"collection":[{"href":"https:\/\/christianpure.com\/ru\/wp-json\/wp\/v2\/posts"}],"about":[{"href":"https:\/\/christianpure.com\/ru\/wp-json\/wp\/v2\/types\/post"}],"author":[{"embeddable":true,"href":"https:\/\/christianpure.com\/ru\/wp-json\/wp\/v2\/users\/11"}],"replies":[{"embeddable":true,"href":"https:\/\/christianpure.com\/ru\/wp-json\/wp\/v2\/comments?post=77415"}],"version-history":[{"count":0,"href":"https:\/\/christianpure.com\/ru\/wp-json\/wp\/v2\/posts\/77415\/revisions"}],"wp:attachment":[{"href":"https:\/\/christianpure.com\/ru\/wp-json\/wp\/v2\/media?parent=77415"}],"wp:term":[{"taxonomy":"category","embeddable":true,"href":"https:\/\/christianpure.com\/ru\/wp-json\/wp\/v2\/categories?post=77415"},{"taxonomy":"post_tag","embeddable":true,"href":"https:\/\/christianpure.com\/ru\/wp-json\/wp\/v2\/tags?post=77415"},{"taxonomy":"series","embeddable":true,"href":"https:\/\/christianpure.com\/ru\/wp-json\/wp\/v2\/series?post=77415"}],"curies":[{"name":"wp","href":"https:\/\/api.w.org\/{rel}","templated":true}]}}