{"id":101228,"date":"2026-07-29T04:28:19","date_gmt":"2026-07-29T04:28:19","guid":{"rendered":"https:\/\/christianpure.com\/?p=101228"},"modified":"2026-07-29T04:28:19","modified_gmt":"2026-07-29T04:28:19","slug":"bishop-calls-for-week-of-prayer-for-victims-of-fireworks-explosion-in-mexico","status":"publish","type":"post","link":"https:\/\/christianpure.com\/zh\/learn\/bishop-calls-for-week-of-prayer-for-victims-of-fireworks-explosion-in-mexico\/","title":{"rendered":"\u4e3b\u6559\u547c\u5401\u4e3a\u58a8\u897f\u54e5\u70df\u82b1\u7206\u70b8\u4e8b\u4ef6\u7684\u53d7\u5bb3\u8005\u4e3e\u884c\u7948\u7977\u5468"},"content":{"rendered":"<div class=\"cppw-protected cppw-protected--overlay\"><div class=\"cppw-excerpt cppw-excerpt--overlay\"><p>Bishop Jos\u00e9 de Jes\u00fas Gonz\u00e1lez Hern\u00e1ndez of the Diocese of Chilpancingo-Chilapa in the Mexican state of Guerrero called for a week of prayer for the victims of a fireworks explosion that occurred during the patronal festival for the municipality of Cocula.The accident took place on the night of July 25 while residents were celebrating the feast of St. James the Apostle in front of the Our Lady of Guadalupe parish church. A video circulating on social media shows the moment\u2026<\/p>\n<\/div>\t\t<div class=\"cppw-paywall paywp-paywall\" data-required-level=\"25\">\n\t\t\t<span class=\"cppw-lock-mark\" aria-hidden=\"true\"><\/span>\n\t\t\t<h2>Continue reading with a subscription<\/h2>\n\t\t\t<p>Get unlimited access to all our premium content and exclusive features.<\/p>\n\t\t\t\t\t\t\t\t\t<div class=\"cppw-paywall__actions\">\n\t\t\t\t<a class=\"cppw-button\" href=\"https:\/\/christianpure.com\/zh\/become-a-member\/\">Subscribe Now<\/a>\n\t\t\t\t<a class=\"cppw-login-link\" href=\"https:\/\/christianpure.com\/zh\/login\/\">Already a subscriber? Sign in<\/a>\n\t\t\t<\/div>\n\t\t\t<p class=\"cppw-paywall__microcopy\">Enjoy unlimited access, cancel anytime.<\/p>\n\t\t<\/div>\n\t\t<\/div>","protected":false},"excerpt":{"rendered":"<p>Bishop Jos\u00e9 de Jes\u00fas Gonz\u00e1lez Hern\u00e1ndez of the Diocese of Chilpancingo-Chilapa in the Mexican state of Guerrero called for a week of prayer for the victims of a fireworks explosion that occurred during the patronal festival for the municipality of Cocula.The accident took place on the night of July 25 while residents were celebrating the feast of St. James the Apostle in front of the Our Lady of Guadalupe parish church. A video circulating on social media shows the moment\u2026<\/p>\n","protected":false},"author":11,"featured_media":101270,"comment_status":"open","ping_status":"closed","sticky":false,"template":"","format":"standard","meta":[],"categories":[100],"tags":[],"series":[],"class_list":["post-101228","post","type-post","status-publish","format-standard","has-post-thumbnail","hentry","category-christian-news"],"mb":[],"acf":[],"jetpack_publicize_connections":[],"jetpack-related-posts":[{"id":52307,"url":"https:\/\/christianpure.com\/zh\/learn\/nigeria-bishops-call-for-prayer-fasting-for-benue-attack-victims\/","url_meta":{"origin":101228,"position":0},"title":"Nigeria bishops call for prayer, fasting for Benue attack victims","author":"Christian Pure Team","date":"20 1 \u6708, 2026","format":false,"excerpt":"The Catholic bishops in Nigeria\u2019s Onitsha ecclesiastical province have condemned recent attacks in Benue state that reportedly resulted in the death of some 200 people and called for fasting and prayer in honor of the victims. \/ Credit: Nigeria Catholic Network ACI Africa, Jun 20, 2025 \/ 13:41 pm (CNA). The Catholic bishops in Nigeria\u2019s Onitsha ecclesiastical province have condemned recent attacks in Benue state, which reportedly resulted in the death of some 200 people, and called for fasting and\u2026","rel":"","context":"\u5728\u201cChristian News\u201d\u4e2d","block_context":{"text":"Christian News","link":"https:\/\/christianpure.com\/zh\/learn\/category\/christian-news\/"},"img":{"alt_text":"Nigeria bishops call for prayer, fasting for Benue attack victims","src":"https:\/\/i0.wp.com\/christianpure.com\/wp-content\/uploads\/2026\/01\/Nigeria-bishops-call-for-prayer-fasting-for-Benue-attack-victims.webp?fit=800%2C500&ssl=1&resize=350%2C200","width":350,"height":200,"srcset":"https:\/\/i0.wp.com\/christianpure.com\/wp-content\/uploads\/2026\/01\/Nigeria-bishops-call-for-prayer-fasting-for-Benue-attack-victims.webp?fit=800%2C500&ssl=1&resize=350%2C200 1x, https:\/\/i0.wp.com\/christianpure.com\/wp-content\/uploads\/2026\/01\/Nigeria-bishops-call-for-prayer-fasting-for-Benue-attack-victims.webp?fit=800%2C500&ssl=1&resize=525%2C300 1.5x, https:\/\/i0.wp.com\/christianpure.com\/wp-content\/uploads\/2026\/01\/Nigeria-bishops-call-for-prayer-fasting-for-Benue-attack-victims.webp?fit=800%2C500&ssl=1&resize=700%2C400 2x"},"classes":[]},{"id":102303,"url":"https:\/\/christianpure.com\/zh\/learn\/nicaraguan-government-releases-video-of-bishop-who-has-been-missing-for-more-than-40-days\/","url_meta":{"origin":101228,"position":1},"title":"Nicaraguan government releases video of bishop who has been missing for more than 40 days","author":"Christian Pure Team","date":"17 8 \u6708, 2026","format":false,"excerpt":"Media outlets aligned with the Nicaraguan dictatorship released a video showing Bishop Abelardo Mata, bishop emeritus of Estel\u00ed, whose whereabouts have been unknown since late June.In the video, whose recording date is unknown, the 80-year-old prelate, who celebrates his golden jubilee of priesthood on Aug. 15, is seen conversing with a journalist and pro-government lawmaker Adolfo Pastr\u00e1n.Among other things, Pastr\u00e1n remarks that the bishop looks \u201cfull of vitality,\u201d to which the bishop briefly replies that \u201cprayer helps a great deal\u201d\u2026","rel":"","context":"\u5728\u201cChristian News\u201d\u4e2d","block_context":{"text":"Christian News","link":"https:\/\/christianpure.com\/zh\/learn\/category\/christian-news\/"},"img":{"alt_text":"","src":"","width":0,"height":0},"classes":[]},{"id":52809,"url":"https:\/\/christianpure.com\/zh\/learn\/solemn-farewell-for-victims-of-damascus-church-bombing-amid-anger-at-government-silence\/","url_meta":{"origin":101228,"position":2},"title":"Solemn farewell for victims of Damascus church bombing amid anger at government silence","author":"Christian Pure Team","date":"4 11 \u6708, 2025","format":false,"excerpt":"Mourners gather at the Church of the Holy Cross in Qassaa, Damascus, on June 24, 2025, around white caskets of some of the worshippers who lost their lives in a terrorist attack at the Mar Elias Church in the Dweila neighborhood of Syria\u2019s capital on Sunday, June 22, 2025. \/ Credit: Mohammad Al-Rifai\/ACI MENA ACI MENA, Jun 25, 2025 \/ 04:00 am (CNA). In a scene marked by deep sorrow and righteous anger, churches across Syria held funeral services for\u2026","rel":"","context":"\u5728\u201cChristian News\u201d\u4e2d","block_context":{"text":"Christian News","link":"https:\/\/christianpure.com\/zh\/learn\/category\/christian-news\/"},"img":{"alt_text":"Solemn farewell for victims of Damascus church bombing amid anger at government silence","src":"https:\/\/i0.wp.com\/christianpure.com\/wp-content\/uploads\/2025\/11\/Solemn-farewell-for-victims-of-Damascus-church-bombing-amid-anger-at-government-silence.webp?fit=800%2C533&ssl=1&resize=350%2C200","width":350,"height":200,"srcset":"https:\/\/i0.wp.com\/christianpure.com\/wp-content\/uploads\/2025\/11\/Solemn-farewell-for-victims-of-Damascus-church-bombing-amid-anger-at-government-silence.webp?fit=800%2C533&ssl=1&resize=350%2C200 1x, https:\/\/i0.wp.com\/christianpure.com\/wp-content\/uploads\/2025\/11\/Solemn-farewell-for-victims-of-Damascus-church-bombing-amid-anger-at-government-silence.webp?fit=800%2C533&ssl=1&resize=525%2C300 1.5x, https:\/\/i0.wp.com\/christianpure.com\/wp-content\/uploads\/2025\/11\/Solemn-farewell-for-victims-of-Damascus-church-bombing-amid-anger-at-government-silence.webp?fit=800%2C533&ssl=1&resize=700%2C400 2x"},"classes":[]},{"id":79613,"url":"https:\/\/christianpure.com\/zh\/learn\/amid-rising-anxiety-in-erbil-catholic-bishops-say-prayer-dialogue-are-path-to-peace\/","url_meta":{"origin":101228,"position":3},"title":"Amid rising anxiety in Erbil, Catholic bishops say prayer, dialogue are path to peace","author":"Christian Pure Team","date":"10 3 \u6708, 2026","format":false,"excerpt":"As Iraq faces fast-moving fallout from the widening war in the Middle East, bringing the country into its line of fire, Erbil, the capital of Iraq\u2019s Kurdistan Region, is now facing a double challenge after coming under attack by Iraqi armed factions as well.For days, Erbil and surrounding areas have lived with anxiety and tense anticipation amid the sound of explosions linked to missile and drone attacks, and the interception of both. The predominantly Christian town of Ankawa has faced\u2026","rel":"","context":"\u5728\u201cChristian News\u201d\u4e2d","block_context":{"text":"Christian News","link":"https:\/\/christianpure.com\/zh\/learn\/category\/christian-news\/"},"img":{"alt_text":"Amid rising anxiety in Erbil, Catholic bishops say prayer, dialogue are path to peace","src":"https:\/\/i0.wp.com\/christianpure.com\/wp-content\/uploads\/2026\/03\/Amid-rising-anxiety-in-Erbil-Catholic-bishops-say-prayer-dialogue-are-path-to-peace.png?fit=1200%2C676&ssl=1&resize=350%2C200","width":350,"height":200,"srcset":"https:\/\/i0.wp.com\/christianpure.com\/wp-content\/uploads\/2026\/03\/Amid-rising-anxiety-in-Erbil-Catholic-bishops-say-prayer-dialogue-are-path-to-peace.png?fit=1200%2C676&ssl=1&resize=350%2C200 1x, https:\/\/i0.wp.com\/christianpure.com\/wp-content\/uploads\/2026\/03\/Amid-rising-anxiety-in-Erbil-Catholic-bishops-say-prayer-dialogue-are-path-to-peace.png?fit=1200%2C676&ssl=1&resize=525%2C300 1.5x, https:\/\/i0.wp.com\/christianpure.com\/wp-content\/uploads\/2026\/03\/Amid-rising-anxiety-in-Erbil-Catholic-bishops-say-prayer-dialogue-are-path-to-peace.png?fit=1200%2C676&ssl=1&resize=700%2C400 2x, https:\/\/i0.wp.com\/christianpure.com\/wp-content\/uploads\/2026\/03\/Amid-rising-anxiety-in-Erbil-Catholic-bishops-say-prayer-dialogue-are-path-to-peace.png?fit=1200%2C676&ssl=1&resize=1050%2C600 3x"},"classes":[]},{"id":53356,"url":"https:\/\/christianpure.com\/zh\/learn\/how-the-loretto-community-became-a-vibrant-catholic-youth-movement-in-europe\/","url_meta":{"origin":101228,"position":4},"title":"How the Loretto Community became a vibrant Catholic youth movement in Europe","author":"Christian Pure Team","date":"26 7 \u6708, 2025","format":false,"excerpt":"A monstrance with the Blessed Sacrament is displayed on the altar during Eucharistic adoration at a Loretto Community Pentecost event accompanied by live music. \/ Credit: Loretto Gemeinschaft CNA Newsroom, Jun 28, 2025 \/ 08:00 am (CNA). What began as a modest prayer meeting in a Vienna student apartment in 1987 has grown into one of Europe\u2019s largest Catholic youth movements. The Loretto Community \u2014 named after the Marian shrine of Loreto \u2014 now draws over 12,000 participants to its\u2026","rel":"","context":"\u5728\u201cChristian News\u201d\u4e2d","block_context":{"text":"Christian News","link":"https:\/\/christianpure.com\/zh\/learn\/category\/christian-news\/"},"img":{"alt_text":"How the Loretto Community became a vibrant Catholic youth movement in Europe","src":"https:\/\/i0.wp.com\/christianpure.com\/wp-content\/uploads\/2025\/07\/How-the-Loretto-Community-became-a-vibrant-Catholic-youth-movement-in-Europe.webp?fit=800%2C533&ssl=1&resize=350%2C200","width":350,"height":200,"srcset":"https:\/\/i0.wp.com\/christianpure.com\/wp-content\/uploads\/2025\/07\/How-the-Loretto-Community-became-a-vibrant-Catholic-youth-movement-in-Europe.webp?fit=800%2C533&ssl=1&resize=350%2C200 1x, https:\/\/i0.wp.com\/christianpure.com\/wp-content\/uploads\/2025\/07\/How-the-Loretto-Community-became-a-vibrant-Catholic-youth-movement-in-Europe.webp?fit=800%2C533&ssl=1&resize=525%2C300 1.5x, https:\/\/i0.wp.com\/christianpure.com\/wp-content\/uploads\/2025\/07\/How-the-Loretto-Community-became-a-vibrant-Catholic-youth-movement-in-Europe.webp?fit=800%2C533&ssl=1&resize=700%2C400 2x"},"classes":[]},{"id":62246,"url":"https:\/\/christianpure.com\/zh\/learn\/after-minneapolis-catholic-church-shooting-public-leaders-debate-prayer\/","url_meta":{"origin":101228,"position":5},"title":"After Minneapolis Catholic church shooting, public leaders debate prayer","author":"Christian Pure Team","date":"30 8 \u6708, 2025","format":false,"excerpt":"null \/ Credit: Deemerwha studio\/Shutterstock Washington, D.C. Newsroom, Aug 29, 2025 \/ 18:13 pm (CNA). After a man fired over a hundred bullets into a Minneapolis Catholic Church killing two children and injuring 17 others, thousands of mourners packed into an archdiocesan vigil to pray for the victims and their families with Archbishop Bernard Hebda and other clergy members.\u201cWe know that there are a lot of other things that need to be done [and] we need to be able to\u2026","rel":"","context":"\u5728\u201cChristian News\u201d\u4e2d","block_context":{"text":"Christian News","link":"https:\/\/christianpure.com\/zh\/learn\/category\/christian-news\/"},"img":{"alt_text":"After Minneapolis Catholic church shooting, public leaders debate prayer","src":"https:\/\/i0.wp.com\/christianpure.com\/wp-content\/uploads\/2025\/08\/After-Minneapolis-Catholic-church-shooting-public-leaders-debate-prayer.webp?fit=800%2C533&ssl=1&resize=350%2C200","width":350,"height":200,"srcset":"https:\/\/i0.wp.com\/christianpure.com\/wp-content\/uploads\/2025\/08\/After-Minneapolis-Catholic-church-shooting-public-leaders-debate-prayer.webp?fit=800%2C533&ssl=1&resize=350%2C200 1x, https:\/\/i0.wp.com\/christianpure.com\/wp-content\/uploads\/2025\/08\/After-Minneapolis-Catholic-church-shooting-public-leaders-debate-prayer.webp?fit=800%2C533&ssl=1&resize=525%2C300 1.5x, https:\/\/i0.wp.com\/christianpure.com\/wp-content\/uploads\/2025\/08\/After-Minneapolis-Catholic-church-shooting-public-leaders-debate-prayer.webp?fit=800%2C533&ssl=1&resize=700%2C400 2x"},"classes":[]}],"jetpack_sharing_enabled":true,"jetpack_featured_media_url":"https:\/\/i0.wp.com\/christianpure.com\/wp-content\/uploads\/2026\/07\/Bishop-calls-for-week-of-prayer-for-victims-of-fireworks-explosion-in-Mexico.jpg?fit=1280%2C720&ssl=1","mfb_rest_fields":["title","jetpack_publicize_connections","jetpack-related-posts","jetpack_sharing_enabled","jetpack_featured_media_url"],"_links":{"self":[{"href":"https:\/\/christianpure.com\/zh\/wp-json\/wp\/v2\/posts\/101228","targetHints":{"allow":["GET"]}}],"collection":[{"href":"https:\/\/christianpure.com\/zh\/wp-json\/wp\/v2\/posts"}],"about":[{"href":"https:\/\/christianpure.com\/zh\/wp-json\/wp\/v2\/types\/post"}],"author":[{"embeddable":true,"href":"https:\/\/christianpure.com\/zh\/wp-json\/wp\/v2\/users\/11"}],"replies":[{"embeddable":true,"href":"https:\/\/christianpure.com\/zh\/wp-json\/wp\/v2\/comments?post=101228"}],"version-history":[{"count":0,"href":"https:\/\/christianpure.com\/zh\/wp-json\/wp\/v2\/posts\/101228\/revisions"}],"wp:featuredmedia":[{"embeddable":true,"href":"https:\/\/christianpure.com\/zh\/wp-json\/wp\/v2\/media\/101270"}],"wp:attachment":[{"href":"https:\/\/christianpure.com\/zh\/wp-json\/wp\/v2\/media?parent=101228"}],"wp:term":[{"taxonomy":"category","embeddable":true,"href":"https:\/\/christianpure.com\/zh\/wp-json\/wp\/v2\/categories?post=101228"},{"taxonomy":"post_tag","embeddable":true,"href":"https:\/\/christianpure.com\/zh\/wp-json\/wp\/v2\/tags?post=101228"},{"taxonomy":"series","embeddable":true,"href":"https:\/\/christianpure.com\/zh\/wp-json\/wp\/v2\/series?post=101228"}],"curies":[{"name":"wp","href":"https:\/\/api.w.org\/{rel}","templated":true}]}}